{"id":24649,"date":"2013-05-29T15:28:24","date_gmt":"2013-05-29T18:28:24","guid":{"rendered":"http:\/\/www.inclusive.org.br\/?p=24649"},"modified":"2013-05-29T15:28:24","modified_gmt":"2013-05-29T18:28:24","slug":"colecao-de-livros-promove-inclusao","status":"publish","type":"post","link":"https:\/\/inclusivenews.com.br\/?p=24649","title":{"rendered":"Cole\u00e7\u00e3o de livros promove inclus\u00e3o"},"content":{"rendered":"<p><img loading=\"lazy\" decoding=\"async\" class=\"alignleft size-full wp-image-24650\" title=\"Capas dos livros empilhadas\" src=\"http:\/\/inclusivenews.com.br\/wp-content\/uploads\/Lendas.jpg\" alt=\"Capas dos livros empilhadas\" width=\"280\" height=\"196\" \/><\/p>\n<p>A ONG Unimultiplicidade e o Centro de Conviv\u00eancia Movimento t\u00eam o prazer de apresentar \u00a0uma nova s\u00e9rie de livros voltada para a inclus\u00e3o. No total, s\u00e3o seis volumes repletos de ilustra\u00e7\u00f5es e com preocupa\u00e7\u00e3o pedag\u00f3gica e did\u00e1tica diferenciada. Os dois primeiros volumes da s\u00e9rie, publicados pela Memnon Edi\u00e7\u00f5es Cient\u00edficas, recontam hist\u00f3rias j\u00e1 conhecidas do p\u00fablico em geral, como \u201cOs Tr\u00eas Porquinhos\u201d e \u201cBranca de Neve e os Sete An\u00f5es\u201d, mas de maneira diferente da habitual, usando s\u00edmbolos pictogr\u00e1ficos que auxiliam a narra\u00e7\u00e3o e contam a hist\u00f3ria n\u00e3o apenas para pessoas com defici\u00eancia, como tamb\u00e9m para as que ainda n\u00e3o passaram pelo processo de alfabetiza\u00e7\u00e3o.<\/p>\n<p>Seguindo o mesmo m\u00e9todo desenvolvido por Oscar O\u00f1ativia, durante a d\u00e9cada de 60, na \u00a0Argentina, os outros quatro volumes da s\u00e9rie possuem um formato maior do que os demais e contam lendas do folclore brasileiro: \u201cCurupira\u201d, \u201cO juruta\u00ed e a Lua\u201d, \u201cAs travessuras do SaciPerer\u00ea\u201d e \u201cGralha-Azul\u201d. Os textos foram escolhidos de modo que possam trabalhar temas relacionados, atuais e relevantes, como a prote\u00e7\u00e3o ambiental.<\/p>\n<p><strong>M\u00e9todo especial de cria\u00e7\u00e3o<\/strong><\/p>\n<p>Os livros que integram a cole\u00e7\u00e3o lan\u00e7ada pela ONG Unimultiplicidade s\u00e3o criados dentro de oficinas realizadas no Centro de Conviv\u00eancia Movimento. As hist\u00f3rias s\u00e3o escolhidas pelos t\u00e9cnicos, que tamb\u00e9m distribuem as cartelas necess\u00e1rias para que os participantes recontem as hist\u00f3rias populares, enquanto as mesmas s\u00e3o narradas para eles.<\/p>\n<p>As cartelas com elementos pictogr\u00e1ficos possuem cores diferentes, de acordo com a classe \u00a0de palavras ou formas gramaticais da l\u00edngua portuguesa. Os verbos, por exemplo, s\u00e3o representados na cor alaranjada, enquanto os s\u00edmbolos remetem \u00e0 arte dos homens da caverna e, segundo O\u00f1ativia, fazem parte da nossa heran\u00e7a filogen\u00e9tica. Essa t\u00e9cnica, conhecida como M\u00e9todo Integral, promove a inclus\u00e3o, visto que n\u00e3o restringe a escrita e a leitura a uma \u00fanica forma de acesso. Essa \u00e9 uma das raz\u00f5es que tornam essa cole\u00e7\u00e3o de livros t\u00e3o adequadas para pessoas com defici\u00eancia ou que ainda n\u00e3o passaram pelo processo de alfabetiza\u00e7\u00e3o.<\/p>\n<p><strong>Como comprar<\/strong><\/p>\n<p>Os pedidos de livros podem ser feitos diretamente com a representante de vendas da \u00a0Unimultiplicidade, Mauriceia, pelo email <a href=\"mailto:dialogos.mauri@gmail.com\">dialogos.mauri@gmail.com<\/a><\/p>\n<p>Consulte condi\u00e7\u00f5es especiais para pedidos em grandes quantidades. Temos descontos para \u00a0institui\u00e7\u00f5es educacionais.<\/p>\n<p><strong>Sobre o Centro de Conviv\u00eancia Movimento<\/strong><\/p>\n<p>O Centro nasceu em 1992, promovendo pequenas atividades de entretenimento para pessoas com autismo. Ao longo desses mais de 20 anos de exist\u00eancia, as atividades foram aumentando devido aos pedidos dos pais e familiares e, hoje, a institui\u00e7\u00e3o atende jovens e crian\u00e7as especiais, com defici\u00eancia intelectual e\/ou autismo, preparando-as para uma vida voltada \u00e0 autonomia.<\/p>\n","protected":false},"excerpt":{"rendered":"<p>Cole\u00e7\u00e3o de livros promove inclus\u00e3o de pessoas com transtornos  no desenvolvimento ou em processo de alfabetiza\u00e7\u00e3o. Os livros que integram a cole\u00e7\u00e3o lan\u00e7ada pela ONG Unimultiplicidade s\u00e3o criados dentro de oficinas realizadas no Centro de Conviv\u00eancia Movimento.<\/p>\n","protected":false},"author":1,"featured_media":0,"comment_status":"open","ping_status":"open","sticky":false,"template":"","format":"standard","meta":{"site-container-style":"default","site-container-layout":"default","site-sidebar-layout":"default","disable-article-header":"default","disable-site-header":"default","disable-site-footer":"default","disable-content-area-spacing":"default","footnotes":""},"categories":[6,48,51,10],"tags":[],"class_list":["post-24649","post","type-post","status-publish","format-standard","hentry","category-educacao","category-inclusao","category-livros","category-publicacoes"],"yoast_head":"<!-- This site is optimized with the Yoast SEO plugin v27.4 - https:\/\/yoast.com\/product\/yoast-seo-wordpress\/ -->\n<title>Cole\u00e7\u00e3o de livros promove inclus\u00e3o -<\/title>\n<meta name=\"robots\" content=\"index, follow, max-snippet:-1, max-image-preview:large, max-video-preview:-1\" \/>\n<link rel=\"canonical\" href=\"https:\/\/inclusivenews.com.br\/?p=24649\" \/>\n<meta property=\"og:locale\" content=\"pt_PT\" \/>\n<meta property=\"og:type\" content=\"article\" \/>\n<meta property=\"og:title\" content=\"Cole\u00e7\u00e3o de livros promove inclus\u00e3o -\" \/>\n<meta property=\"og:description\" content=\"Cole\u00e7\u00e3o de livros promove inclus\u00e3o de pessoas com transtornos no desenvolvimento ou em processo de alfabetiza\u00e7\u00e3o. Os livros que integram a cole\u00e7\u00e3o lan\u00e7ada pela ONG Unimultiplicidade s\u00e3o criados dentro de oficinas realizadas no Centro de Conviv\u00eancia Movimento.\" \/>\n<meta property=\"og:url\" content=\"https:\/\/inclusivenews.com.br\/?p=24649\" \/>\n<meta property=\"article:publisher\" content=\"https:\/\/www.facebook.com\/agenciainclusive\/\" \/>\n<meta property=\"article:published_time\" content=\"2013-05-29T18:28:24+00:00\" \/>\n<meta property=\"og:image\" content=\"http:\/\/inclusivenews.com.br\/wp-content\/uploads\/Lendas.jpg\" \/>\n<meta name=\"author\" content=\"inclusivenews2024\" \/>\n<meta name=\"twitter:card\" content=\"summary_large_image\" \/>\n<meta name=\"twitter:label1\" content=\"Escrito por\" \/>\n\t<meta name=\"twitter:data1\" content=\"inclusivenews2024\" \/>\n\t<meta name=\"twitter:label2\" content=\"Tempo estimado de leitura\" \/>\n\t<meta name=\"twitter:data2\" content=\"2 minutos\" \/>\n<script type=\"application\/ld+json\" class=\"yoast-schema-graph\">{\"@context\":\"https:\\\/\\\/schema.org\",\"@graph\":[{\"@type\":\"Article\",\"@id\":\"https:\\\/\\\/inclusivenews.com.br\\\/?p=24649#article\",\"isPartOf\":{\"@id\":\"https:\\\/\\\/inclusivenews.com.br\\\/?p=24649\"},\"author\":{\"name\":\"inclusivenews2024\",\"@id\":\"https:\\\/\\\/inclusivenews.com.br\\\/#\\\/schema\\\/person\\\/ae4ec7087559b8692fb33b6fffd2273b\"},\"headline\":\"Cole\u00e7\u00e3o de livros promove inclus\u00e3o\",\"datePublished\":\"2013-05-29T18:28:24+00:00\",\"mainEntityOfPage\":{\"@id\":\"https:\\\/\\\/inclusivenews.com.br\\\/?p=24649\"},\"wordCount\":487,\"commentCount\":1,\"publisher\":{\"@id\":\"https:\\\/\\\/inclusivenews.com.br\\\/#organization\"},\"image\":{\"@id\":\"https:\\\/\\\/inclusivenews.com.br\\\/?p=24649#primaryimage\"},\"thumbnailUrl\":\"http:\\\/\\\/inclusivenews.com.br\\\/wp-content\\\/uploads\\\/Lendas.jpg\",\"articleSection\":[\"EDUCA\u00c7\u00c3O\",\"INCLUS\u00c3O SOCIAL\",\"Livros\",\"PUBLICA\u00c7\u00d5ES\"],\"inLanguage\":\"pt-PT\",\"potentialAction\":[{\"@type\":\"CommentAction\",\"name\":\"Comment\",\"target\":[\"https:\\\/\\\/inclusivenews.com.br\\\/?p=24649#respond\"]}]},{\"@type\":\"WebPage\",\"@id\":\"https:\\\/\\\/inclusivenews.com.br\\\/?p=24649\",\"url\":\"https:\\\/\\\/inclusivenews.com.br\\\/?p=24649\",\"name\":\"Cole\u00e7\u00e3o de livros promove inclus\u00e3o -\",\"isPartOf\":{\"@id\":\"https:\\\/\\\/inclusivenews.com.br\\\/#website\"},\"primaryImageOfPage\":{\"@id\":\"https:\\\/\\\/inclusivenews.com.br\\\/?p=24649#primaryimage\"},\"image\":{\"@id\":\"https:\\\/\\\/inclusivenews.com.br\\\/?p=24649#primaryimage\"},\"thumbnailUrl\":\"http:\\\/\\\/inclusivenews.com.br\\\/wp-content\\\/uploads\\\/Lendas.jpg\",\"datePublished\":\"2013-05-29T18:28:24+00:00\",\"breadcrumb\":{\"@id\":\"https:\\\/\\\/inclusivenews.com.br\\\/?p=24649#breadcrumb\"},\"inLanguage\":\"pt-PT\",\"potentialAction\":[{\"@type\":\"ReadAction\",\"target\":[\"https:\\\/\\\/inclusivenews.com.br\\\/?p=24649\"]}]},{\"@type\":\"ImageObject\",\"inLanguage\":\"pt-PT\",\"@id\":\"https:\\\/\\\/inclusivenews.com.br\\\/?p=24649#primaryimage\",\"url\":\"\",\"contentUrl\":\"\"},{\"@type\":\"BreadcrumbList\",\"@id\":\"https:\\\/\\\/inclusivenews.com.br\\\/?p=24649#breadcrumb\",\"itemListElement\":[{\"@type\":\"ListItem\",\"position\":1,\"name\":\"In\u00edcio\",\"item\":\"https:\\\/\\\/inclusivenews.com.br\\\/\"},{\"@type\":\"ListItem\",\"position\":2,\"name\":\"Cole\u00e7\u00e3o de livros promove inclus\u00e3o\"}]},{\"@type\":\"WebSite\",\"@id\":\"https:\\\/\\\/inclusivenews.com.br\\\/#website\",\"url\":\"https:\\\/\\\/inclusivenews.com.br\\\/\",\"name\":\"Inclusive News\",\"description\":\"Inclusive News\",\"publisher\":{\"@id\":\"https:\\\/\\\/inclusivenews.com.br\\\/#organization\"},\"potentialAction\":[{\"@type\":\"SearchAction\",\"target\":{\"@type\":\"EntryPoint\",\"urlTemplate\":\"https:\\\/\\\/inclusivenews.com.br\\\/?s={search_term_string}\"},\"query-input\":{\"@type\":\"PropertyValueSpecification\",\"valueRequired\":true,\"valueName\":\"search_term_string\"}}],\"inLanguage\":\"pt-PT\"},{\"@type\":\"Organization\",\"@id\":\"https:\\\/\\\/inclusivenews.com.br\\\/#organization\",\"name\":\"Inclusive - inclus\u00e3o e cidadania\",\"url\":\"https:\\\/\\\/inclusivenews.com.br\\\/\",\"logo\":{\"@type\":\"ImageObject\",\"inLanguage\":\"pt-PT\",\"@id\":\"https:\\\/\\\/inclusivenews.com.br\\\/#\\\/schema\\\/logo\\\/image\\\/\",\"url\":\"https:\\\/\\\/inclusivenews.com.br\\\/wp-content\\\/uploads\\\/2024\\\/03\\\/@grandesite.png\",\"contentUrl\":\"https:\\\/\\\/inclusivenews.com.br\\\/wp-content\\\/uploads\\\/2024\\\/03\\\/@grandesite.png\",\"width\":1080,\"height\":1080,\"caption\":\"Inclusive - inclus\u00e3o e cidadania\"},\"image\":{\"@id\":\"https:\\\/\\\/inclusivenews.com.br\\\/#\\\/schema\\\/logo\\\/image\\\/\"},\"sameAs\":[\"https:\\\/\\\/www.facebook.com\\\/agenciainclusive\\\/\",\"https:\\\/\\\/www.instagram.com\\\/newsinclusive\\\/\"]},{\"@type\":\"Person\",\"@id\":\"https:\\\/\\\/inclusivenews.com.br\\\/#\\\/schema\\\/person\\\/ae4ec7087559b8692fb33b6fffd2273b\",\"name\":\"inclusivenews2024\",\"image\":{\"@type\":\"ImageObject\",\"inLanguage\":\"pt-PT\",\"@id\":\"https:\\\/\\\/secure.gravatar.com\\\/avatar\\\/c5a7ef84c66fa914f55bc4f7ce26cfa275a3b9a1c5568b907bd184fb4dde7b40?s=96&d=mm&r=g\",\"url\":\"https:\\\/\\\/secure.gravatar.com\\\/avatar\\\/c5a7ef84c66fa914f55bc4f7ce26cfa275a3b9a1c5568b907bd184fb4dde7b40?s=96&d=mm&r=g\",\"contentUrl\":\"https:\\\/\\\/secure.gravatar.com\\\/avatar\\\/c5a7ef84c66fa914f55bc4f7ce26cfa275a3b9a1c5568b907bd184fb4dde7b40?s=96&d=mm&r=g\",\"caption\":\"inclusivenews2024\"},\"sameAs\":[\"https:\\\/\\\/inclusivenews.com.br\"],\"url\":\"https:\\\/\\\/inclusivenews.com.br\\\/?author=1\"}]}<\/script>\n<!-- \/ Yoast SEO plugin. -->","yoast_head_json":{"title":"Cole\u00e7\u00e3o de livros promove inclus\u00e3o -","robots":{"index":"index","follow":"follow","max-snippet":"max-snippet:-1","max-image-preview":"max-image-preview:large","max-video-preview":"max-video-preview:-1"},"canonical":"https:\/\/inclusivenews.com.br\/?p=24649","og_locale":"pt_PT","og_type":"article","og_title":"Cole\u00e7\u00e3o de livros promove inclus\u00e3o -","og_description":"Cole\u00e7\u00e3o de livros promove inclus\u00e3o de pessoas com transtornos no desenvolvimento ou em processo de alfabetiza\u00e7\u00e3o. Os livros que integram a cole\u00e7\u00e3o lan\u00e7ada pela ONG Unimultiplicidade s\u00e3o criados dentro de oficinas realizadas no Centro de Conviv\u00eancia Movimento.","og_url":"https:\/\/inclusivenews.com.br\/?p=24649","article_publisher":"https:\/\/www.facebook.com\/agenciainclusive\/","article_published_time":"2013-05-29T18:28:24+00:00","og_image":[{"url":"http:\/\/inclusivenews.com.br\/wp-content\/uploads\/Lendas.jpg","type":"","width":"","height":""}],"author":"inclusivenews2024","twitter_card":"summary_large_image","twitter_misc":{"Escrito por":"inclusivenews2024","Tempo estimado de leitura":"2 minutos"},"schema":{"@context":"https:\/\/schema.org","@graph":[{"@type":"Article","@id":"https:\/\/inclusivenews.com.br\/?p=24649#article","isPartOf":{"@id":"https:\/\/inclusivenews.com.br\/?p=24649"},"author":{"name":"inclusivenews2024","@id":"https:\/\/inclusivenews.com.br\/#\/schema\/person\/ae4ec7087559b8692fb33b6fffd2273b"},"headline":"Cole\u00e7\u00e3o de livros promove inclus\u00e3o","datePublished":"2013-05-29T18:28:24+00:00","mainEntityOfPage":{"@id":"https:\/\/inclusivenews.com.br\/?p=24649"},"wordCount":487,"commentCount":1,"publisher":{"@id":"https:\/\/inclusivenews.com.br\/#organization"},"image":{"@id":"https:\/\/inclusivenews.com.br\/?p=24649#primaryimage"},"thumbnailUrl":"http:\/\/inclusivenews.com.br\/wp-content\/uploads\/Lendas.jpg","articleSection":["EDUCA\u00c7\u00c3O","INCLUS\u00c3O SOCIAL","Livros","PUBLICA\u00c7\u00d5ES"],"inLanguage":"pt-PT","potentialAction":[{"@type":"CommentAction","name":"Comment","target":["https:\/\/inclusivenews.com.br\/?p=24649#respond"]}]},{"@type":"WebPage","@id":"https:\/\/inclusivenews.com.br\/?p=24649","url":"https:\/\/inclusivenews.com.br\/?p=24649","name":"Cole\u00e7\u00e3o de livros promove inclus\u00e3o -","isPartOf":{"@id":"https:\/\/inclusivenews.com.br\/#website"},"primaryImageOfPage":{"@id":"https:\/\/inclusivenews.com.br\/?p=24649#primaryimage"},"image":{"@id":"https:\/\/inclusivenews.com.br\/?p=24649#primaryimage"},"thumbnailUrl":"http:\/\/inclusivenews.com.br\/wp-content\/uploads\/Lendas.jpg","datePublished":"2013-05-29T18:28:24+00:00","breadcrumb":{"@id":"https:\/\/inclusivenews.com.br\/?p=24649#breadcrumb"},"inLanguage":"pt-PT","potentialAction":[{"@type":"ReadAction","target":["https:\/\/inclusivenews.com.br\/?p=24649"]}]},{"@type":"ImageObject","inLanguage":"pt-PT","@id":"https:\/\/inclusivenews.com.br\/?p=24649#primaryimage","url":"","contentUrl":""},{"@type":"BreadcrumbList","@id":"https:\/\/inclusivenews.com.br\/?p=24649#breadcrumb","itemListElement":[{"@type":"ListItem","position":1,"name":"In\u00edcio","item":"https:\/\/inclusivenews.com.br\/"},{"@type":"ListItem","position":2,"name":"Cole\u00e7\u00e3o de livros promove inclus\u00e3o"}]},{"@type":"WebSite","@id":"https:\/\/inclusivenews.com.br\/#website","url":"https:\/\/inclusivenews.com.br\/","name":"Inclusive News","description":"Inclusive News","publisher":{"@id":"https:\/\/inclusivenews.com.br\/#organization"},"potentialAction":[{"@type":"SearchAction","target":{"@type":"EntryPoint","urlTemplate":"https:\/\/inclusivenews.com.br\/?s={search_term_string}"},"query-input":{"@type":"PropertyValueSpecification","valueRequired":true,"valueName":"search_term_string"}}],"inLanguage":"pt-PT"},{"@type":"Organization","@id":"https:\/\/inclusivenews.com.br\/#organization","name":"Inclusive - inclus\u00e3o e cidadania","url":"https:\/\/inclusivenews.com.br\/","logo":{"@type":"ImageObject","inLanguage":"pt-PT","@id":"https:\/\/inclusivenews.com.br\/#\/schema\/logo\/image\/","url":"https:\/\/inclusivenews.com.br\/wp-content\/uploads\/2024\/03\/@grandesite.png","contentUrl":"https:\/\/inclusivenews.com.br\/wp-content\/uploads\/2024\/03\/@grandesite.png","width":1080,"height":1080,"caption":"Inclusive - inclus\u00e3o e cidadania"},"image":{"@id":"https:\/\/inclusivenews.com.br\/#\/schema\/logo\/image\/"},"sameAs":["https:\/\/www.facebook.com\/agenciainclusive\/","https:\/\/www.instagram.com\/newsinclusive\/"]},{"@type":"Person","@id":"https:\/\/inclusivenews.com.br\/#\/schema\/person\/ae4ec7087559b8692fb33b6fffd2273b","name":"inclusivenews2024","image":{"@type":"ImageObject","inLanguage":"pt-PT","@id":"https:\/\/secure.gravatar.com\/avatar\/c5a7ef84c66fa914f55bc4f7ce26cfa275a3b9a1c5568b907bd184fb4dde7b40?s=96&d=mm&r=g","url":"https:\/\/secure.gravatar.com\/avatar\/c5a7ef84c66fa914f55bc4f7ce26cfa275a3b9a1c5568b907bd184fb4dde7b40?s=96&d=mm&r=g","contentUrl":"https:\/\/secure.gravatar.com\/avatar\/c5a7ef84c66fa914f55bc4f7ce26cfa275a3b9a1c5568b907bd184fb4dde7b40?s=96&d=mm&r=g","caption":"inclusivenews2024"},"sameAs":["https:\/\/inclusivenews.com.br"],"url":"https:\/\/inclusivenews.com.br\/?author=1"}]}},"_links":{"self":[{"href":"https:\/\/inclusivenews.com.br\/index.php?rest_route=\/wp\/v2\/posts\/24649","targetHints":{"allow":["GET"]}}],"collection":[{"href":"https:\/\/inclusivenews.com.br\/index.php?rest_route=\/wp\/v2\/posts"}],"about":[{"href":"https:\/\/inclusivenews.com.br\/index.php?rest_route=\/wp\/v2\/types\/post"}],"author":[{"embeddable":true,"href":"https:\/\/inclusivenews.com.br\/index.php?rest_route=\/wp\/v2\/users\/1"}],"replies":[{"embeddable":true,"href":"https:\/\/inclusivenews.com.br\/index.php?rest_route=%2Fwp%2Fv2%2Fcomments&post=24649"}],"version-history":[{"count":0,"href":"https:\/\/inclusivenews.com.br\/index.php?rest_route=\/wp\/v2\/posts\/24649\/revisions"}],"wp:attachment":[{"href":"https:\/\/inclusivenews.com.br\/index.php?rest_route=%2Fwp%2Fv2%2Fmedia&parent=24649"}],"wp:term":[{"taxonomy":"category","embeddable":true,"href":"https:\/\/inclusivenews.com.br\/index.php?rest_route=%2Fwp%2Fv2%2Fcategories&post=24649"},{"taxonomy":"post_tag","embeddable":true,"href":"https:\/\/inclusivenews.com.br\/index.php?rest_route=%2Fwp%2Fv2%2Ftags&post=24649"}],"curies":[{"name":"wp","href":"https:\/\/api.w.org\/{rel}","templated":true}]}}