{"id":24701,"date":"2013-06-11T20:40:34","date_gmt":"2013-06-11T23:40:34","guid":{"rendered":"http:\/\/www.inclusive.org.br\/?p=24701"},"modified":"2013-06-11T20:40:34","modified_gmt":"2013-06-11T23:40:34","slug":"investimento-em-educacao-promove-reducao-na-criminalidade","status":"publish","type":"post","link":"https:\/\/inclusivenews.com.br\/?p=24701","title":{"rendered":"Investimento em educa\u00e7\u00e3o promove redu\u00e7\u00e3o na criminalidade"},"content":{"rendered":"<p><img loading=\"lazy\" decoding=\"async\" class=\"alignleft size-full wp-image-17819\" title=\"Inclusive - l\u00e1pis coloridos\" src=\"http:\/\/inclusivenews.com.br\/wp-content\/uploads\/2010\/10\/lapiscoloridos.jpg\" alt=\"Inclusive - l\u00e1pis coloridos\" width=\"250\" height=\"240\" \/><\/p>\n<p><em>Por Lucas Jacinto<br \/>\nda Esalq<\/em><\/p>\n<p>A potencialidade da escola como um fator para influenciar o comportamento dos alunos e reduzir a viol\u00eancia \u00e9 comprovada pela economista Kalinca L\u00e9ia Becker em sua tese de doutorado realizada no programa de p\u00f3s-gradua\u00e7\u00e3o em Economia Aplicada da Escola Superior de Agricultutra Luiz de Queiroz (Esalq) da USP, em Piracicaba. A pesquisa orientada por Ana L\u00facia Kassouf, professora do Departamento de Economia, Administra\u00e7\u00e3o e Sociologia (LES) da Esalq, mostra que quando ocorre o investimento de 1% na educa\u00e7\u00e3o, 0,1% do \u00edndice de criminalidade \u00e9 reduzido.<\/p>\n<p>\u201cO objetivo geral do trabalho foi analisar a rela\u00e7\u00e3o entre a educa\u00e7\u00e3o e a viol\u00eancia, observando se a educa\u00e7\u00e3o e a escola podem contribuir para reduzir a viol\u00eancia e o crime\u201d, comenta a pesquisadora. A an\u00e1lise foi realizada por meio da constru\u00e7\u00e3o de dois ensaios. No primeiro, foram coletadas evid\u00eancias de que a atua\u00e7\u00e3o p\u00fablica na \u00e1rea da educa\u00e7\u00e3o poderia contribuir para reduzir o crime no m\u00e9dio e longo prazo. Nesta etapa, foi mensurado o impacto do gasto p\u00fablico em educa\u00e7\u00e3o na redu\u00e7\u00e3o da taxa de homic\u00eddios, utilizando dados dos estados brasileiros, entre os anos de 2001 e 2009.<\/p>\n<p>No segundo ensaio, que foi financiado pelo programa \u201cObservat\u00f3rio da Educa\u00e7\u00e3o\u201d, fruto da jun\u00e7\u00e3o entre o Instituto Nacional de Estudos e Pesquisas Educacionais (Inep) e Coordena\u00e7\u00e3o de Aperfei\u00e7oamento de Pessoal de N\u00edvel Superior (Capes), foram analisados alguns fatores do ambiente escolar e do seu entorno que poderiam contribuir para a manifesta\u00e7\u00e3o do comportamento violento dos alunos, a partir de dados disponibilizados nas Provas Brasil de 2007 e 2009.<\/p>\n<p>Segundo Kalinca, estas an\u00e1lises s\u00e3o complementares na busca da solu\u00e7\u00e3o para o problema apresentado pela tese. \u201cO primeiro ensaio fornece uma an\u00e1lise ampla e agregada do impacto dos gastos com a educa\u00e7\u00e3o na redu\u00e7\u00e3o da taxa de homic\u00eddios, enquanto o segundo volta-se para dentro da escola, analisando como os v\u00e1rios fatores do ambiente escolar podem prevenir a manifesta\u00e7\u00e3o do comportamento violento\u201d, conta. Os m\u00e9todos para a constru\u00e7\u00e3o destes ensaios foram viabilizados por meio de revis\u00e3o liter\u00e1ria e an\u00e1lises de dados emp\u00edricos utilizando ferramentas estat\u00edsticas e econom\u00e9tricas, que resultaram na constata\u00e7\u00e3o de que a escola e a educa\u00e7\u00e3o s\u00e3o fundamentais para a redu\u00e7\u00e3o da criminalidade.<\/p>\n<p>Desenvolver conhecimento<\/p>\n<p>A pesquisa comprovou a influ\u00eancia da educa\u00e7\u00e3o no comportamento dos alunos. Constatou-se no primeiro ensaio que quando ocorre o investimento de 1% na educa\u00e7\u00e3o, 0,1% do \u00edndice de criminalidade \u00e9 reduzido. Por\u00e9m, para isso, \u00e9 necess\u00e1rio que a escola funcione como um espa\u00e7o para desenvolver conhecimento, pois, no segundo ensaio, foi observado que escolas com tra\u00e7os da viol\u00eancia, como depreda\u00e7\u00e3o do patrim\u00f4nio, tr\u00e1fico de drogas, atua\u00e7\u00e3o de gangues, entre outros, podem influenciar a manifesta\u00e7\u00e3o do comportamento agressivo nos alunos.<br \/>\n\u201cA possibilidade de algum aluno manifestar comportamento violento em escolas onde foram registrados crimes contra o patrim\u00f4nio e contra a pessoa \u00e9, respectivamente, 1,46 e 1,22 vezes maior em compara\u00e7\u00e3o \u00e0s escolas que n\u00e3o registraram estes crimes\u201d, conclui Kalinca.<\/p>\n<p>De acordo com os resultados obtidos, o contato com um meio onde prevalecem a\u00e7\u00f5es violentas influencia diretamente o comportamento do aluno dentro da escola. Sendo assim, as pol\u00edticas p\u00fablicas para reduzir o crime na vizinhan\u00e7a da escola podem contribuir significativamente para reduzir a agressividade dos alunos. \u201cA escola pode, ainda, adotar medidas de seguran\u00e7a para proteger os alunos nas suas imedia\u00e7\u00f5es\u201d, refor\u00e7a.<\/p>\n<p>Uma das solu\u00e7\u00f5es sugeridas pela pesquisa \u00e9 que, quando a institui\u00e7\u00e3o promove atividades extracurriculares, ocorre a redu\u00e7\u00e3o em 0,96 % da possibilidade de algum aluno cometer um ato agressivo. \u201cEste \u00e9 um resultado interessante, pois muitos programas de redu\u00e7\u00e3o da viol\u00eancia nas escolas incluem atividades de esporte, cultura e lazer como forma de socializar a conviv\u00eancia e, assim, reduzir a viol\u00eancia\u201d, complementa.<\/p>\n<p>Tamb\u00e9m foram observadas evid\u00eancias de que o ambiente familiar e a participa\u00e7\u00e3o dos pais nas reuni\u00f5es da escola podem influenciar o comportamento do aluno.<\/p>\n<p>Fonte: Ag\u00eancia USP<\/p>\n","protected":false},"excerpt":{"rendered":"<p>A pesquisa comprovou a influ\u00eancia da educa\u00e7\u00e3o no comportamento dos alunos. Constatou-se no primeiro ensaio que quando ocorre o investimento de 1% na educa\u00e7\u00e3o, 0,1% do \u00edndice de criminalidade \u00e9 reduzido. Por\u00e9m, para isso, \u00e9 necess\u00e1rio que a escola funcione como um espa\u00e7o para desenvolver conhecimento, pois, no segundo ensaio, foi observado que escolas com tra\u00e7os da viol\u00eancia, como depreda\u00e7\u00e3o do patrim\u00f4nio, tr\u00e1fico de drogas, atua\u00e7\u00e3o de gangues, entre outros, podem influenciar a manifesta\u00e7\u00e3o do comportamento agressivo nos alunos.<\/p>\n","protected":false},"author":1,"featured_media":0,"comment_status":"open","ping_status":"open","sticky":false,"template":"","format":"standard","meta":{"site-container-style":"default","site-container-layout":"default","site-sidebar-layout":"default","disable-article-header":"default","disable-site-header":"default","disable-site-footer":"default","disable-content-area-spacing":"default","footnotes":""},"categories":[6,4],"tags":[],"class_list":["post-24701","post","type-post","status-publish","format-standard","hentry","category-educacao","category-noticias"],"yoast_head":"<!-- This site is optimized with the Yoast SEO plugin v27.4 - https:\/\/yoast.com\/product\/yoast-seo-wordpress\/ -->\n<title>Investimento em educa\u00e7\u00e3o promove redu\u00e7\u00e3o na criminalidade -<\/title>\n<meta name=\"robots\" content=\"index, follow, max-snippet:-1, max-image-preview:large, max-video-preview:-1\" \/>\n<link rel=\"canonical\" href=\"https:\/\/inclusivenews.com.br\/?p=24701\" \/>\n<meta property=\"og:locale\" content=\"pt_PT\" \/>\n<meta property=\"og:type\" content=\"article\" \/>\n<meta property=\"og:title\" content=\"Investimento em educa\u00e7\u00e3o promove redu\u00e7\u00e3o na criminalidade -\" \/>\n<meta property=\"og:description\" content=\"A pesquisa comprovou a influ\u00eancia da educa\u00e7\u00e3o no comportamento dos alunos. Constatou-se no primeiro ensaio que quando ocorre o investimento de 1% na educa\u00e7\u00e3o, 0,1% do \u00edndice de criminalidade \u00e9 reduzido. Por\u00e9m, para isso, \u00e9 necess\u00e1rio que a escola funcione como um espa\u00e7o para desenvolver conhecimento, pois, no segundo ensaio, foi observado que escolas com tra\u00e7os da viol\u00eancia, como depreda\u00e7\u00e3o do patrim\u00f4nio, tr\u00e1fico de drogas, atua\u00e7\u00e3o de gangues, entre outros, podem influenciar a manifesta\u00e7\u00e3o do comportamento agressivo nos alunos.\" \/>\n<meta property=\"og:url\" content=\"https:\/\/inclusivenews.com.br\/?p=24701\" \/>\n<meta property=\"article:publisher\" content=\"https:\/\/www.facebook.com\/agenciainclusive\/\" \/>\n<meta property=\"article:published_time\" content=\"2013-06-11T23:40:34+00:00\" \/>\n<meta property=\"og:image\" content=\"http:\/\/inclusivenews.com.br\/wp-content\/uploads\/2010\/10\/lapiscoloridos.jpg\" \/>\n<meta name=\"author\" content=\"inclusivenews2024\" \/>\n<meta name=\"twitter:card\" content=\"summary_large_image\" \/>\n<meta name=\"twitter:label1\" content=\"Escrito por\" \/>\n\t<meta name=\"twitter:data1\" content=\"inclusivenews2024\" \/>\n\t<meta name=\"twitter:label2\" content=\"Tempo estimado de leitura\" \/>\n\t<meta name=\"twitter:data2\" content=\"3 minutos\" \/>\n<script type=\"application\/ld+json\" class=\"yoast-schema-graph\">{\"@context\":\"https:\\\/\\\/schema.org\",\"@graph\":[{\"@type\":\"Article\",\"@id\":\"https:\\\/\\\/inclusivenews.com.br\\\/?p=24701#article\",\"isPartOf\":{\"@id\":\"https:\\\/\\\/inclusivenews.com.br\\\/?p=24701\"},\"author\":{\"name\":\"inclusivenews2024\",\"@id\":\"https:\\\/\\\/inclusivenews.com.br\\\/#\\\/schema\\\/person\\\/ae4ec7087559b8692fb33b6fffd2273b\"},\"headline\":\"Investimento em educa\u00e7\u00e3o promove redu\u00e7\u00e3o na criminalidade\",\"datePublished\":\"2013-06-11T23:40:34+00:00\",\"mainEntityOfPage\":{\"@id\":\"https:\\\/\\\/inclusivenews.com.br\\\/?p=24701\"},\"wordCount\":708,\"commentCount\":0,\"publisher\":{\"@id\":\"https:\\\/\\\/inclusivenews.com.br\\\/#organization\"},\"image\":{\"@id\":\"https:\\\/\\\/inclusivenews.com.br\\\/?p=24701#primaryimage\"},\"thumbnailUrl\":\"http:\\\/\\\/inclusivenews.com.br\\\/wp-content\\\/uploads\\\/2010\\\/10\\\/lapiscoloridos.jpg\",\"articleSection\":[\"EDUCA\u00c7\u00c3O\",\"NOT\u00cdCIAS\"],\"inLanguage\":\"pt-PT\",\"potentialAction\":[{\"@type\":\"CommentAction\",\"name\":\"Comment\",\"target\":[\"https:\\\/\\\/inclusivenews.com.br\\\/?p=24701#respond\"]}]},{\"@type\":\"WebPage\",\"@id\":\"https:\\\/\\\/inclusivenews.com.br\\\/?p=24701\",\"url\":\"https:\\\/\\\/inclusivenews.com.br\\\/?p=24701\",\"name\":\"Investimento em educa\u00e7\u00e3o promove redu\u00e7\u00e3o na criminalidade -\",\"isPartOf\":{\"@id\":\"https:\\\/\\\/inclusivenews.com.br\\\/#website\"},\"primaryImageOfPage\":{\"@id\":\"https:\\\/\\\/inclusivenews.com.br\\\/?p=24701#primaryimage\"},\"image\":{\"@id\":\"https:\\\/\\\/inclusivenews.com.br\\\/?p=24701#primaryimage\"},\"thumbnailUrl\":\"http:\\\/\\\/inclusivenews.com.br\\\/wp-content\\\/uploads\\\/2010\\\/10\\\/lapiscoloridos.jpg\",\"datePublished\":\"2013-06-11T23:40:34+00:00\",\"breadcrumb\":{\"@id\":\"https:\\\/\\\/inclusivenews.com.br\\\/?p=24701#breadcrumb\"},\"inLanguage\":\"pt-PT\",\"potentialAction\":[{\"@type\":\"ReadAction\",\"target\":[\"https:\\\/\\\/inclusivenews.com.br\\\/?p=24701\"]}]},{\"@type\":\"ImageObject\",\"inLanguage\":\"pt-PT\",\"@id\":\"https:\\\/\\\/inclusivenews.com.br\\\/?p=24701#primaryimage\",\"url\":\"\",\"contentUrl\":\"\"},{\"@type\":\"BreadcrumbList\",\"@id\":\"https:\\\/\\\/inclusivenews.com.br\\\/?p=24701#breadcrumb\",\"itemListElement\":[{\"@type\":\"ListItem\",\"position\":1,\"name\":\"In\u00edcio\",\"item\":\"https:\\\/\\\/inclusivenews.com.br\\\/\"},{\"@type\":\"ListItem\",\"position\":2,\"name\":\"Investimento em educa\u00e7\u00e3o promove redu\u00e7\u00e3o na criminalidade\"}]},{\"@type\":\"WebSite\",\"@id\":\"https:\\\/\\\/inclusivenews.com.br\\\/#website\",\"url\":\"https:\\\/\\\/inclusivenews.com.br\\\/\",\"name\":\"Inclusive News\",\"description\":\"Inclusive News\",\"publisher\":{\"@id\":\"https:\\\/\\\/inclusivenews.com.br\\\/#organization\"},\"potentialAction\":[{\"@type\":\"SearchAction\",\"target\":{\"@type\":\"EntryPoint\",\"urlTemplate\":\"https:\\\/\\\/inclusivenews.com.br\\\/?s={search_term_string}\"},\"query-input\":{\"@type\":\"PropertyValueSpecification\",\"valueRequired\":true,\"valueName\":\"search_term_string\"}}],\"inLanguage\":\"pt-PT\"},{\"@type\":\"Organization\",\"@id\":\"https:\\\/\\\/inclusivenews.com.br\\\/#organization\",\"name\":\"Inclusive - inclus\u00e3o e cidadania\",\"url\":\"https:\\\/\\\/inclusivenews.com.br\\\/\",\"logo\":{\"@type\":\"ImageObject\",\"inLanguage\":\"pt-PT\",\"@id\":\"https:\\\/\\\/inclusivenews.com.br\\\/#\\\/schema\\\/logo\\\/image\\\/\",\"url\":\"https:\\\/\\\/inclusivenews.com.br\\\/wp-content\\\/uploads\\\/2024\\\/03\\\/@grandesite.png\",\"contentUrl\":\"https:\\\/\\\/inclusivenews.com.br\\\/wp-content\\\/uploads\\\/2024\\\/03\\\/@grandesite.png\",\"width\":1080,\"height\":1080,\"caption\":\"Inclusive - inclus\u00e3o e cidadania\"},\"image\":{\"@id\":\"https:\\\/\\\/inclusivenews.com.br\\\/#\\\/schema\\\/logo\\\/image\\\/\"},\"sameAs\":[\"https:\\\/\\\/www.facebook.com\\\/agenciainclusive\\\/\",\"https:\\\/\\\/www.instagram.com\\\/newsinclusive\\\/\"]},{\"@type\":\"Person\",\"@id\":\"https:\\\/\\\/inclusivenews.com.br\\\/#\\\/schema\\\/person\\\/ae4ec7087559b8692fb33b6fffd2273b\",\"name\":\"inclusivenews2024\",\"image\":{\"@type\":\"ImageObject\",\"inLanguage\":\"pt-PT\",\"@id\":\"https:\\\/\\\/secure.gravatar.com\\\/avatar\\\/c5a7ef84c66fa914f55bc4f7ce26cfa275a3b9a1c5568b907bd184fb4dde7b40?s=96&d=mm&r=g\",\"url\":\"https:\\\/\\\/secure.gravatar.com\\\/avatar\\\/c5a7ef84c66fa914f55bc4f7ce26cfa275a3b9a1c5568b907bd184fb4dde7b40?s=96&d=mm&r=g\",\"contentUrl\":\"https:\\\/\\\/secure.gravatar.com\\\/avatar\\\/c5a7ef84c66fa914f55bc4f7ce26cfa275a3b9a1c5568b907bd184fb4dde7b40?s=96&d=mm&r=g\",\"caption\":\"inclusivenews2024\"},\"sameAs\":[\"https:\\\/\\\/inclusivenews.com.br\"],\"url\":\"https:\\\/\\\/inclusivenews.com.br\\\/?author=1\"}]}<\/script>\n<!-- \/ Yoast SEO plugin. -->","yoast_head_json":{"title":"Investimento em educa\u00e7\u00e3o promove redu\u00e7\u00e3o na criminalidade -","robots":{"index":"index","follow":"follow","max-snippet":"max-snippet:-1","max-image-preview":"max-image-preview:large","max-video-preview":"max-video-preview:-1"},"canonical":"https:\/\/inclusivenews.com.br\/?p=24701","og_locale":"pt_PT","og_type":"article","og_title":"Investimento em educa\u00e7\u00e3o promove redu\u00e7\u00e3o na criminalidade -","og_description":"A pesquisa comprovou a influ\u00eancia da educa\u00e7\u00e3o no comportamento dos alunos. Constatou-se no primeiro ensaio que quando ocorre o investimento de 1% na educa\u00e7\u00e3o, 0,1% do \u00edndice de criminalidade \u00e9 reduzido. Por\u00e9m, para isso, \u00e9 necess\u00e1rio que a escola funcione como um espa\u00e7o para desenvolver conhecimento, pois, no segundo ensaio, foi observado que escolas com tra\u00e7os da viol\u00eancia, como depreda\u00e7\u00e3o do patrim\u00f4nio, tr\u00e1fico de drogas, atua\u00e7\u00e3o de gangues, entre outros, podem influenciar a manifesta\u00e7\u00e3o do comportamento agressivo nos alunos.","og_url":"https:\/\/inclusivenews.com.br\/?p=24701","article_publisher":"https:\/\/www.facebook.com\/agenciainclusive\/","article_published_time":"2013-06-11T23:40:34+00:00","og_image":[{"url":"http:\/\/inclusivenews.com.br\/wp-content\/uploads\/2010\/10\/lapiscoloridos.jpg","type":"","width":"","height":""}],"author":"inclusivenews2024","twitter_card":"summary_large_image","twitter_misc":{"Escrito por":"inclusivenews2024","Tempo estimado de leitura":"3 minutos"},"schema":{"@context":"https:\/\/schema.org","@graph":[{"@type":"Article","@id":"https:\/\/inclusivenews.com.br\/?p=24701#article","isPartOf":{"@id":"https:\/\/inclusivenews.com.br\/?p=24701"},"author":{"name":"inclusivenews2024","@id":"https:\/\/inclusivenews.com.br\/#\/schema\/person\/ae4ec7087559b8692fb33b6fffd2273b"},"headline":"Investimento em educa\u00e7\u00e3o promove redu\u00e7\u00e3o na criminalidade","datePublished":"2013-06-11T23:40:34+00:00","mainEntityOfPage":{"@id":"https:\/\/inclusivenews.com.br\/?p=24701"},"wordCount":708,"commentCount":0,"publisher":{"@id":"https:\/\/inclusivenews.com.br\/#organization"},"image":{"@id":"https:\/\/inclusivenews.com.br\/?p=24701#primaryimage"},"thumbnailUrl":"http:\/\/inclusivenews.com.br\/wp-content\/uploads\/2010\/10\/lapiscoloridos.jpg","articleSection":["EDUCA\u00c7\u00c3O","NOT\u00cdCIAS"],"inLanguage":"pt-PT","potentialAction":[{"@type":"CommentAction","name":"Comment","target":["https:\/\/inclusivenews.com.br\/?p=24701#respond"]}]},{"@type":"WebPage","@id":"https:\/\/inclusivenews.com.br\/?p=24701","url":"https:\/\/inclusivenews.com.br\/?p=24701","name":"Investimento em educa\u00e7\u00e3o promove redu\u00e7\u00e3o na criminalidade -","isPartOf":{"@id":"https:\/\/inclusivenews.com.br\/#website"},"primaryImageOfPage":{"@id":"https:\/\/inclusivenews.com.br\/?p=24701#primaryimage"},"image":{"@id":"https:\/\/inclusivenews.com.br\/?p=24701#primaryimage"},"thumbnailUrl":"http:\/\/inclusivenews.com.br\/wp-content\/uploads\/2010\/10\/lapiscoloridos.jpg","datePublished":"2013-06-11T23:40:34+00:00","breadcrumb":{"@id":"https:\/\/inclusivenews.com.br\/?p=24701#breadcrumb"},"inLanguage":"pt-PT","potentialAction":[{"@type":"ReadAction","target":["https:\/\/inclusivenews.com.br\/?p=24701"]}]},{"@type":"ImageObject","inLanguage":"pt-PT","@id":"https:\/\/inclusivenews.com.br\/?p=24701#primaryimage","url":"","contentUrl":""},{"@type":"BreadcrumbList","@id":"https:\/\/inclusivenews.com.br\/?p=24701#breadcrumb","itemListElement":[{"@type":"ListItem","position":1,"name":"In\u00edcio","item":"https:\/\/inclusivenews.com.br\/"},{"@type":"ListItem","position":2,"name":"Investimento em educa\u00e7\u00e3o promove redu\u00e7\u00e3o na criminalidade"}]},{"@type":"WebSite","@id":"https:\/\/inclusivenews.com.br\/#website","url":"https:\/\/inclusivenews.com.br\/","name":"Inclusive News","description":"Inclusive News","publisher":{"@id":"https:\/\/inclusivenews.com.br\/#organization"},"potentialAction":[{"@type":"SearchAction","target":{"@type":"EntryPoint","urlTemplate":"https:\/\/inclusivenews.com.br\/?s={search_term_string}"},"query-input":{"@type":"PropertyValueSpecification","valueRequired":true,"valueName":"search_term_string"}}],"inLanguage":"pt-PT"},{"@type":"Organization","@id":"https:\/\/inclusivenews.com.br\/#organization","name":"Inclusive - inclus\u00e3o e cidadania","url":"https:\/\/inclusivenews.com.br\/","logo":{"@type":"ImageObject","inLanguage":"pt-PT","@id":"https:\/\/inclusivenews.com.br\/#\/schema\/logo\/image\/","url":"https:\/\/inclusivenews.com.br\/wp-content\/uploads\/2024\/03\/@grandesite.png","contentUrl":"https:\/\/inclusivenews.com.br\/wp-content\/uploads\/2024\/03\/@grandesite.png","width":1080,"height":1080,"caption":"Inclusive - inclus\u00e3o e cidadania"},"image":{"@id":"https:\/\/inclusivenews.com.br\/#\/schema\/logo\/image\/"},"sameAs":["https:\/\/www.facebook.com\/agenciainclusive\/","https:\/\/www.instagram.com\/newsinclusive\/"]},{"@type":"Person","@id":"https:\/\/inclusivenews.com.br\/#\/schema\/person\/ae4ec7087559b8692fb33b6fffd2273b","name":"inclusivenews2024","image":{"@type":"ImageObject","inLanguage":"pt-PT","@id":"https:\/\/secure.gravatar.com\/avatar\/c5a7ef84c66fa914f55bc4f7ce26cfa275a3b9a1c5568b907bd184fb4dde7b40?s=96&d=mm&r=g","url":"https:\/\/secure.gravatar.com\/avatar\/c5a7ef84c66fa914f55bc4f7ce26cfa275a3b9a1c5568b907bd184fb4dde7b40?s=96&d=mm&r=g","contentUrl":"https:\/\/secure.gravatar.com\/avatar\/c5a7ef84c66fa914f55bc4f7ce26cfa275a3b9a1c5568b907bd184fb4dde7b40?s=96&d=mm&r=g","caption":"inclusivenews2024"},"sameAs":["https:\/\/inclusivenews.com.br"],"url":"https:\/\/inclusivenews.com.br\/?author=1"}]}},"_links":{"self":[{"href":"https:\/\/inclusivenews.com.br\/index.php?rest_route=\/wp\/v2\/posts\/24701","targetHints":{"allow":["GET"]}}],"collection":[{"href":"https:\/\/inclusivenews.com.br\/index.php?rest_route=\/wp\/v2\/posts"}],"about":[{"href":"https:\/\/inclusivenews.com.br\/index.php?rest_route=\/wp\/v2\/types\/post"}],"author":[{"embeddable":true,"href":"https:\/\/inclusivenews.com.br\/index.php?rest_route=\/wp\/v2\/users\/1"}],"replies":[{"embeddable":true,"href":"https:\/\/inclusivenews.com.br\/index.php?rest_route=%2Fwp%2Fv2%2Fcomments&post=24701"}],"version-history":[{"count":0,"href":"https:\/\/inclusivenews.com.br\/index.php?rest_route=\/wp\/v2\/posts\/24701\/revisions"}],"wp:attachment":[{"href":"https:\/\/inclusivenews.com.br\/index.php?rest_route=%2Fwp%2Fv2%2Fmedia&parent=24701"}],"wp:term":[{"taxonomy":"category","embeddable":true,"href":"https:\/\/inclusivenews.com.br\/index.php?rest_route=%2Fwp%2Fv2%2Fcategories&post=24701"},{"taxonomy":"post_tag","embeddable":true,"href":"https:\/\/inclusivenews.com.br\/index.php?rest_route=%2Fwp%2Fv2%2Ftags&post=24701"}],"curies":[{"name":"wp","href":"https:\/\/api.w.org\/{rel}","templated":true}]}}