{"id":24703,"date":"2013-06-11T20:41:58","date_gmt":"2013-06-11T23:41:58","guid":{"rendered":"http:\/\/www.inclusive.org.br\/?p=24703"},"modified":"2013-06-11T20:41:58","modified_gmt":"2013-06-11T23:41:58","slug":"reeducandos-que-adquirirem-habito-de-leitura-terao-remicao-de-pena","status":"publish","type":"post","link":"https:\/\/inclusivenews.com.br\/?p=24703","title":{"rendered":"Reeducandos que adquirirem h\u00e1bito de leitura ter\u00e3o remi\u00e7\u00e3o de pena"},"content":{"rendered":"<p><img loading=\"lazy\" decoding=\"async\" class=\"alignleft size-medium wp-image-20703\" title=\"Grades de uma pris\u00e3o com uma porta aberta\" src=\"http:\/\/inclusivenews.com.br\/wp-content\/uploads\/grades-300x300.jpg\" alt=\"Grades de uma pris\u00e3o com uma porta aberta\" width=\"300\" height=\"300\" \/>Para cada tr\u00eas dias de leitura ser\u00e1 um a menos na pena. Essa e outras vantagens est\u00e3o previstas em Portaria que disciplina como ir\u00e1 funcionar a remi\u00e7\u00e3o da pena no Projeto de Incentivo \u00e0 Leitura a ser desenvolvido na Cadeia P\u00fablica de V\u00e1rzea Grande. A normativa \u00e9 de autoria do juiz-corregedor das unidades prisionais da Comarca e titular da Vara de Execu\u00e7\u00f5es Penais, Abel Balbino Guimar\u00e3es.<\/p>\n<p>Ele tamb\u00e9m \u00e9 o idealizador do projeto que ainda est\u00e1 em fase de formata\u00e7\u00e3o e ser\u00e1 desenvolvido pelo Judici\u00e1rio em parceria com o Centro Universit\u00e1rio de V\u00e1rzea Grande a partir de julho. O projeto piloto funcionar\u00e1 na Cadeia P\u00fablica e poder\u00e1 se estender para as demais unidades carcer\u00e1rias de regime fechado e semi-aberto como as Casas de Albergue Masculino e Feminino.<\/p>\n<p>A participa\u00e7\u00e3o do preso ser\u00e1 volunt\u00e1ria. Aquele que se dispor a integrar o grupo de estudos receber\u00e1 um exemplar de obra liter\u00e1ria, cl\u00e1ssica, religiosa, cient\u00edfica ou filos\u00f3fica conforme o acervo das unidades prisionais.<\/p>\n<p>Como reconhecimento pelo esfor\u00e7o e dedica\u00e7\u00e3o, o apenado poder\u00e1 obter maior ou menor n\u00famero de dias remidos, de acordo com seu rendimento individual. Essa propor\u00e7\u00e3o de tr\u00eas por um s\u00f3 ser\u00e1 v\u00e1lida se cada dia considerado tiver um m\u00ednimo de quatro horas de leitura. Vale lembrar tamb\u00e9m que o total de dias remidos n\u00e3o poder\u00e1 ultrapassar oito dias em cada per\u00edodo de 30 dias.<\/p>\n<p>Para que seja considerado apto a receber a gra\u00e7a, o preso ser\u00e1 avaliado mensalmente pela equipe pedag\u00f3gica da entidade educacional parceira. O intuito deste exame ser\u00e1 aferir o grau de entendimento e compreens\u00e3o do material lido. O m\u00e9todo utilizado para o teste ficar\u00e1 a crit\u00e9rio da faculdade.<\/p>\n<p>A sele\u00e7\u00e3o dos internos que ir\u00e3o participar do programa e a sua devida orienta\u00e7\u00e3o, por meio de oficinas e exposi\u00e7\u00f5es em sala de aula, tamb\u00e9m ficar\u00e1 a cargo da equipe pedag\u00f3gica. O grupo de instrutores ser\u00e1 formado por pelo menos tr\u00eas professores indicados pela coordena\u00e7\u00e3o da Faculdade de Pedagogia e tamb\u00e9m por alunos em est\u00e1gio curricular.<\/p>\n<p>Todo este trabalho ter\u00e1 a supervis\u00e3o e o apoio da psic\u00f3loga, assistente social e diretor da unidade e ainda do conselho da comunidade. A dire\u00e7\u00e3o da unidade carcer\u00e1ria dever\u00e1 encaminhar mensalmente uma c\u00f3pia do registro de todos os presos participantes ao juiz-corregedor, respons\u00e1vel por conceder a remiss\u00e3o, ap\u00f3s ouvir o Minist\u00e9rio P\u00fablico e a defesa.<\/p>\n<p>Fonte: Expresso MT<\/p>\n","protected":false},"excerpt":{"rendered":"<p>Para cada tr\u00eas dias de leitura ser\u00e1 um a menos na pena. Essa e outras vantagens est\u00e3o previstas em Portaria que disciplina como ir\u00e1 funcionar a remi\u00e7\u00e3o da pena no Projeto de Incentivo \u00e0 Leitura a ser desenvolvido na Cadeia P\u00fablica de V\u00e1rzea Grande.<\/p>\n","protected":false},"author":1,"featured_media":0,"comment_status":"open","ping_status":"open","sticky":false,"template":"","format":"standard","meta":{"site-container-style":"default","site-container-layout":"default","site-sidebar-layout":"default","disable-article-header":"default","disable-site-header":"default","disable-site-footer":"default","disable-content-area-spacing":"default","footnotes":""},"categories":[6,4],"tags":[],"class_list":["post-24703","post","type-post","status-publish","format-standard","hentry","category-educacao","category-noticias"],"yoast_head":"<!-- This site is optimized with the Yoast SEO plugin v27.4 - https:\/\/yoast.com\/product\/yoast-seo-wordpress\/ -->\n<title>Reeducandos que adquirirem h\u00e1bito de leitura ter\u00e3o remi\u00e7\u00e3o de pena -<\/title>\n<meta name=\"robots\" content=\"index, follow, max-snippet:-1, max-image-preview:large, max-video-preview:-1\" \/>\n<link rel=\"canonical\" href=\"https:\/\/inclusivenews.com.br\/?p=24703\" \/>\n<meta property=\"og:locale\" content=\"pt_PT\" \/>\n<meta property=\"og:type\" content=\"article\" \/>\n<meta property=\"og:title\" content=\"Reeducandos que adquirirem h\u00e1bito de leitura ter\u00e3o remi\u00e7\u00e3o de pena -\" \/>\n<meta property=\"og:description\" content=\"Para cada tr\u00eas dias de leitura ser\u00e1 um a menos na pena. Essa e outras vantagens est\u00e3o previstas em Portaria que disciplina como ir\u00e1 funcionar a remi\u00e7\u00e3o da pena no Projeto de Incentivo \u00e0 Leitura a ser desenvolvido na Cadeia P\u00fablica de V\u00e1rzea Grande.\" \/>\n<meta property=\"og:url\" content=\"https:\/\/inclusivenews.com.br\/?p=24703\" \/>\n<meta property=\"article:publisher\" content=\"https:\/\/www.facebook.com\/agenciainclusive\/\" \/>\n<meta property=\"article:published_time\" content=\"2013-06-11T23:41:58+00:00\" \/>\n<meta property=\"og:image\" content=\"http:\/\/inclusivenews.com.br\/wp-content\/uploads\/grades-300x300.jpg\" \/>\n<meta name=\"author\" content=\"inclusivenews2024\" \/>\n<meta name=\"twitter:card\" content=\"summary_large_image\" \/>\n<meta name=\"twitter:label1\" content=\"Escrito por\" \/>\n\t<meta name=\"twitter:data1\" content=\"inclusivenews2024\" \/>\n\t<meta name=\"twitter:label2\" content=\"Tempo estimado de leitura\" \/>\n\t<meta name=\"twitter:data2\" content=\"2 minutos\" \/>\n<script type=\"application\/ld+json\" class=\"yoast-schema-graph\">{\"@context\":\"https:\\\/\\\/schema.org\",\"@graph\":[{\"@type\":\"Article\",\"@id\":\"https:\\\/\\\/inclusivenews.com.br\\\/?p=24703#article\",\"isPartOf\":{\"@id\":\"https:\\\/\\\/inclusivenews.com.br\\\/?p=24703\"},\"author\":{\"name\":\"inclusivenews2024\",\"@id\":\"https:\\\/\\\/inclusivenews.com.br\\\/#\\\/schema\\\/person\\\/ae4ec7087559b8692fb33b6fffd2273b\"},\"headline\":\"Reeducandos que adquirirem h\u00e1bito de leitura ter\u00e3o remi\u00e7\u00e3o de pena\",\"datePublished\":\"2013-06-11T23:41:58+00:00\",\"mainEntityOfPage\":{\"@id\":\"https:\\\/\\\/inclusivenews.com.br\\\/?p=24703\"},\"wordCount\":449,\"commentCount\":0,\"publisher\":{\"@id\":\"https:\\\/\\\/inclusivenews.com.br\\\/#organization\"},\"image\":{\"@id\":\"https:\\\/\\\/inclusivenews.com.br\\\/?p=24703#primaryimage\"},\"thumbnailUrl\":\"http:\\\/\\\/inclusivenews.com.br\\\/wp-content\\\/uploads\\\/grades-300x300.jpg\",\"articleSection\":[\"EDUCA\u00c7\u00c3O\",\"NOT\u00cdCIAS\"],\"inLanguage\":\"pt-PT\",\"potentialAction\":[{\"@type\":\"CommentAction\",\"name\":\"Comment\",\"target\":[\"https:\\\/\\\/inclusivenews.com.br\\\/?p=24703#respond\"]}]},{\"@type\":\"WebPage\",\"@id\":\"https:\\\/\\\/inclusivenews.com.br\\\/?p=24703\",\"url\":\"https:\\\/\\\/inclusivenews.com.br\\\/?p=24703\",\"name\":\"Reeducandos que adquirirem h\u00e1bito de leitura ter\u00e3o remi\u00e7\u00e3o de pena -\",\"isPartOf\":{\"@id\":\"https:\\\/\\\/inclusivenews.com.br\\\/#website\"},\"primaryImageOfPage\":{\"@id\":\"https:\\\/\\\/inclusivenews.com.br\\\/?p=24703#primaryimage\"},\"image\":{\"@id\":\"https:\\\/\\\/inclusivenews.com.br\\\/?p=24703#primaryimage\"},\"thumbnailUrl\":\"http:\\\/\\\/inclusivenews.com.br\\\/wp-content\\\/uploads\\\/grades-300x300.jpg\",\"datePublished\":\"2013-06-11T23:41:58+00:00\",\"breadcrumb\":{\"@id\":\"https:\\\/\\\/inclusivenews.com.br\\\/?p=24703#breadcrumb\"},\"inLanguage\":\"pt-PT\",\"potentialAction\":[{\"@type\":\"ReadAction\",\"target\":[\"https:\\\/\\\/inclusivenews.com.br\\\/?p=24703\"]}]},{\"@type\":\"ImageObject\",\"inLanguage\":\"pt-PT\",\"@id\":\"https:\\\/\\\/inclusivenews.com.br\\\/?p=24703#primaryimage\",\"url\":\"\",\"contentUrl\":\"\"},{\"@type\":\"BreadcrumbList\",\"@id\":\"https:\\\/\\\/inclusivenews.com.br\\\/?p=24703#breadcrumb\",\"itemListElement\":[{\"@type\":\"ListItem\",\"position\":1,\"name\":\"In\u00edcio\",\"item\":\"https:\\\/\\\/inclusivenews.com.br\\\/\"},{\"@type\":\"ListItem\",\"position\":2,\"name\":\"Reeducandos que adquirirem h\u00e1bito de leitura ter\u00e3o remi\u00e7\u00e3o de pena\"}]},{\"@type\":\"WebSite\",\"@id\":\"https:\\\/\\\/inclusivenews.com.br\\\/#website\",\"url\":\"https:\\\/\\\/inclusivenews.com.br\\\/\",\"name\":\"Inclusive News\",\"description\":\"Inclusive News\",\"publisher\":{\"@id\":\"https:\\\/\\\/inclusivenews.com.br\\\/#organization\"},\"potentialAction\":[{\"@type\":\"SearchAction\",\"target\":{\"@type\":\"EntryPoint\",\"urlTemplate\":\"https:\\\/\\\/inclusivenews.com.br\\\/?s={search_term_string}\"},\"query-input\":{\"@type\":\"PropertyValueSpecification\",\"valueRequired\":true,\"valueName\":\"search_term_string\"}}],\"inLanguage\":\"pt-PT\"},{\"@type\":\"Organization\",\"@id\":\"https:\\\/\\\/inclusivenews.com.br\\\/#organization\",\"name\":\"Inclusive - inclus\u00e3o e cidadania\",\"url\":\"https:\\\/\\\/inclusivenews.com.br\\\/\",\"logo\":{\"@type\":\"ImageObject\",\"inLanguage\":\"pt-PT\",\"@id\":\"https:\\\/\\\/inclusivenews.com.br\\\/#\\\/schema\\\/logo\\\/image\\\/\",\"url\":\"https:\\\/\\\/inclusivenews.com.br\\\/wp-content\\\/uploads\\\/2024\\\/03\\\/@grandesite.png\",\"contentUrl\":\"https:\\\/\\\/inclusivenews.com.br\\\/wp-content\\\/uploads\\\/2024\\\/03\\\/@grandesite.png\",\"width\":1080,\"height\":1080,\"caption\":\"Inclusive - inclus\u00e3o e cidadania\"},\"image\":{\"@id\":\"https:\\\/\\\/inclusivenews.com.br\\\/#\\\/schema\\\/logo\\\/image\\\/\"},\"sameAs\":[\"https:\\\/\\\/www.facebook.com\\\/agenciainclusive\\\/\",\"https:\\\/\\\/www.instagram.com\\\/newsinclusive\\\/\"]},{\"@type\":\"Person\",\"@id\":\"https:\\\/\\\/inclusivenews.com.br\\\/#\\\/schema\\\/person\\\/ae4ec7087559b8692fb33b6fffd2273b\",\"name\":\"inclusivenews2024\",\"image\":{\"@type\":\"ImageObject\",\"inLanguage\":\"pt-PT\",\"@id\":\"https:\\\/\\\/secure.gravatar.com\\\/avatar\\\/c5a7ef84c66fa914f55bc4f7ce26cfa275a3b9a1c5568b907bd184fb4dde7b40?s=96&d=mm&r=g\",\"url\":\"https:\\\/\\\/secure.gravatar.com\\\/avatar\\\/c5a7ef84c66fa914f55bc4f7ce26cfa275a3b9a1c5568b907bd184fb4dde7b40?s=96&d=mm&r=g\",\"contentUrl\":\"https:\\\/\\\/secure.gravatar.com\\\/avatar\\\/c5a7ef84c66fa914f55bc4f7ce26cfa275a3b9a1c5568b907bd184fb4dde7b40?s=96&d=mm&r=g\",\"caption\":\"inclusivenews2024\"},\"sameAs\":[\"https:\\\/\\\/inclusivenews.com.br\"],\"url\":\"https:\\\/\\\/inclusivenews.com.br\\\/?author=1\"}]}<\/script>\n<!-- \/ Yoast SEO plugin. -->","yoast_head_json":{"title":"Reeducandos que adquirirem h\u00e1bito de leitura ter\u00e3o remi\u00e7\u00e3o de pena -","robots":{"index":"index","follow":"follow","max-snippet":"max-snippet:-1","max-image-preview":"max-image-preview:large","max-video-preview":"max-video-preview:-1"},"canonical":"https:\/\/inclusivenews.com.br\/?p=24703","og_locale":"pt_PT","og_type":"article","og_title":"Reeducandos que adquirirem h\u00e1bito de leitura ter\u00e3o remi\u00e7\u00e3o de pena -","og_description":"Para cada tr\u00eas dias de leitura ser\u00e1 um a menos na pena. Essa e outras vantagens est\u00e3o previstas em Portaria que disciplina como ir\u00e1 funcionar a remi\u00e7\u00e3o da pena no Projeto de Incentivo \u00e0 Leitura a ser desenvolvido na Cadeia P\u00fablica de V\u00e1rzea Grande.","og_url":"https:\/\/inclusivenews.com.br\/?p=24703","article_publisher":"https:\/\/www.facebook.com\/agenciainclusive\/","article_published_time":"2013-06-11T23:41:58+00:00","og_image":[{"url":"http:\/\/inclusivenews.com.br\/wp-content\/uploads\/grades-300x300.jpg","type":"","width":"","height":""}],"author":"inclusivenews2024","twitter_card":"summary_large_image","twitter_misc":{"Escrito por":"inclusivenews2024","Tempo estimado de leitura":"2 minutos"},"schema":{"@context":"https:\/\/schema.org","@graph":[{"@type":"Article","@id":"https:\/\/inclusivenews.com.br\/?p=24703#article","isPartOf":{"@id":"https:\/\/inclusivenews.com.br\/?p=24703"},"author":{"name":"inclusivenews2024","@id":"https:\/\/inclusivenews.com.br\/#\/schema\/person\/ae4ec7087559b8692fb33b6fffd2273b"},"headline":"Reeducandos que adquirirem h\u00e1bito de leitura ter\u00e3o remi\u00e7\u00e3o de pena","datePublished":"2013-06-11T23:41:58+00:00","mainEntityOfPage":{"@id":"https:\/\/inclusivenews.com.br\/?p=24703"},"wordCount":449,"commentCount":0,"publisher":{"@id":"https:\/\/inclusivenews.com.br\/#organization"},"image":{"@id":"https:\/\/inclusivenews.com.br\/?p=24703#primaryimage"},"thumbnailUrl":"http:\/\/inclusivenews.com.br\/wp-content\/uploads\/grades-300x300.jpg","articleSection":["EDUCA\u00c7\u00c3O","NOT\u00cdCIAS"],"inLanguage":"pt-PT","potentialAction":[{"@type":"CommentAction","name":"Comment","target":["https:\/\/inclusivenews.com.br\/?p=24703#respond"]}]},{"@type":"WebPage","@id":"https:\/\/inclusivenews.com.br\/?p=24703","url":"https:\/\/inclusivenews.com.br\/?p=24703","name":"Reeducandos que adquirirem h\u00e1bito de leitura ter\u00e3o remi\u00e7\u00e3o de pena -","isPartOf":{"@id":"https:\/\/inclusivenews.com.br\/#website"},"primaryImageOfPage":{"@id":"https:\/\/inclusivenews.com.br\/?p=24703#primaryimage"},"image":{"@id":"https:\/\/inclusivenews.com.br\/?p=24703#primaryimage"},"thumbnailUrl":"http:\/\/inclusivenews.com.br\/wp-content\/uploads\/grades-300x300.jpg","datePublished":"2013-06-11T23:41:58+00:00","breadcrumb":{"@id":"https:\/\/inclusivenews.com.br\/?p=24703#breadcrumb"},"inLanguage":"pt-PT","potentialAction":[{"@type":"ReadAction","target":["https:\/\/inclusivenews.com.br\/?p=24703"]}]},{"@type":"ImageObject","inLanguage":"pt-PT","@id":"https:\/\/inclusivenews.com.br\/?p=24703#primaryimage","url":"","contentUrl":""},{"@type":"BreadcrumbList","@id":"https:\/\/inclusivenews.com.br\/?p=24703#breadcrumb","itemListElement":[{"@type":"ListItem","position":1,"name":"In\u00edcio","item":"https:\/\/inclusivenews.com.br\/"},{"@type":"ListItem","position":2,"name":"Reeducandos que adquirirem h\u00e1bito de leitura ter\u00e3o remi\u00e7\u00e3o de pena"}]},{"@type":"WebSite","@id":"https:\/\/inclusivenews.com.br\/#website","url":"https:\/\/inclusivenews.com.br\/","name":"Inclusive News","description":"Inclusive News","publisher":{"@id":"https:\/\/inclusivenews.com.br\/#organization"},"potentialAction":[{"@type":"SearchAction","target":{"@type":"EntryPoint","urlTemplate":"https:\/\/inclusivenews.com.br\/?s={search_term_string}"},"query-input":{"@type":"PropertyValueSpecification","valueRequired":true,"valueName":"search_term_string"}}],"inLanguage":"pt-PT"},{"@type":"Organization","@id":"https:\/\/inclusivenews.com.br\/#organization","name":"Inclusive - inclus\u00e3o e cidadania","url":"https:\/\/inclusivenews.com.br\/","logo":{"@type":"ImageObject","inLanguage":"pt-PT","@id":"https:\/\/inclusivenews.com.br\/#\/schema\/logo\/image\/","url":"https:\/\/inclusivenews.com.br\/wp-content\/uploads\/2024\/03\/@grandesite.png","contentUrl":"https:\/\/inclusivenews.com.br\/wp-content\/uploads\/2024\/03\/@grandesite.png","width":1080,"height":1080,"caption":"Inclusive - inclus\u00e3o e cidadania"},"image":{"@id":"https:\/\/inclusivenews.com.br\/#\/schema\/logo\/image\/"},"sameAs":["https:\/\/www.facebook.com\/agenciainclusive\/","https:\/\/www.instagram.com\/newsinclusive\/"]},{"@type":"Person","@id":"https:\/\/inclusivenews.com.br\/#\/schema\/person\/ae4ec7087559b8692fb33b6fffd2273b","name":"inclusivenews2024","image":{"@type":"ImageObject","inLanguage":"pt-PT","@id":"https:\/\/secure.gravatar.com\/avatar\/c5a7ef84c66fa914f55bc4f7ce26cfa275a3b9a1c5568b907bd184fb4dde7b40?s=96&d=mm&r=g","url":"https:\/\/secure.gravatar.com\/avatar\/c5a7ef84c66fa914f55bc4f7ce26cfa275a3b9a1c5568b907bd184fb4dde7b40?s=96&d=mm&r=g","contentUrl":"https:\/\/secure.gravatar.com\/avatar\/c5a7ef84c66fa914f55bc4f7ce26cfa275a3b9a1c5568b907bd184fb4dde7b40?s=96&d=mm&r=g","caption":"inclusivenews2024"},"sameAs":["https:\/\/inclusivenews.com.br"],"url":"https:\/\/inclusivenews.com.br\/?author=1"}]}},"_links":{"self":[{"href":"https:\/\/inclusivenews.com.br\/index.php?rest_route=\/wp\/v2\/posts\/24703","targetHints":{"allow":["GET"]}}],"collection":[{"href":"https:\/\/inclusivenews.com.br\/index.php?rest_route=\/wp\/v2\/posts"}],"about":[{"href":"https:\/\/inclusivenews.com.br\/index.php?rest_route=\/wp\/v2\/types\/post"}],"author":[{"embeddable":true,"href":"https:\/\/inclusivenews.com.br\/index.php?rest_route=\/wp\/v2\/users\/1"}],"replies":[{"embeddable":true,"href":"https:\/\/inclusivenews.com.br\/index.php?rest_route=%2Fwp%2Fv2%2Fcomments&post=24703"}],"version-history":[{"count":0,"href":"https:\/\/inclusivenews.com.br\/index.php?rest_route=\/wp\/v2\/posts\/24703\/revisions"}],"wp:attachment":[{"href":"https:\/\/inclusivenews.com.br\/index.php?rest_route=%2Fwp%2Fv2%2Fmedia&parent=24703"}],"wp:term":[{"taxonomy":"category","embeddable":true,"href":"https:\/\/inclusivenews.com.br\/index.php?rest_route=%2Fwp%2Fv2%2Fcategories&post=24703"},{"taxonomy":"post_tag","embeddable":true,"href":"https:\/\/inclusivenews.com.br\/index.php?rest_route=%2Fwp%2Fv2%2Ftags&post=24703"}],"curies":[{"name":"wp","href":"https:\/\/api.w.org\/{rel}","templated":true}]}}