{"id":24707,"date":"2013-06-11T20:43:11","date_gmt":"2013-06-11T23:43:11","guid":{"rendered":"http:\/\/www.inclusive.org.br\/?p=24707"},"modified":"2013-06-11T20:43:11","modified_gmt":"2013-06-11T23:43:11","slug":"acao-com-idosos-de-favela-carioca-e-exemplo-internacional-de-cidadania","status":"publish","type":"post","link":"https:\/\/inclusivenews.com.br\/?p=24707","title":{"rendered":"A\u00e7\u00e3o com idosos de favela carioca \u00e9 exemplo internacional de cidadania"},"content":{"rendered":"<p><img loading=\"lazy\" decoding=\"async\" class=\"alignleft size-medium wp-image-19281\" title=\"Sa\u00fade - uma cruz vermelha feita por band-aids vermelhos.\" src=\"http:\/\/inclusivenews.com.br\/wp-content\/uploads\/2011\/04\/saude-300x225.jpg\" alt=\"Sa\u00fade - uma cruz vermelha feita por band-aids vermelhos.\" width=\"300\" height=\"225\" \/><\/p>\n<p><em>Gabriel Felix<br \/>\ndo CicloVivo<\/em><\/p>\n<p>Um projeto de assist\u00eancia m\u00e9dica gratuita foi desenvolvido no morro Santa Marta, zona sul do Rio de Janeiro. Durante 18 meses, a iniciativa disponibilizou atendimentos m\u00e9dicos a domic\u00edlio e favoreceu a populariza\u00e7\u00e3o de novas tecnologias para a sa\u00fade p\u00fablica, al\u00e9m de dar origem a estudos sociais que revelam condi\u00e7\u00f5es dos moradores da favela carioca.<\/p>\n<p>Um time de onze profissionais \u2013 quatro m\u00e9dicos, tr\u00eas enfermeiros e tr\u00eas auxiliares \u2013 passou mais de um ano visitando as casas de moradores idosos para fazer exames r\u00e1pidos por meio da mochila E-Health \u2013 um kit capaz de medir v\u00e1rios indicadores de sa\u00fade, desde exames de press\u00e3o sangu\u00ednea e diabetes, at\u00e9 avalia\u00e7\u00f5es card\u00edacas e exames de sangue.<\/p>\n<p>A a\u00e7\u00e3o foi coordenada pela New Cities Foundation, em parceria com a GE, a Universidade Estadual do Rio de Janeiro (UERJ) e a Prefeitura do Rio de Janeiro. \u201cEu fiquei orgulhosa dos resultados, pois conseguimos criar um projeto que envolve desde empresas e autoridades p\u00fablicas at\u00e9 os moradores do morro Santa Marta. O pessoal envolvido gostou do projeto, fez isso funcionar. Os idosos ficaram muito felizes\u201d, declarou a coordenadora local do New Cities Foundation, Rosalie Marin ao CicloVivo.<\/p>\n<p>De acordo com Rosalie, o envelhecimento dos brasileiros e o isolamento dos idosos que moram nos morros foram fatores determinantes para a execu\u00e7\u00e3o do projeto-piloto. Al\u00e9m disso, os ativistas ficaram incomodados ao perceber que a popula\u00e7\u00e3o de baixa renda tem pouco acesso a tecnologias aprimoradas na \u00e1rea de sa\u00fade.<\/p>\n<p>\u201cUma das metas do projeto \u00e9 proporcionar a tecnologia necess\u00e1ria para a popula\u00e7\u00e3o de baixa renda, principalmente para os idosos. Os moradores amaram a ideia \u2013 eles dizem que as visitas domiciliares trazem conforto, at\u00e9 porque os exames s\u00e3o realizados em casa e os resultados s\u00e3o divulgados na hora\u201d, relatou a ativista su\u00ed\u00e7a.<\/p>\n<p>Agora, as autoridades da capital fluminense pretendem realizar a iniciativa em outras favelas. \u201cEsta experi\u00eancia foi um grande sucesso, os resultados foram de muita satisfa\u00e7\u00e3o, seja pelos usu\u00e1rios, seja para os profissionais de sa\u00fade que trabalhavam com essa tecnologia. A partir desta experi\u00eancia, vem a expectativa de poder expandir para outras \u00e1reas da cidade, trazendo essa ferramenta inovadora para cuidarmos dos idosos\u201d, afirmou Hans Dohmann, Secret\u00e1rio Municipal de Sa\u00fade do Rio de Janeiro.<\/p>\n<p>Fonte: CicloVivo<\/p>\n","protected":false},"excerpt":{"rendered":"<p>Durante 18 meses, a iniciativa disponibilizou atendimentos m\u00e9dicos a domic\u00edlio e favoreceu a populariza\u00e7\u00e3o de novas tecnologias para a sa\u00fade p\u00fablica, al\u00e9m de dar origem a estudos sociais que revelam condi\u00e7\u00f5es dos moradores da favela carioca.<\/p>\n","protected":false},"author":1,"featured_media":0,"comment_status":"open","ping_status":"open","sticky":false,"template":"","format":"standard","meta":{"site-container-style":"default","site-container-layout":"default","site-sidebar-layout":"default","disable-article-header":"default","disable-site-header":"default","disable-site-footer":"default","disable-content-area-spacing":"default","footnotes":""},"categories":[11,4,37],"tags":[],"class_list":["post-24707","post","type-post","status-publish","format-standard","hentry","category-direitos-humanos","category-noticias","category-saude"],"yoast_head":"<!-- This site is optimized with the Yoast SEO plugin v27.4 - https:\/\/yoast.com\/product\/yoast-seo-wordpress\/ -->\n<title>A\u00e7\u00e3o com idosos de favela carioca \u00e9 exemplo internacional de cidadania -<\/title>\n<meta name=\"robots\" content=\"index, follow, max-snippet:-1, max-image-preview:large, max-video-preview:-1\" \/>\n<link rel=\"canonical\" href=\"https:\/\/inclusivenews.com.br\/?p=24707\" \/>\n<meta property=\"og:locale\" content=\"pt_PT\" \/>\n<meta property=\"og:type\" content=\"article\" \/>\n<meta property=\"og:title\" content=\"A\u00e7\u00e3o com idosos de favela carioca \u00e9 exemplo internacional de cidadania -\" \/>\n<meta property=\"og:description\" content=\"Durante 18 meses, a iniciativa disponibilizou atendimentos m\u00e9dicos a domic\u00edlio e favoreceu a populariza\u00e7\u00e3o de novas tecnologias para a sa\u00fade p\u00fablica, al\u00e9m de dar origem a estudos sociais que revelam condi\u00e7\u00f5es dos moradores da favela carioca.\" \/>\n<meta property=\"og:url\" content=\"https:\/\/inclusivenews.com.br\/?p=24707\" \/>\n<meta property=\"article:publisher\" content=\"https:\/\/www.facebook.com\/agenciainclusive\/\" \/>\n<meta property=\"article:published_time\" content=\"2013-06-11T23:43:11+00:00\" \/>\n<meta property=\"og:image\" content=\"http:\/\/inclusivenews.com.br\/wp-content\/uploads\/2011\/04\/saude-300x225.jpg\" \/>\n<meta name=\"author\" content=\"inclusivenews2024\" \/>\n<meta name=\"twitter:card\" content=\"summary_large_image\" \/>\n<meta name=\"twitter:label1\" content=\"Escrito por\" \/>\n\t<meta name=\"twitter:data1\" content=\"inclusivenews2024\" \/>\n\t<meta name=\"twitter:label2\" content=\"Tempo estimado de leitura\" \/>\n\t<meta name=\"twitter:data2\" content=\"2 minutos\" \/>\n<script type=\"application\/ld+json\" class=\"yoast-schema-graph\">{\"@context\":\"https:\\\/\\\/schema.org\",\"@graph\":[{\"@type\":\"Article\",\"@id\":\"https:\\\/\\\/inclusivenews.com.br\\\/?p=24707#article\",\"isPartOf\":{\"@id\":\"https:\\\/\\\/inclusivenews.com.br\\\/?p=24707\"},\"author\":{\"name\":\"inclusivenews2024\",\"@id\":\"https:\\\/\\\/inclusivenews.com.br\\\/#\\\/schema\\\/person\\\/ae4ec7087559b8692fb33b6fffd2273b\"},\"headline\":\"A\u00e7\u00e3o com idosos de favela carioca \u00e9 exemplo internacional de cidadania\",\"datePublished\":\"2013-06-11T23:43:11+00:00\",\"mainEntityOfPage\":{\"@id\":\"https:\\\/\\\/inclusivenews.com.br\\\/?p=24707\"},\"wordCount\":413,\"commentCount\":0,\"publisher\":{\"@id\":\"https:\\\/\\\/inclusivenews.com.br\\\/#organization\"},\"image\":{\"@id\":\"https:\\\/\\\/inclusivenews.com.br\\\/?p=24707#primaryimage\"},\"thumbnailUrl\":\"http:\\\/\\\/inclusivenews.com.br\\\/wp-content\\\/uploads\\\/2011\\\/04\\\/saude-300x225.jpg\",\"articleSection\":[\"DIREITOS HUMANOS\",\"NOT\u00cdCIAS\",\"Sa\u00fade\"],\"inLanguage\":\"pt-PT\",\"potentialAction\":[{\"@type\":\"CommentAction\",\"name\":\"Comment\",\"target\":[\"https:\\\/\\\/inclusivenews.com.br\\\/?p=24707#respond\"]}]},{\"@type\":\"WebPage\",\"@id\":\"https:\\\/\\\/inclusivenews.com.br\\\/?p=24707\",\"url\":\"https:\\\/\\\/inclusivenews.com.br\\\/?p=24707\",\"name\":\"A\u00e7\u00e3o com idosos de favela carioca \u00e9 exemplo internacional de cidadania -\",\"isPartOf\":{\"@id\":\"https:\\\/\\\/inclusivenews.com.br\\\/#website\"},\"primaryImageOfPage\":{\"@id\":\"https:\\\/\\\/inclusivenews.com.br\\\/?p=24707#primaryimage\"},\"image\":{\"@id\":\"https:\\\/\\\/inclusivenews.com.br\\\/?p=24707#primaryimage\"},\"thumbnailUrl\":\"http:\\\/\\\/inclusivenews.com.br\\\/wp-content\\\/uploads\\\/2011\\\/04\\\/saude-300x225.jpg\",\"datePublished\":\"2013-06-11T23:43:11+00:00\",\"breadcrumb\":{\"@id\":\"https:\\\/\\\/inclusivenews.com.br\\\/?p=24707#breadcrumb\"},\"inLanguage\":\"pt-PT\",\"potentialAction\":[{\"@type\":\"ReadAction\",\"target\":[\"https:\\\/\\\/inclusivenews.com.br\\\/?p=24707\"]}]},{\"@type\":\"ImageObject\",\"inLanguage\":\"pt-PT\",\"@id\":\"https:\\\/\\\/inclusivenews.com.br\\\/?p=24707#primaryimage\",\"url\":\"\",\"contentUrl\":\"\"},{\"@type\":\"BreadcrumbList\",\"@id\":\"https:\\\/\\\/inclusivenews.com.br\\\/?p=24707#breadcrumb\",\"itemListElement\":[{\"@type\":\"ListItem\",\"position\":1,\"name\":\"In\u00edcio\",\"item\":\"https:\\\/\\\/inclusivenews.com.br\\\/\"},{\"@type\":\"ListItem\",\"position\":2,\"name\":\"A\u00e7\u00e3o com idosos de favela carioca \u00e9 exemplo internacional de cidadania\"}]},{\"@type\":\"WebSite\",\"@id\":\"https:\\\/\\\/inclusivenews.com.br\\\/#website\",\"url\":\"https:\\\/\\\/inclusivenews.com.br\\\/\",\"name\":\"Inclusive News\",\"description\":\"Inclusive News\",\"publisher\":{\"@id\":\"https:\\\/\\\/inclusivenews.com.br\\\/#organization\"},\"potentialAction\":[{\"@type\":\"SearchAction\",\"target\":{\"@type\":\"EntryPoint\",\"urlTemplate\":\"https:\\\/\\\/inclusivenews.com.br\\\/?s={search_term_string}\"},\"query-input\":{\"@type\":\"PropertyValueSpecification\",\"valueRequired\":true,\"valueName\":\"search_term_string\"}}],\"inLanguage\":\"pt-PT\"},{\"@type\":\"Organization\",\"@id\":\"https:\\\/\\\/inclusivenews.com.br\\\/#organization\",\"name\":\"Inclusive - inclus\u00e3o e cidadania\",\"url\":\"https:\\\/\\\/inclusivenews.com.br\\\/\",\"logo\":{\"@type\":\"ImageObject\",\"inLanguage\":\"pt-PT\",\"@id\":\"https:\\\/\\\/inclusivenews.com.br\\\/#\\\/schema\\\/logo\\\/image\\\/\",\"url\":\"https:\\\/\\\/inclusivenews.com.br\\\/wp-content\\\/uploads\\\/2024\\\/03\\\/@grandesite.png\",\"contentUrl\":\"https:\\\/\\\/inclusivenews.com.br\\\/wp-content\\\/uploads\\\/2024\\\/03\\\/@grandesite.png\",\"width\":1080,\"height\":1080,\"caption\":\"Inclusive - inclus\u00e3o e cidadania\"},\"image\":{\"@id\":\"https:\\\/\\\/inclusivenews.com.br\\\/#\\\/schema\\\/logo\\\/image\\\/\"},\"sameAs\":[\"https:\\\/\\\/www.facebook.com\\\/agenciainclusive\\\/\",\"https:\\\/\\\/www.instagram.com\\\/newsinclusive\\\/\"]},{\"@type\":\"Person\",\"@id\":\"https:\\\/\\\/inclusivenews.com.br\\\/#\\\/schema\\\/person\\\/ae4ec7087559b8692fb33b6fffd2273b\",\"name\":\"inclusivenews2024\",\"image\":{\"@type\":\"ImageObject\",\"inLanguage\":\"pt-PT\",\"@id\":\"https:\\\/\\\/secure.gravatar.com\\\/avatar\\\/c5a7ef84c66fa914f55bc4f7ce26cfa275a3b9a1c5568b907bd184fb4dde7b40?s=96&d=mm&r=g\",\"url\":\"https:\\\/\\\/secure.gravatar.com\\\/avatar\\\/c5a7ef84c66fa914f55bc4f7ce26cfa275a3b9a1c5568b907bd184fb4dde7b40?s=96&d=mm&r=g\",\"contentUrl\":\"https:\\\/\\\/secure.gravatar.com\\\/avatar\\\/c5a7ef84c66fa914f55bc4f7ce26cfa275a3b9a1c5568b907bd184fb4dde7b40?s=96&d=mm&r=g\",\"caption\":\"inclusivenews2024\"},\"sameAs\":[\"https:\\\/\\\/inclusivenews.com.br\"],\"url\":\"https:\\\/\\\/inclusivenews.com.br\\\/?author=1\"}]}<\/script>\n<!-- \/ Yoast SEO plugin. -->","yoast_head_json":{"title":"A\u00e7\u00e3o com idosos de favela carioca \u00e9 exemplo internacional de cidadania -","robots":{"index":"index","follow":"follow","max-snippet":"max-snippet:-1","max-image-preview":"max-image-preview:large","max-video-preview":"max-video-preview:-1"},"canonical":"https:\/\/inclusivenews.com.br\/?p=24707","og_locale":"pt_PT","og_type":"article","og_title":"A\u00e7\u00e3o com idosos de favela carioca \u00e9 exemplo internacional de cidadania -","og_description":"Durante 18 meses, a iniciativa disponibilizou atendimentos m\u00e9dicos a domic\u00edlio e favoreceu a populariza\u00e7\u00e3o de novas tecnologias para a sa\u00fade p\u00fablica, al\u00e9m de dar origem a estudos sociais que revelam condi\u00e7\u00f5es dos moradores da favela carioca.","og_url":"https:\/\/inclusivenews.com.br\/?p=24707","article_publisher":"https:\/\/www.facebook.com\/agenciainclusive\/","article_published_time":"2013-06-11T23:43:11+00:00","og_image":[{"url":"http:\/\/inclusivenews.com.br\/wp-content\/uploads\/2011\/04\/saude-300x225.jpg","type":"","width":"","height":""}],"author":"inclusivenews2024","twitter_card":"summary_large_image","twitter_misc":{"Escrito por":"inclusivenews2024","Tempo estimado de leitura":"2 minutos"},"schema":{"@context":"https:\/\/schema.org","@graph":[{"@type":"Article","@id":"https:\/\/inclusivenews.com.br\/?p=24707#article","isPartOf":{"@id":"https:\/\/inclusivenews.com.br\/?p=24707"},"author":{"name":"inclusivenews2024","@id":"https:\/\/inclusivenews.com.br\/#\/schema\/person\/ae4ec7087559b8692fb33b6fffd2273b"},"headline":"A\u00e7\u00e3o com idosos de favela carioca \u00e9 exemplo internacional de cidadania","datePublished":"2013-06-11T23:43:11+00:00","mainEntityOfPage":{"@id":"https:\/\/inclusivenews.com.br\/?p=24707"},"wordCount":413,"commentCount":0,"publisher":{"@id":"https:\/\/inclusivenews.com.br\/#organization"},"image":{"@id":"https:\/\/inclusivenews.com.br\/?p=24707#primaryimage"},"thumbnailUrl":"http:\/\/inclusivenews.com.br\/wp-content\/uploads\/2011\/04\/saude-300x225.jpg","articleSection":["DIREITOS HUMANOS","NOT\u00cdCIAS","Sa\u00fade"],"inLanguage":"pt-PT","potentialAction":[{"@type":"CommentAction","name":"Comment","target":["https:\/\/inclusivenews.com.br\/?p=24707#respond"]}]},{"@type":"WebPage","@id":"https:\/\/inclusivenews.com.br\/?p=24707","url":"https:\/\/inclusivenews.com.br\/?p=24707","name":"A\u00e7\u00e3o com idosos de favela carioca \u00e9 exemplo internacional de cidadania -","isPartOf":{"@id":"https:\/\/inclusivenews.com.br\/#website"},"primaryImageOfPage":{"@id":"https:\/\/inclusivenews.com.br\/?p=24707#primaryimage"},"image":{"@id":"https:\/\/inclusivenews.com.br\/?p=24707#primaryimage"},"thumbnailUrl":"http:\/\/inclusivenews.com.br\/wp-content\/uploads\/2011\/04\/saude-300x225.jpg","datePublished":"2013-06-11T23:43:11+00:00","breadcrumb":{"@id":"https:\/\/inclusivenews.com.br\/?p=24707#breadcrumb"},"inLanguage":"pt-PT","potentialAction":[{"@type":"ReadAction","target":["https:\/\/inclusivenews.com.br\/?p=24707"]}]},{"@type":"ImageObject","inLanguage":"pt-PT","@id":"https:\/\/inclusivenews.com.br\/?p=24707#primaryimage","url":"","contentUrl":""},{"@type":"BreadcrumbList","@id":"https:\/\/inclusivenews.com.br\/?p=24707#breadcrumb","itemListElement":[{"@type":"ListItem","position":1,"name":"In\u00edcio","item":"https:\/\/inclusivenews.com.br\/"},{"@type":"ListItem","position":2,"name":"A\u00e7\u00e3o com idosos de favela carioca \u00e9 exemplo internacional de cidadania"}]},{"@type":"WebSite","@id":"https:\/\/inclusivenews.com.br\/#website","url":"https:\/\/inclusivenews.com.br\/","name":"Inclusive News","description":"Inclusive News","publisher":{"@id":"https:\/\/inclusivenews.com.br\/#organization"},"potentialAction":[{"@type":"SearchAction","target":{"@type":"EntryPoint","urlTemplate":"https:\/\/inclusivenews.com.br\/?s={search_term_string}"},"query-input":{"@type":"PropertyValueSpecification","valueRequired":true,"valueName":"search_term_string"}}],"inLanguage":"pt-PT"},{"@type":"Organization","@id":"https:\/\/inclusivenews.com.br\/#organization","name":"Inclusive - inclus\u00e3o e cidadania","url":"https:\/\/inclusivenews.com.br\/","logo":{"@type":"ImageObject","inLanguage":"pt-PT","@id":"https:\/\/inclusivenews.com.br\/#\/schema\/logo\/image\/","url":"https:\/\/inclusivenews.com.br\/wp-content\/uploads\/2024\/03\/@grandesite.png","contentUrl":"https:\/\/inclusivenews.com.br\/wp-content\/uploads\/2024\/03\/@grandesite.png","width":1080,"height":1080,"caption":"Inclusive - inclus\u00e3o e cidadania"},"image":{"@id":"https:\/\/inclusivenews.com.br\/#\/schema\/logo\/image\/"},"sameAs":["https:\/\/www.facebook.com\/agenciainclusive\/","https:\/\/www.instagram.com\/newsinclusive\/"]},{"@type":"Person","@id":"https:\/\/inclusivenews.com.br\/#\/schema\/person\/ae4ec7087559b8692fb33b6fffd2273b","name":"inclusivenews2024","image":{"@type":"ImageObject","inLanguage":"pt-PT","@id":"https:\/\/secure.gravatar.com\/avatar\/c5a7ef84c66fa914f55bc4f7ce26cfa275a3b9a1c5568b907bd184fb4dde7b40?s=96&d=mm&r=g","url":"https:\/\/secure.gravatar.com\/avatar\/c5a7ef84c66fa914f55bc4f7ce26cfa275a3b9a1c5568b907bd184fb4dde7b40?s=96&d=mm&r=g","contentUrl":"https:\/\/secure.gravatar.com\/avatar\/c5a7ef84c66fa914f55bc4f7ce26cfa275a3b9a1c5568b907bd184fb4dde7b40?s=96&d=mm&r=g","caption":"inclusivenews2024"},"sameAs":["https:\/\/inclusivenews.com.br"],"url":"https:\/\/inclusivenews.com.br\/?author=1"}]}},"_links":{"self":[{"href":"https:\/\/inclusivenews.com.br\/index.php?rest_route=\/wp\/v2\/posts\/24707","targetHints":{"allow":["GET"]}}],"collection":[{"href":"https:\/\/inclusivenews.com.br\/index.php?rest_route=\/wp\/v2\/posts"}],"about":[{"href":"https:\/\/inclusivenews.com.br\/index.php?rest_route=\/wp\/v2\/types\/post"}],"author":[{"embeddable":true,"href":"https:\/\/inclusivenews.com.br\/index.php?rest_route=\/wp\/v2\/users\/1"}],"replies":[{"embeddable":true,"href":"https:\/\/inclusivenews.com.br\/index.php?rest_route=%2Fwp%2Fv2%2Fcomments&post=24707"}],"version-history":[{"count":0,"href":"https:\/\/inclusivenews.com.br\/index.php?rest_route=\/wp\/v2\/posts\/24707\/revisions"}],"wp:attachment":[{"href":"https:\/\/inclusivenews.com.br\/index.php?rest_route=%2Fwp%2Fv2%2Fmedia&parent=24707"}],"wp:term":[{"taxonomy":"category","embeddable":true,"href":"https:\/\/inclusivenews.com.br\/index.php?rest_route=%2Fwp%2Fv2%2Fcategories&post=24707"},{"taxonomy":"post_tag","embeddable":true,"href":"https:\/\/inclusivenews.com.br\/index.php?rest_route=%2Fwp%2Fv2%2Ftags&post=24707"}],"curies":[{"name":"wp","href":"https:\/\/api.w.org\/{rel}","templated":true}]}}