{"id":24709,"date":"2013-06-11T20:49:53","date_gmt":"2013-06-11T23:49:53","guid":{"rendered":"http:\/\/www.inclusive.org.br\/?p=24709"},"modified":"2013-06-11T20:49:53","modified_gmt":"2013-06-11T23:49:53","slug":"educacao-inclusiva-deveria-ser-pleonasmo","status":"publish","type":"post","link":"https:\/\/inclusivenews.com.br\/?p=24709","title":{"rendered":"Educa\u00e7\u00e3o inclusiva deveria ser pleonasmo"},"content":{"rendered":"<p><img loading=\"lazy\" decoding=\"async\" class=\"alignleft size-full wp-image-20722\" title=\"V\u00e1rios l\u00e1pis de cor\" src=\"http:\/\/inclusivenews.com.br\/wp-content\/uploads\/v\u00e1rios-l\u00e1pis-de-cor.jpg\" alt=\"\" width=\"276\" height=\"183\" \/><\/p>\n<p><em>Por Silvana Matos Uhmann<br \/>\nna Zero Hora<\/em><\/p>\n<p>A escola \u00e9 o estabelecimento p\u00fablico ou privado no qual se gerencia, sistematicamente, o ensino coletivo. J\u00e1 em nossa Constitui\u00e7\u00e3o, \u00e9 expresso como fundamentos de nossa rep\u00fablica o direito \u00e0 igualdade, sobretudo \u00e0 educa\u00e7\u00e3o, concedendo acesso e perman\u00eancia de todos os estudantes na Escola.<\/p>\n<p>Entretanto, parecemos n\u00e3o nos dar conta de que a educa\u00e7\u00e3o passa por dificuldades que necessitam de solu\u00e7\u00e3o. Um exemplo disso \u00e9 a pr\u00f3pria Educa\u00e7\u00e3o inclusiva, que se originou a partir da necessidade de respaldo \u00e0 educa\u00e7\u00e3o de alunos que por algum momento j\u00e1 vivenciaram (ou vivenciam) experi\u00eancias de exclus\u00e3o. Ou seja, a educa\u00e7\u00e3o como um todo n\u00e3o demonstra conseguir administrar o acesso e perman\u00eancia de todos os alunos dentro das escolas, exigindo assim o surgimento e exist\u00eancia de \u201cgrupos\u201d dentro de uma educa\u00e7\u00e3o que devia ser para todos.<\/p>\n<p>Tendo como base essas concep\u00e7\u00f5es, pode nos parecer ret\u00f3rico em \u00e2mbito educacional vivenciarmos uma educa\u00e7\u00e3o inclusiva, que por sua vez j\u00e1 deveria abarcar \u2013 concedendo acesso e perman\u00eancia na escola \u2013 todos os nossos estudantes. Nesse sentido, se voltarmos a pensar sobre a Constitui\u00e7\u00e3o, leis e diretrizes que permeiam nosso meio educacional, percebemos uma lacuna no que diz respeito \u00e0 educa\u00e7\u00e3o. Isto porque o direito \u00e0 educa\u00e7\u00e3o (de qualidade) j\u00e1 foi conferido aos alunos \u2013 uma educa\u00e7\u00e3o, que por si s\u00f3 e no sentido literal da palavra, inclua a todos os alunos para aquisi\u00e7\u00e3o dos conhecimentos cient\u00edficos abordados pela institui\u00e7\u00e3o escola.<\/p>\n<p>Sendo assim, n\u00e3o haveria necessidade de uma educa\u00e7\u00e3o inclusiva (ou tamb\u00e9m educa\u00e7\u00e3o quilombola, educa\u00e7\u00e3o popular, educa\u00e7\u00e3o de jovens e adultos), pois todos teriam acesso a uma mesma escolariza\u00e7\u00e3o, independentemente de suas condi\u00e7\u00f5es cognitivas, motoras, sensoriais, org\u00e2nicas, \u00e9tnicas ou tamb\u00e9m aquisitivas. Devemos pensar que a educa\u00e7\u00e3o j\u00e1 \u00e9 para todos, aqueles da cidade, do campo, alunos deficientes ou n\u00e3o. Todos dentro da escola e buscando aprender juntos. Entretanto, parecemos ainda encontrar dificuldades em gerenciar essa educa\u00e7\u00e3o. Enquanto isso, vamos produzindo \u201cgrupos\u201d e espa\u00e7os dentro da Escola que acabam diferenciando o acesso a aquisi\u00e7\u00e3o dos conhecimentos Escolares.<\/p>\n<p>Em suma, ao buscar fazer rela\u00e7\u00e3o com a figura de linguagem pleonasmo, educa\u00e7\u00e3o inclusiva poderia ser considerada retoricamente como \u201csubir para cima\u201d, \u201centrar para dentro\u201d ou \u201cadiar para depois\u201d, j\u00e1 que pensamos aqui em uma educa\u00e7\u00e3o que j\u00e1 \u00e9, ou deve ser, inclusiva (sem a necessidade de ser denominada, ainda, \u201cinclusiva\u201d). Ao nos referirmos a uma educa\u00e7\u00e3o inclusiva, nos tornamos ret\u00f3ricos, uma vez que a educa\u00e7\u00e3o, por si s\u00f3, deve ter esse mesmo papel. A primeira postura educacional necess\u00e1ria \u00e9 reconhecer a diversidade em uma educa\u00e7\u00e3o universal, proposta e pensada em igualdade para todos em uma mesma Educa\u00e7\u00e3o.<\/p>\n<p>*Educadora especial pela Universidade Federal de Santa Maria, mestranda do Programa de P\u00f3s-Gradua\u00e7\u00e3o em Educa\u00e7\u00e3o da Uniju\u00ed<\/p>\n<p>Fonte: Zero Hora<\/p>\n","protected":false},"excerpt":{"rendered":"<p>A primeira postura educacional necess\u00e1ria \u00e9 reconhecer a diversidade em uma educa\u00e7\u00e3o universal, proposta e pensada em igualdade para todos em uma mesma Educa\u00e7\u00e3o. Opini\u00e3o \u00e9 de Silvana Matos Uhmann.<\/p>\n","protected":false},"author":1,"featured_media":0,"comment_status":"open","ping_status":"open","sticky":false,"template":"","format":"standard","meta":{"site-container-style":"default","site-container-layout":"default","site-sidebar-layout":"default","disable-article-header":"default","disable-site-header":"default","disable-site-footer":"default","disable-content-area-spacing":"default","footnotes":""},"categories":[6,48],"tags":[],"class_list":["post-24709","post","type-post","status-publish","format-standard","hentry","category-educacao","category-inclusao"],"yoast_head":"<!-- This site is optimized with the Yoast SEO plugin v27.4 - https:\/\/yoast.com\/product\/yoast-seo-wordpress\/ -->\n<title>Educa\u00e7\u00e3o inclusiva deveria ser pleonasmo -<\/title>\n<meta name=\"robots\" content=\"index, follow, max-snippet:-1, max-image-preview:large, max-video-preview:-1\" \/>\n<link rel=\"canonical\" href=\"https:\/\/inclusivenews.com.br\/?p=24709\" \/>\n<meta property=\"og:locale\" content=\"pt_PT\" \/>\n<meta property=\"og:type\" content=\"article\" \/>\n<meta property=\"og:title\" content=\"Educa\u00e7\u00e3o inclusiva deveria ser pleonasmo -\" \/>\n<meta property=\"og:description\" content=\"A primeira postura educacional necess\u00e1ria \u00e9 reconhecer a diversidade em uma educa\u00e7\u00e3o universal, proposta e pensada em igualdade para todos em uma mesma Educa\u00e7\u00e3o. Opini\u00e3o \u00e9 de Silvana Matos Uhmann.\" \/>\n<meta property=\"og:url\" content=\"https:\/\/inclusivenews.com.br\/?p=24709\" \/>\n<meta property=\"article:publisher\" content=\"https:\/\/www.facebook.com\/agenciainclusive\/\" \/>\n<meta property=\"article:published_time\" content=\"2013-06-11T23:49:53+00:00\" \/>\n<meta name=\"author\" content=\"inclusivenews2024\" \/>\n<meta name=\"twitter:card\" content=\"summary_large_image\" \/>\n<meta name=\"twitter:label1\" content=\"Escrito por\" \/>\n\t<meta name=\"twitter:data1\" content=\"inclusivenews2024\" \/>\n\t<meta name=\"twitter:label2\" content=\"Tempo estimado de leitura\" \/>\n\t<meta name=\"twitter:data2\" content=\"2 minutos\" \/>\n<script type=\"application\/ld+json\" class=\"yoast-schema-graph\">{\"@context\":\"https:\\\/\\\/schema.org\",\"@graph\":[{\"@type\":\"Article\",\"@id\":\"https:\\\/\\\/inclusivenews.com.br\\\/?p=24709#article\",\"isPartOf\":{\"@id\":\"https:\\\/\\\/inclusivenews.com.br\\\/?p=24709\"},\"author\":{\"name\":\"inclusivenews2024\",\"@id\":\"https:\\\/\\\/inclusivenews.com.br\\\/#\\\/schema\\\/person\\\/ae4ec7087559b8692fb33b6fffd2273b\"},\"headline\":\"Educa\u00e7\u00e3o inclusiva deveria ser pleonasmo\",\"datePublished\":\"2013-06-11T23:49:53+00:00\",\"mainEntityOfPage\":{\"@id\":\"https:\\\/\\\/inclusivenews.com.br\\\/?p=24709\"},\"wordCount\":501,\"commentCount\":3,\"publisher\":{\"@id\":\"https:\\\/\\\/inclusivenews.com.br\\\/#organization\"},\"articleSection\":[\"EDUCA\u00c7\u00c3O\",\"INCLUS\u00c3O SOCIAL\"],\"inLanguage\":\"pt-PT\",\"potentialAction\":[{\"@type\":\"CommentAction\",\"name\":\"Comment\",\"target\":[\"https:\\\/\\\/inclusivenews.com.br\\\/?p=24709#respond\"]}]},{\"@type\":\"WebPage\",\"@id\":\"https:\\\/\\\/inclusivenews.com.br\\\/?p=24709\",\"url\":\"https:\\\/\\\/inclusivenews.com.br\\\/?p=24709\",\"name\":\"Educa\u00e7\u00e3o inclusiva deveria ser pleonasmo -\",\"isPartOf\":{\"@id\":\"https:\\\/\\\/inclusivenews.com.br\\\/#website\"},\"datePublished\":\"2013-06-11T23:49:53+00:00\",\"breadcrumb\":{\"@id\":\"https:\\\/\\\/inclusivenews.com.br\\\/?p=24709#breadcrumb\"},\"inLanguage\":\"pt-PT\",\"potentialAction\":[{\"@type\":\"ReadAction\",\"target\":[\"https:\\\/\\\/inclusivenews.com.br\\\/?p=24709\"]}]},{\"@type\":\"BreadcrumbList\",\"@id\":\"https:\\\/\\\/inclusivenews.com.br\\\/?p=24709#breadcrumb\",\"itemListElement\":[{\"@type\":\"ListItem\",\"position\":1,\"name\":\"In\u00edcio\",\"item\":\"https:\\\/\\\/inclusivenews.com.br\\\/\"},{\"@type\":\"ListItem\",\"position\":2,\"name\":\"Educa\u00e7\u00e3o inclusiva deveria ser pleonasmo\"}]},{\"@type\":\"WebSite\",\"@id\":\"https:\\\/\\\/inclusivenews.com.br\\\/#website\",\"url\":\"https:\\\/\\\/inclusivenews.com.br\\\/\",\"name\":\"Inclusive News\",\"description\":\"Inclusive News\",\"publisher\":{\"@id\":\"https:\\\/\\\/inclusivenews.com.br\\\/#organization\"},\"potentialAction\":[{\"@type\":\"SearchAction\",\"target\":{\"@type\":\"EntryPoint\",\"urlTemplate\":\"https:\\\/\\\/inclusivenews.com.br\\\/?s={search_term_string}\"},\"query-input\":{\"@type\":\"PropertyValueSpecification\",\"valueRequired\":true,\"valueName\":\"search_term_string\"}}],\"inLanguage\":\"pt-PT\"},{\"@type\":\"Organization\",\"@id\":\"https:\\\/\\\/inclusivenews.com.br\\\/#organization\",\"name\":\"Inclusive - inclus\u00e3o e cidadania\",\"url\":\"https:\\\/\\\/inclusivenews.com.br\\\/\",\"logo\":{\"@type\":\"ImageObject\",\"inLanguage\":\"pt-PT\",\"@id\":\"https:\\\/\\\/inclusivenews.com.br\\\/#\\\/schema\\\/logo\\\/image\\\/\",\"url\":\"https:\\\/\\\/inclusivenews.com.br\\\/wp-content\\\/uploads\\\/2024\\\/03\\\/@grandesite.png\",\"contentUrl\":\"https:\\\/\\\/inclusivenews.com.br\\\/wp-content\\\/uploads\\\/2024\\\/03\\\/@grandesite.png\",\"width\":1080,\"height\":1080,\"caption\":\"Inclusive - inclus\u00e3o e cidadania\"},\"image\":{\"@id\":\"https:\\\/\\\/inclusivenews.com.br\\\/#\\\/schema\\\/logo\\\/image\\\/\"},\"sameAs\":[\"https:\\\/\\\/www.facebook.com\\\/agenciainclusive\\\/\",\"https:\\\/\\\/www.instagram.com\\\/newsinclusive\\\/\"]},{\"@type\":\"Person\",\"@id\":\"https:\\\/\\\/inclusivenews.com.br\\\/#\\\/schema\\\/person\\\/ae4ec7087559b8692fb33b6fffd2273b\",\"name\":\"inclusivenews2024\",\"image\":{\"@type\":\"ImageObject\",\"inLanguage\":\"pt-PT\",\"@id\":\"https:\\\/\\\/secure.gravatar.com\\\/avatar\\\/c5a7ef84c66fa914f55bc4f7ce26cfa275a3b9a1c5568b907bd184fb4dde7b40?s=96&d=mm&r=g\",\"url\":\"https:\\\/\\\/secure.gravatar.com\\\/avatar\\\/c5a7ef84c66fa914f55bc4f7ce26cfa275a3b9a1c5568b907bd184fb4dde7b40?s=96&d=mm&r=g\",\"contentUrl\":\"https:\\\/\\\/secure.gravatar.com\\\/avatar\\\/c5a7ef84c66fa914f55bc4f7ce26cfa275a3b9a1c5568b907bd184fb4dde7b40?s=96&d=mm&r=g\",\"caption\":\"inclusivenews2024\"},\"sameAs\":[\"https:\\\/\\\/inclusivenews.com.br\"],\"url\":\"https:\\\/\\\/inclusivenews.com.br\\\/?author=1\"}]}<\/script>\n<!-- \/ Yoast SEO plugin. -->","yoast_head_json":{"title":"Educa\u00e7\u00e3o inclusiva deveria ser pleonasmo -","robots":{"index":"index","follow":"follow","max-snippet":"max-snippet:-1","max-image-preview":"max-image-preview:large","max-video-preview":"max-video-preview:-1"},"canonical":"https:\/\/inclusivenews.com.br\/?p=24709","og_locale":"pt_PT","og_type":"article","og_title":"Educa\u00e7\u00e3o inclusiva deveria ser pleonasmo -","og_description":"A primeira postura educacional necess\u00e1ria \u00e9 reconhecer a diversidade em uma educa\u00e7\u00e3o universal, proposta e pensada em igualdade para todos em uma mesma Educa\u00e7\u00e3o. Opini\u00e3o \u00e9 de Silvana Matos Uhmann.","og_url":"https:\/\/inclusivenews.com.br\/?p=24709","article_publisher":"https:\/\/www.facebook.com\/agenciainclusive\/","article_published_time":"2013-06-11T23:49:53+00:00","author":"inclusivenews2024","twitter_card":"summary_large_image","twitter_misc":{"Escrito por":"inclusivenews2024","Tempo estimado de leitura":"2 minutos"},"schema":{"@context":"https:\/\/schema.org","@graph":[{"@type":"Article","@id":"https:\/\/inclusivenews.com.br\/?p=24709#article","isPartOf":{"@id":"https:\/\/inclusivenews.com.br\/?p=24709"},"author":{"name":"inclusivenews2024","@id":"https:\/\/inclusivenews.com.br\/#\/schema\/person\/ae4ec7087559b8692fb33b6fffd2273b"},"headline":"Educa\u00e7\u00e3o inclusiva deveria ser pleonasmo","datePublished":"2013-06-11T23:49:53+00:00","mainEntityOfPage":{"@id":"https:\/\/inclusivenews.com.br\/?p=24709"},"wordCount":501,"commentCount":3,"publisher":{"@id":"https:\/\/inclusivenews.com.br\/#organization"},"articleSection":["EDUCA\u00c7\u00c3O","INCLUS\u00c3O SOCIAL"],"inLanguage":"pt-PT","potentialAction":[{"@type":"CommentAction","name":"Comment","target":["https:\/\/inclusivenews.com.br\/?p=24709#respond"]}]},{"@type":"WebPage","@id":"https:\/\/inclusivenews.com.br\/?p=24709","url":"https:\/\/inclusivenews.com.br\/?p=24709","name":"Educa\u00e7\u00e3o inclusiva deveria ser pleonasmo -","isPartOf":{"@id":"https:\/\/inclusivenews.com.br\/#website"},"datePublished":"2013-06-11T23:49:53+00:00","breadcrumb":{"@id":"https:\/\/inclusivenews.com.br\/?p=24709#breadcrumb"},"inLanguage":"pt-PT","potentialAction":[{"@type":"ReadAction","target":["https:\/\/inclusivenews.com.br\/?p=24709"]}]},{"@type":"BreadcrumbList","@id":"https:\/\/inclusivenews.com.br\/?p=24709#breadcrumb","itemListElement":[{"@type":"ListItem","position":1,"name":"In\u00edcio","item":"https:\/\/inclusivenews.com.br\/"},{"@type":"ListItem","position":2,"name":"Educa\u00e7\u00e3o inclusiva deveria ser pleonasmo"}]},{"@type":"WebSite","@id":"https:\/\/inclusivenews.com.br\/#website","url":"https:\/\/inclusivenews.com.br\/","name":"Inclusive News","description":"Inclusive News","publisher":{"@id":"https:\/\/inclusivenews.com.br\/#organization"},"potentialAction":[{"@type":"SearchAction","target":{"@type":"EntryPoint","urlTemplate":"https:\/\/inclusivenews.com.br\/?s={search_term_string}"},"query-input":{"@type":"PropertyValueSpecification","valueRequired":true,"valueName":"search_term_string"}}],"inLanguage":"pt-PT"},{"@type":"Organization","@id":"https:\/\/inclusivenews.com.br\/#organization","name":"Inclusive - inclus\u00e3o e cidadania","url":"https:\/\/inclusivenews.com.br\/","logo":{"@type":"ImageObject","inLanguage":"pt-PT","@id":"https:\/\/inclusivenews.com.br\/#\/schema\/logo\/image\/","url":"https:\/\/inclusivenews.com.br\/wp-content\/uploads\/2024\/03\/@grandesite.png","contentUrl":"https:\/\/inclusivenews.com.br\/wp-content\/uploads\/2024\/03\/@grandesite.png","width":1080,"height":1080,"caption":"Inclusive - inclus\u00e3o e cidadania"},"image":{"@id":"https:\/\/inclusivenews.com.br\/#\/schema\/logo\/image\/"},"sameAs":["https:\/\/www.facebook.com\/agenciainclusive\/","https:\/\/www.instagram.com\/newsinclusive\/"]},{"@type":"Person","@id":"https:\/\/inclusivenews.com.br\/#\/schema\/person\/ae4ec7087559b8692fb33b6fffd2273b","name":"inclusivenews2024","image":{"@type":"ImageObject","inLanguage":"pt-PT","@id":"https:\/\/secure.gravatar.com\/avatar\/c5a7ef84c66fa914f55bc4f7ce26cfa275a3b9a1c5568b907bd184fb4dde7b40?s=96&d=mm&r=g","url":"https:\/\/secure.gravatar.com\/avatar\/c5a7ef84c66fa914f55bc4f7ce26cfa275a3b9a1c5568b907bd184fb4dde7b40?s=96&d=mm&r=g","contentUrl":"https:\/\/secure.gravatar.com\/avatar\/c5a7ef84c66fa914f55bc4f7ce26cfa275a3b9a1c5568b907bd184fb4dde7b40?s=96&d=mm&r=g","caption":"inclusivenews2024"},"sameAs":["https:\/\/inclusivenews.com.br"],"url":"https:\/\/inclusivenews.com.br\/?author=1"}]}},"_links":{"self":[{"href":"https:\/\/inclusivenews.com.br\/index.php?rest_route=\/wp\/v2\/posts\/24709","targetHints":{"allow":["GET"]}}],"collection":[{"href":"https:\/\/inclusivenews.com.br\/index.php?rest_route=\/wp\/v2\/posts"}],"about":[{"href":"https:\/\/inclusivenews.com.br\/index.php?rest_route=\/wp\/v2\/types\/post"}],"author":[{"embeddable":true,"href":"https:\/\/inclusivenews.com.br\/index.php?rest_route=\/wp\/v2\/users\/1"}],"replies":[{"embeddable":true,"href":"https:\/\/inclusivenews.com.br\/index.php?rest_route=%2Fwp%2Fv2%2Fcomments&post=24709"}],"version-history":[{"count":0,"href":"https:\/\/inclusivenews.com.br\/index.php?rest_route=\/wp\/v2\/posts\/24709\/revisions"}],"wp:attachment":[{"href":"https:\/\/inclusivenews.com.br\/index.php?rest_route=%2Fwp%2Fv2%2Fmedia&parent=24709"}],"wp:term":[{"taxonomy":"category","embeddable":true,"href":"https:\/\/inclusivenews.com.br\/index.php?rest_route=%2Fwp%2Fv2%2Fcategories&post=24709"},{"taxonomy":"post_tag","embeddable":true,"href":"https:\/\/inclusivenews.com.br\/index.php?rest_route=%2Fwp%2Fv2%2Ftags&post=24709"}],"curies":[{"name":"wp","href":"https:\/\/api.w.org\/{rel}","templated":true}]}}