{"id":24739,"date":"2013-06-20T07:49:25","date_gmt":"2013-06-20T10:49:25","guid":{"rendered":"http:\/\/www.inclusive.org.br\/?p=24739"},"modified":"2013-06-20T07:49:25","modified_gmt":"2013-06-20T10:49:25","slug":"educacao-em-discussao","status":"publish","type":"post","link":"https:\/\/inclusivenews.com.br\/?p=24739","title":{"rendered":"Educa\u00e7\u00e3o em discuss\u00e3o"},"content":{"rendered":"<p><img loading=\"lazy\" decoding=\"async\" class=\"alignleft size-full wp-image-13969\" title=\"Inclusive - problemas na educa\u00e7\u00e3o. A palavra educa\u00e7\u00e3o escrita com as letras invertidas e um aluno desolado em frente ao quadro negro.\" src=\"http:\/\/inclusivenews.com.br\/wp-content\/uploads\/2010\/02\/inclusive_educacao.jpg\" alt=\"Inclusive - problemas na educa\u00e7\u00e3o. A palavra educa\u00e7\u00e3o escrita com as letras invertidas e um aluno desolado em frente ao quadro negro.\" width=\"265\" height=\"200\" \/><\/p>\n<p><em>Por Toni Reis<\/em><\/p>\n<p>Segundo o Aur\u00e9lio, a educa\u00e7\u00e3o pode ser definida como: \u201cAto ou efeito de educar (se). Processo de desenvolvimento da capacidade f\u00edsica, intelectual e moral da crian\u00e7a e do ser humano em geral, visando \u00e0 melhor integra\u00e7\u00e3o individual e social\u201d. Esta vis\u00e3o da educa\u00e7\u00e3o como um espa\u00e7o de preparo e vincula\u00e7\u00e3o entre a instru\u00e7\u00e3o formal, o trabalho e as pr\u00e1ticas sociais tamb\u00e9m \u00e9 compartilhada pela Constitui\u00e7\u00e3o Federal e pela Lei de Diretrizes e Bases da Educa\u00e7\u00e3o Nacional.<\/p>\n<p>Para tanto, a II Confer\u00eancia Nacional de Educa\u00e7\u00e3o (Conae 2014), a ser realizada em fevereiro de 2014, em Bras\u00edlia, conforme seu Documento-Refer\u00eancia, dever\u00e1 ser \u201cum momento especial na hist\u00f3ria das pol\u00edticas p\u00fablicas do setor, constituindo-se em espa\u00e7o de delibera\u00e7\u00e3o e participa\u00e7\u00e3o coletiva, envolvendo diferentes segmentos, setores e profissionais interessados na constru\u00e7\u00e3o de pol\u00edticas de Estado\u201d. Para alcan\u00e7ar esse objetivo, a Conae tem sete eixos tem\u00e1ticos: Plano Nacional de Educa\u00e7\u00e3o; Diversidade, inclus\u00e3o, direitos humanos; Transversalidade; Qualidade da educa\u00e7\u00e3o; Participa\u00e7\u00e3o popular; Valoriza\u00e7\u00e3o dos profissionais da educa\u00e7\u00e3o; e Financiamento.<\/p>\n<p>\u00c9 pertinente que o primeiro eixo seja sobre o Plano Nacional de Educa\u00e7\u00e3o. O PNE deve ser decenal e tamb\u00e9m deve servir de base para os estados, o Distrito Federal e os munic\u00edpios elaborarem planos decenais correspondentes. Mas o Plano que entrou em vigor no in\u00edcio de 2001 j\u00e1 venceu e estamos h\u00e1 dois anos e meio sem um novo Plano. O projeto de lei do novo PNE est\u00e1 parado no Senado e, devido \u00e0 in\u00e9rcia dos legisladores, a educa\u00e7\u00e3o brasileira corre o risco de andar sem rumo e sem metas que permitam sua correta avalia\u00e7\u00e3o. Precisamos de celeridade neste processo.<\/p>\n<p>Outro eixo da Conae, o do financiamento, \u00e9 crucial para o aprimoramento da educa\u00e7\u00e3o p\u00fablica no Brasil e para o consequente avan\u00e7o no desenvolvimento do pa\u00eds. A Conae 2014 tem de exigir a destina\u00e7\u00e3o dos recursos do fundo social do pr\u00e9-sal, de todos os royalties e participa\u00e7\u00e3o do petr\u00f3leo e demais minerais para alcan\u00e7ar o patamar de investimento em educa\u00e7\u00e3o p\u00fablica na ordem de 10% do PIB na pr\u00f3xima d\u00e9cada. O investimento deficit\u00e1rio na educa\u00e7\u00e3o durante d\u00e9cadas tem contribu\u00eddo para a perpetua\u00e7\u00e3o das desigualdades sociais e da desvaloriza\u00e7\u00e3o dos profissionais de educa\u00e7\u00e3o, al\u00e9m de atrapalhar o desenvolvimento do pa\u00eds pela falta de m\u00e3o de obra qualificada, um quadro de neglig\u00eancia que \u00e9 uma afronta a um direito humano b\u00e1sico.<\/p>\n<p>Ali\u00e1s, enquanto o Brasil ainda continua longe de alcan\u00e7ar os patamares de educa\u00e7\u00e3o de pa\u00edses ditos mais desenvolvidos, e at\u00e9 por pa\u00edses vizinhos n\u00e3o t\u00e3o desenvolvidos, \u00e0s vezes parece que realmente ficamos s\u00f3 na discuss\u00e3o, sem avan\u00e7ar na velocidade desejada. Tanto \u00e9 que h\u00e1 81 anos, em 1932, pessoas renomadas da \u00e1rea da educa\u00e7\u00e3o, como Cec\u00edlia Meirelles e An\u00edsio Teixeira, redigiram o Manifesto dos Pioneiros da Educa\u00e7\u00e3o Nova. Com sabedoria, afirmavam que \u201cOs princ\u00edpios fundamentais da laicidade, gratuidade e obrigatoriedade (&#8230;) [s\u00e3o] condi\u00e7\u00f5es essenciais \u00e0 organiza\u00e7\u00e3o de um regime escolar (&#8230;) em harmonia com os direitos do indiv\u00edduo\u201d. Ora, esta percep\u00e7\u00e3o tem a mesma pertin\u00eancia hoje \u2013 se n\u00e3o ainda mais \u2013 que tinha h\u00e1 81 anos. Da mesma forma, o Manifesto j\u00e1 afirmava a verdadeira import\u00e2ncia do reconhecimento da diversidade na educa\u00e7\u00e3o, que ainda hoje determinados setores da sociedade relutam em admitir: \u201cA diversidade de gostos e a variedade de aptid\u00f5es (&#8230;) representam as \u00fanicas for\u00e7as capazes de arrastar o esp\u00edrito dos jovens \u00e0 cultura superior\u201d.<\/p>\n<p>Fa\u00e7o das palavras de An\u00edsio Teixeira a conclus\u00e3o deste artigo: \u201cS\u00f3 existir\u00e1 democracia no Brasil no dia em que se montar no pa\u00eds a m\u00e1quina que prepara as democracias. Essa m\u00e1quina \u00e9 a escola p\u00fablica\u201d.<\/p>\n<p><em>* Toni Reis, doutor em Educa\u00e7\u00e3o, \u00e9 membro integrante dos F\u00f3runs Nacional, Estadual (Paran\u00e1) e Municipal de Educa\u00e7\u00e3o (Curitiba).<\/em><\/p>\n<p>Fonte: Gazeta do Povo<\/p>\n","protected":false},"excerpt":{"rendered":"<p>Por Toni Reis &#8211; Enquanto o Brasil ainda continua longe de alcan\u00e7ar os patamares de educa\u00e7\u00e3o de pa\u00edses ditos mais desenvolvidos, e at\u00e9 por pa\u00edses vizinhos n\u00e3o t\u00e3o desenvolvidos, \u00e0s vezes parece que realmente ficamos s\u00f3 na discuss\u00e3o, sem avan\u00e7ar na velocidade desejada.<\/p>\n","protected":false},"author":1,"featured_media":0,"comment_status":"open","ping_status":"open","sticky":false,"template":"","format":"standard","meta":{"site-container-style":"default","site-container-layout":"default","site-sidebar-layout":"default","disable-article-header":"default","disable-site-header":"default","disable-site-footer":"default","disable-content-area-spacing":"default","footnotes":""},"categories":[6],"tags":[],"class_list":["post-24739","post","type-post","status-publish","format-standard","hentry","category-educacao"],"yoast_head":"<!-- This site is optimized with the Yoast SEO plugin v27.4 - https:\/\/yoast.com\/product\/yoast-seo-wordpress\/ -->\n<title>Educa\u00e7\u00e3o em discuss\u00e3o -<\/title>\n<meta name=\"robots\" content=\"index, follow, max-snippet:-1, max-image-preview:large, max-video-preview:-1\" \/>\n<link rel=\"canonical\" href=\"https:\/\/inclusivenews.com.br\/?p=24739\" \/>\n<meta property=\"og:locale\" content=\"pt_PT\" \/>\n<meta property=\"og:type\" content=\"article\" \/>\n<meta property=\"og:title\" content=\"Educa\u00e7\u00e3o em discuss\u00e3o -\" \/>\n<meta property=\"og:description\" content=\"Por Toni Reis - Enquanto o Brasil ainda continua longe de alcan\u00e7ar os patamares de educa\u00e7\u00e3o de pa\u00edses ditos mais desenvolvidos, e at\u00e9 por pa\u00edses vizinhos n\u00e3o t\u00e3o desenvolvidos, \u00e0s vezes parece que realmente ficamos s\u00f3 na discuss\u00e3o, sem avan\u00e7ar na velocidade desejada.\" \/>\n<meta property=\"og:url\" content=\"https:\/\/inclusivenews.com.br\/?p=24739\" \/>\n<meta property=\"article:publisher\" content=\"https:\/\/www.facebook.com\/agenciainclusive\/\" \/>\n<meta property=\"article:published_time\" content=\"2013-06-20T10:49:25+00:00\" \/>\n<meta property=\"og:image\" content=\"http:\/\/inclusivenews.com.br\/wp-content\/uploads\/2010\/02\/inclusive_educacao.jpg\" \/>\n<meta name=\"author\" content=\"inclusivenews2024\" \/>\n<meta name=\"twitter:card\" content=\"summary_large_image\" \/>\n<meta name=\"twitter:label1\" content=\"Escrito por\" \/>\n\t<meta name=\"twitter:data1\" content=\"inclusivenews2024\" \/>\n\t<meta name=\"twitter:label2\" content=\"Tempo estimado de leitura\" \/>\n\t<meta name=\"twitter:data2\" content=\"3 minutos\" \/>\n<script type=\"application\/ld+json\" class=\"yoast-schema-graph\">{\"@context\":\"https:\\\/\\\/schema.org\",\"@graph\":[{\"@type\":\"Article\",\"@id\":\"https:\\\/\\\/inclusivenews.com.br\\\/?p=24739#article\",\"isPartOf\":{\"@id\":\"https:\\\/\\\/inclusivenews.com.br\\\/?p=24739\"},\"author\":{\"name\":\"inclusivenews2024\",\"@id\":\"https:\\\/\\\/inclusivenews.com.br\\\/#\\\/schema\\\/person\\\/ae4ec7087559b8692fb33b6fffd2273b\"},\"headline\":\"Educa\u00e7\u00e3o em discuss\u00e3o\",\"datePublished\":\"2013-06-20T10:49:25+00:00\",\"mainEntityOfPage\":{\"@id\":\"https:\\\/\\\/inclusivenews.com.br\\\/?p=24739\"},\"wordCount\":692,\"commentCount\":0,\"publisher\":{\"@id\":\"https:\\\/\\\/inclusivenews.com.br\\\/#organization\"},\"image\":{\"@id\":\"https:\\\/\\\/inclusivenews.com.br\\\/?p=24739#primaryimage\"},\"thumbnailUrl\":\"http:\\\/\\\/inclusivenews.com.br\\\/wp-content\\\/uploads\\\/2010\\\/02\\\/inclusive_educacao.jpg\",\"articleSection\":[\"EDUCA\u00c7\u00c3O\"],\"inLanguage\":\"pt-PT\",\"potentialAction\":[{\"@type\":\"CommentAction\",\"name\":\"Comment\",\"target\":[\"https:\\\/\\\/inclusivenews.com.br\\\/?p=24739#respond\"]}]},{\"@type\":\"WebPage\",\"@id\":\"https:\\\/\\\/inclusivenews.com.br\\\/?p=24739\",\"url\":\"https:\\\/\\\/inclusivenews.com.br\\\/?p=24739\",\"name\":\"Educa\u00e7\u00e3o em discuss\u00e3o -\",\"isPartOf\":{\"@id\":\"https:\\\/\\\/inclusivenews.com.br\\\/#website\"},\"primaryImageOfPage\":{\"@id\":\"https:\\\/\\\/inclusivenews.com.br\\\/?p=24739#primaryimage\"},\"image\":{\"@id\":\"https:\\\/\\\/inclusivenews.com.br\\\/?p=24739#primaryimage\"},\"thumbnailUrl\":\"http:\\\/\\\/inclusivenews.com.br\\\/wp-content\\\/uploads\\\/2010\\\/02\\\/inclusive_educacao.jpg\",\"datePublished\":\"2013-06-20T10:49:25+00:00\",\"breadcrumb\":{\"@id\":\"https:\\\/\\\/inclusivenews.com.br\\\/?p=24739#breadcrumb\"},\"inLanguage\":\"pt-PT\",\"potentialAction\":[{\"@type\":\"ReadAction\",\"target\":[\"https:\\\/\\\/inclusivenews.com.br\\\/?p=24739\"]}]},{\"@type\":\"ImageObject\",\"inLanguage\":\"pt-PT\",\"@id\":\"https:\\\/\\\/inclusivenews.com.br\\\/?p=24739#primaryimage\",\"url\":\"\",\"contentUrl\":\"\"},{\"@type\":\"BreadcrumbList\",\"@id\":\"https:\\\/\\\/inclusivenews.com.br\\\/?p=24739#breadcrumb\",\"itemListElement\":[{\"@type\":\"ListItem\",\"position\":1,\"name\":\"In\u00edcio\",\"item\":\"https:\\\/\\\/inclusivenews.com.br\\\/\"},{\"@type\":\"ListItem\",\"position\":2,\"name\":\"Educa\u00e7\u00e3o em discuss\u00e3o\"}]},{\"@type\":\"WebSite\",\"@id\":\"https:\\\/\\\/inclusivenews.com.br\\\/#website\",\"url\":\"https:\\\/\\\/inclusivenews.com.br\\\/\",\"name\":\"Inclusive News\",\"description\":\"Inclusive News\",\"publisher\":{\"@id\":\"https:\\\/\\\/inclusivenews.com.br\\\/#organization\"},\"potentialAction\":[{\"@type\":\"SearchAction\",\"target\":{\"@type\":\"EntryPoint\",\"urlTemplate\":\"https:\\\/\\\/inclusivenews.com.br\\\/?s={search_term_string}\"},\"query-input\":{\"@type\":\"PropertyValueSpecification\",\"valueRequired\":true,\"valueName\":\"search_term_string\"}}],\"inLanguage\":\"pt-PT\"},{\"@type\":\"Organization\",\"@id\":\"https:\\\/\\\/inclusivenews.com.br\\\/#organization\",\"name\":\"Inclusive - inclus\u00e3o e cidadania\",\"url\":\"https:\\\/\\\/inclusivenews.com.br\\\/\",\"logo\":{\"@type\":\"ImageObject\",\"inLanguage\":\"pt-PT\",\"@id\":\"https:\\\/\\\/inclusivenews.com.br\\\/#\\\/schema\\\/logo\\\/image\\\/\",\"url\":\"https:\\\/\\\/inclusivenews.com.br\\\/wp-content\\\/uploads\\\/2024\\\/03\\\/@grandesite.png\",\"contentUrl\":\"https:\\\/\\\/inclusivenews.com.br\\\/wp-content\\\/uploads\\\/2024\\\/03\\\/@grandesite.png\",\"width\":1080,\"height\":1080,\"caption\":\"Inclusive - inclus\u00e3o e cidadania\"},\"image\":{\"@id\":\"https:\\\/\\\/inclusivenews.com.br\\\/#\\\/schema\\\/logo\\\/image\\\/\"},\"sameAs\":[\"https:\\\/\\\/www.facebook.com\\\/agenciainclusive\\\/\",\"https:\\\/\\\/www.instagram.com\\\/newsinclusive\\\/\"]},{\"@type\":\"Person\",\"@id\":\"https:\\\/\\\/inclusivenews.com.br\\\/#\\\/schema\\\/person\\\/ae4ec7087559b8692fb33b6fffd2273b\",\"name\":\"inclusivenews2024\",\"image\":{\"@type\":\"ImageObject\",\"inLanguage\":\"pt-PT\",\"@id\":\"https:\\\/\\\/secure.gravatar.com\\\/avatar\\\/c5a7ef84c66fa914f55bc4f7ce26cfa275a3b9a1c5568b907bd184fb4dde7b40?s=96&d=mm&r=g\",\"url\":\"https:\\\/\\\/secure.gravatar.com\\\/avatar\\\/c5a7ef84c66fa914f55bc4f7ce26cfa275a3b9a1c5568b907bd184fb4dde7b40?s=96&d=mm&r=g\",\"contentUrl\":\"https:\\\/\\\/secure.gravatar.com\\\/avatar\\\/c5a7ef84c66fa914f55bc4f7ce26cfa275a3b9a1c5568b907bd184fb4dde7b40?s=96&d=mm&r=g\",\"caption\":\"inclusivenews2024\"},\"sameAs\":[\"https:\\\/\\\/inclusivenews.com.br\"],\"url\":\"https:\\\/\\\/inclusivenews.com.br\\\/?author=1\"}]}<\/script>\n<!-- \/ Yoast SEO plugin. -->","yoast_head_json":{"title":"Educa\u00e7\u00e3o em discuss\u00e3o -","robots":{"index":"index","follow":"follow","max-snippet":"max-snippet:-1","max-image-preview":"max-image-preview:large","max-video-preview":"max-video-preview:-1"},"canonical":"https:\/\/inclusivenews.com.br\/?p=24739","og_locale":"pt_PT","og_type":"article","og_title":"Educa\u00e7\u00e3o em discuss\u00e3o -","og_description":"Por Toni Reis - Enquanto o Brasil ainda continua longe de alcan\u00e7ar os patamares de educa\u00e7\u00e3o de pa\u00edses ditos mais desenvolvidos, e at\u00e9 por pa\u00edses vizinhos n\u00e3o t\u00e3o desenvolvidos, \u00e0s vezes parece que realmente ficamos s\u00f3 na discuss\u00e3o, sem avan\u00e7ar na velocidade desejada.","og_url":"https:\/\/inclusivenews.com.br\/?p=24739","article_publisher":"https:\/\/www.facebook.com\/agenciainclusive\/","article_published_time":"2013-06-20T10:49:25+00:00","og_image":[{"url":"http:\/\/inclusivenews.com.br\/wp-content\/uploads\/2010\/02\/inclusive_educacao.jpg","type":"","width":"","height":""}],"author":"inclusivenews2024","twitter_card":"summary_large_image","twitter_misc":{"Escrito por":"inclusivenews2024","Tempo estimado de leitura":"3 minutos"},"schema":{"@context":"https:\/\/schema.org","@graph":[{"@type":"Article","@id":"https:\/\/inclusivenews.com.br\/?p=24739#article","isPartOf":{"@id":"https:\/\/inclusivenews.com.br\/?p=24739"},"author":{"name":"inclusivenews2024","@id":"https:\/\/inclusivenews.com.br\/#\/schema\/person\/ae4ec7087559b8692fb33b6fffd2273b"},"headline":"Educa\u00e7\u00e3o em discuss\u00e3o","datePublished":"2013-06-20T10:49:25+00:00","mainEntityOfPage":{"@id":"https:\/\/inclusivenews.com.br\/?p=24739"},"wordCount":692,"commentCount":0,"publisher":{"@id":"https:\/\/inclusivenews.com.br\/#organization"},"image":{"@id":"https:\/\/inclusivenews.com.br\/?p=24739#primaryimage"},"thumbnailUrl":"http:\/\/inclusivenews.com.br\/wp-content\/uploads\/2010\/02\/inclusive_educacao.jpg","articleSection":["EDUCA\u00c7\u00c3O"],"inLanguage":"pt-PT","potentialAction":[{"@type":"CommentAction","name":"Comment","target":["https:\/\/inclusivenews.com.br\/?p=24739#respond"]}]},{"@type":"WebPage","@id":"https:\/\/inclusivenews.com.br\/?p=24739","url":"https:\/\/inclusivenews.com.br\/?p=24739","name":"Educa\u00e7\u00e3o em discuss\u00e3o -","isPartOf":{"@id":"https:\/\/inclusivenews.com.br\/#website"},"primaryImageOfPage":{"@id":"https:\/\/inclusivenews.com.br\/?p=24739#primaryimage"},"image":{"@id":"https:\/\/inclusivenews.com.br\/?p=24739#primaryimage"},"thumbnailUrl":"http:\/\/inclusivenews.com.br\/wp-content\/uploads\/2010\/02\/inclusive_educacao.jpg","datePublished":"2013-06-20T10:49:25+00:00","breadcrumb":{"@id":"https:\/\/inclusivenews.com.br\/?p=24739#breadcrumb"},"inLanguage":"pt-PT","potentialAction":[{"@type":"ReadAction","target":["https:\/\/inclusivenews.com.br\/?p=24739"]}]},{"@type":"ImageObject","inLanguage":"pt-PT","@id":"https:\/\/inclusivenews.com.br\/?p=24739#primaryimage","url":"","contentUrl":""},{"@type":"BreadcrumbList","@id":"https:\/\/inclusivenews.com.br\/?p=24739#breadcrumb","itemListElement":[{"@type":"ListItem","position":1,"name":"In\u00edcio","item":"https:\/\/inclusivenews.com.br\/"},{"@type":"ListItem","position":2,"name":"Educa\u00e7\u00e3o em discuss\u00e3o"}]},{"@type":"WebSite","@id":"https:\/\/inclusivenews.com.br\/#website","url":"https:\/\/inclusivenews.com.br\/","name":"Inclusive News","description":"Inclusive News","publisher":{"@id":"https:\/\/inclusivenews.com.br\/#organization"},"potentialAction":[{"@type":"SearchAction","target":{"@type":"EntryPoint","urlTemplate":"https:\/\/inclusivenews.com.br\/?s={search_term_string}"},"query-input":{"@type":"PropertyValueSpecification","valueRequired":true,"valueName":"search_term_string"}}],"inLanguage":"pt-PT"},{"@type":"Organization","@id":"https:\/\/inclusivenews.com.br\/#organization","name":"Inclusive - inclus\u00e3o e cidadania","url":"https:\/\/inclusivenews.com.br\/","logo":{"@type":"ImageObject","inLanguage":"pt-PT","@id":"https:\/\/inclusivenews.com.br\/#\/schema\/logo\/image\/","url":"https:\/\/inclusivenews.com.br\/wp-content\/uploads\/2024\/03\/@grandesite.png","contentUrl":"https:\/\/inclusivenews.com.br\/wp-content\/uploads\/2024\/03\/@grandesite.png","width":1080,"height":1080,"caption":"Inclusive - inclus\u00e3o e cidadania"},"image":{"@id":"https:\/\/inclusivenews.com.br\/#\/schema\/logo\/image\/"},"sameAs":["https:\/\/www.facebook.com\/agenciainclusive\/","https:\/\/www.instagram.com\/newsinclusive\/"]},{"@type":"Person","@id":"https:\/\/inclusivenews.com.br\/#\/schema\/person\/ae4ec7087559b8692fb33b6fffd2273b","name":"inclusivenews2024","image":{"@type":"ImageObject","inLanguage":"pt-PT","@id":"https:\/\/secure.gravatar.com\/avatar\/c5a7ef84c66fa914f55bc4f7ce26cfa275a3b9a1c5568b907bd184fb4dde7b40?s=96&d=mm&r=g","url":"https:\/\/secure.gravatar.com\/avatar\/c5a7ef84c66fa914f55bc4f7ce26cfa275a3b9a1c5568b907bd184fb4dde7b40?s=96&d=mm&r=g","contentUrl":"https:\/\/secure.gravatar.com\/avatar\/c5a7ef84c66fa914f55bc4f7ce26cfa275a3b9a1c5568b907bd184fb4dde7b40?s=96&d=mm&r=g","caption":"inclusivenews2024"},"sameAs":["https:\/\/inclusivenews.com.br"],"url":"https:\/\/inclusivenews.com.br\/?author=1"}]}},"_links":{"self":[{"href":"https:\/\/inclusivenews.com.br\/index.php?rest_route=\/wp\/v2\/posts\/24739","targetHints":{"allow":["GET"]}}],"collection":[{"href":"https:\/\/inclusivenews.com.br\/index.php?rest_route=\/wp\/v2\/posts"}],"about":[{"href":"https:\/\/inclusivenews.com.br\/index.php?rest_route=\/wp\/v2\/types\/post"}],"author":[{"embeddable":true,"href":"https:\/\/inclusivenews.com.br\/index.php?rest_route=\/wp\/v2\/users\/1"}],"replies":[{"embeddable":true,"href":"https:\/\/inclusivenews.com.br\/index.php?rest_route=%2Fwp%2Fv2%2Fcomments&post=24739"}],"version-history":[{"count":0,"href":"https:\/\/inclusivenews.com.br\/index.php?rest_route=\/wp\/v2\/posts\/24739\/revisions"}],"wp:attachment":[{"href":"https:\/\/inclusivenews.com.br\/index.php?rest_route=%2Fwp%2Fv2%2Fmedia&parent=24739"}],"wp:term":[{"taxonomy":"category","embeddable":true,"href":"https:\/\/inclusivenews.com.br\/index.php?rest_route=%2Fwp%2Fv2%2Fcategories&post=24739"},{"taxonomy":"post_tag","embeddable":true,"href":"https:\/\/inclusivenews.com.br\/index.php?rest_route=%2Fwp%2Fv2%2Ftags&post=24739"}],"curies":[{"name":"wp","href":"https:\/\/api.w.org\/{rel}","templated":true}]}}