{"id":24747,"date":"2013-06-20T07:59:51","date_gmt":"2013-06-20T10:59:51","guid":{"rendered":"http:\/\/www.inclusive.org.br\/?p=24747"},"modified":"2013-06-20T07:59:51","modified_gmt":"2013-06-20T10:59:51","slug":"secretario-geral-da-onu-pede-protecao-fisica-e-psicologica-dos-idosos","status":"publish","type":"post","link":"https:\/\/inclusivenews.com.br\/?p=24747","title":{"rendered":"Secret\u00e1rio-geral da ONU pede prote\u00e7\u00e3o f\u00edsica e psicol\u00f3gica dos idosos"},"content":{"rendered":"<figure style=\"width: 280px\" class=\"wp-caption alignleft\"><img loading=\"lazy\" decoding=\"async\" class=\"   \" title=\"Idosos jogam xadrez\" src=\"http:\/\/www.un.org\/News\/dh\/photos\/large\/2011\/September\/102701-elderly.jpg\" alt=\"Idosos jogam xadrez\" width=\"280\" height=\"190\" \/><figcaption class=\"wp-caption-text\"> <\/figcaption><\/figure>\n<p>Governos, sociedade civil e diversas comunidades no mundo inteiro devem reexaminar suas atitudes para com os mais velhos e garantir que os idosos sejam protegidos de todas as formas de abuso, ressaltou o secret\u00e1rio-geral da ONU, Ban Ki-moon, no s\u00e1bado (15).<\/p>\n<p>\u201cEm todo o mundo, idosos s\u00e3o tragicamente sujeitos a abuso psicol\u00f3gico, financeiro ou f\u00edsico\u201d, disse Ban em mensagem que marca o Dia Mundial da Conscientiza\u00e7\u00e3o contra o Abuso de Idosos.<\/p>\n<p>\u201cInfelizmente, muitos idosos podem estar em risco\u201d, afirmou Ban. \u201cAtitudes preconceituosas contribuem para o problema.\u201d<\/p>\n<p>A Organiza\u00e7\u00e3o Mundial da Sa\u00fade (OMS) estima que entre 4% e 6% dos idosos em todo o mundo sofrem maus-tratos. A pesquisa tamb\u00e9m sugere que o abuso, neglig\u00eancia e viol\u00eancia contra os mais velhos, tanto em casa como em institui\u00e7\u00f5es, ocorrem com muito mais frequ\u00eancia do que se imagina.<\/p>\n<p>Ban enfatizou que os governos, em particular, podem ajudar a aprovar uma legisla\u00e7\u00e3o que proteja as v\u00edtimas e processe os agressores.<\/p>\n<p>\u201cDevemos isso aos idosos e \u00e0s sociedades em geral para combater a discrimina\u00e7\u00e3o et\u00e1ria em todas as suas formas e aumentar a dignidade e os direitos humanos das pessoas mais velhas em todos os lugares\u201d, acrescentou.<\/p>\n<p>Fonte: ONU<\/p>\n","protected":false},"excerpt":{"rendered":"<p>\u201cEm todo o mundo, idosos s\u00e3o tragicamente sujeitos a abuso psicol\u00f3gico, financeiro ou f\u00edsico\u201d, disse Ban em mensagem que marca o Dia Mundial da Conscientiza\u00e7\u00e3o contra o Abuso de Idosos.<\/p>\n","protected":false},"author":1,"featured_media":0,"comment_status":"open","ping_status":"open","sticky":false,"template":"","format":"standard","meta":{"site-container-style":"default","site-container-layout":"default","site-sidebar-layout":"default","disable-article-header":"default","disable-site-header":"default","disable-site-footer":"default","disable-content-area-spacing":"default","footnotes":""},"categories":[11],"tags":[66],"class_list":["post-24747","post","type-post","status-publish","format-standard","hentry","category-direitos-humanos","tag-idosos"],"yoast_head":"<!-- This site is optimized with the Yoast SEO plugin v27.4 - https:\/\/yoast.com\/product\/yoast-seo-wordpress\/ -->\n<title>Secret\u00e1rio-geral da ONU pede prote\u00e7\u00e3o f\u00edsica e psicol\u00f3gica dos idosos -<\/title>\n<meta name=\"robots\" content=\"index, follow, max-snippet:-1, max-image-preview:large, max-video-preview:-1\" \/>\n<link rel=\"canonical\" href=\"https:\/\/inclusivenews.com.br\/?p=24747\" \/>\n<meta property=\"og:locale\" content=\"pt_PT\" \/>\n<meta property=\"og:type\" content=\"article\" \/>\n<meta property=\"og:title\" content=\"Secret\u00e1rio-geral da ONU pede prote\u00e7\u00e3o f\u00edsica e psicol\u00f3gica dos idosos -\" \/>\n<meta property=\"og:description\" content=\"\u201cEm todo o mundo, idosos s\u00e3o tragicamente sujeitos a abuso psicol\u00f3gico, financeiro ou f\u00edsico\u201d, disse Ban em mensagem que marca o Dia Mundial da Conscientiza\u00e7\u00e3o contra o Abuso de Idosos.\" \/>\n<meta property=\"og:url\" content=\"https:\/\/inclusivenews.com.br\/?p=24747\" \/>\n<meta property=\"article:publisher\" content=\"https:\/\/www.facebook.com\/agenciainclusive\/\" \/>\n<meta property=\"article:published_time\" content=\"2013-06-20T10:59:51+00:00\" \/>\n<meta property=\"og:image\" content=\"http:\/\/www.un.org\/News\/dh\/photos\/large\/2011\/September\/102701-elderly.jpg\" \/>\n<meta name=\"author\" content=\"inclusivenews2024\" \/>\n<meta name=\"twitter:card\" content=\"summary_large_image\" \/>\n<meta name=\"twitter:label1\" content=\"Escrito por\" \/>\n\t<meta name=\"twitter:data1\" content=\"inclusivenews2024\" \/>\n\t<meta name=\"twitter:label2\" content=\"Tempo estimado de leitura\" \/>\n\t<meta name=\"twitter:data2\" content=\"1 minuto\" \/>\n<script type=\"application\/ld+json\" class=\"yoast-schema-graph\">{\"@context\":\"https:\\\/\\\/schema.org\",\"@graph\":[{\"@type\":\"Article\",\"@id\":\"https:\\\/\\\/inclusivenews.com.br\\\/?p=24747#article\",\"isPartOf\":{\"@id\":\"https:\\\/\\\/inclusivenews.com.br\\\/?p=24747\"},\"author\":{\"name\":\"inclusivenews2024\",\"@id\":\"https:\\\/\\\/inclusivenews.com.br\\\/#\\\/schema\\\/person\\\/ae4ec7087559b8692fb33b6fffd2273b\"},\"headline\":\"Secret\u00e1rio-geral da ONU pede prote\u00e7\u00e3o f\u00edsica e psicol\u00f3gica dos idosos\",\"datePublished\":\"2013-06-20T10:59:51+00:00\",\"mainEntityOfPage\":{\"@id\":\"https:\\\/\\\/inclusivenews.com.br\\\/?p=24747\"},\"wordCount\":229,\"commentCount\":0,\"publisher\":{\"@id\":\"https:\\\/\\\/inclusivenews.com.br\\\/#organization\"},\"image\":{\"@id\":\"https:\\\/\\\/inclusivenews.com.br\\\/?p=24747#primaryimage\"},\"thumbnailUrl\":\"http:\\\/\\\/www.un.org\\\/News\\\/dh\\\/photos\\\/large\\\/2011\\\/September\\\/102701-elderly.jpg\",\"keywords\":[\"Idosos\"],\"articleSection\":[\"DIREITOS HUMANOS\"],\"inLanguage\":\"pt-PT\",\"potentialAction\":[{\"@type\":\"CommentAction\",\"name\":\"Comment\",\"target\":[\"https:\\\/\\\/inclusivenews.com.br\\\/?p=24747#respond\"]}]},{\"@type\":\"WebPage\",\"@id\":\"https:\\\/\\\/inclusivenews.com.br\\\/?p=24747\",\"url\":\"https:\\\/\\\/inclusivenews.com.br\\\/?p=24747\",\"name\":\"Secret\u00e1rio-geral da ONU pede prote\u00e7\u00e3o f\u00edsica e psicol\u00f3gica dos idosos -\",\"isPartOf\":{\"@id\":\"https:\\\/\\\/inclusivenews.com.br\\\/#website\"},\"primaryImageOfPage\":{\"@id\":\"https:\\\/\\\/inclusivenews.com.br\\\/?p=24747#primaryimage\"},\"image\":{\"@id\":\"https:\\\/\\\/inclusivenews.com.br\\\/?p=24747#primaryimage\"},\"thumbnailUrl\":\"http:\\\/\\\/www.un.org\\\/News\\\/dh\\\/photos\\\/large\\\/2011\\\/September\\\/102701-elderly.jpg\",\"datePublished\":\"2013-06-20T10:59:51+00:00\",\"breadcrumb\":{\"@id\":\"https:\\\/\\\/inclusivenews.com.br\\\/?p=24747#breadcrumb\"},\"inLanguage\":\"pt-PT\",\"potentialAction\":[{\"@type\":\"ReadAction\",\"target\":[\"https:\\\/\\\/inclusivenews.com.br\\\/?p=24747\"]}]},{\"@type\":\"ImageObject\",\"inLanguage\":\"pt-PT\",\"@id\":\"https:\\\/\\\/inclusivenews.com.br\\\/?p=24747#primaryimage\",\"url\":\"http:\\\/\\\/www.un.org\\\/News\\\/dh\\\/photos\\\/large\\\/2011\\\/September\\\/102701-elderly.jpg\",\"contentUrl\":\"http:\\\/\\\/www.un.org\\\/News\\\/dh\\\/photos\\\/large\\\/2011\\\/September\\\/102701-elderly.jpg\"},{\"@type\":\"BreadcrumbList\",\"@id\":\"https:\\\/\\\/inclusivenews.com.br\\\/?p=24747#breadcrumb\",\"itemListElement\":[{\"@type\":\"ListItem\",\"position\":1,\"name\":\"In\u00edcio\",\"item\":\"https:\\\/\\\/inclusivenews.com.br\\\/\"},{\"@type\":\"ListItem\",\"position\":2,\"name\":\"Secret\u00e1rio-geral da ONU pede prote\u00e7\u00e3o f\u00edsica e psicol\u00f3gica dos idosos\"}]},{\"@type\":\"WebSite\",\"@id\":\"https:\\\/\\\/inclusivenews.com.br\\\/#website\",\"url\":\"https:\\\/\\\/inclusivenews.com.br\\\/\",\"name\":\"Inclusive News\",\"description\":\"Inclusive News\",\"publisher\":{\"@id\":\"https:\\\/\\\/inclusivenews.com.br\\\/#organization\"},\"potentialAction\":[{\"@type\":\"SearchAction\",\"target\":{\"@type\":\"EntryPoint\",\"urlTemplate\":\"https:\\\/\\\/inclusivenews.com.br\\\/?s={search_term_string}\"},\"query-input\":{\"@type\":\"PropertyValueSpecification\",\"valueRequired\":true,\"valueName\":\"search_term_string\"}}],\"inLanguage\":\"pt-PT\"},{\"@type\":\"Organization\",\"@id\":\"https:\\\/\\\/inclusivenews.com.br\\\/#organization\",\"name\":\"Inclusive - inclus\u00e3o e cidadania\",\"url\":\"https:\\\/\\\/inclusivenews.com.br\\\/\",\"logo\":{\"@type\":\"ImageObject\",\"inLanguage\":\"pt-PT\",\"@id\":\"https:\\\/\\\/inclusivenews.com.br\\\/#\\\/schema\\\/logo\\\/image\\\/\",\"url\":\"https:\\\/\\\/inclusivenews.com.br\\\/wp-content\\\/uploads\\\/2024\\\/03\\\/@grandesite.png\",\"contentUrl\":\"https:\\\/\\\/inclusivenews.com.br\\\/wp-content\\\/uploads\\\/2024\\\/03\\\/@grandesite.png\",\"width\":1080,\"height\":1080,\"caption\":\"Inclusive - inclus\u00e3o e cidadania\"},\"image\":{\"@id\":\"https:\\\/\\\/inclusivenews.com.br\\\/#\\\/schema\\\/logo\\\/image\\\/\"},\"sameAs\":[\"https:\\\/\\\/www.facebook.com\\\/agenciainclusive\\\/\",\"https:\\\/\\\/www.instagram.com\\\/newsinclusive\\\/\"]},{\"@type\":\"Person\",\"@id\":\"https:\\\/\\\/inclusivenews.com.br\\\/#\\\/schema\\\/person\\\/ae4ec7087559b8692fb33b6fffd2273b\",\"name\":\"inclusivenews2024\",\"image\":{\"@type\":\"ImageObject\",\"inLanguage\":\"pt-PT\",\"@id\":\"https:\\\/\\\/secure.gravatar.com\\\/avatar\\\/c5a7ef84c66fa914f55bc4f7ce26cfa275a3b9a1c5568b907bd184fb4dde7b40?s=96&d=mm&r=g\",\"url\":\"https:\\\/\\\/secure.gravatar.com\\\/avatar\\\/c5a7ef84c66fa914f55bc4f7ce26cfa275a3b9a1c5568b907bd184fb4dde7b40?s=96&d=mm&r=g\",\"contentUrl\":\"https:\\\/\\\/secure.gravatar.com\\\/avatar\\\/c5a7ef84c66fa914f55bc4f7ce26cfa275a3b9a1c5568b907bd184fb4dde7b40?s=96&d=mm&r=g\",\"caption\":\"inclusivenews2024\"},\"sameAs\":[\"https:\\\/\\\/inclusivenews.com.br\"],\"url\":\"https:\\\/\\\/inclusivenews.com.br\\\/?author=1\"}]}<\/script>\n<!-- \/ Yoast SEO plugin. -->","yoast_head_json":{"title":"Secret\u00e1rio-geral da ONU pede prote\u00e7\u00e3o f\u00edsica e psicol\u00f3gica dos idosos -","robots":{"index":"index","follow":"follow","max-snippet":"max-snippet:-1","max-image-preview":"max-image-preview:large","max-video-preview":"max-video-preview:-1"},"canonical":"https:\/\/inclusivenews.com.br\/?p=24747","og_locale":"pt_PT","og_type":"article","og_title":"Secret\u00e1rio-geral da ONU pede prote\u00e7\u00e3o f\u00edsica e psicol\u00f3gica dos idosos -","og_description":"\u201cEm todo o mundo, idosos s\u00e3o tragicamente sujeitos a abuso psicol\u00f3gico, financeiro ou f\u00edsico\u201d, disse Ban em mensagem que marca o Dia Mundial da Conscientiza\u00e7\u00e3o contra o Abuso de Idosos.","og_url":"https:\/\/inclusivenews.com.br\/?p=24747","article_publisher":"https:\/\/www.facebook.com\/agenciainclusive\/","article_published_time":"2013-06-20T10:59:51+00:00","og_image":[{"url":"http:\/\/www.un.org\/News\/dh\/photos\/large\/2011\/September\/102701-elderly.jpg","type":"","width":"","height":""}],"author":"inclusivenews2024","twitter_card":"summary_large_image","twitter_misc":{"Escrito por":"inclusivenews2024","Tempo estimado de leitura":"1 minuto"},"schema":{"@context":"https:\/\/schema.org","@graph":[{"@type":"Article","@id":"https:\/\/inclusivenews.com.br\/?p=24747#article","isPartOf":{"@id":"https:\/\/inclusivenews.com.br\/?p=24747"},"author":{"name":"inclusivenews2024","@id":"https:\/\/inclusivenews.com.br\/#\/schema\/person\/ae4ec7087559b8692fb33b6fffd2273b"},"headline":"Secret\u00e1rio-geral da ONU pede prote\u00e7\u00e3o f\u00edsica e psicol\u00f3gica dos idosos","datePublished":"2013-06-20T10:59:51+00:00","mainEntityOfPage":{"@id":"https:\/\/inclusivenews.com.br\/?p=24747"},"wordCount":229,"commentCount":0,"publisher":{"@id":"https:\/\/inclusivenews.com.br\/#organization"},"image":{"@id":"https:\/\/inclusivenews.com.br\/?p=24747#primaryimage"},"thumbnailUrl":"http:\/\/www.un.org\/News\/dh\/photos\/large\/2011\/September\/102701-elderly.jpg","keywords":["Idosos"],"articleSection":["DIREITOS HUMANOS"],"inLanguage":"pt-PT","potentialAction":[{"@type":"CommentAction","name":"Comment","target":["https:\/\/inclusivenews.com.br\/?p=24747#respond"]}]},{"@type":"WebPage","@id":"https:\/\/inclusivenews.com.br\/?p=24747","url":"https:\/\/inclusivenews.com.br\/?p=24747","name":"Secret\u00e1rio-geral da ONU pede prote\u00e7\u00e3o f\u00edsica e psicol\u00f3gica dos idosos -","isPartOf":{"@id":"https:\/\/inclusivenews.com.br\/#website"},"primaryImageOfPage":{"@id":"https:\/\/inclusivenews.com.br\/?p=24747#primaryimage"},"image":{"@id":"https:\/\/inclusivenews.com.br\/?p=24747#primaryimage"},"thumbnailUrl":"http:\/\/www.un.org\/News\/dh\/photos\/large\/2011\/September\/102701-elderly.jpg","datePublished":"2013-06-20T10:59:51+00:00","breadcrumb":{"@id":"https:\/\/inclusivenews.com.br\/?p=24747#breadcrumb"},"inLanguage":"pt-PT","potentialAction":[{"@type":"ReadAction","target":["https:\/\/inclusivenews.com.br\/?p=24747"]}]},{"@type":"ImageObject","inLanguage":"pt-PT","@id":"https:\/\/inclusivenews.com.br\/?p=24747#primaryimage","url":"http:\/\/www.un.org\/News\/dh\/photos\/large\/2011\/September\/102701-elderly.jpg","contentUrl":"http:\/\/www.un.org\/News\/dh\/photos\/large\/2011\/September\/102701-elderly.jpg"},{"@type":"BreadcrumbList","@id":"https:\/\/inclusivenews.com.br\/?p=24747#breadcrumb","itemListElement":[{"@type":"ListItem","position":1,"name":"In\u00edcio","item":"https:\/\/inclusivenews.com.br\/"},{"@type":"ListItem","position":2,"name":"Secret\u00e1rio-geral da ONU pede prote\u00e7\u00e3o f\u00edsica e psicol\u00f3gica dos idosos"}]},{"@type":"WebSite","@id":"https:\/\/inclusivenews.com.br\/#website","url":"https:\/\/inclusivenews.com.br\/","name":"Inclusive News","description":"Inclusive News","publisher":{"@id":"https:\/\/inclusivenews.com.br\/#organization"},"potentialAction":[{"@type":"SearchAction","target":{"@type":"EntryPoint","urlTemplate":"https:\/\/inclusivenews.com.br\/?s={search_term_string}"},"query-input":{"@type":"PropertyValueSpecification","valueRequired":true,"valueName":"search_term_string"}}],"inLanguage":"pt-PT"},{"@type":"Organization","@id":"https:\/\/inclusivenews.com.br\/#organization","name":"Inclusive - inclus\u00e3o e cidadania","url":"https:\/\/inclusivenews.com.br\/","logo":{"@type":"ImageObject","inLanguage":"pt-PT","@id":"https:\/\/inclusivenews.com.br\/#\/schema\/logo\/image\/","url":"https:\/\/inclusivenews.com.br\/wp-content\/uploads\/2024\/03\/@grandesite.png","contentUrl":"https:\/\/inclusivenews.com.br\/wp-content\/uploads\/2024\/03\/@grandesite.png","width":1080,"height":1080,"caption":"Inclusive - inclus\u00e3o e cidadania"},"image":{"@id":"https:\/\/inclusivenews.com.br\/#\/schema\/logo\/image\/"},"sameAs":["https:\/\/www.facebook.com\/agenciainclusive\/","https:\/\/www.instagram.com\/newsinclusive\/"]},{"@type":"Person","@id":"https:\/\/inclusivenews.com.br\/#\/schema\/person\/ae4ec7087559b8692fb33b6fffd2273b","name":"inclusivenews2024","image":{"@type":"ImageObject","inLanguage":"pt-PT","@id":"https:\/\/secure.gravatar.com\/avatar\/c5a7ef84c66fa914f55bc4f7ce26cfa275a3b9a1c5568b907bd184fb4dde7b40?s=96&d=mm&r=g","url":"https:\/\/secure.gravatar.com\/avatar\/c5a7ef84c66fa914f55bc4f7ce26cfa275a3b9a1c5568b907bd184fb4dde7b40?s=96&d=mm&r=g","contentUrl":"https:\/\/secure.gravatar.com\/avatar\/c5a7ef84c66fa914f55bc4f7ce26cfa275a3b9a1c5568b907bd184fb4dde7b40?s=96&d=mm&r=g","caption":"inclusivenews2024"},"sameAs":["https:\/\/inclusivenews.com.br"],"url":"https:\/\/inclusivenews.com.br\/?author=1"}]}},"_links":{"self":[{"href":"https:\/\/inclusivenews.com.br\/index.php?rest_route=\/wp\/v2\/posts\/24747","targetHints":{"allow":["GET"]}}],"collection":[{"href":"https:\/\/inclusivenews.com.br\/index.php?rest_route=\/wp\/v2\/posts"}],"about":[{"href":"https:\/\/inclusivenews.com.br\/index.php?rest_route=\/wp\/v2\/types\/post"}],"author":[{"embeddable":true,"href":"https:\/\/inclusivenews.com.br\/index.php?rest_route=\/wp\/v2\/users\/1"}],"replies":[{"embeddable":true,"href":"https:\/\/inclusivenews.com.br\/index.php?rest_route=%2Fwp%2Fv2%2Fcomments&post=24747"}],"version-history":[{"count":0,"href":"https:\/\/inclusivenews.com.br\/index.php?rest_route=\/wp\/v2\/posts\/24747\/revisions"}],"wp:attachment":[{"href":"https:\/\/inclusivenews.com.br\/index.php?rest_route=%2Fwp%2Fv2%2Fmedia&parent=24747"}],"wp:term":[{"taxonomy":"category","embeddable":true,"href":"https:\/\/inclusivenews.com.br\/index.php?rest_route=%2Fwp%2Fv2%2Fcategories&post=24747"},{"taxonomy":"post_tag","embeddable":true,"href":"https:\/\/inclusivenews.com.br\/index.php?rest_route=%2Fwp%2Fv2%2Ftags&post=24747"}],"curies":[{"name":"wp","href":"https:\/\/api.w.org\/{rel}","templated":true}]}}