{"id":24749,"date":"2013-06-20T08:05:14","date_gmt":"2013-06-20T11:05:14","guid":{"rendered":"http:\/\/www.inclusive.org.br\/?p=24749"},"modified":"2013-06-20T08:05:14","modified_gmt":"2013-06-20T11:05:14","slug":"brasil-tem-127-presidiarios-cursando-ensino-superior","status":"publish","type":"post","link":"https:\/\/inclusivenews.com.br\/?p=24749","title":{"rendered":"Brasil tem 127 presidi\u00e1rios cursando ensino superior"},"content":{"rendered":"<figure id=\"attachment_21241\" aria-describedby=\"caption-attachment-21241\" style=\"width: 209px\" class=\"wp-caption alignleft\"><img loading=\"lazy\" decoding=\"async\" class=\"size-full wp-image-21241\" title=\"Educa\u00e7\u00e3o prisional - presos uniformizados em audit\u00f3rio\" src=\"http:\/\/inclusivenews.com.br\/wp-content\/uploads\/educacao_prisional.jpg\" alt=\"Educa\u00e7\u00e3o prisional - presos uniformizados em audit\u00f3rio\" width=\"209\" height=\"162\" \/><figcaption id=\"caption-attachment-21241\" class=\"wp-caption-text\"> <\/figcaption><\/figure>\n<p><em>Por Leonardo Vieira e Mariana Lazari<br \/>\nem O Globo\/EXTRA ONLINE &#8211; RJ<\/em><\/p>\n<p>Cynthia Corvello, de 42 anos, est\u00e1 no 3\u00ba per\u00edodo do curso de Hist\u00f3ria na Universidade Federal do Cear\u00e1 (UFC). Dentro de sala, a \u00fanica caracter\u00edstica que a difere dos colegas \u00e9 a tornozeleira eletr\u00f4nica usada para o governo monitorar seus passos. Cynthia \u00e9 a primeira interna do Instituto Penal Feminino (IPF) Desembargadora Auri Moura Costa, em Aquiraz, Regi\u00e3o Metropolitana de Fortaleza, a fazer faculdade fora do pres\u00eddio. Presa em 2010, ela foi condenada a 25 anos por coautoria em um duplo homic\u00eddio. Em 2011, a detenta prestou o Exame Nacional do Ensino M\u00e9dio (Enem) e ingressou na UFC. Gra\u00e7as a uma autoriza\u00e7\u00e3o judicial, ela passou a deixar o instituto todas as manh\u00e3s para estudar e s\u00f3 retornar \u00e0 noite.<\/p>\n<p>Cursar uma gradua\u00e7\u00e3o \u00e9 privil\u00e9gio de 127 internos do sistema carcer\u00e1rio, ou seja, 0,02% do total de 533.027 presos no pa\u00eds. Os dados s\u00e3o do Sistema de Informa\u00e7\u00f5es Penitenci\u00e1rias (Infopen), do Minist\u00e9rio da Justi\u00e7a, relativos a outubro de 2012. Muitos deles estudam a dist\u00e2ncia, quando h\u00e1 essa op\u00e7\u00e3o, mas a maior parte consegue autoriza\u00e7\u00e3o judicial para fazer o curso presencial.<\/p>\n<p>Faculdade em pres\u00eddio<\/p>\n<p>Cynthia sai de Aquiraz de \u00f4nibus, \u00e0s 5h30min, rumo ao bairro de Benfica, em Fortaleza, onde funciona o curso de Hist\u00f3ria da UFC, e volta no fim da tarde. Quando n\u00e3o est\u00e1 na faculdade, estuda na cela ou na biblioteca da unidade. Suas m\u00e9dias variam de 9 a 10.<\/p>\n<p>&#8211; Quero ser professora. Gostaria muito de dar aula no sistema penitenci\u00e1rio, aqui ou no pres\u00eddio masculino. Se teve uma Cynthia aqui, pode ter uns &#8220;Cynthios&#8221; espalhados por a\u00ed tamb\u00e9m &#8211; brinca a detenta, observando que, na cadeia, o preso tem altos e baixos e que o educador precisa estar preparado para lidar com isso.<\/p>\n<p>No pres\u00eddio em Aquiraz, 13 colegas de Cynthia fazem gradua\u00e7\u00e3o de Filosofia dentro da institui\u00e7\u00e3o, gra\u00e7as a uma parceria entre a Faculdade Cat\u00f3lica do Cear\u00e1 e o governo estadual. Inaugurado h\u00e1 dois meses, o curso \u00e9 o segundo ministrado no sistema prisional cearense. De 2006 a 2010, presos do Instituto Penal Professor Olavo Oliveira (IPPOO) II, em Itaitinga, estudaram Teologia. M\u00eas que vem, a Universidade Estadual da Para\u00edba (UEPB) abre um ciclo b\u00e1sico para gradua\u00e7\u00f5es de Ci\u00eancias Humanas, como Direito e Ci\u00eancias Sociais, na penitenci\u00e1ria Raymundo Asfora, em Campina Grande<\/p>\n<p>&#8211; Hoje, a gente senta para conversar n\u00e3o apenas sobre coisas l\u00e1 de fora, como festas, mas sobre S\u00f3crates e Plat\u00e3o. Tudo pra mim, atualmente, \u00e9 ligado \u00e0 Filosofia &#8211; comenta Helo\u00edsa da Guia Xavier, de 38 anos, interna do Auri Moura Costa, que foi condenada a 47 anos de deten\u00e7\u00e3o e j\u00e1 cumpriu cinco anos da sua pena.<\/p>\n<p>Campi em penitenci\u00e1rias s\u00e3o raros num pa\u00eds onde 88% dos detentos n\u00e3o terminaram a escola e cujos governos falham em instalar educa\u00e7\u00e3o b\u00e1sica em todo seu sistema prisional. Este m\u00eas, est\u00e3o completando dois anos desde a promulga\u00e7\u00e3o da Lei 12.433, que d\u00e1 direito \u00e0 redu\u00e7\u00e3o de pena para internos que estudam ou trabalham. Conforme O GLOBO noticiou ontem, por\u00e9m, das 1410 institui\u00e7\u00f5es penais no Brasil, 40% (565) n\u00e3o t\u00eam sequer sala de aula, segundo dados do Minist\u00e9rio da Justi\u00e7a. Hoje, s\u00f3 um em cada dez detentos no pa\u00eds estudam.<\/p>\n<p>Muitos presos que prestam vestibular t\u00eam desempenho ruim. Ano passado, 23.575 internos participaram do Enem para Pessoas Privadas de Liberdade (PPL), mas s\u00f3 369 atingiram os 450 pontos exigidos para a certifica\u00e7\u00e3o de conclus\u00e3o do ensino m\u00e9dio, segundo informa\u00e7\u00f5es obtidas via Lei de Acesso \u00e0 Informa\u00e7\u00e3o.<\/p>\n<p>Bruno Augusto Sperli, Anderson Pereira e Ricardo Galdino s\u00e3o detentos, em regime fechado, de diferentes institui\u00e7\u00f5es do Rio e prestaram vestibular em 2012. Sperli passou para Pedagogia na UFF, Galdino foi aprovado em F\u00edsica na Uerj e Nascimento conseguiu vaga em Pedagogia, tamb\u00e9m na Uerj. Mas eles perderam as vagas porque n\u00e3o tiveram autoriza\u00e7\u00e3o judicial para estudar fora das unidades acompanhados de escolta. E, no Rio, de acordo com a Secretaria Estadual de Administra\u00e7\u00e3o Penitenci\u00e1ria (Seap), os pres\u00eddios n\u00e3o oferecem possibilidade de ensino superior a dist\u00e2ncia.<\/p>\n<p>Beira-mar estuda teologia<\/p>\n<p>Um levantamento feito pelo GLOBO, que acionou \u00f3rg\u00e3os das 27 unidades da federa\u00e7\u00e3o, constatou que apenas sete estados d\u00e3o a presos a op\u00e7\u00e3o de ensino a dist\u00e2ncia: Paran\u00e1, Esp\u00edrito Santo, S\u00e3o Paulo, Minas Gerais, Santa Catarina, Mato Grosso do Sul e Rond\u00f4nia.<\/p>\n<p>Em Catanduvas, no Paran\u00e1, um criminoso conhecido do Rio se vale de uma forma antiga de ensino a dist\u00e2ncia para obter um diploma de ensino superior. Desde o in\u00edcio deste ano, Luiz Fernando da Costa, o Fernandinho Beira-Mar, cursa Teologia por correspond\u00eancia na Faculdade Teol\u00f3gica Batista do Paran\u00e1, ap\u00f3s tirar 7,4 na reda\u00e7\u00e3o do vestibular, cujo tema era extremismo religioso no Brasil<\/p>\n<p>Todo m\u00eas, o calouro Beira-Mar recebe na cela material impresso com textos te\u00f3ricos e exerc\u00edcios. Ao fim de cada t\u00f3pico, o detento faz um teste na penitenci\u00e1ria, aplicado por um professor da faculdade. Para obter o diploma, ele deve completar 174 cr\u00e9ditos, equivalentes a 3.186 horas. Pela lei de remi\u00e7\u00e3o penal, se Beira-Mar vestir a beca, ter\u00e1 192 dias reduzidos da pena. Quem paga os estudos \u00e9 a Igreja do Bacaxiri do Paran\u00e1. Foi o capel\u00e3o da institui\u00e7\u00e3o que recrutou o aluno, em visita \u00e0 penitenci\u00e1ria.<\/p>\n<p>&#8211; \u00c9 um curso de Humanas. O que vai lhe adiantar um curso de Medicina se ele j\u00e1 vai sair da pris\u00e3o idoso? N\u00e3o temos bola de cristal para saber se vamos mudar a personalidade dele, mas essa \u00e9 a inten\u00e7\u00e3o &#8211; afirma o diretor da faculdade, Jaziel Guerreiro Martins.<\/p>\n","protected":false},"excerpt":{"rendered":"<p>Cursar uma gradua\u00e7\u00e3o \u00e9 privil\u00e9gio de 127 internos do sistema carcer\u00e1rio, ou seja, 0,02% do total de 533.027 presos no pa\u00eds. Os dados s\u00e3o do Sistema de Informa\u00e7\u00f5es Penitenci\u00e1rias (Infopen), do Minist\u00e9rio da Justi\u00e7a, relativos a outubro de 2012. Reportagem em O Globo.<\/p>\n","protected":false},"author":1,"featured_media":0,"comment_status":"open","ping_status":"open","sticky":false,"template":"","format":"standard","meta":{"site-container-style":"default","site-container-layout":"default","site-sidebar-layout":"default","disable-article-header":"default","disable-site-header":"default","disable-site-footer":"default","disable-content-area-spacing":"default","footnotes":""},"categories":[11,6],"tags":[],"class_list":["post-24749","post","type-post","status-publish","format-standard","hentry","category-direitos-humanos","category-educacao"],"yoast_head":"<!-- This site is optimized with the Yoast SEO plugin v27.5 - https:\/\/yoast.com\/product\/yoast-seo-wordpress\/ -->\n<title>Brasil tem 127 presidi\u00e1rios cursando ensino superior -<\/title>\n<meta name=\"robots\" content=\"index, follow, max-snippet:-1, max-image-preview:large, max-video-preview:-1\" \/>\n<link rel=\"canonical\" href=\"https:\/\/inclusivenews.com.br\/?p=24749\" \/>\n<meta property=\"og:locale\" content=\"pt_PT\" \/>\n<meta property=\"og:type\" content=\"article\" \/>\n<meta property=\"og:title\" content=\"Brasil tem 127 presidi\u00e1rios cursando ensino superior -\" \/>\n<meta property=\"og:description\" content=\"Cursar uma gradua\u00e7\u00e3o \u00e9 privil\u00e9gio de 127 internos do sistema carcer\u00e1rio, ou seja, 0,02% do total de 533.027 presos no pa\u00eds. Os dados s\u00e3o do Sistema de Informa\u00e7\u00f5es Penitenci\u00e1rias (Infopen), do Minist\u00e9rio da Justi\u00e7a, relativos a outubro de 2012. Reportagem em O Globo.\" \/>\n<meta property=\"og:url\" content=\"https:\/\/inclusivenews.com.br\/?p=24749\" \/>\n<meta property=\"article:publisher\" content=\"https:\/\/www.facebook.com\/agenciainclusive\/\" \/>\n<meta property=\"article:published_time\" content=\"2013-06-20T11:05:14+00:00\" \/>\n<meta property=\"og:image\" content=\"http:\/\/inclusivenews.com.br\/wp-content\/uploads\/educacao_prisional.jpg\" \/>\n<meta name=\"author\" content=\"inclusivenews2024\" \/>\n<meta name=\"twitter:card\" content=\"summary_large_image\" \/>\n<meta name=\"twitter:label1\" content=\"Escrito por\" \/>\n\t<meta name=\"twitter:data1\" content=\"inclusivenews2024\" \/>\n\t<meta name=\"twitter:label2\" content=\"Tempo estimado de leitura\" \/>\n\t<meta name=\"twitter:data2\" content=\"5 minutos\" \/>\n<script type=\"application\/ld+json\" class=\"yoast-schema-graph\">{\"@context\":\"https:\\\/\\\/schema.org\",\"@graph\":[{\"@type\":\"Article\",\"@id\":\"https:\\\/\\\/inclusivenews.com.br\\\/?p=24749#article\",\"isPartOf\":{\"@id\":\"https:\\\/\\\/inclusivenews.com.br\\\/?p=24749\"},\"author\":{\"name\":\"inclusivenews2024\",\"@id\":\"https:\\\/\\\/inclusivenews.com.br\\\/#\\\/schema\\\/person\\\/ae4ec7087559b8692fb33b6fffd2273b\"},\"headline\":\"Brasil tem 127 presidi\u00e1rios cursando ensino superior\",\"datePublished\":\"2013-06-20T11:05:14+00:00\",\"mainEntityOfPage\":{\"@id\":\"https:\\\/\\\/inclusivenews.com.br\\\/?p=24749\"},\"wordCount\":993,\"commentCount\":0,\"publisher\":{\"@id\":\"https:\\\/\\\/inclusivenews.com.br\\\/#organization\"},\"image\":{\"@id\":\"https:\\\/\\\/inclusivenews.com.br\\\/?p=24749#primaryimage\"},\"thumbnailUrl\":\"http:\\\/\\\/inclusivenews.com.br\\\/wp-content\\\/uploads\\\/educacao_prisional.jpg\",\"articleSection\":[\"DIREITOS HUMANOS\",\"EDUCA\u00c7\u00c3O\"],\"inLanguage\":\"pt-PT\",\"potentialAction\":[{\"@type\":\"CommentAction\",\"name\":\"Comment\",\"target\":[\"https:\\\/\\\/inclusivenews.com.br\\\/?p=24749#respond\"]}]},{\"@type\":\"WebPage\",\"@id\":\"https:\\\/\\\/inclusivenews.com.br\\\/?p=24749\",\"url\":\"https:\\\/\\\/inclusivenews.com.br\\\/?p=24749\",\"name\":\"Brasil tem 127 presidi\u00e1rios cursando ensino superior -\",\"isPartOf\":{\"@id\":\"https:\\\/\\\/inclusivenews.com.br\\\/#website\"},\"primaryImageOfPage\":{\"@id\":\"https:\\\/\\\/inclusivenews.com.br\\\/?p=24749#primaryimage\"},\"image\":{\"@id\":\"https:\\\/\\\/inclusivenews.com.br\\\/?p=24749#primaryimage\"},\"thumbnailUrl\":\"http:\\\/\\\/inclusivenews.com.br\\\/wp-content\\\/uploads\\\/educacao_prisional.jpg\",\"datePublished\":\"2013-06-20T11:05:14+00:00\",\"breadcrumb\":{\"@id\":\"https:\\\/\\\/inclusivenews.com.br\\\/?p=24749#breadcrumb\"},\"inLanguage\":\"pt-PT\",\"potentialAction\":[{\"@type\":\"ReadAction\",\"target\":[\"https:\\\/\\\/inclusivenews.com.br\\\/?p=24749\"]}]},{\"@type\":\"ImageObject\",\"inLanguage\":\"pt-PT\",\"@id\":\"https:\\\/\\\/inclusivenews.com.br\\\/?p=24749#primaryimage\",\"url\":\"\",\"contentUrl\":\"\"},{\"@type\":\"BreadcrumbList\",\"@id\":\"https:\\\/\\\/inclusivenews.com.br\\\/?p=24749#breadcrumb\",\"itemListElement\":[{\"@type\":\"ListItem\",\"position\":1,\"name\":\"In\u00edcio\",\"item\":\"https:\\\/\\\/inclusivenews.com.br\\\/\"},{\"@type\":\"ListItem\",\"position\":2,\"name\":\"Brasil tem 127 presidi\u00e1rios cursando ensino superior\"}]},{\"@type\":\"WebSite\",\"@id\":\"https:\\\/\\\/inclusivenews.com.br\\\/#website\",\"url\":\"https:\\\/\\\/inclusivenews.com.br\\\/\",\"name\":\"Inclusive News\",\"description\":\"Inclusive News\",\"publisher\":{\"@id\":\"https:\\\/\\\/inclusivenews.com.br\\\/#organization\"},\"potentialAction\":[{\"@type\":\"SearchAction\",\"target\":{\"@type\":\"EntryPoint\",\"urlTemplate\":\"https:\\\/\\\/inclusivenews.com.br\\\/?s={search_term_string}\"},\"query-input\":{\"@type\":\"PropertyValueSpecification\",\"valueRequired\":true,\"valueName\":\"search_term_string\"}}],\"inLanguage\":\"pt-PT\"},{\"@type\":\"Organization\",\"@id\":\"https:\\\/\\\/inclusivenews.com.br\\\/#organization\",\"name\":\"Inclusive - inclus\u00e3o e cidadania\",\"url\":\"https:\\\/\\\/inclusivenews.com.br\\\/\",\"logo\":{\"@type\":\"ImageObject\",\"inLanguage\":\"pt-PT\",\"@id\":\"https:\\\/\\\/inclusivenews.com.br\\\/#\\\/schema\\\/logo\\\/image\\\/\",\"url\":\"https:\\\/\\\/inclusivenews.com.br\\\/wp-content\\\/uploads\\\/2024\\\/03\\\/@grandesite.png\",\"contentUrl\":\"https:\\\/\\\/inclusivenews.com.br\\\/wp-content\\\/uploads\\\/2024\\\/03\\\/@grandesite.png\",\"width\":1080,\"height\":1080,\"caption\":\"Inclusive - inclus\u00e3o e cidadania\"},\"image\":{\"@id\":\"https:\\\/\\\/inclusivenews.com.br\\\/#\\\/schema\\\/logo\\\/image\\\/\"},\"sameAs\":[\"https:\\\/\\\/www.facebook.com\\\/agenciainclusive\\\/\",\"https:\\\/\\\/www.instagram.com\\\/newsinclusive\\\/\"]},{\"@type\":\"Person\",\"@id\":\"https:\\\/\\\/inclusivenews.com.br\\\/#\\\/schema\\\/person\\\/ae4ec7087559b8692fb33b6fffd2273b\",\"name\":\"inclusivenews2024\",\"image\":{\"@type\":\"ImageObject\",\"inLanguage\":\"pt-PT\",\"@id\":\"https:\\\/\\\/secure.gravatar.com\\\/avatar\\\/c5a7ef84c66fa914f55bc4f7ce26cfa275a3b9a1c5568b907bd184fb4dde7b40?s=96&d=mm&r=g\",\"url\":\"https:\\\/\\\/secure.gravatar.com\\\/avatar\\\/c5a7ef84c66fa914f55bc4f7ce26cfa275a3b9a1c5568b907bd184fb4dde7b40?s=96&d=mm&r=g\",\"contentUrl\":\"https:\\\/\\\/secure.gravatar.com\\\/avatar\\\/c5a7ef84c66fa914f55bc4f7ce26cfa275a3b9a1c5568b907bd184fb4dde7b40?s=96&d=mm&r=g\",\"caption\":\"inclusivenews2024\"},\"sameAs\":[\"https:\\\/\\\/inclusivenews.com.br\"],\"url\":\"https:\\\/\\\/inclusivenews.com.br\\\/?author=1\"}]}<\/script>\n<!-- \/ Yoast SEO plugin. -->","yoast_head_json":{"title":"Brasil tem 127 presidi\u00e1rios cursando ensino superior -","robots":{"index":"index","follow":"follow","max-snippet":"max-snippet:-1","max-image-preview":"max-image-preview:large","max-video-preview":"max-video-preview:-1"},"canonical":"https:\/\/inclusivenews.com.br\/?p=24749","og_locale":"pt_PT","og_type":"article","og_title":"Brasil tem 127 presidi\u00e1rios cursando ensino superior -","og_description":"Cursar uma gradua\u00e7\u00e3o \u00e9 privil\u00e9gio de 127 internos do sistema carcer\u00e1rio, ou seja, 0,02% do total de 533.027 presos no pa\u00eds. Os dados s\u00e3o do Sistema de Informa\u00e7\u00f5es Penitenci\u00e1rias (Infopen), do Minist\u00e9rio da Justi\u00e7a, relativos a outubro de 2012. Reportagem em O Globo.","og_url":"https:\/\/inclusivenews.com.br\/?p=24749","article_publisher":"https:\/\/www.facebook.com\/agenciainclusive\/","article_published_time":"2013-06-20T11:05:14+00:00","og_image":[{"url":"http:\/\/inclusivenews.com.br\/wp-content\/uploads\/educacao_prisional.jpg","type":"","width":"","height":""}],"author":"inclusivenews2024","twitter_card":"summary_large_image","twitter_misc":{"Escrito por":"inclusivenews2024","Tempo estimado de leitura":"5 minutos"},"schema":{"@context":"https:\/\/schema.org","@graph":[{"@type":"Article","@id":"https:\/\/inclusivenews.com.br\/?p=24749#article","isPartOf":{"@id":"https:\/\/inclusivenews.com.br\/?p=24749"},"author":{"name":"inclusivenews2024","@id":"https:\/\/inclusivenews.com.br\/#\/schema\/person\/ae4ec7087559b8692fb33b6fffd2273b"},"headline":"Brasil tem 127 presidi\u00e1rios cursando ensino superior","datePublished":"2013-06-20T11:05:14+00:00","mainEntityOfPage":{"@id":"https:\/\/inclusivenews.com.br\/?p=24749"},"wordCount":993,"commentCount":0,"publisher":{"@id":"https:\/\/inclusivenews.com.br\/#organization"},"image":{"@id":"https:\/\/inclusivenews.com.br\/?p=24749#primaryimage"},"thumbnailUrl":"http:\/\/inclusivenews.com.br\/wp-content\/uploads\/educacao_prisional.jpg","articleSection":["DIREITOS HUMANOS","EDUCA\u00c7\u00c3O"],"inLanguage":"pt-PT","potentialAction":[{"@type":"CommentAction","name":"Comment","target":["https:\/\/inclusivenews.com.br\/?p=24749#respond"]}]},{"@type":"WebPage","@id":"https:\/\/inclusivenews.com.br\/?p=24749","url":"https:\/\/inclusivenews.com.br\/?p=24749","name":"Brasil tem 127 presidi\u00e1rios cursando ensino superior -","isPartOf":{"@id":"https:\/\/inclusivenews.com.br\/#website"},"primaryImageOfPage":{"@id":"https:\/\/inclusivenews.com.br\/?p=24749#primaryimage"},"image":{"@id":"https:\/\/inclusivenews.com.br\/?p=24749#primaryimage"},"thumbnailUrl":"http:\/\/inclusivenews.com.br\/wp-content\/uploads\/educacao_prisional.jpg","datePublished":"2013-06-20T11:05:14+00:00","breadcrumb":{"@id":"https:\/\/inclusivenews.com.br\/?p=24749#breadcrumb"},"inLanguage":"pt-PT","potentialAction":[{"@type":"ReadAction","target":["https:\/\/inclusivenews.com.br\/?p=24749"]}]},{"@type":"ImageObject","inLanguage":"pt-PT","@id":"https:\/\/inclusivenews.com.br\/?p=24749#primaryimage","url":"","contentUrl":""},{"@type":"BreadcrumbList","@id":"https:\/\/inclusivenews.com.br\/?p=24749#breadcrumb","itemListElement":[{"@type":"ListItem","position":1,"name":"In\u00edcio","item":"https:\/\/inclusivenews.com.br\/"},{"@type":"ListItem","position":2,"name":"Brasil tem 127 presidi\u00e1rios cursando ensino superior"}]},{"@type":"WebSite","@id":"https:\/\/inclusivenews.com.br\/#website","url":"https:\/\/inclusivenews.com.br\/","name":"Inclusive News","description":"Inclusive News","publisher":{"@id":"https:\/\/inclusivenews.com.br\/#organization"},"potentialAction":[{"@type":"SearchAction","target":{"@type":"EntryPoint","urlTemplate":"https:\/\/inclusivenews.com.br\/?s={search_term_string}"},"query-input":{"@type":"PropertyValueSpecification","valueRequired":true,"valueName":"search_term_string"}}],"inLanguage":"pt-PT"},{"@type":"Organization","@id":"https:\/\/inclusivenews.com.br\/#organization","name":"Inclusive - inclus\u00e3o e cidadania","url":"https:\/\/inclusivenews.com.br\/","logo":{"@type":"ImageObject","inLanguage":"pt-PT","@id":"https:\/\/inclusivenews.com.br\/#\/schema\/logo\/image\/","url":"https:\/\/inclusivenews.com.br\/wp-content\/uploads\/2024\/03\/@grandesite.png","contentUrl":"https:\/\/inclusivenews.com.br\/wp-content\/uploads\/2024\/03\/@grandesite.png","width":1080,"height":1080,"caption":"Inclusive - inclus\u00e3o e cidadania"},"image":{"@id":"https:\/\/inclusivenews.com.br\/#\/schema\/logo\/image\/"},"sameAs":["https:\/\/www.facebook.com\/agenciainclusive\/","https:\/\/www.instagram.com\/newsinclusive\/"]},{"@type":"Person","@id":"https:\/\/inclusivenews.com.br\/#\/schema\/person\/ae4ec7087559b8692fb33b6fffd2273b","name":"inclusivenews2024","image":{"@type":"ImageObject","inLanguage":"pt-PT","@id":"https:\/\/secure.gravatar.com\/avatar\/c5a7ef84c66fa914f55bc4f7ce26cfa275a3b9a1c5568b907bd184fb4dde7b40?s=96&d=mm&r=g","url":"https:\/\/secure.gravatar.com\/avatar\/c5a7ef84c66fa914f55bc4f7ce26cfa275a3b9a1c5568b907bd184fb4dde7b40?s=96&d=mm&r=g","contentUrl":"https:\/\/secure.gravatar.com\/avatar\/c5a7ef84c66fa914f55bc4f7ce26cfa275a3b9a1c5568b907bd184fb4dde7b40?s=96&d=mm&r=g","caption":"inclusivenews2024"},"sameAs":["https:\/\/inclusivenews.com.br"],"url":"https:\/\/inclusivenews.com.br\/?author=1"}]}},"_links":{"self":[{"href":"https:\/\/inclusivenews.com.br\/index.php?rest_route=\/wp\/v2\/posts\/24749","targetHints":{"allow":["GET"]}}],"collection":[{"href":"https:\/\/inclusivenews.com.br\/index.php?rest_route=\/wp\/v2\/posts"}],"about":[{"href":"https:\/\/inclusivenews.com.br\/index.php?rest_route=\/wp\/v2\/types\/post"}],"author":[{"embeddable":true,"href":"https:\/\/inclusivenews.com.br\/index.php?rest_route=\/wp\/v2\/users\/1"}],"replies":[{"embeddable":true,"href":"https:\/\/inclusivenews.com.br\/index.php?rest_route=%2Fwp%2Fv2%2Fcomments&post=24749"}],"version-history":[{"count":0,"href":"https:\/\/inclusivenews.com.br\/index.php?rest_route=\/wp\/v2\/posts\/24749\/revisions"}],"wp:attachment":[{"href":"https:\/\/inclusivenews.com.br\/index.php?rest_route=%2Fwp%2Fv2%2Fmedia&parent=24749"}],"wp:term":[{"taxonomy":"category","embeddable":true,"href":"https:\/\/inclusivenews.com.br\/index.php?rest_route=%2Fwp%2Fv2%2Fcategories&post=24749"},{"taxonomy":"post_tag","embeddable":true,"href":"https:\/\/inclusivenews.com.br\/index.php?rest_route=%2Fwp%2Fv2%2Ftags&post=24749"}],"curies":[{"name":"wp","href":"https:\/\/api.w.org\/{rel}","templated":true}]}}