{"id":24751,"date":"2013-06-20T08:08:04","date_gmt":"2013-06-20T11:08:04","guid":{"rendered":"http:\/\/www.inclusive.org.br\/?p=24751"},"modified":"2013-06-20T08:08:04","modified_gmt":"2013-06-20T11:08:04","slug":"a-falta-de-habito-de-leitura-e-o-analfabetismo-funcional","status":"publish","type":"post","link":"https:\/\/inclusivenews.com.br\/?p=24751","title":{"rendered":"A falta de h\u00e1bito de leitura e o analfabetismo funcional"},"content":{"rendered":"<p><img loading=\"lazy\" decoding=\"async\" class=\"alignleft size-full wp-image-18345\" title=\"Livros na vertical e horizontal, em bico de pena\" src=\"http:\/\/inclusivenews.com.br\/wp-content\/uploads\/2011\/01\/livrospbjpg.jpg\" alt=\"Livros na vertical e horizontal, em bico de pena\" width=\"302\" height=\"151\" \/><\/p>\n<p><em>Professor Marcus Garcia<br \/>\nno Portal Segs<\/em><\/p>\n<p>Segundo a ANL (Associa\u00e7\u00e3o Nacional de Livrarias), o Brasil fechou 2012 com 3.481 livrarias em opera\u00e7\u00e3o. Destas, 49% est\u00e3o instaladas nas capitais dos 27 estados e no Distrito Federal, e as 51% restantes nas demais cidades. Como temos aproximadamente 197 milh\u00f5es de habitantes, isto significa que h\u00e1 cerca de 1,8 livrarias para cada 100 mil habitantes.<\/p>\n<p>Os dados do IDEB (\u00cdndice para o Desenvolvimento da Educa\u00e7\u00e3o B\u00e1sica) de 2012, divulgados pelo MEC, mostram que as 192.676 escolas de educa\u00e7\u00e3o b\u00e1sica no pa\u00eds atendem 50.545.050 alunos. Mas, apenas perto de 64 mil delas possuem bibliotecas. Ou seja, n\u00e3o chega a ter uma biblioteca para cada mil alunos. Isso se reflete, \u00e9 claro, no d\u00e9ficit de leitura do brasileiro.<\/p>\n<p>O Instituto Pr\u00f3-Livro realizou em 2011, um estudo no qual foram entrevistadas mais de 5 mil pessoas em 384 munic\u00edpios. O levantamento revelou que a m\u00e9dia de leitura do brasileiro \u00e9 de quatro livros por ano, sendo que, somente cerca de 50% da popula\u00e7\u00e3o brasileira cultiva o h\u00e1bito de leitura. Para fazer uma compara\u00e7\u00e3o com outros pa\u00edses, na Fran\u00e7a a m\u00e9dia \u00e9 de 12 livros por ano, na Espanha, 11, nos Estados Unidos, 10, na Argentina, seis, no Chile, cinco e na Col\u00f4mbia, dois. Na Noruega, maior IDH (\u00cdndice de Desenvolvimento Humano) do mundo, as pessoas leem cerca de 16 livros por ano. N\u00e3o \u00e9 um n\u00famero t\u00e3o alto comparado a outros pa\u00edses, mas impressiona o percentual da popula\u00e7\u00e3o que cultiva o h\u00e1bito da leitura, que \u00e9 de 96%.<\/p>\n<p>O incentivo dado ao estudante para ler deveria come\u00e7ar na escola, mas quase 70% delas sequer t\u00eam uma biblioteca. Com esta realidade, o que se pode esperar a n\u00e3o ser grande n\u00famero de analfabetos funcionais? Dados do Indicador de Analfabetismo Funcional, divulgados em julho de 2012, d\u00e3o conta que 20% dos brasileiros, de 15 a 49 anos, s\u00e3o analfabetos funcionais, ou seja, aquela pessoa que, apesar de conseguir ler as palavras, n\u00e3o consegue entender e, consequentemente, interpretar a mensagem de um texto de at\u00e9 10 linhas com at\u00e9 tr\u00eas par\u00e1grafos.<\/p>\n<p>A mudan\u00e7a dessa realidade depende de conscientiza\u00e7\u00e3o e sensibiliza\u00e7\u00e3o. Para desenvolver novos patamares intelectuais, culturais e profissionais, a pessoa precisa necessariamente ampliar seu cabedal de conhecimento, o que torna a leitura fundamental. A neuroci\u00eancia j\u00e1 pesquisou e afirmou que a capacidade do c\u00e9rebro humano \u00e9 muito grande, e uma vida inteira de estudo e leitura intensivos n\u00e3o seriam suficientes para esgotar uma pequena fra\u00e7\u00e3o de sua capacidade.<\/p>\n<p>Para cultivar o h\u00e1bito da leitura nas crian\u00e7as e nos jovens \u00e9 preciso que a fam\u00edlia e a escola fa\u00e7am sua parte. Hoje, existem obras de todos os g\u00eaneros que podem agradar at\u00e9 o mais c\u00e9tico dos leitores. Um bom come\u00e7o para despertar o interesse pode ser a conta\u00e7\u00e3o de hist\u00f3rias, seguida de teatrinho, di\u00e1logo e outras t\u00e9cnicas de intera\u00e7\u00e3o e incentivo \u00e0 leitura que podem ser iniciadas logo ap\u00f3s o nascimento da crian\u00e7a. Que tal come\u00e7ar trocando o brinquedo eletr\u00f4nico por um livro de banho ou um fantoche para os beb\u00eas?<\/p>\n<p>Para dizer o m\u00ednimo, parafrasearei Mark Twain, escritor e humorista norte-americano que viveu no s\u00e9culo XIX e escreveu aquele que \u00e9 considerado o maior romance americano \u201cAs Aventuras de Huckleberry Finn\u201d: &#8220;Quem n\u00e3o l\u00ea tem pouca vantagem sobre quem n\u00e3o sabe ler.&#8221;<\/p>\n<p><em>* Professor Marcus Garcia possui forma\u00e7\u00e3o na \u00e1rea de Educa\u00e7\u00e3o e Tecnologia da Informa\u00e7\u00e3o, j\u00e1 escreveu 16 livros, entre eles \u00e9 autor e organizador da s\u00e9rie de livros A Escola No S\u00e9culo XXI. www.marcusgarcia.pro.br<\/em><\/p>\n","protected":false},"excerpt":{"rendered":"<p>O incentivo dado ao estudante para ler deveria come\u00e7ar na escola, mas quase 70% delas sequer t\u00eam uma biblioteca. Com esta realidade, o que se pode esperar a n\u00e3o ser grande n\u00famero de analfabetos funcionais.<\/p>\n","protected":false},"author":1,"featured_media":0,"comment_status":"open","ping_status":"open","sticky":false,"template":"","format":"standard","meta":{"site-container-style":"default","site-container-layout":"default","site-sidebar-layout":"default","disable-article-header":"default","disable-site-header":"default","disable-site-footer":"default","disable-content-area-spacing":"default","footnotes":""},"categories":[29,6,48],"tags":[],"class_list":["post-24751","post","type-post","status-publish","format-standard","hentry","category-cultura","category-educacao","category-inclusao"],"yoast_head":"<!-- This site is optimized with the Yoast SEO plugin v27.4 - https:\/\/yoast.com\/product\/yoast-seo-wordpress\/ -->\n<title>A falta de h\u00e1bito de leitura e o analfabetismo funcional -<\/title>\n<meta name=\"robots\" content=\"index, follow, max-snippet:-1, max-image-preview:large, max-video-preview:-1\" \/>\n<link rel=\"canonical\" href=\"https:\/\/inclusivenews.com.br\/?p=24751\" \/>\n<meta property=\"og:locale\" content=\"pt_PT\" \/>\n<meta property=\"og:type\" content=\"article\" \/>\n<meta property=\"og:title\" content=\"A falta de h\u00e1bito de leitura e o analfabetismo funcional -\" \/>\n<meta property=\"og:description\" content=\"O incentivo dado ao estudante para ler deveria come\u00e7ar na escola, mas quase 70% delas sequer t\u00eam uma biblioteca. Com esta realidade, o que se pode esperar a n\u00e3o ser grande n\u00famero de analfabetos funcionais.\" \/>\n<meta property=\"og:url\" content=\"https:\/\/inclusivenews.com.br\/?p=24751\" \/>\n<meta property=\"article:publisher\" content=\"https:\/\/www.facebook.com\/agenciainclusive\/\" \/>\n<meta property=\"article:published_time\" content=\"2013-06-20T11:08:04+00:00\" \/>\n<meta property=\"og:image\" content=\"http:\/\/inclusivenews.com.br\/wp-content\/uploads\/2011\/01\/livrospbjpg.jpg\" \/>\n<meta name=\"author\" content=\"inclusivenews2024\" \/>\n<meta name=\"twitter:card\" content=\"summary_large_image\" \/>\n<meta name=\"twitter:label1\" content=\"Escrito por\" \/>\n\t<meta name=\"twitter:data1\" content=\"inclusivenews2024\" \/>\n\t<meta name=\"twitter:label2\" content=\"Tempo estimado de leitura\" \/>\n\t<meta name=\"twitter:data2\" content=\"3 minutos\" \/>\n<script type=\"application\/ld+json\" class=\"yoast-schema-graph\">{\"@context\":\"https:\\\/\\\/schema.org\",\"@graph\":[{\"@type\":\"Article\",\"@id\":\"https:\\\/\\\/inclusivenews.com.br\\\/?p=24751#article\",\"isPartOf\":{\"@id\":\"https:\\\/\\\/inclusivenews.com.br\\\/?p=24751\"},\"author\":{\"name\":\"inclusivenews2024\",\"@id\":\"https:\\\/\\\/inclusivenews.com.br\\\/#\\\/schema\\\/person\\\/ae4ec7087559b8692fb33b6fffd2273b\"},\"headline\":\"A falta de h\u00e1bito de leitura e o analfabetismo funcional\",\"datePublished\":\"2013-06-20T11:08:04+00:00\",\"mainEntityOfPage\":{\"@id\":\"https:\\\/\\\/inclusivenews.com.br\\\/?p=24751\"},\"wordCount\":621,\"commentCount\":1,\"publisher\":{\"@id\":\"https:\\\/\\\/inclusivenews.com.br\\\/#organization\"},\"image\":{\"@id\":\"https:\\\/\\\/inclusivenews.com.br\\\/?p=24751#primaryimage\"},\"thumbnailUrl\":\"http:\\\/\\\/inclusivenews.com.br\\\/wp-content\\\/uploads\\\/2011\\\/01\\\/livrospbjpg.jpg\",\"articleSection\":[\"Cultura\",\"EDUCA\u00c7\u00c3O\",\"INCLUS\u00c3O SOCIAL\"],\"inLanguage\":\"pt-PT\",\"potentialAction\":[{\"@type\":\"CommentAction\",\"name\":\"Comment\",\"target\":[\"https:\\\/\\\/inclusivenews.com.br\\\/?p=24751#respond\"]}]},{\"@type\":\"WebPage\",\"@id\":\"https:\\\/\\\/inclusivenews.com.br\\\/?p=24751\",\"url\":\"https:\\\/\\\/inclusivenews.com.br\\\/?p=24751\",\"name\":\"A falta de h\u00e1bito de leitura e o analfabetismo funcional -\",\"isPartOf\":{\"@id\":\"https:\\\/\\\/inclusivenews.com.br\\\/#website\"},\"primaryImageOfPage\":{\"@id\":\"https:\\\/\\\/inclusivenews.com.br\\\/?p=24751#primaryimage\"},\"image\":{\"@id\":\"https:\\\/\\\/inclusivenews.com.br\\\/?p=24751#primaryimage\"},\"thumbnailUrl\":\"http:\\\/\\\/inclusivenews.com.br\\\/wp-content\\\/uploads\\\/2011\\\/01\\\/livrospbjpg.jpg\",\"datePublished\":\"2013-06-20T11:08:04+00:00\",\"breadcrumb\":{\"@id\":\"https:\\\/\\\/inclusivenews.com.br\\\/?p=24751#breadcrumb\"},\"inLanguage\":\"pt-PT\",\"potentialAction\":[{\"@type\":\"ReadAction\",\"target\":[\"https:\\\/\\\/inclusivenews.com.br\\\/?p=24751\"]}]},{\"@type\":\"ImageObject\",\"inLanguage\":\"pt-PT\",\"@id\":\"https:\\\/\\\/inclusivenews.com.br\\\/?p=24751#primaryimage\",\"url\":\"\",\"contentUrl\":\"\"},{\"@type\":\"BreadcrumbList\",\"@id\":\"https:\\\/\\\/inclusivenews.com.br\\\/?p=24751#breadcrumb\",\"itemListElement\":[{\"@type\":\"ListItem\",\"position\":1,\"name\":\"In\u00edcio\",\"item\":\"https:\\\/\\\/inclusivenews.com.br\\\/\"},{\"@type\":\"ListItem\",\"position\":2,\"name\":\"A falta de h\u00e1bito de leitura e o analfabetismo funcional\"}]},{\"@type\":\"WebSite\",\"@id\":\"https:\\\/\\\/inclusivenews.com.br\\\/#website\",\"url\":\"https:\\\/\\\/inclusivenews.com.br\\\/\",\"name\":\"Inclusive News\",\"description\":\"Inclusive News\",\"publisher\":{\"@id\":\"https:\\\/\\\/inclusivenews.com.br\\\/#organization\"},\"potentialAction\":[{\"@type\":\"SearchAction\",\"target\":{\"@type\":\"EntryPoint\",\"urlTemplate\":\"https:\\\/\\\/inclusivenews.com.br\\\/?s={search_term_string}\"},\"query-input\":{\"@type\":\"PropertyValueSpecification\",\"valueRequired\":true,\"valueName\":\"search_term_string\"}}],\"inLanguage\":\"pt-PT\"},{\"@type\":\"Organization\",\"@id\":\"https:\\\/\\\/inclusivenews.com.br\\\/#organization\",\"name\":\"Inclusive - inclus\u00e3o e cidadania\",\"url\":\"https:\\\/\\\/inclusivenews.com.br\\\/\",\"logo\":{\"@type\":\"ImageObject\",\"inLanguage\":\"pt-PT\",\"@id\":\"https:\\\/\\\/inclusivenews.com.br\\\/#\\\/schema\\\/logo\\\/image\\\/\",\"url\":\"https:\\\/\\\/inclusivenews.com.br\\\/wp-content\\\/uploads\\\/2024\\\/03\\\/@grandesite.png\",\"contentUrl\":\"https:\\\/\\\/inclusivenews.com.br\\\/wp-content\\\/uploads\\\/2024\\\/03\\\/@grandesite.png\",\"width\":1080,\"height\":1080,\"caption\":\"Inclusive - inclus\u00e3o e cidadania\"},\"image\":{\"@id\":\"https:\\\/\\\/inclusivenews.com.br\\\/#\\\/schema\\\/logo\\\/image\\\/\"},\"sameAs\":[\"https:\\\/\\\/www.facebook.com\\\/agenciainclusive\\\/\",\"https:\\\/\\\/www.instagram.com\\\/newsinclusive\\\/\"]},{\"@type\":\"Person\",\"@id\":\"https:\\\/\\\/inclusivenews.com.br\\\/#\\\/schema\\\/person\\\/ae4ec7087559b8692fb33b6fffd2273b\",\"name\":\"inclusivenews2024\",\"image\":{\"@type\":\"ImageObject\",\"inLanguage\":\"pt-PT\",\"@id\":\"https:\\\/\\\/secure.gravatar.com\\\/avatar\\\/c5a7ef84c66fa914f55bc4f7ce26cfa275a3b9a1c5568b907bd184fb4dde7b40?s=96&d=mm&r=g\",\"url\":\"https:\\\/\\\/secure.gravatar.com\\\/avatar\\\/c5a7ef84c66fa914f55bc4f7ce26cfa275a3b9a1c5568b907bd184fb4dde7b40?s=96&d=mm&r=g\",\"contentUrl\":\"https:\\\/\\\/secure.gravatar.com\\\/avatar\\\/c5a7ef84c66fa914f55bc4f7ce26cfa275a3b9a1c5568b907bd184fb4dde7b40?s=96&d=mm&r=g\",\"caption\":\"inclusivenews2024\"},\"sameAs\":[\"https:\\\/\\\/inclusivenews.com.br\"],\"url\":\"https:\\\/\\\/inclusivenews.com.br\\\/?author=1\"}]}<\/script>\n<!-- \/ Yoast SEO plugin. -->","yoast_head_json":{"title":"A falta de h\u00e1bito de leitura e o analfabetismo funcional -","robots":{"index":"index","follow":"follow","max-snippet":"max-snippet:-1","max-image-preview":"max-image-preview:large","max-video-preview":"max-video-preview:-1"},"canonical":"https:\/\/inclusivenews.com.br\/?p=24751","og_locale":"pt_PT","og_type":"article","og_title":"A falta de h\u00e1bito de leitura e o analfabetismo funcional -","og_description":"O incentivo dado ao estudante para ler deveria come\u00e7ar na escola, mas quase 70% delas sequer t\u00eam uma biblioteca. Com esta realidade, o que se pode esperar a n\u00e3o ser grande n\u00famero de analfabetos funcionais.","og_url":"https:\/\/inclusivenews.com.br\/?p=24751","article_publisher":"https:\/\/www.facebook.com\/agenciainclusive\/","article_published_time":"2013-06-20T11:08:04+00:00","og_image":[{"url":"http:\/\/inclusivenews.com.br\/wp-content\/uploads\/2011\/01\/livrospbjpg.jpg","type":"","width":"","height":""}],"author":"inclusivenews2024","twitter_card":"summary_large_image","twitter_misc":{"Escrito por":"inclusivenews2024","Tempo estimado de leitura":"3 minutos"},"schema":{"@context":"https:\/\/schema.org","@graph":[{"@type":"Article","@id":"https:\/\/inclusivenews.com.br\/?p=24751#article","isPartOf":{"@id":"https:\/\/inclusivenews.com.br\/?p=24751"},"author":{"name":"inclusivenews2024","@id":"https:\/\/inclusivenews.com.br\/#\/schema\/person\/ae4ec7087559b8692fb33b6fffd2273b"},"headline":"A falta de h\u00e1bito de leitura e o analfabetismo funcional","datePublished":"2013-06-20T11:08:04+00:00","mainEntityOfPage":{"@id":"https:\/\/inclusivenews.com.br\/?p=24751"},"wordCount":621,"commentCount":1,"publisher":{"@id":"https:\/\/inclusivenews.com.br\/#organization"},"image":{"@id":"https:\/\/inclusivenews.com.br\/?p=24751#primaryimage"},"thumbnailUrl":"http:\/\/inclusivenews.com.br\/wp-content\/uploads\/2011\/01\/livrospbjpg.jpg","articleSection":["Cultura","EDUCA\u00c7\u00c3O","INCLUS\u00c3O SOCIAL"],"inLanguage":"pt-PT","potentialAction":[{"@type":"CommentAction","name":"Comment","target":["https:\/\/inclusivenews.com.br\/?p=24751#respond"]}]},{"@type":"WebPage","@id":"https:\/\/inclusivenews.com.br\/?p=24751","url":"https:\/\/inclusivenews.com.br\/?p=24751","name":"A falta de h\u00e1bito de leitura e o analfabetismo funcional -","isPartOf":{"@id":"https:\/\/inclusivenews.com.br\/#website"},"primaryImageOfPage":{"@id":"https:\/\/inclusivenews.com.br\/?p=24751#primaryimage"},"image":{"@id":"https:\/\/inclusivenews.com.br\/?p=24751#primaryimage"},"thumbnailUrl":"http:\/\/inclusivenews.com.br\/wp-content\/uploads\/2011\/01\/livrospbjpg.jpg","datePublished":"2013-06-20T11:08:04+00:00","breadcrumb":{"@id":"https:\/\/inclusivenews.com.br\/?p=24751#breadcrumb"},"inLanguage":"pt-PT","potentialAction":[{"@type":"ReadAction","target":["https:\/\/inclusivenews.com.br\/?p=24751"]}]},{"@type":"ImageObject","inLanguage":"pt-PT","@id":"https:\/\/inclusivenews.com.br\/?p=24751#primaryimage","url":"","contentUrl":""},{"@type":"BreadcrumbList","@id":"https:\/\/inclusivenews.com.br\/?p=24751#breadcrumb","itemListElement":[{"@type":"ListItem","position":1,"name":"In\u00edcio","item":"https:\/\/inclusivenews.com.br\/"},{"@type":"ListItem","position":2,"name":"A falta de h\u00e1bito de leitura e o analfabetismo funcional"}]},{"@type":"WebSite","@id":"https:\/\/inclusivenews.com.br\/#website","url":"https:\/\/inclusivenews.com.br\/","name":"Inclusive News","description":"Inclusive News","publisher":{"@id":"https:\/\/inclusivenews.com.br\/#organization"},"potentialAction":[{"@type":"SearchAction","target":{"@type":"EntryPoint","urlTemplate":"https:\/\/inclusivenews.com.br\/?s={search_term_string}"},"query-input":{"@type":"PropertyValueSpecification","valueRequired":true,"valueName":"search_term_string"}}],"inLanguage":"pt-PT"},{"@type":"Organization","@id":"https:\/\/inclusivenews.com.br\/#organization","name":"Inclusive - inclus\u00e3o e cidadania","url":"https:\/\/inclusivenews.com.br\/","logo":{"@type":"ImageObject","inLanguage":"pt-PT","@id":"https:\/\/inclusivenews.com.br\/#\/schema\/logo\/image\/","url":"https:\/\/inclusivenews.com.br\/wp-content\/uploads\/2024\/03\/@grandesite.png","contentUrl":"https:\/\/inclusivenews.com.br\/wp-content\/uploads\/2024\/03\/@grandesite.png","width":1080,"height":1080,"caption":"Inclusive - inclus\u00e3o e cidadania"},"image":{"@id":"https:\/\/inclusivenews.com.br\/#\/schema\/logo\/image\/"},"sameAs":["https:\/\/www.facebook.com\/agenciainclusive\/","https:\/\/www.instagram.com\/newsinclusive\/"]},{"@type":"Person","@id":"https:\/\/inclusivenews.com.br\/#\/schema\/person\/ae4ec7087559b8692fb33b6fffd2273b","name":"inclusivenews2024","image":{"@type":"ImageObject","inLanguage":"pt-PT","@id":"https:\/\/secure.gravatar.com\/avatar\/c5a7ef84c66fa914f55bc4f7ce26cfa275a3b9a1c5568b907bd184fb4dde7b40?s=96&d=mm&r=g","url":"https:\/\/secure.gravatar.com\/avatar\/c5a7ef84c66fa914f55bc4f7ce26cfa275a3b9a1c5568b907bd184fb4dde7b40?s=96&d=mm&r=g","contentUrl":"https:\/\/secure.gravatar.com\/avatar\/c5a7ef84c66fa914f55bc4f7ce26cfa275a3b9a1c5568b907bd184fb4dde7b40?s=96&d=mm&r=g","caption":"inclusivenews2024"},"sameAs":["https:\/\/inclusivenews.com.br"],"url":"https:\/\/inclusivenews.com.br\/?author=1"}]}},"_links":{"self":[{"href":"https:\/\/inclusivenews.com.br\/index.php?rest_route=\/wp\/v2\/posts\/24751","targetHints":{"allow":["GET"]}}],"collection":[{"href":"https:\/\/inclusivenews.com.br\/index.php?rest_route=\/wp\/v2\/posts"}],"about":[{"href":"https:\/\/inclusivenews.com.br\/index.php?rest_route=\/wp\/v2\/types\/post"}],"author":[{"embeddable":true,"href":"https:\/\/inclusivenews.com.br\/index.php?rest_route=\/wp\/v2\/users\/1"}],"replies":[{"embeddable":true,"href":"https:\/\/inclusivenews.com.br\/index.php?rest_route=%2Fwp%2Fv2%2Fcomments&post=24751"}],"version-history":[{"count":0,"href":"https:\/\/inclusivenews.com.br\/index.php?rest_route=\/wp\/v2\/posts\/24751\/revisions"}],"wp:attachment":[{"href":"https:\/\/inclusivenews.com.br\/index.php?rest_route=%2Fwp%2Fv2%2Fmedia&parent=24751"}],"wp:term":[{"taxonomy":"category","embeddable":true,"href":"https:\/\/inclusivenews.com.br\/index.php?rest_route=%2Fwp%2Fv2%2Fcategories&post=24751"},{"taxonomy":"post_tag","embeddable":true,"href":"https:\/\/inclusivenews.com.br\/index.php?rest_route=%2Fwp%2Fv2%2Ftags&post=24751"}],"curies":[{"name":"wp","href":"https:\/\/api.w.org\/{rel}","templated":true}]}}