{"id":24781,"date":"2013-06-22T16:04:34","date_gmt":"2013-06-22T19:04:34","guid":{"rendered":"http:\/\/www.inclusive.org.br\/?p=24781"},"modified":"2013-06-22T16:04:34","modified_gmt":"2013-06-22T19:04:34","slug":"uma-mensagem-de-quem-esta-na-estrada","status":"publish","type":"post","link":"https:\/\/inclusivenews.com.br\/?p=24781","title":{"rendered":"Uma mensagem de quem est\u00e1 na estrada"},"content":{"rendered":"<figure id=\"attachment_24782\" aria-describedby=\"caption-attachment-24782\" style=\"width: 300px\" class=\"wp-caption alignleft\"><img loading=\"lazy\" decoding=\"async\" class=\"size-medium wp-image-24782\" title=\"Ca\u00e7adores de bons exemplos\" src=\"http:\/\/inclusivenews.com.br\/wp-content\/uploads\/cacadores-300x200.jpg\" alt=\"Ca\u00e7adores de bons exemplos\" width=\"300\" height=\"200\" \/><figcaption id=\"caption-attachment-24782\" class=\"wp-caption-text\"> <\/figcaption><\/figure>\n<p>Essa \u00e9 a posi\u00e7\u00e3o dos <a href=\"https:\/\/www.facebook.com\/Cacadordebomexemplo\" target=\"_blank\" rel=\"noopener\">Ca\u00e7adores de Bons Exemplos<\/a>, amigos especiais da Inclusive, sobre o #vemprarua<\/p>\n<p>Nossa posi\u00e7\u00e3o perante aos acontecimentos:<\/p>\n<p>alguns amigos nos dizem: isso n\u00e3o vai mudar nada. A\u00ed perguntamos: ficar sentado em frente a TV muda alguma coisa?<\/p>\n<p>O &#8220;Vem Pr\u00e1 Rua&#8221; \u00e9 lugar de pessoas que tem o sentimento de mudan\u00e7a dentro de si.<\/p>\n<p>Se vai mudar todas as pol\u00edticas ningu\u00e9m sabe, por\u00e9m algo se transformou dentro dos cora\u00e7\u00f5es de quem est\u00e1 ali.<\/p>\n<p>Est\u00e3o cobrando de governantes e ir\u00e3o se cobrar tamb\u00e9m, em suas pr\u00f3prias atitudes. Ningu\u00e9m se mant\u00eam o mesmo, depois disso tudo. Isso \u00e9 fant\u00e1stico!<\/p>\n<p>Quantas vezes assistimos brasileiros cantando o hino com os l\u00e1bios serrados? Hoje n\u00e3o! O patriotismo voltou em forma de bandeiras nas m\u00e3os e hino solto na garganta.<\/p>\n<p>Ent\u00e3o se \u00e9 assim, l\u00e1 n\u00e3o \u00e9 lugar da cervejinha, da falta de compromisso e de vandalismo. Quem est\u00e1 na rua, fazendo baderna n\u00e3o representa o movimento!<\/p>\n<p>N\u00e3o percam o foco\u2026ningu\u00e9m mais esta na rua s\u00f3 pelos R$ 0,20. Estando nas manifesta\u00e7\u00f5es, \u00e9 clara a pluralidade das causas levantadas: sa\u00fade, em toda a sua abrang\u00eancia: a falta de leito nos hospitais, a falta de m\u00e9dicos (por\u00e9m existem muitos m\u00e9dicos no Brasil fazendo somente atendimentos particulares, N\u00e3o Precisa Importar, somente pagar melhor os brasileiros), a falta de estrutura dos hospitais no interior (por isso os m\u00e9dicos n\u00e3o querem ir para cidades pequenas), a neglig\u00eancia com a mortalidade infantil, que em alguns estados \u00e9 alt\u00edssima, campanhas de conscientiza\u00e7\u00e3o de alimenta\u00e7\u00e3o saud\u00e1vel&#8230;<\/p>\n<p>Educa\u00e7\u00e3o, tamb\u00e9m em sua abrang\u00eancia: a falta de salas de aulas melhores, a falta de professores capacitados, a falta da educa\u00e7\u00e3o linear aonde todos aprendem juntos, a falta de pedagogia da roda, pedagogia do brinquedo, pedagogia do abra\u00e7o, a falta da Escola para a VIDA&#8230;<\/p>\n<p>Corrup\u00e7\u00e3o: quantos funcion\u00e1rios p\u00fablicos est\u00e3o apenas querendo ganhar seus sal\u00e1rios e suas garantias, mas n\u00e3o querem fazer um bom atendimento para a sociedade\u2026 A impunidade daqueles que mesmo investigados est\u00e3o no poder\u2026 Se falta dinheiro para o principal, aonde arrumam tanto dinheiro para o investimento t\u00e3o alto em grandes obras como os est\u00e1dios e Belo Monte, sendo que existem outras prioridades? Est\u00e3o construindo h\u00e1 40 anos a Transamaz\u00f4nica e at\u00e9 hoje n\u00e3o terminaram, por que n\u00e3o terminam as obras antes de come\u00e7ar outras? E a Transposi\u00e7\u00e3o do Rio S\u00e3o Francisco? Quanto dinheiro jogado por \u00e1gua abaixo!<\/p>\n<p>Inefici\u00eancia do transporte p\u00fablico: a super lota\u00e7\u00e3o dos \u00f4nibus e metr\u00f4s, \u00e9 muito mais revoltante do que o pr\u00f3prio aumento, isso que irrita as pessoas. Os engarrafamentos est\u00e3o cada vez maiores, inclusive em cidades de m\u00e9dio porte. Al\u00e9m disso, as rodovias do pa\u00eds, em sua grande maioria, est\u00e3o um desastre. Enquanto isso, o incentivo para a compra de carros novos explode em nosso pa\u00eds. Mas para que ter carro novo e n\u00e3o ter estrada para rodar? Para que ter carro novo e viver estressado em engarrafamentos?<\/p>\n<p>PEC 37, Cura Gay, Redu\u00e7\u00e3o da maioridade penal e tantas outras PECs, PACs e Plufts, N\u00c3O s\u00e3o prioridades para o povo brasileiro!<\/p>\n<p>Enfim\u2026Eu e o Eduardo n\u00e3o precisamos da manisfeta\u00e7\u00e3o para mudar nossas vidas, afinal de contas j\u00e1 mudamos h\u00e1 2 anos e meio atr\u00e1s, quando vendemos nosso apartamento e sa\u00edmos em uma viagem para buscar bons exemplos brasileiros, ou melhor dizendo, buscar pessoas que solucionam todos os problemas que o governo n\u00e3o consegue solucionar sozinho. Por\u00e9m, temos muito ORGULHO em dizer: N\u00d3S ESTAMOS NA RUA!<\/p>\n<p>O movimento pode ter come\u00e7ado por causa de R$0,20, mas hoje \u00e9 inteiramente por uma sociedade mais justa e igualit\u00e1ria!<\/p>\n<p>N\u00f3s, Ca\u00e7adores de Bons Exemplos, Amamos nosso Pa\u00eds e acreditamos na Ordem e Progresso das Pessoas!<\/p>\n","protected":false},"excerpt":{"rendered":"<p>Essa \u00e9 a posi\u00e7\u00e3o dos Ca\u00e7adores de Bons Exemplos, amigos especiais da Inclusive, sobre o #vemprarua<\/p>\n","protected":false},"author":1,"featured_media":0,"comment_status":"open","ping_status":"open","sticky":false,"template":"","format":"standard","meta":{"site-container-style":"default","site-container-layout":"default","site-sidebar-layout":"default","disable-article-header":"default","disable-site-header":"default","disable-site-footer":"default","disable-content-area-spacing":"default","footnotes":""},"categories":[4],"tags":[210],"class_list":["post-24781","post","type-post","status-publish","format-standard","hentry","category-noticias","tag-vemprarua"],"yoast_head":"<!-- This site is optimized with the Yoast SEO plugin v27.4 - https:\/\/yoast.com\/product\/yoast-seo-wordpress\/ -->\n<title>Uma mensagem de quem est\u00e1 na estrada -<\/title>\n<meta name=\"robots\" content=\"index, follow, max-snippet:-1, max-image-preview:large, max-video-preview:-1\" \/>\n<link rel=\"canonical\" href=\"https:\/\/inclusivenews.com.br\/?p=24781\" \/>\n<meta property=\"og:locale\" content=\"pt_PT\" \/>\n<meta property=\"og:type\" content=\"article\" \/>\n<meta property=\"og:title\" content=\"Uma mensagem de quem est\u00e1 na estrada -\" \/>\n<meta property=\"og:description\" content=\"Essa \u00e9 a posi\u00e7\u00e3o dos Ca\u00e7adores de Bons Exemplos, amigos especiais da Inclusive, sobre o #vemprarua\" \/>\n<meta property=\"og:url\" content=\"https:\/\/inclusivenews.com.br\/?p=24781\" \/>\n<meta property=\"article:publisher\" content=\"https:\/\/www.facebook.com\/agenciainclusive\/\" \/>\n<meta property=\"article:published_time\" content=\"2013-06-22T19:04:34+00:00\" \/>\n<meta property=\"og:image\" content=\"http:\/\/inclusivenews.com.br\/wp-content\/uploads\/cacadores-300x200.jpg\" \/>\n<meta name=\"author\" content=\"inclusivenews2024\" \/>\n<meta name=\"twitter:card\" content=\"summary_large_image\" \/>\n<meta name=\"twitter:label1\" content=\"Escrito por\" \/>\n\t<meta name=\"twitter:data1\" content=\"inclusivenews2024\" \/>\n\t<meta name=\"twitter:label2\" content=\"Tempo estimado de leitura\" \/>\n\t<meta name=\"twitter:data2\" content=\"3 minutos\" \/>\n<script type=\"application\/ld+json\" class=\"yoast-schema-graph\">{\"@context\":\"https:\\\/\\\/schema.org\",\"@graph\":[{\"@type\":\"Article\",\"@id\":\"https:\\\/\\\/inclusivenews.com.br\\\/?p=24781#article\",\"isPartOf\":{\"@id\":\"https:\\\/\\\/inclusivenews.com.br\\\/?p=24781\"},\"author\":{\"name\":\"inclusivenews2024\",\"@id\":\"https:\\\/\\\/inclusivenews.com.br\\\/#\\\/schema\\\/person\\\/ae4ec7087559b8692fb33b6fffd2273b\"},\"headline\":\"Uma mensagem de quem est\u00e1 na estrada\",\"datePublished\":\"2013-06-22T19:04:34+00:00\",\"mainEntityOfPage\":{\"@id\":\"https:\\\/\\\/inclusivenews.com.br\\\/?p=24781\"},\"wordCount\":686,\"commentCount\":0,\"publisher\":{\"@id\":\"https:\\\/\\\/inclusivenews.com.br\\\/#organization\"},\"image\":{\"@id\":\"https:\\\/\\\/inclusivenews.com.br\\\/?p=24781#primaryimage\"},\"thumbnailUrl\":\"http:\\\/\\\/inclusivenews.com.br\\\/wp-content\\\/uploads\\\/cacadores-300x200.jpg\",\"keywords\":[\"vemprarua\"],\"articleSection\":[\"NOT\u00cdCIAS\"],\"inLanguage\":\"pt-PT\",\"potentialAction\":[{\"@type\":\"CommentAction\",\"name\":\"Comment\",\"target\":[\"https:\\\/\\\/inclusivenews.com.br\\\/?p=24781#respond\"]}]},{\"@type\":\"WebPage\",\"@id\":\"https:\\\/\\\/inclusivenews.com.br\\\/?p=24781\",\"url\":\"https:\\\/\\\/inclusivenews.com.br\\\/?p=24781\",\"name\":\"Uma mensagem de quem est\u00e1 na estrada -\",\"isPartOf\":{\"@id\":\"https:\\\/\\\/inclusivenews.com.br\\\/#website\"},\"primaryImageOfPage\":{\"@id\":\"https:\\\/\\\/inclusivenews.com.br\\\/?p=24781#primaryimage\"},\"image\":{\"@id\":\"https:\\\/\\\/inclusivenews.com.br\\\/?p=24781#primaryimage\"},\"thumbnailUrl\":\"http:\\\/\\\/inclusivenews.com.br\\\/wp-content\\\/uploads\\\/cacadores-300x200.jpg\",\"datePublished\":\"2013-06-22T19:04:34+00:00\",\"breadcrumb\":{\"@id\":\"https:\\\/\\\/inclusivenews.com.br\\\/?p=24781#breadcrumb\"},\"inLanguage\":\"pt-PT\",\"potentialAction\":[{\"@type\":\"ReadAction\",\"target\":[\"https:\\\/\\\/inclusivenews.com.br\\\/?p=24781\"]}]},{\"@type\":\"ImageObject\",\"inLanguage\":\"pt-PT\",\"@id\":\"https:\\\/\\\/inclusivenews.com.br\\\/?p=24781#primaryimage\",\"url\":\"\",\"contentUrl\":\"\"},{\"@type\":\"BreadcrumbList\",\"@id\":\"https:\\\/\\\/inclusivenews.com.br\\\/?p=24781#breadcrumb\",\"itemListElement\":[{\"@type\":\"ListItem\",\"position\":1,\"name\":\"In\u00edcio\",\"item\":\"https:\\\/\\\/inclusivenews.com.br\\\/\"},{\"@type\":\"ListItem\",\"position\":2,\"name\":\"Uma mensagem de quem est\u00e1 na estrada\"}]},{\"@type\":\"WebSite\",\"@id\":\"https:\\\/\\\/inclusivenews.com.br\\\/#website\",\"url\":\"https:\\\/\\\/inclusivenews.com.br\\\/\",\"name\":\"Inclusive News\",\"description\":\"Inclusive News\",\"publisher\":{\"@id\":\"https:\\\/\\\/inclusivenews.com.br\\\/#organization\"},\"potentialAction\":[{\"@type\":\"SearchAction\",\"target\":{\"@type\":\"EntryPoint\",\"urlTemplate\":\"https:\\\/\\\/inclusivenews.com.br\\\/?s={search_term_string}\"},\"query-input\":{\"@type\":\"PropertyValueSpecification\",\"valueRequired\":true,\"valueName\":\"search_term_string\"}}],\"inLanguage\":\"pt-PT\"},{\"@type\":\"Organization\",\"@id\":\"https:\\\/\\\/inclusivenews.com.br\\\/#organization\",\"name\":\"Inclusive - inclus\u00e3o e cidadania\",\"url\":\"https:\\\/\\\/inclusivenews.com.br\\\/\",\"logo\":{\"@type\":\"ImageObject\",\"inLanguage\":\"pt-PT\",\"@id\":\"https:\\\/\\\/inclusivenews.com.br\\\/#\\\/schema\\\/logo\\\/image\\\/\",\"url\":\"https:\\\/\\\/inclusivenews.com.br\\\/wp-content\\\/uploads\\\/2024\\\/03\\\/@grandesite.png\",\"contentUrl\":\"https:\\\/\\\/inclusivenews.com.br\\\/wp-content\\\/uploads\\\/2024\\\/03\\\/@grandesite.png\",\"width\":1080,\"height\":1080,\"caption\":\"Inclusive - inclus\u00e3o e cidadania\"},\"image\":{\"@id\":\"https:\\\/\\\/inclusivenews.com.br\\\/#\\\/schema\\\/logo\\\/image\\\/\"},\"sameAs\":[\"https:\\\/\\\/www.facebook.com\\\/agenciainclusive\\\/\",\"https:\\\/\\\/www.instagram.com\\\/newsinclusive\\\/\"]},{\"@type\":\"Person\",\"@id\":\"https:\\\/\\\/inclusivenews.com.br\\\/#\\\/schema\\\/person\\\/ae4ec7087559b8692fb33b6fffd2273b\",\"name\":\"inclusivenews2024\",\"image\":{\"@type\":\"ImageObject\",\"inLanguage\":\"pt-PT\",\"@id\":\"https:\\\/\\\/secure.gravatar.com\\\/avatar\\\/c5a7ef84c66fa914f55bc4f7ce26cfa275a3b9a1c5568b907bd184fb4dde7b40?s=96&d=mm&r=g\",\"url\":\"https:\\\/\\\/secure.gravatar.com\\\/avatar\\\/c5a7ef84c66fa914f55bc4f7ce26cfa275a3b9a1c5568b907bd184fb4dde7b40?s=96&d=mm&r=g\",\"contentUrl\":\"https:\\\/\\\/secure.gravatar.com\\\/avatar\\\/c5a7ef84c66fa914f55bc4f7ce26cfa275a3b9a1c5568b907bd184fb4dde7b40?s=96&d=mm&r=g\",\"caption\":\"inclusivenews2024\"},\"sameAs\":[\"https:\\\/\\\/inclusivenews.com.br\"],\"url\":\"https:\\\/\\\/inclusivenews.com.br\\\/?author=1\"}]}<\/script>\n<!-- \/ Yoast SEO plugin. -->","yoast_head_json":{"title":"Uma mensagem de quem est\u00e1 na estrada -","robots":{"index":"index","follow":"follow","max-snippet":"max-snippet:-1","max-image-preview":"max-image-preview:large","max-video-preview":"max-video-preview:-1"},"canonical":"https:\/\/inclusivenews.com.br\/?p=24781","og_locale":"pt_PT","og_type":"article","og_title":"Uma mensagem de quem est\u00e1 na estrada -","og_description":"Essa \u00e9 a posi\u00e7\u00e3o dos Ca\u00e7adores de Bons Exemplos, amigos especiais da Inclusive, sobre o #vemprarua","og_url":"https:\/\/inclusivenews.com.br\/?p=24781","article_publisher":"https:\/\/www.facebook.com\/agenciainclusive\/","article_published_time":"2013-06-22T19:04:34+00:00","og_image":[{"url":"http:\/\/inclusivenews.com.br\/wp-content\/uploads\/cacadores-300x200.jpg","type":"","width":"","height":""}],"author":"inclusivenews2024","twitter_card":"summary_large_image","twitter_misc":{"Escrito por":"inclusivenews2024","Tempo estimado de leitura":"3 minutos"},"schema":{"@context":"https:\/\/schema.org","@graph":[{"@type":"Article","@id":"https:\/\/inclusivenews.com.br\/?p=24781#article","isPartOf":{"@id":"https:\/\/inclusivenews.com.br\/?p=24781"},"author":{"name":"inclusivenews2024","@id":"https:\/\/inclusivenews.com.br\/#\/schema\/person\/ae4ec7087559b8692fb33b6fffd2273b"},"headline":"Uma mensagem de quem est\u00e1 na estrada","datePublished":"2013-06-22T19:04:34+00:00","mainEntityOfPage":{"@id":"https:\/\/inclusivenews.com.br\/?p=24781"},"wordCount":686,"commentCount":0,"publisher":{"@id":"https:\/\/inclusivenews.com.br\/#organization"},"image":{"@id":"https:\/\/inclusivenews.com.br\/?p=24781#primaryimage"},"thumbnailUrl":"http:\/\/inclusivenews.com.br\/wp-content\/uploads\/cacadores-300x200.jpg","keywords":["vemprarua"],"articleSection":["NOT\u00cdCIAS"],"inLanguage":"pt-PT","potentialAction":[{"@type":"CommentAction","name":"Comment","target":["https:\/\/inclusivenews.com.br\/?p=24781#respond"]}]},{"@type":"WebPage","@id":"https:\/\/inclusivenews.com.br\/?p=24781","url":"https:\/\/inclusivenews.com.br\/?p=24781","name":"Uma mensagem de quem est\u00e1 na estrada -","isPartOf":{"@id":"https:\/\/inclusivenews.com.br\/#website"},"primaryImageOfPage":{"@id":"https:\/\/inclusivenews.com.br\/?p=24781#primaryimage"},"image":{"@id":"https:\/\/inclusivenews.com.br\/?p=24781#primaryimage"},"thumbnailUrl":"http:\/\/inclusivenews.com.br\/wp-content\/uploads\/cacadores-300x200.jpg","datePublished":"2013-06-22T19:04:34+00:00","breadcrumb":{"@id":"https:\/\/inclusivenews.com.br\/?p=24781#breadcrumb"},"inLanguage":"pt-PT","potentialAction":[{"@type":"ReadAction","target":["https:\/\/inclusivenews.com.br\/?p=24781"]}]},{"@type":"ImageObject","inLanguage":"pt-PT","@id":"https:\/\/inclusivenews.com.br\/?p=24781#primaryimage","url":"","contentUrl":""},{"@type":"BreadcrumbList","@id":"https:\/\/inclusivenews.com.br\/?p=24781#breadcrumb","itemListElement":[{"@type":"ListItem","position":1,"name":"In\u00edcio","item":"https:\/\/inclusivenews.com.br\/"},{"@type":"ListItem","position":2,"name":"Uma mensagem de quem est\u00e1 na estrada"}]},{"@type":"WebSite","@id":"https:\/\/inclusivenews.com.br\/#website","url":"https:\/\/inclusivenews.com.br\/","name":"Inclusive News","description":"Inclusive News","publisher":{"@id":"https:\/\/inclusivenews.com.br\/#organization"},"potentialAction":[{"@type":"SearchAction","target":{"@type":"EntryPoint","urlTemplate":"https:\/\/inclusivenews.com.br\/?s={search_term_string}"},"query-input":{"@type":"PropertyValueSpecification","valueRequired":true,"valueName":"search_term_string"}}],"inLanguage":"pt-PT"},{"@type":"Organization","@id":"https:\/\/inclusivenews.com.br\/#organization","name":"Inclusive - inclus\u00e3o e cidadania","url":"https:\/\/inclusivenews.com.br\/","logo":{"@type":"ImageObject","inLanguage":"pt-PT","@id":"https:\/\/inclusivenews.com.br\/#\/schema\/logo\/image\/","url":"https:\/\/inclusivenews.com.br\/wp-content\/uploads\/2024\/03\/@grandesite.png","contentUrl":"https:\/\/inclusivenews.com.br\/wp-content\/uploads\/2024\/03\/@grandesite.png","width":1080,"height":1080,"caption":"Inclusive - inclus\u00e3o e cidadania"},"image":{"@id":"https:\/\/inclusivenews.com.br\/#\/schema\/logo\/image\/"},"sameAs":["https:\/\/www.facebook.com\/agenciainclusive\/","https:\/\/www.instagram.com\/newsinclusive\/"]},{"@type":"Person","@id":"https:\/\/inclusivenews.com.br\/#\/schema\/person\/ae4ec7087559b8692fb33b6fffd2273b","name":"inclusivenews2024","image":{"@type":"ImageObject","inLanguage":"pt-PT","@id":"https:\/\/secure.gravatar.com\/avatar\/c5a7ef84c66fa914f55bc4f7ce26cfa275a3b9a1c5568b907bd184fb4dde7b40?s=96&d=mm&r=g","url":"https:\/\/secure.gravatar.com\/avatar\/c5a7ef84c66fa914f55bc4f7ce26cfa275a3b9a1c5568b907bd184fb4dde7b40?s=96&d=mm&r=g","contentUrl":"https:\/\/secure.gravatar.com\/avatar\/c5a7ef84c66fa914f55bc4f7ce26cfa275a3b9a1c5568b907bd184fb4dde7b40?s=96&d=mm&r=g","caption":"inclusivenews2024"},"sameAs":["https:\/\/inclusivenews.com.br"],"url":"https:\/\/inclusivenews.com.br\/?author=1"}]}},"_links":{"self":[{"href":"https:\/\/inclusivenews.com.br\/index.php?rest_route=\/wp\/v2\/posts\/24781","targetHints":{"allow":["GET"]}}],"collection":[{"href":"https:\/\/inclusivenews.com.br\/index.php?rest_route=\/wp\/v2\/posts"}],"about":[{"href":"https:\/\/inclusivenews.com.br\/index.php?rest_route=\/wp\/v2\/types\/post"}],"author":[{"embeddable":true,"href":"https:\/\/inclusivenews.com.br\/index.php?rest_route=\/wp\/v2\/users\/1"}],"replies":[{"embeddable":true,"href":"https:\/\/inclusivenews.com.br\/index.php?rest_route=%2Fwp%2Fv2%2Fcomments&post=24781"}],"version-history":[{"count":0,"href":"https:\/\/inclusivenews.com.br\/index.php?rest_route=\/wp\/v2\/posts\/24781\/revisions"}],"wp:attachment":[{"href":"https:\/\/inclusivenews.com.br\/index.php?rest_route=%2Fwp%2Fv2%2Fmedia&parent=24781"}],"wp:term":[{"taxonomy":"category","embeddable":true,"href":"https:\/\/inclusivenews.com.br\/index.php?rest_route=%2Fwp%2Fv2%2Fcategories&post=24781"},{"taxonomy":"post_tag","embeddable":true,"href":"https:\/\/inclusivenews.com.br\/index.php?rest_route=%2Fwp%2Fv2%2Ftags&post=24781"}],"curies":[{"name":"wp","href":"https:\/\/api.w.org\/{rel}","templated":true}]}}