{"id":24789,"date":"2013-06-22T18:41:17","date_gmt":"2013-06-22T21:41:17","guid":{"rendered":"http:\/\/www.inclusive.org.br\/?p=24789"},"modified":"2013-06-22T18:41:17","modified_gmt":"2013-06-22T21:41:17","slug":"dicas-de-policiamento-em-manifestacoes-publicas","status":"publish","type":"post","link":"https:\/\/inclusivenews.com.br\/?p=24789","title":{"rendered":"Dicas de policiamento em manifesta\u00e7\u00f5es p\u00fablicas"},"content":{"rendered":"<p><img loading=\"lazy\" decoding=\"async\" class=\"alignleft size-full wp-image-20697\" title=\"Anistia Internacional, uma vela acesa cercada por um arame farpado\" src=\"http:\/\/inclusivenews.com.br\/wp-content\/uploads\/anistia_logo.jpg\" alt=\"Anistia Internacional, uma vela acesa cercada por um arame farpado\" width=\"141\" height=\"115\" \/><\/p>\n<p><strong>Veja as b<\/strong><strong>oas pr\u00e1ticas para o policiamento de manifesta\u00e7\u00f5es p\u00fablicas elaboradas pela Anistia Internacional.<\/strong><\/p>\n<p>As recomenda\u00e7\u00f5es aqui listadas s\u00e3o baseadas no C\u00f3digo de Conduta da ONU para policiais e nos Princ\u00edpios B\u00e1sicos da ONU para o uso da for\u00e7a e armas de fogo pela pol\u00edcia.<\/p>\n<p>Em caso de manifesta\u00e7\u00f5es p\u00fablicas, a pol\u00edcia deve:<\/p>\n<p><strong>Facilitar manifesta\u00e7\u00f5es p\u00fablicas pac\u00edficas<\/strong><\/p>\n<p>\u2022\u00a0\u00c9 direito leg\u00edtimo de todas as pessoas se manifestarem publicamente. Reuni\u00f5es p\u00fablicas n\u00e3o podem ser consideradas como um \u201cinimigo\u201d. As autoridades devem passar uma mensagem clara para as pol\u00edcias de que seu papel \u00e9 facilitar, e n\u00e3o restringir, a manifesta\u00e7\u00e3o. Todos os policiais designados para acompanhar as manifesta\u00e7\u00f5es p\u00fablicas devem compreender claramente que este \u00e9 seu papel.<\/p>\n<p>\u2022\u00a0No policiamento de manifesta\u00e7\u00f5es ilegais, mas pac\u00edficas, os policiais devem evitar o uso da for\u00e7a. Se isso for inevit\u00e1vel, para garantir sua seguran\u00e7a e a seguran\u00e7a de outros, deve-se usar o m\u00ednimo de for\u00e7a necess\u00e1ria, de acordo com os princ\u00edpios b\u00e1sicos estabelecidos pela ONU.<\/p>\n<p><strong>Proteger manifesta\u00e7\u00f5es pac\u00edficas, inclusive contra indiv\u00edduos violentos e grupos menores<\/strong><\/p>\n<p>\u2022\u00a0Pequenas viola\u00e7\u00f5es da lei, como colar cartazes, desarrumar espa\u00e7os e pequenos danos \u00e0 propriedade, causadas pela presen\u00e7a de um grande grupo de pessoas podem levar \u00e0 investiga\u00e7\u00e3o e eventual responsabiliza\u00e7\u00e3o individual. No entanto, em virtude da import\u00e2ncia do direito \u00e0 liberdade de manifesta\u00e7\u00e3o, elas n\u00e3o devem levar \u00e0 decis\u00e3o de dispersar uma manifesta\u00e7\u00e3o.<\/p>\n<p>\u2022\u00a0A decis\u00e3o de dispersar uma manifesta\u00e7\u00e3o deve ser tomada com base nos princ\u00edpios de necessidade e proporcionalidade, apenas quando n\u00e3o h\u00e1 outra maneira de se proteger a ordem p\u00fablica de uma onda de viol\u00eancia iminente.<\/p>\n<p>\u2022\u00a0Nos casos em que uma pequena minoria tenta transformar uma manifesta\u00e7\u00e3o pac\u00edfica em violenta, os policiais devem proteger os manifestantes pac\u00edficos e n\u00e3o usar os atos violentos de alguns poucos como um pretexto para restringir ou impedir o exerc\u00edcio do direito da maioria se manifestar.<\/p>\n<p><strong>Reduzir situa\u00e7\u00f5es de tens\u00e3o e viol\u00eancia<\/strong><\/p>\n<p>\u2022\u00a0A comunica\u00e7\u00e3o com os organizadores do movimento antes e durante a manifesta\u00e7\u00e3o deve buscar uma compreens\u00e3o m\u00fatua e prevenir a viol\u00eancia. Nos casos em que epis\u00f3dios de viol\u00eancia s\u00e3o muito prov\u00e1veis, a comunica\u00e7\u00e3o se torna ainda mais importante para reduzir a tens\u00e3o e evitar confrontos desnecess\u00e1rios.<\/p>\n<p>\u2022\u00a0Policiais e manifestantes devem procurar juntos formas de prevenir a viol\u00eancia ou cont\u00ea-la assim que for iniciada.<\/p>\n<p>\u2022\u00a0Quando a decis\u00e3o (legal) de dispersar a multid\u00e3o \u00e9 tomada, essa ordem deve ser claramente comunicada e explicada, para que se obtenha \u2013 na medida do poss\u00edvel &#8211; o entendimento e consentimento dos manifestantes. Deve-se dar tempo suficiente para as pessoas se dispersarem.<\/p>\n<p><strong>Usar a for\u00e7a policial apenas para fins leg\u00edtimos<\/strong><\/p>\n<p>\u2022\u00a0A for\u00e7a n\u00e3o deve ser usada para punir o n\u00e3o cumprimento (presumido ou alegado) de uma ordem ou simplesmente pela participa\u00e7\u00e3o em uma manifesta\u00e7\u00e3o.<\/p>\n<p>\u2022\u00a0Pris\u00f5es e deten\u00e7\u00f5es devem ser feitas de acordo com os procedimentos previstos em lei, e n\u00e3o devem ser usadas como mecanismo para evitar a participa\u00e7\u00e3o em uma manifesta\u00e7\u00e3o ou como puni\u00e7\u00e3o pela participa\u00e7\u00e3o.<\/p>\n<p><strong>Minimizar os danos, preservar e respeitar a vida e proteger aqueles n\u00e3o envolvidos. Usar a for\u00e7a somente na medida necess\u00e1ria e apenas quando m\u00e9todos n\u00e3o violentos falharam ou n\u00e3o poder\u00e3o atingir o objetivo leg\u00edtimo<\/strong><\/p>\n<p>\u2022\u00a0Armas de fogo n\u00e3o devem nunca ser usadas para dispersar uma multid\u00e3o.<\/p>\n<p>\u2022\u00a0Cassetetes e armas de baixo impacto n\u00e3o devem ser usadas contra pessoas que n\u00e3o s\u00e3o agressivas ou que n\u00e3o representam amea\u00e7a. Quando seu uso for inevit\u00e1vel, os policiais devem ter ordens claras para evitar causar ferimentos graves ou lesionar partes vitais do corpo.<\/p>\n<p>\u2022\u00a0O tipo de equipamento usado para dispersar uma manifesta\u00e7\u00e3o deve ser cuidadosamente avaliado e usado apenas quando necess\u00e1rio, de forma proporcional e de acordo com a lei. Equipamento de policiamento e seguran\u00e7a, tais como balas de borracha e g\u00e1s lacrimog\u00eaneo, frequentemente descritas como armas \u201cmenos letais\u201d, podem resultar em les\u00f5es graves e at\u00e9 mesmo \u00e0 morte. Irritantes qu\u00edmicos, como g\u00e1s lacrimog\u00eaneo, n\u00e3o devem ser usados em ambientes fechados ou de uma maneira que possam causar danos permanentes (por exemplo, muito perto do alvo ou mirando diretamente no rosto das pessoas).<\/p>\n<p>\u2022\u00a0A pol\u00edcia deve ter ordens claras para providenciar assist\u00eancia m\u00e9dica aos feridos sem demora.<\/p>\n<p><strong>Prestar contas \u00e0 popula\u00e7\u00e3o e ao Judici\u00e1rio<\/strong><\/p>\n<p>\u2022\u00a0Qualquer uso de for\u00e7a durante uma manifesta\u00e7\u00e3o deve ser motivo de an\u00e1lise e, quando apropriado, investiga\u00e7\u00e3o e san\u00e7\u00f5es disciplinares e criminais.<\/p>\n<p>\u2022\u00a0Reclama\u00e7\u00f5es contra a pol\u00edcia devem ser investigadas de maneira imparcial e efetiva e, quando apropriado, sujeitas a san\u00e7\u00f5es disciplinares ou criminais.<\/p>\n<p>\u2022\u00a0Policiais devem estar devidamente identificados nas opera\u00e7\u00f5es de ordem p\u00fablica, atrav\u00e9s de etiquetas com nome ou n\u00famero. Ordens devem ser dadas para garantir o cumprimento da obriga\u00e7\u00e3o de usar tal identifica\u00e7\u00e3o. Equipamentos de prote\u00e7\u00e3o devem ser usados para proteger os policiais e n\u00e3o como forma de esconder sua identidade.<\/p>\n<p><strong>Armas de baixa letalidade<\/strong><\/p>\n<p>A Anistia Internacional usa o termo \u201cbaixa letalidade\u201d para armas que n\u00e3o sejam de fogo, como uma forma de evidenciar que muitas destas armas t\u00eam o potencial de ser letal.<\/p>\n<p>Os dispositivos de controle de dist\u00farbios, como jatos d\u2019\u00e1gua, balas de pl\u00e1stico e de borracha e produtos qu\u00edmicos irritantes, como spray de pimenta e g\u00e1s lacrimog\u00eaneo, podem resultar em ferimentos graves e mesmo em morte. Muitas dessas armas, incluindo seus efeitos m\u00e9dicos, n\u00e3o foram avaliadas de forma independente e algumas permanecem sujeitas ao mau uso.<\/p>\n<p>A Anistia Internacional convoca os governos a estabelecerem orienta\u00e7\u00f5es rigorosas para o uso desses equipamentos e a criarem mecanismos de monitoramento adequados para garantir que estas orienta\u00e7\u00f5es sejam seguidas e revisadas quando necess\u00e1rio.<\/p>\n<p>Acesse aqui a \u00edntegra do documento em ingl\u00eas (trecho traduzido das p\u00e1ginas 5, 6 e 7):<a href=\"http:\/\/www.amnesty.org\/en\/library\/asset\/EUR01\/022\/2012\/en\/1e06df7d-6878-40e0-8e82-d07605e9a6e9\/eur010222012en.pdf\">http:\/\/www.amnesty.org\/en\/library\/asset\/EUR01\/022\/2012\/en\/1e06df7d-6878-40e0-8e82-d07605e9a6e9\/eur010222012en.pdf<\/a><\/p>\n","protected":false},"excerpt":{"rendered":"<p>Veja as boas pr\u00e1ticas para o policiamento de manifesta\u00e7\u00f5es p\u00fablicas elaboradas pela Anistia Internacional. As recomenda\u00e7\u00f5es aqui listadas s\u00e3o baseadas no C\u00f3digo de Conduta da ONU para policiais e nos Princ\u00edpios B\u00e1sicos da ONU para o uso da for\u00e7a e armas de fogo pela pol\u00edcia. Em caso de manifesta\u00e7\u00f5es p\u00fablicas, a pol\u00edcia deve: Facilitar manifesta\u00e7\u00f5es [&hellip;]<\/p>\n","protected":false},"author":1,"featured_media":0,"comment_status":"open","ping_status":"open","sticky":false,"template":"","format":"standard","meta":{"site-container-style":"default","site-container-layout":"default","site-sidebar-layout":"default","disable-article-header":"default","disable-site-header":"default","disable-site-footer":"default","disable-content-area-spacing":"default","footnotes":""},"categories":[3,48],"tags":[],"class_list":["post-24789","post","type-post","status-publish","format-standard","hentry","category-campanhas","category-inclusao"],"yoast_head":"<!-- This site is optimized with the Yoast SEO plugin v27.5 - https:\/\/yoast.com\/product\/yoast-seo-wordpress\/ -->\n<title>Dicas de policiamento em manifesta\u00e7\u00f5es p\u00fablicas -<\/title>\n<meta name=\"robots\" content=\"index, follow, max-snippet:-1, max-image-preview:large, max-video-preview:-1\" \/>\n<link rel=\"canonical\" href=\"https:\/\/inclusivenews.com.br\/?p=24789\" \/>\n<meta property=\"og:locale\" content=\"pt_PT\" \/>\n<meta property=\"og:type\" content=\"article\" \/>\n<meta property=\"og:title\" content=\"Dicas de policiamento em manifesta\u00e7\u00f5es p\u00fablicas -\" \/>\n<meta property=\"og:description\" content=\"Veja as boas pr\u00e1ticas para o policiamento de manifesta\u00e7\u00f5es p\u00fablicas elaboradas pela Anistia Internacional. As recomenda\u00e7\u00f5es aqui listadas s\u00e3o baseadas no C\u00f3digo de Conduta da ONU para policiais e nos Princ\u00edpios B\u00e1sicos da ONU para o uso da for\u00e7a e armas de fogo pela pol\u00edcia. Em caso de manifesta\u00e7\u00f5es p\u00fablicas, a pol\u00edcia deve: Facilitar manifesta\u00e7\u00f5es [&hellip;]\" \/>\n<meta property=\"og:url\" content=\"https:\/\/inclusivenews.com.br\/?p=24789\" \/>\n<meta property=\"article:publisher\" content=\"https:\/\/www.facebook.com\/agenciainclusive\/\" \/>\n<meta property=\"article:published_time\" content=\"2013-06-22T21:41:17+00:00\" \/>\n<meta property=\"og:image\" content=\"http:\/\/inclusivenews.com.br\/wp-content\/uploads\/anistia_logo.jpg\" \/>\n<meta name=\"author\" content=\"inclusivenews2024\" \/>\n<meta name=\"twitter:card\" content=\"summary_large_image\" \/>\n<meta name=\"twitter:label1\" content=\"Escrito por\" \/>\n\t<meta name=\"twitter:data1\" content=\"inclusivenews2024\" \/>\n\t<meta name=\"twitter:label2\" content=\"Tempo estimado de leitura\" \/>\n\t<meta name=\"twitter:data2\" content=\"5 minutos\" \/>\n<script type=\"application\/ld+json\" class=\"yoast-schema-graph\">{\"@context\":\"https:\\\/\\\/schema.org\",\"@graph\":[{\"@type\":\"Article\",\"@id\":\"https:\\\/\\\/inclusivenews.com.br\\\/?p=24789#article\",\"isPartOf\":{\"@id\":\"https:\\\/\\\/inclusivenews.com.br\\\/?p=24789\"},\"author\":{\"name\":\"inclusivenews2024\",\"@id\":\"https:\\\/\\\/inclusivenews.com.br\\\/#\\\/schema\\\/person\\\/ae4ec7087559b8692fb33b6fffd2273b\"},\"headline\":\"Dicas de policiamento em manifesta\u00e7\u00f5es p\u00fablicas\",\"datePublished\":\"2013-06-22T21:41:17+00:00\",\"mainEntityOfPage\":{\"@id\":\"https:\\\/\\\/inclusivenews.com.br\\\/?p=24789\"},\"wordCount\":1081,\"commentCount\":1,\"publisher\":{\"@id\":\"https:\\\/\\\/inclusivenews.com.br\\\/#organization\"},\"image\":{\"@id\":\"https:\\\/\\\/inclusivenews.com.br\\\/?p=24789#primaryimage\"},\"thumbnailUrl\":\"http:\\\/\\\/inclusivenews.com.br\\\/wp-content\\\/uploads\\\/anistia_logo.jpg\",\"articleSection\":[\"CAMPANHAS\",\"INCLUS\u00c3O SOCIAL\"],\"inLanguage\":\"pt-PT\",\"potentialAction\":[{\"@type\":\"CommentAction\",\"name\":\"Comment\",\"target\":[\"https:\\\/\\\/inclusivenews.com.br\\\/?p=24789#respond\"]}]},{\"@type\":\"WebPage\",\"@id\":\"https:\\\/\\\/inclusivenews.com.br\\\/?p=24789\",\"url\":\"https:\\\/\\\/inclusivenews.com.br\\\/?p=24789\",\"name\":\"Dicas de policiamento em manifesta\u00e7\u00f5es p\u00fablicas -\",\"isPartOf\":{\"@id\":\"https:\\\/\\\/inclusivenews.com.br\\\/#website\"},\"primaryImageOfPage\":{\"@id\":\"https:\\\/\\\/inclusivenews.com.br\\\/?p=24789#primaryimage\"},\"image\":{\"@id\":\"https:\\\/\\\/inclusivenews.com.br\\\/?p=24789#primaryimage\"},\"thumbnailUrl\":\"http:\\\/\\\/inclusivenews.com.br\\\/wp-content\\\/uploads\\\/anistia_logo.jpg\",\"datePublished\":\"2013-06-22T21:41:17+00:00\",\"breadcrumb\":{\"@id\":\"https:\\\/\\\/inclusivenews.com.br\\\/?p=24789#breadcrumb\"},\"inLanguage\":\"pt-PT\",\"potentialAction\":[{\"@type\":\"ReadAction\",\"target\":[\"https:\\\/\\\/inclusivenews.com.br\\\/?p=24789\"]}]},{\"@type\":\"ImageObject\",\"inLanguage\":\"pt-PT\",\"@id\":\"https:\\\/\\\/inclusivenews.com.br\\\/?p=24789#primaryimage\",\"url\":\"\",\"contentUrl\":\"\"},{\"@type\":\"BreadcrumbList\",\"@id\":\"https:\\\/\\\/inclusivenews.com.br\\\/?p=24789#breadcrumb\",\"itemListElement\":[{\"@type\":\"ListItem\",\"position\":1,\"name\":\"In\u00edcio\",\"item\":\"https:\\\/\\\/inclusivenews.com.br\\\/\"},{\"@type\":\"ListItem\",\"position\":2,\"name\":\"Dicas de policiamento em manifesta\u00e7\u00f5es p\u00fablicas\"}]},{\"@type\":\"WebSite\",\"@id\":\"https:\\\/\\\/inclusivenews.com.br\\\/#website\",\"url\":\"https:\\\/\\\/inclusivenews.com.br\\\/\",\"name\":\"Inclusive News\",\"description\":\"Inclusive News\",\"publisher\":{\"@id\":\"https:\\\/\\\/inclusivenews.com.br\\\/#organization\"},\"potentialAction\":[{\"@type\":\"SearchAction\",\"target\":{\"@type\":\"EntryPoint\",\"urlTemplate\":\"https:\\\/\\\/inclusivenews.com.br\\\/?s={search_term_string}\"},\"query-input\":{\"@type\":\"PropertyValueSpecification\",\"valueRequired\":true,\"valueName\":\"search_term_string\"}}],\"inLanguage\":\"pt-PT\"},{\"@type\":\"Organization\",\"@id\":\"https:\\\/\\\/inclusivenews.com.br\\\/#organization\",\"name\":\"Inclusive - inclus\u00e3o e cidadania\",\"url\":\"https:\\\/\\\/inclusivenews.com.br\\\/\",\"logo\":{\"@type\":\"ImageObject\",\"inLanguage\":\"pt-PT\",\"@id\":\"https:\\\/\\\/inclusivenews.com.br\\\/#\\\/schema\\\/logo\\\/image\\\/\",\"url\":\"https:\\\/\\\/inclusivenews.com.br\\\/wp-content\\\/uploads\\\/2024\\\/03\\\/@grandesite.png\",\"contentUrl\":\"https:\\\/\\\/inclusivenews.com.br\\\/wp-content\\\/uploads\\\/2024\\\/03\\\/@grandesite.png\",\"width\":1080,\"height\":1080,\"caption\":\"Inclusive - inclus\u00e3o e cidadania\"},\"image\":{\"@id\":\"https:\\\/\\\/inclusivenews.com.br\\\/#\\\/schema\\\/logo\\\/image\\\/\"},\"sameAs\":[\"https:\\\/\\\/www.facebook.com\\\/agenciainclusive\\\/\",\"https:\\\/\\\/www.instagram.com\\\/newsinclusive\\\/\"]},{\"@type\":\"Person\",\"@id\":\"https:\\\/\\\/inclusivenews.com.br\\\/#\\\/schema\\\/person\\\/ae4ec7087559b8692fb33b6fffd2273b\",\"name\":\"inclusivenews2024\",\"image\":{\"@type\":\"ImageObject\",\"inLanguage\":\"pt-PT\",\"@id\":\"https:\\\/\\\/secure.gravatar.com\\\/avatar\\\/c5a7ef84c66fa914f55bc4f7ce26cfa275a3b9a1c5568b907bd184fb4dde7b40?s=96&d=mm&r=g\",\"url\":\"https:\\\/\\\/secure.gravatar.com\\\/avatar\\\/c5a7ef84c66fa914f55bc4f7ce26cfa275a3b9a1c5568b907bd184fb4dde7b40?s=96&d=mm&r=g\",\"contentUrl\":\"https:\\\/\\\/secure.gravatar.com\\\/avatar\\\/c5a7ef84c66fa914f55bc4f7ce26cfa275a3b9a1c5568b907bd184fb4dde7b40?s=96&d=mm&r=g\",\"caption\":\"inclusivenews2024\"},\"sameAs\":[\"https:\\\/\\\/inclusivenews.com.br\"],\"url\":\"https:\\\/\\\/inclusivenews.com.br\\\/?author=1\"}]}<\/script>\n<!-- \/ Yoast SEO plugin. -->","yoast_head_json":{"title":"Dicas de policiamento em manifesta\u00e7\u00f5es p\u00fablicas -","robots":{"index":"index","follow":"follow","max-snippet":"max-snippet:-1","max-image-preview":"max-image-preview:large","max-video-preview":"max-video-preview:-1"},"canonical":"https:\/\/inclusivenews.com.br\/?p=24789","og_locale":"pt_PT","og_type":"article","og_title":"Dicas de policiamento em manifesta\u00e7\u00f5es p\u00fablicas -","og_description":"Veja as boas pr\u00e1ticas para o policiamento de manifesta\u00e7\u00f5es p\u00fablicas elaboradas pela Anistia Internacional. As recomenda\u00e7\u00f5es aqui listadas s\u00e3o baseadas no C\u00f3digo de Conduta da ONU para policiais e nos Princ\u00edpios B\u00e1sicos da ONU para o uso da for\u00e7a e armas de fogo pela pol\u00edcia. Em caso de manifesta\u00e7\u00f5es p\u00fablicas, a pol\u00edcia deve: Facilitar manifesta\u00e7\u00f5es [&hellip;]","og_url":"https:\/\/inclusivenews.com.br\/?p=24789","article_publisher":"https:\/\/www.facebook.com\/agenciainclusive\/","article_published_time":"2013-06-22T21:41:17+00:00","og_image":[{"url":"http:\/\/inclusivenews.com.br\/wp-content\/uploads\/anistia_logo.jpg","type":"","width":"","height":""}],"author":"inclusivenews2024","twitter_card":"summary_large_image","twitter_misc":{"Escrito por":"inclusivenews2024","Tempo estimado de leitura":"5 minutos"},"schema":{"@context":"https:\/\/schema.org","@graph":[{"@type":"Article","@id":"https:\/\/inclusivenews.com.br\/?p=24789#article","isPartOf":{"@id":"https:\/\/inclusivenews.com.br\/?p=24789"},"author":{"name":"inclusivenews2024","@id":"https:\/\/inclusivenews.com.br\/#\/schema\/person\/ae4ec7087559b8692fb33b6fffd2273b"},"headline":"Dicas de policiamento em manifesta\u00e7\u00f5es p\u00fablicas","datePublished":"2013-06-22T21:41:17+00:00","mainEntityOfPage":{"@id":"https:\/\/inclusivenews.com.br\/?p=24789"},"wordCount":1081,"commentCount":1,"publisher":{"@id":"https:\/\/inclusivenews.com.br\/#organization"},"image":{"@id":"https:\/\/inclusivenews.com.br\/?p=24789#primaryimage"},"thumbnailUrl":"http:\/\/inclusivenews.com.br\/wp-content\/uploads\/anistia_logo.jpg","articleSection":["CAMPANHAS","INCLUS\u00c3O SOCIAL"],"inLanguage":"pt-PT","potentialAction":[{"@type":"CommentAction","name":"Comment","target":["https:\/\/inclusivenews.com.br\/?p=24789#respond"]}]},{"@type":"WebPage","@id":"https:\/\/inclusivenews.com.br\/?p=24789","url":"https:\/\/inclusivenews.com.br\/?p=24789","name":"Dicas de policiamento em manifesta\u00e7\u00f5es p\u00fablicas -","isPartOf":{"@id":"https:\/\/inclusivenews.com.br\/#website"},"primaryImageOfPage":{"@id":"https:\/\/inclusivenews.com.br\/?p=24789#primaryimage"},"image":{"@id":"https:\/\/inclusivenews.com.br\/?p=24789#primaryimage"},"thumbnailUrl":"http:\/\/inclusivenews.com.br\/wp-content\/uploads\/anistia_logo.jpg","datePublished":"2013-06-22T21:41:17+00:00","breadcrumb":{"@id":"https:\/\/inclusivenews.com.br\/?p=24789#breadcrumb"},"inLanguage":"pt-PT","potentialAction":[{"@type":"ReadAction","target":["https:\/\/inclusivenews.com.br\/?p=24789"]}]},{"@type":"ImageObject","inLanguage":"pt-PT","@id":"https:\/\/inclusivenews.com.br\/?p=24789#primaryimage","url":"","contentUrl":""},{"@type":"BreadcrumbList","@id":"https:\/\/inclusivenews.com.br\/?p=24789#breadcrumb","itemListElement":[{"@type":"ListItem","position":1,"name":"In\u00edcio","item":"https:\/\/inclusivenews.com.br\/"},{"@type":"ListItem","position":2,"name":"Dicas de policiamento em manifesta\u00e7\u00f5es p\u00fablicas"}]},{"@type":"WebSite","@id":"https:\/\/inclusivenews.com.br\/#website","url":"https:\/\/inclusivenews.com.br\/","name":"Inclusive News","description":"Inclusive News","publisher":{"@id":"https:\/\/inclusivenews.com.br\/#organization"},"potentialAction":[{"@type":"SearchAction","target":{"@type":"EntryPoint","urlTemplate":"https:\/\/inclusivenews.com.br\/?s={search_term_string}"},"query-input":{"@type":"PropertyValueSpecification","valueRequired":true,"valueName":"search_term_string"}}],"inLanguage":"pt-PT"},{"@type":"Organization","@id":"https:\/\/inclusivenews.com.br\/#organization","name":"Inclusive - inclus\u00e3o e cidadania","url":"https:\/\/inclusivenews.com.br\/","logo":{"@type":"ImageObject","inLanguage":"pt-PT","@id":"https:\/\/inclusivenews.com.br\/#\/schema\/logo\/image\/","url":"https:\/\/inclusivenews.com.br\/wp-content\/uploads\/2024\/03\/@grandesite.png","contentUrl":"https:\/\/inclusivenews.com.br\/wp-content\/uploads\/2024\/03\/@grandesite.png","width":1080,"height":1080,"caption":"Inclusive - inclus\u00e3o e cidadania"},"image":{"@id":"https:\/\/inclusivenews.com.br\/#\/schema\/logo\/image\/"},"sameAs":["https:\/\/www.facebook.com\/agenciainclusive\/","https:\/\/www.instagram.com\/newsinclusive\/"]},{"@type":"Person","@id":"https:\/\/inclusivenews.com.br\/#\/schema\/person\/ae4ec7087559b8692fb33b6fffd2273b","name":"inclusivenews2024","image":{"@type":"ImageObject","inLanguage":"pt-PT","@id":"https:\/\/secure.gravatar.com\/avatar\/c5a7ef84c66fa914f55bc4f7ce26cfa275a3b9a1c5568b907bd184fb4dde7b40?s=96&d=mm&r=g","url":"https:\/\/secure.gravatar.com\/avatar\/c5a7ef84c66fa914f55bc4f7ce26cfa275a3b9a1c5568b907bd184fb4dde7b40?s=96&d=mm&r=g","contentUrl":"https:\/\/secure.gravatar.com\/avatar\/c5a7ef84c66fa914f55bc4f7ce26cfa275a3b9a1c5568b907bd184fb4dde7b40?s=96&d=mm&r=g","caption":"inclusivenews2024"},"sameAs":["https:\/\/inclusivenews.com.br"],"url":"https:\/\/inclusivenews.com.br\/?author=1"}]}},"_links":{"self":[{"href":"https:\/\/inclusivenews.com.br\/index.php?rest_route=\/wp\/v2\/posts\/24789","targetHints":{"allow":["GET"]}}],"collection":[{"href":"https:\/\/inclusivenews.com.br\/index.php?rest_route=\/wp\/v2\/posts"}],"about":[{"href":"https:\/\/inclusivenews.com.br\/index.php?rest_route=\/wp\/v2\/types\/post"}],"author":[{"embeddable":true,"href":"https:\/\/inclusivenews.com.br\/index.php?rest_route=\/wp\/v2\/users\/1"}],"replies":[{"embeddable":true,"href":"https:\/\/inclusivenews.com.br\/index.php?rest_route=%2Fwp%2Fv2%2Fcomments&post=24789"}],"version-history":[{"count":0,"href":"https:\/\/inclusivenews.com.br\/index.php?rest_route=\/wp\/v2\/posts\/24789\/revisions"}],"wp:attachment":[{"href":"https:\/\/inclusivenews.com.br\/index.php?rest_route=%2Fwp%2Fv2%2Fmedia&parent=24789"}],"wp:term":[{"taxonomy":"category","embeddable":true,"href":"https:\/\/inclusivenews.com.br\/index.php?rest_route=%2Fwp%2Fv2%2Fcategories&post=24789"},{"taxonomy":"post_tag","embeddable":true,"href":"https:\/\/inclusivenews.com.br\/index.php?rest_route=%2Fwp%2Fv2%2Ftags&post=24789"}],"curies":[{"name":"wp","href":"https:\/\/api.w.org\/{rel}","templated":true}]}}