{"id":24798,"date":"2013-06-24T16:51:25","date_gmt":"2013-06-24T19:51:25","guid":{"rendered":"http:\/\/www.inclusive.org.br\/?p=24798"},"modified":"2013-06-24T16:51:25","modified_gmt":"2013-06-24T19:51:25","slug":"cafe-carly-recebe-premio-em-festival-de-cannes","status":"publish","type":"post","link":"https:\/\/inclusivenews.com.br\/?p=24798","title":{"rendered":"Caf\u00e9 Carly recebe pr\u00eamio no Festival de Cannes"},"content":{"rendered":"<p><img loading=\"lazy\" decoding=\"async\" class=\"alignleft size-medium wp-image-24801\" title=\"carly\" src=\"http:\/\/inclusivenews.com.br\/wp-content\/uploads\/carly2-300x171.jpg\" alt=\"A jovem Carly, de p\u00e9 em um caf\u00e9, ajeita o cabelo.\" width=\"300\" height=\"171\" \/>Tomar uma x\u00edcara de caf\u00e9 em um bar \u00e9 muito simples: Voc\u00ea escolhe, pede, bebe. A menos que voc\u00ea seja uma pessoa com autismo, como Carly Fleischmann, uma estudante de Toronto de 18 anos de idade, que n\u00e3o fala. O mundo dela est\u00e1 cheio de todos os tipos de ru\u00eddos competindo por sua aten\u00e7\u00e3o, junto com imagens e cheiros. Filtrar tudo isso e transmitir seus desejos, at\u00e9 mesmo a membros da fam\u00edlia, pode ser uma tarefa herc\u00falea. Ent\u00e3o, tomar uma x\u00edcara de caf\u00e9 nem sempre \u00e9 t\u00e3o simples.<\/p>\n<p>Para vislumbrar o mundo cotidiano de Carly e mostrar como algo t\u00e3o simples para a maioria de n\u00f3s pode ser t\u00e3o dif\u00edcil para algu\u00e9m com autismo, o pai de Carly, Arthur Fleischmann e sua empresa ad Toronto, St. John, produziu um v\u00eddeo chamado &#8220;Caf\u00e9 de Carly&#8221;. O trabalho contou com a colabora\u00e7\u00e3o e o envolvimento direto de Carly &#8211; que se comunica com seu iPad e outros dispositivos tecnol\u00f3gicos. O v\u00eddeo foi postado no YouTube, bem como o site, <a href=\"www.carlyscafe.com\">www.carlyscafe.com<\/a>. Este \u00faltimo inclui algumas cenas de filmes caseiros da fam\u00edlia e come\u00e7a com uma cita\u00e7\u00e3o pungente de Carly: &#8220;O autismo me trancou dentro de um corpo que n\u00e3o consigo controlar.&#8221;<\/p>\n<p>O v\u00eddeo de, 2&#8217;19&#8221;, acaba de ganhar o pr\u00eamio Le\u00e3o de Prata na categoria internet e servi\u00e7o p\u00fablico do Cannes Lions Festival Internacional de Criatividade, realizado na Fran\u00e7a. O evento anual de criatividade na comunica\u00e7\u00e3o teve 34 mil participantes de todo mundo este ano, divididos em v\u00e1rias categorias. No ano passado, &#8220;Caf\u00e9 da Carly&#8221; foi usado pelo presidente da Pol\u00f4nia para abrir sua apresenta\u00e7\u00e3o na Conven\u00e7\u00e3o das Na\u00e7\u00f5es Unidas sobre os Direitos das Pessoas com Defici\u00eancia.<\/p>\n<p>Filmado em um dia com um baixo or\u00e7amento de 7.500 d\u00f3lares em um caf\u00e9 no centro de Toronto, a obra conta com atores interpretando a figura do pai, uma irm\u00e3 e uma pessoa com autismo. A pr\u00f3pria Carly aparece no v\u00eddeo. H\u00e1 tamb\u00e9m um aspecto interativo.<\/p>\n<p>&#8220;Atrav\u00e9s de &#8216;zonas&#8217; m\u00faltiplas incorporadas ao v\u00eddeo, a pessoa pode mover o mouse ao redor da tela e sentir uma distra\u00e7\u00e3o visual ou auditiva que a maioria de n\u00f3s poderia facilmente bloquear, mas que se tornam um obst\u00e1culo para pessoas como Carly&#8221;, diz Arthur Fleischmann. No caso de Carly, quando toda essa distra\u00e7\u00e3o \u00e9 aliada ao fato dela n\u00e3o falar, isso causa ainda mais frustra\u00e7\u00e3o&#8221;, complementa.<\/p>\n<p>Em sua p\u00e1gina no Facebook, que tem 97 mil seguidores, e onde faz postagens regulares com seu iPad, Carly escreveu: &#8220;Oh meu Deus! Prata, Prata, Prata! Chupa Ashton Kutcher!&#8221; (ator de That&#8217;s 70&#8217;s show) . O v\u00eddeo com \u00e9 complementado por um livro de 2012, &#8220;A Voz de Carly, desvendando o Autismo&#8221;, escrito por Arthur, que tem um cap\u00edtulo escrito por Carly. Arthur ficou muito impressionado por Carly ter escrito sobre como algu\u00e9m com autismo pode ter dificuldade com algo t\u00e3o simples como ter uma conversa em um caf\u00e9.<\/p>\n<p>A vida de Carly tem sido um longo caminho de descoberta e de conquista. Diagnosticada com autismo aos 2 anos de idade, na \u00e9poca, ningu\u00e9m percebeu o grande potencial trancado na crian\u00e7a que n\u00e3o podia falar. Mas Carly, que fez terapia comportamental e de comunica\u00e7\u00e3o intensiva ao longo de sua inf\u00e2ncia, surpreendeu a todos, digitando algumas palavras aos 10 anos, para indicar um problema que estava tendo na \u00e9poca. Essa incr\u00edvel descoberta foi apenas o come\u00e7o. Carly come\u00e7ou a se comunicar com eloqu\u00eancia com v\u00e1rios dispositivos tecnol\u00f3gicos. Tornou-se adepta ao Facebook, Twitter, e at\u00e9 apareceu no Show de Ellen DeGeneres, Larry King entre outros, para falar sobre o autismo.<\/p>\n<p>Este ano, Carly se inscreveu no programa de Bacharelado em Artes no Victoria College da Universidade de Toronto, que tem uma forte tradi\u00e7\u00e3o liter\u00e1ria. Ela quer ser jornalista. A m\u00e3e de Carly, Tammy Starr, diz que a universidade &#8220;tem feito um enorme esfor\u00e7o para a experi\u00eancia ser bem sucedida&#8221;. \u00a0A Universidade ser\u00e1 mais um marco para Carly que h\u00e1 muito tempo superou as baixas expectativas que h\u00e1 muito tempo os m\u00e9dicos tinham dado a seus pais &#8211; que ela nunca iria se desenvolver intelectualmente al\u00e9m da idade mental de uma crian\u00e7a pequena.<\/p>\n<p>Veja o v\u00eddeo<br \/>\n<iframe loading=\"lazy\" width=\"560\" height=\"315\" src=\"http:\/\/www.youtube.com\/embed\/KmDGvquzn2k\" frameborder=\"0\" allowfullscreen><\/iframe><\/p>\n<p><span style=\"font-size: 13px; line-height: 19px;\">Fonte: <\/span><a style=\"font-size: 13px; line-height: 19px;\" href=\"http:\/\/www.thestar.com\/news\/gta\/2013\/06\/22\/carly_fleischmann_video_about_autistic_toronto_teen_wins_international_acclaim.html\">http:\/\/www.thestar.com\/news\/gta\/2013\/06\/22\/carly_fleischmann_video_about_autistic_toronto_teen_wins_international_acclaim.html<\/a><\/p>\n<p>Tradu\u00e7\u00e3o &#8211; Patricia Almeida<\/p>\n","protected":false},"excerpt":{"rendered":"<p>O v\u00eddeo de Carly Fleishmann sobre como se sente uma pessoa com autismo ficou com o Le\u00e3o de prata no Festival.<\/p>\n","protected":false},"author":1,"featured_media":0,"comment_status":"open","ping_status":"open","sticky":false,"template":"","format":"standard","meta":{"site-container-style":"default","site-container-layout":"default","site-sidebar-layout":"default","disable-article-header":"default","disable-site-header":"default","disable-site-footer":"default","disable-content-area-spacing":"default","footnotes":""},"categories":[38,57,76,4],"tags":[],"class_list":["post-24798","post","type-post","status-publish","format-standard","hentry","category-deficiencia","category-filmes-e-midias","category-midia-e-deficiencia","category-noticias"],"yoast_head":"<!-- This site is optimized with the Yoast SEO plugin v27.5 - https:\/\/yoast.com\/product\/yoast-seo-wordpress\/ -->\n<title>Caf\u00e9 Carly recebe pr\u00eamio no Festival de Cannes -<\/title>\n<meta name=\"robots\" content=\"index, follow, max-snippet:-1, max-image-preview:large, max-video-preview:-1\" \/>\n<link rel=\"canonical\" href=\"https:\/\/inclusivenews.com.br\/?p=24798\" \/>\n<meta property=\"og:locale\" content=\"pt_PT\" \/>\n<meta property=\"og:type\" content=\"article\" \/>\n<meta property=\"og:title\" content=\"Caf\u00e9 Carly recebe pr\u00eamio no Festival de Cannes -\" \/>\n<meta property=\"og:description\" content=\"O v\u00eddeo de Carly Fleishmann sobre como se sente uma pessoa com autismo ficou com o Le\u00e3o de prata no Festival.\" \/>\n<meta property=\"og:url\" content=\"https:\/\/inclusivenews.com.br\/?p=24798\" \/>\n<meta property=\"article:publisher\" content=\"https:\/\/www.facebook.com\/agenciainclusive\/\" \/>\n<meta property=\"article:published_time\" content=\"2013-06-24T19:51:25+00:00\" \/>\n<meta property=\"og:image\" content=\"http:\/\/inclusivenews.com.br\/wp-content\/uploads\/carly2-300x171.jpg\" \/>\n<meta name=\"author\" content=\"inclusivenews2024\" \/>\n<meta name=\"twitter:card\" content=\"summary_large_image\" \/>\n<meta name=\"twitter:label1\" content=\"Escrito por\" \/>\n\t<meta name=\"twitter:data1\" content=\"inclusivenews2024\" \/>\n\t<meta name=\"twitter:label2\" content=\"Tempo estimado de leitura\" \/>\n\t<meta name=\"twitter:data2\" content=\"4 minutos\" \/>\n<script type=\"application\/ld+json\" class=\"yoast-schema-graph\">{\"@context\":\"https:\\\/\\\/schema.org\",\"@graph\":[{\"@type\":\"Article\",\"@id\":\"https:\\\/\\\/inclusivenews.com.br\\\/?p=24798#article\",\"isPartOf\":{\"@id\":\"https:\\\/\\\/inclusivenews.com.br\\\/?p=24798\"},\"author\":{\"name\":\"inclusivenews2024\",\"@id\":\"https:\\\/\\\/inclusivenews.com.br\\\/#\\\/schema\\\/person\\\/ae4ec7087559b8692fb33b6fffd2273b\"},\"headline\":\"Caf\u00e9 Carly recebe pr\u00eamio no Festival de Cannes\",\"datePublished\":\"2013-06-24T19:51:25+00:00\",\"mainEntityOfPage\":{\"@id\":\"https:\\\/\\\/inclusivenews.com.br\\\/?p=24798\"},\"wordCount\":775,\"commentCount\":0,\"publisher\":{\"@id\":\"https:\\\/\\\/inclusivenews.com.br\\\/#organization\"},\"image\":{\"@id\":\"https:\\\/\\\/inclusivenews.com.br\\\/?p=24798#primaryimage\"},\"thumbnailUrl\":\"http:\\\/\\\/inclusivenews.com.br\\\/wp-content\\\/uploads\\\/carly2-300x171.jpg\",\"articleSection\":[\"Defici\u00eancia\",\"Filmes e m\u00eddias\",\"M\u00eddia e Defici\u00eancia\",\"NOT\u00cdCIAS\"],\"inLanguage\":\"pt-PT\",\"potentialAction\":[{\"@type\":\"CommentAction\",\"name\":\"Comment\",\"target\":[\"https:\\\/\\\/inclusivenews.com.br\\\/?p=24798#respond\"]}]},{\"@type\":\"WebPage\",\"@id\":\"https:\\\/\\\/inclusivenews.com.br\\\/?p=24798\",\"url\":\"https:\\\/\\\/inclusivenews.com.br\\\/?p=24798\",\"name\":\"Caf\u00e9 Carly recebe pr\u00eamio no Festival de Cannes -\",\"isPartOf\":{\"@id\":\"https:\\\/\\\/inclusivenews.com.br\\\/#website\"},\"primaryImageOfPage\":{\"@id\":\"https:\\\/\\\/inclusivenews.com.br\\\/?p=24798#primaryimage\"},\"image\":{\"@id\":\"https:\\\/\\\/inclusivenews.com.br\\\/?p=24798#primaryimage\"},\"thumbnailUrl\":\"http:\\\/\\\/inclusivenews.com.br\\\/wp-content\\\/uploads\\\/carly2-300x171.jpg\",\"datePublished\":\"2013-06-24T19:51:25+00:00\",\"breadcrumb\":{\"@id\":\"https:\\\/\\\/inclusivenews.com.br\\\/?p=24798#breadcrumb\"},\"inLanguage\":\"pt-PT\",\"potentialAction\":[{\"@type\":\"ReadAction\",\"target\":[\"https:\\\/\\\/inclusivenews.com.br\\\/?p=24798\"]}]},{\"@type\":\"ImageObject\",\"inLanguage\":\"pt-PT\",\"@id\":\"https:\\\/\\\/inclusivenews.com.br\\\/?p=24798#primaryimage\",\"url\":\"\",\"contentUrl\":\"\"},{\"@type\":\"BreadcrumbList\",\"@id\":\"https:\\\/\\\/inclusivenews.com.br\\\/?p=24798#breadcrumb\",\"itemListElement\":[{\"@type\":\"ListItem\",\"position\":1,\"name\":\"In\u00edcio\",\"item\":\"https:\\\/\\\/inclusivenews.com.br\\\/\"},{\"@type\":\"ListItem\",\"position\":2,\"name\":\"Caf\u00e9 Carly recebe pr\u00eamio no Festival de Cannes\"}]},{\"@type\":\"WebSite\",\"@id\":\"https:\\\/\\\/inclusivenews.com.br\\\/#website\",\"url\":\"https:\\\/\\\/inclusivenews.com.br\\\/\",\"name\":\"Inclusive News\",\"description\":\"Inclusive News\",\"publisher\":{\"@id\":\"https:\\\/\\\/inclusivenews.com.br\\\/#organization\"},\"potentialAction\":[{\"@type\":\"SearchAction\",\"target\":{\"@type\":\"EntryPoint\",\"urlTemplate\":\"https:\\\/\\\/inclusivenews.com.br\\\/?s={search_term_string}\"},\"query-input\":{\"@type\":\"PropertyValueSpecification\",\"valueRequired\":true,\"valueName\":\"search_term_string\"}}],\"inLanguage\":\"pt-PT\"},{\"@type\":\"Organization\",\"@id\":\"https:\\\/\\\/inclusivenews.com.br\\\/#organization\",\"name\":\"Inclusive - inclus\u00e3o e cidadania\",\"url\":\"https:\\\/\\\/inclusivenews.com.br\\\/\",\"logo\":{\"@type\":\"ImageObject\",\"inLanguage\":\"pt-PT\",\"@id\":\"https:\\\/\\\/inclusivenews.com.br\\\/#\\\/schema\\\/logo\\\/image\\\/\",\"url\":\"https:\\\/\\\/inclusivenews.com.br\\\/wp-content\\\/uploads\\\/2024\\\/03\\\/@grandesite.png\",\"contentUrl\":\"https:\\\/\\\/inclusivenews.com.br\\\/wp-content\\\/uploads\\\/2024\\\/03\\\/@grandesite.png\",\"width\":1080,\"height\":1080,\"caption\":\"Inclusive - inclus\u00e3o e cidadania\"},\"image\":{\"@id\":\"https:\\\/\\\/inclusivenews.com.br\\\/#\\\/schema\\\/logo\\\/image\\\/\"},\"sameAs\":[\"https:\\\/\\\/www.facebook.com\\\/agenciainclusive\\\/\",\"https:\\\/\\\/www.instagram.com\\\/newsinclusive\\\/\"]},{\"@type\":\"Person\",\"@id\":\"https:\\\/\\\/inclusivenews.com.br\\\/#\\\/schema\\\/person\\\/ae4ec7087559b8692fb33b6fffd2273b\",\"name\":\"inclusivenews2024\",\"image\":{\"@type\":\"ImageObject\",\"inLanguage\":\"pt-PT\",\"@id\":\"https:\\\/\\\/secure.gravatar.com\\\/avatar\\\/c5a7ef84c66fa914f55bc4f7ce26cfa275a3b9a1c5568b907bd184fb4dde7b40?s=96&d=mm&r=g\",\"url\":\"https:\\\/\\\/secure.gravatar.com\\\/avatar\\\/c5a7ef84c66fa914f55bc4f7ce26cfa275a3b9a1c5568b907bd184fb4dde7b40?s=96&d=mm&r=g\",\"contentUrl\":\"https:\\\/\\\/secure.gravatar.com\\\/avatar\\\/c5a7ef84c66fa914f55bc4f7ce26cfa275a3b9a1c5568b907bd184fb4dde7b40?s=96&d=mm&r=g\",\"caption\":\"inclusivenews2024\"},\"sameAs\":[\"https:\\\/\\\/inclusivenews.com.br\"],\"url\":\"https:\\\/\\\/inclusivenews.com.br\\\/?author=1\"}]}<\/script>\n<!-- \/ Yoast SEO plugin. -->","yoast_head_json":{"title":"Caf\u00e9 Carly recebe pr\u00eamio no Festival de Cannes -","robots":{"index":"index","follow":"follow","max-snippet":"max-snippet:-1","max-image-preview":"max-image-preview:large","max-video-preview":"max-video-preview:-1"},"canonical":"https:\/\/inclusivenews.com.br\/?p=24798","og_locale":"pt_PT","og_type":"article","og_title":"Caf\u00e9 Carly recebe pr\u00eamio no Festival de Cannes -","og_description":"O v\u00eddeo de Carly Fleishmann sobre como se sente uma pessoa com autismo ficou com o Le\u00e3o de prata no Festival.","og_url":"https:\/\/inclusivenews.com.br\/?p=24798","article_publisher":"https:\/\/www.facebook.com\/agenciainclusive\/","article_published_time":"2013-06-24T19:51:25+00:00","og_image":[{"url":"http:\/\/inclusivenews.com.br\/wp-content\/uploads\/carly2-300x171.jpg","type":"","width":"","height":""}],"author":"inclusivenews2024","twitter_card":"summary_large_image","twitter_misc":{"Escrito por":"inclusivenews2024","Tempo estimado de leitura":"4 minutos"},"schema":{"@context":"https:\/\/schema.org","@graph":[{"@type":"Article","@id":"https:\/\/inclusivenews.com.br\/?p=24798#article","isPartOf":{"@id":"https:\/\/inclusivenews.com.br\/?p=24798"},"author":{"name":"inclusivenews2024","@id":"https:\/\/inclusivenews.com.br\/#\/schema\/person\/ae4ec7087559b8692fb33b6fffd2273b"},"headline":"Caf\u00e9 Carly recebe pr\u00eamio no Festival de Cannes","datePublished":"2013-06-24T19:51:25+00:00","mainEntityOfPage":{"@id":"https:\/\/inclusivenews.com.br\/?p=24798"},"wordCount":775,"commentCount":0,"publisher":{"@id":"https:\/\/inclusivenews.com.br\/#organization"},"image":{"@id":"https:\/\/inclusivenews.com.br\/?p=24798#primaryimage"},"thumbnailUrl":"http:\/\/inclusivenews.com.br\/wp-content\/uploads\/carly2-300x171.jpg","articleSection":["Defici\u00eancia","Filmes e m\u00eddias","M\u00eddia e Defici\u00eancia","NOT\u00cdCIAS"],"inLanguage":"pt-PT","potentialAction":[{"@type":"CommentAction","name":"Comment","target":["https:\/\/inclusivenews.com.br\/?p=24798#respond"]}]},{"@type":"WebPage","@id":"https:\/\/inclusivenews.com.br\/?p=24798","url":"https:\/\/inclusivenews.com.br\/?p=24798","name":"Caf\u00e9 Carly recebe pr\u00eamio no Festival de Cannes -","isPartOf":{"@id":"https:\/\/inclusivenews.com.br\/#website"},"primaryImageOfPage":{"@id":"https:\/\/inclusivenews.com.br\/?p=24798#primaryimage"},"image":{"@id":"https:\/\/inclusivenews.com.br\/?p=24798#primaryimage"},"thumbnailUrl":"http:\/\/inclusivenews.com.br\/wp-content\/uploads\/carly2-300x171.jpg","datePublished":"2013-06-24T19:51:25+00:00","breadcrumb":{"@id":"https:\/\/inclusivenews.com.br\/?p=24798#breadcrumb"},"inLanguage":"pt-PT","potentialAction":[{"@type":"ReadAction","target":["https:\/\/inclusivenews.com.br\/?p=24798"]}]},{"@type":"ImageObject","inLanguage":"pt-PT","@id":"https:\/\/inclusivenews.com.br\/?p=24798#primaryimage","url":"","contentUrl":""},{"@type":"BreadcrumbList","@id":"https:\/\/inclusivenews.com.br\/?p=24798#breadcrumb","itemListElement":[{"@type":"ListItem","position":1,"name":"In\u00edcio","item":"https:\/\/inclusivenews.com.br\/"},{"@type":"ListItem","position":2,"name":"Caf\u00e9 Carly recebe pr\u00eamio no Festival de Cannes"}]},{"@type":"WebSite","@id":"https:\/\/inclusivenews.com.br\/#website","url":"https:\/\/inclusivenews.com.br\/","name":"Inclusive News","description":"Inclusive News","publisher":{"@id":"https:\/\/inclusivenews.com.br\/#organization"},"potentialAction":[{"@type":"SearchAction","target":{"@type":"EntryPoint","urlTemplate":"https:\/\/inclusivenews.com.br\/?s={search_term_string}"},"query-input":{"@type":"PropertyValueSpecification","valueRequired":true,"valueName":"search_term_string"}}],"inLanguage":"pt-PT"},{"@type":"Organization","@id":"https:\/\/inclusivenews.com.br\/#organization","name":"Inclusive - inclus\u00e3o e cidadania","url":"https:\/\/inclusivenews.com.br\/","logo":{"@type":"ImageObject","inLanguage":"pt-PT","@id":"https:\/\/inclusivenews.com.br\/#\/schema\/logo\/image\/","url":"https:\/\/inclusivenews.com.br\/wp-content\/uploads\/2024\/03\/@grandesite.png","contentUrl":"https:\/\/inclusivenews.com.br\/wp-content\/uploads\/2024\/03\/@grandesite.png","width":1080,"height":1080,"caption":"Inclusive - inclus\u00e3o e cidadania"},"image":{"@id":"https:\/\/inclusivenews.com.br\/#\/schema\/logo\/image\/"},"sameAs":["https:\/\/www.facebook.com\/agenciainclusive\/","https:\/\/www.instagram.com\/newsinclusive\/"]},{"@type":"Person","@id":"https:\/\/inclusivenews.com.br\/#\/schema\/person\/ae4ec7087559b8692fb33b6fffd2273b","name":"inclusivenews2024","image":{"@type":"ImageObject","inLanguage":"pt-PT","@id":"https:\/\/secure.gravatar.com\/avatar\/c5a7ef84c66fa914f55bc4f7ce26cfa275a3b9a1c5568b907bd184fb4dde7b40?s=96&d=mm&r=g","url":"https:\/\/secure.gravatar.com\/avatar\/c5a7ef84c66fa914f55bc4f7ce26cfa275a3b9a1c5568b907bd184fb4dde7b40?s=96&d=mm&r=g","contentUrl":"https:\/\/secure.gravatar.com\/avatar\/c5a7ef84c66fa914f55bc4f7ce26cfa275a3b9a1c5568b907bd184fb4dde7b40?s=96&d=mm&r=g","caption":"inclusivenews2024"},"sameAs":["https:\/\/inclusivenews.com.br"],"url":"https:\/\/inclusivenews.com.br\/?author=1"}]}},"_links":{"self":[{"href":"https:\/\/inclusivenews.com.br\/index.php?rest_route=\/wp\/v2\/posts\/24798","targetHints":{"allow":["GET"]}}],"collection":[{"href":"https:\/\/inclusivenews.com.br\/index.php?rest_route=\/wp\/v2\/posts"}],"about":[{"href":"https:\/\/inclusivenews.com.br\/index.php?rest_route=\/wp\/v2\/types\/post"}],"author":[{"embeddable":true,"href":"https:\/\/inclusivenews.com.br\/index.php?rest_route=\/wp\/v2\/users\/1"}],"replies":[{"embeddable":true,"href":"https:\/\/inclusivenews.com.br\/index.php?rest_route=%2Fwp%2Fv2%2Fcomments&post=24798"}],"version-history":[{"count":0,"href":"https:\/\/inclusivenews.com.br\/index.php?rest_route=\/wp\/v2\/posts\/24798\/revisions"}],"wp:attachment":[{"href":"https:\/\/inclusivenews.com.br\/index.php?rest_route=%2Fwp%2Fv2%2Fmedia&parent=24798"}],"wp:term":[{"taxonomy":"category","embeddable":true,"href":"https:\/\/inclusivenews.com.br\/index.php?rest_route=%2Fwp%2Fv2%2Fcategories&post=24798"},{"taxonomy":"post_tag","embeddable":true,"href":"https:\/\/inclusivenews.com.br\/index.php?rest_route=%2Fwp%2Fv2%2Ftags&post=24798"}],"curies":[{"name":"wp","href":"https:\/\/api.w.org\/{rel}","templated":true}]}}