{"id":24816,"date":"2013-06-26T11:01:31","date_gmt":"2013-06-26T14:01:31","guid":{"rendered":"http:\/\/www.inclusive.org.br\/?p=24816"},"modified":"2013-06-26T11:01:31","modified_gmt":"2013-06-26T14:01:31","slug":"milagre-em-marrakech-tratado-pelo-livro-acessivel-deve-ser-assinado-na-sexta-feira","status":"publish","type":"post","link":"https:\/\/inclusivenews.com.br\/?p=24816","title":{"rendered":"Milagre em Marrakech &#8211; Tratado pelo livro acess\u00edvel deve ser assinado na sexta-feira"},"content":{"rendered":"<div id=\"_mcePaste\">\n<div id=\"_mcePaste\"><img loading=\"lazy\" decoding=\"async\" class=\"alignleft size-medium wp-image-24819\" title=\"WIPOCopen\" src=\"http:\/\/inclusivenews.com.br\/wp-content\/uploads\/WIPOCopen-300x199.jpg\" alt=\"Mesa principal da confer\u00eancia, com banner azul no fundo com um livro aberto - ao lado de s\u00edmbolos em braile - o diretor geral da OMPI discursa no podium.\" width=\"300\" height=\"199\" \/><\/div>\n<div><em>O acordo foi alcan\u00e7ado com forte participa\u00e7\u00e3o do Brasil<\/em><\/div>\n<div><em><br \/>\n<\/em><\/div>\n<div>Marrakech, Marrocos &#8211; O clima foi de festa na Marraquesh Palais des Congr\u00e8s para saudar o sucesso dos negociadores\u00a0da Organiza\u00e7\u00e3o Mundial de Propriedade Intelectual &#8211; OMPI, na tentativa de elaborar um projeto de texto do tratado de consenso. Depois de um come\u00e7o de semana dif\u00edcil, os delegados chegaram a um acordo e os corredores do centro de confer\u00eancias ecoaram com risos e parab\u00e9ns. L\u00e1grimas de alegria foram derramadas com a maioria comemorando o acordo hist\u00f3rico. Pessoas com defici\u00eancia visual e da sociedade civil estavam em \u00eaxtase.<\/div>\n<div><a href=\"http:\/\/www.ip-watch.org\/weblog\/wp-content\/uploads\/2013\/06\/WIPO-Dipl-Conf-Adopted-Draft-Treaty-June-2013.pdf\">http:\/\/www.ip-watch.org\/weblog\/wp-content\/uploads\/2013\/06\/WIPO-Dipl-Conf-Adopted-Draft-Treaty-June-2013.pdf<\/a><\/div>\n<div><span style=\"font-size: 13px; line-height: 19px;\">O <\/span><span style=\"font-size: 13px; line-height: 19px;\">projeto <\/span><span style=\"font-size: 13px; line-height: 19px;\">informal de texto final consolidado <\/span>foi alcan\u00e7ado tarde da noite, e todos os artigos foram adotados por uma sala cheia de pessoas. O texto agora est\u00e1 no comit\u00ea de reda\u00e7\u00e3o que ir\u00e1 garantir que todas as vers\u00f5es lingu\u00edsticas diferentes sejam consistentes e compat\u00edveis.<\/div>\n<div id=\"_mcePaste\">Membros da OMPI est\u00e3o reunidos em Marrakesh, Marrocos de 17 a 28 de junho para finalizar o tratado sobre limita\u00e7\u00f5es e exce\u00e7\u00f5es aos direitos autorais para cegos e deficientes visuais, permitindo-lhes um melhor acesso sem-fronteira aos livros.<\/div>\n<div id=\"_mcePaste\">Para a comunidade de deficientes visuais, isso \u00e9 visto como nada menos que um milagre. Ap\u00f3s 10 dias de duras negocia\u00e7\u00f5es, Dan Pescod, que lidera a campanha da Uni\u00e3o Mundial de Cegos &#8211; Uni\u00e3o Europeia para o tratado, confessando exaust\u00e3o, disse, antes do texto estar dispon\u00edvel &#8220;parte de mim quer ver o texto na minha frente e outra parte sente que este \u00e9 um dia hist\u00f3rico de muitos anos na tomada. &#8220;<\/div>\n<div id=\"_mcePaste\">Maryanne Diamond, ex-presidente \u00a0da Uni\u00e3o Mundial de Cegos, disse \u00a0que todas as quest\u00f5es que importavam para os cegos tinham sido abordadas. &#8220;N\u00f3s ainda estamos em choque&#8221;, disse ela, acrescentando que &#8220;este \u00e9 o come\u00e7o de mudar o mundo para as pessoas cegas.&#8221;<\/div>\n<div id=\"_mcePaste\">Pablo Lecuona da Uni\u00e3o de Cegos da Am\u00e9rica Latina, disse que nos \u00faltimos cinco anos, a comunidade cega pressionou para o reconhecimento do problema do acesso aos livros para pessoas com defici\u00eancia visual. &#8220;Agora temos um tratado&#8221;, mas completou que eles t\u00eam ainda trabalho pela frente, que \u00e9 a ratifica\u00e7\u00e3o e implementa\u00e7\u00e3o deste tratado nos pa\u00edses para que ele seja uma ferramenta eficaz para que as pessoas cegas podem ter acesso a mais livros.<\/div>\n<div id=\"_mcePaste\">&#8220;Estou impressionado. Foi t\u00e3o dif\u00edcil &#8230; n\u00e3o deveria ter sido t\u00e3o dif\u00edcil &#8220;, disse Jamie Love, um forte defensor do tratado. &#8220;Demorou cinco anos de trabalho duro, quando poderia ter sido muito mais r\u00e1pido, mas as pessoas realmente mudaram de id\u00e9ia quando eles se conheceram pessoas cegas. Voc\u00ea pode ver uma mudan\u00e7a de atitude em muitos delegados &#8220;, disse ele.<\/div>\n<div id=\"_mcePaste\">&#8220;Os delegados da Uni\u00e3o Europeia e Estados Unidos encontraram uma maneira de contornar o lobby da ind\u00fastria&#8221;, at\u00e9 mesmo dentro da ind\u00fastria, acrescentou, houve uma mudan\u00e7a de atitude, com alguns lobistas empurrando dando pra tr\u00e1s.<\/div>\n<div id=\"_mcePaste\">Jim Fruchterman, o chefe da Benetech, da Bookshare, uma plataforma digital que fornece livros \u00a0de formato especial para as pessoas com defici\u00eancia visual, disse: &#8220;Estamos extremamente entusiasmados com o tratado. N\u00f3s temos a tecnologia e temos o conte\u00fado, agora temos um regime jur\u00eddico para tornar poss\u00edvel a todas as pessoas com defici\u00eancia no planeta obter acesso aos livros que eles precisam para a educa\u00e7\u00e3o, emprego e inclus\u00e3o social. &#8220;<\/div>\n<div id=\"_mcePaste\"><strong>Delegados em \u00eaxtase<\/strong><\/div>\n<div id=\"_mcePaste\">O n\u00edvel de entusiasmo era o mesmo entre os delegados dos pa\u00edses menos desenvolvidos, dos pa\u00edses desenvolvidos ou em desenvolvimento.<\/div>\n<div id=\"_mcePaste\">Justin Hughes, um delegado dos EUA, disse &#8220;Foi um prazer trabalhar com o Brasil, a Uni\u00e3o Europeia e M\u00e9xico nos primeiros dias para tentar obter o primeiro texto de colabora\u00e7\u00e3o em conjunto. Obviamente \u00e9 maravilhoso ver o texto vir a ser concretizado. &#8220;<\/div>\n<div id=\"_mcePaste\">Outro representante dos pa\u00edses desenvolvidos do Grupo B, disse que o texto foi equilibrado, como um delegado da Uni\u00e3o Europeia: &#8220;Todo mundo est\u00e1 muito feliz, muito satisfeito.&#8221; Um delegado do Grupo Africano, disse, &#8220;\u00e9 um milagre.&#8221;<\/div>\n<div id=\"_mcePaste\">Em uma ocorr\u00eancia rara, todas as delega\u00e7\u00f5es, bem como a sociedade civil, celebrado em un\u00edssono um tratado que tem a caracter\u00edsticas de servir os direitos humanos.<\/div>\n<div id=\"_mcePaste\">O entusiasmo n\u00e3o foi t\u00e3o marcado no lado de editores. Uma fonte da ind\u00fastria editorial disse que o texto era &#8220;muito equilibrado&#8221; e que &#8220;havia algo nele para todo mundo.&#8221; Visivelmente o texto n\u00e3o \u00e9 a sua plena satisfa\u00e7\u00e3o, mas a maioria dos entrevistados disse que estava feliz pelas pessoas com defici\u00eancia visual.<\/div>\n<div id=\"_mcePaste\">O Diretor Geral da OMPI Francis Gurry, \u00a0disse aos observadores que o tratado tinha sido impulsionado por organiza\u00e7\u00f5es n\u00e3o-governamentais e n\u00e3o era apenas um tratado, mas um bom tratado. Ele estendeu &#8220;sua profunda gratid\u00e3o&#8221; para o que ele descreve como &#8220;um resultado verdadeiramente hist\u00f3rico&#8221;.<\/div>\n<div id=\"_mcePaste\">&#8220;\u00c9 uma grande coisa para a OMPI, para a propriedade intelectual, para o sistema multilateral, mas, acima de tudo, para as pessoas com defici\u00eancia visual&#8221;, disse Gurry. Ele foi saudado por aplausos. Os participantes elogiaram amplamente o trabalho do secretariado da WIPO.<\/div>\n<div id=\"_mcePaste\">Depois de um come\u00e7o \u00a0de semana dif\u00edcil, quando o progresso era muito limitado em quest\u00f5es sobre as quais as delega\u00e7\u00f5es resistiram, o al\u00edvio veio pela primeira vez no \u00faltimo s\u00e1bado, quando foi alcan\u00e7ado um acordo sobre o teste de tr\u00eas etapas e o chamado gap de Berna (IPW, a OMPI, 24 de junho de 2013 ).<\/div>\n<div id=\"_mcePaste\"><strong>Acordo sobre quest\u00f5es dif\u00edceis<\/strong><\/div>\n<div id=\"_mcePaste\">Desde ent\u00e3o, houve press\u00e3o para encontrar um acordo e os representantes com defici\u00eancia visual ficaram preocupados com a natureza do tratado. Entre as quest\u00f5es pendentes que s\u00f3 foram resolvidas ontem, est\u00e3o a disponibilidade comercial, direito de distribui\u00e7\u00e3o para os indiv\u00edduos e direito de tradu\u00e7\u00e3o.<\/div>\n<div id=\"_mcePaste\">A quest\u00e3o da disponibilidade comercial foi resolvida ontem. Pessoas com defici\u00eancia visual e pa\u00edses em desenvolvimento queriam que isso ficasse fora do tratado, os editores e os pa\u00edses desenvolvidos queriam que fosse inclu\u00eddo. Finalmente, a disponibilidade comercial ainda est\u00e1 no artigo 4 (Limita\u00e7\u00f5es e Exce\u00e7\u00f5es em Formato Acess\u00edvel ), mas desapareceu do artigo 5 \u00ba (cross -border troca de formato c\u00f3pias acess\u00edveis).<\/div>\n<div id=\"_mcePaste\">A quest\u00e3o do direito de distribui\u00e7\u00e3o a pessoas f\u00edsicas foi resolvido depois de &#8220;algumas garantias adicionais e alguns mecanismos adicionais de partilha de informa\u00e7\u00e3o&#8221; e foram adicionadas ao texto, de acordo com Hughes.<\/div>\n<div id=\"_mcePaste\">O texto voltar\u00e1 ao plen\u00e1rio para ser analisado e adotado, depois de ter sido atrav\u00e9s do comit\u00ea de reda\u00e7\u00e3o, na quinta-feira de manh\u00e3, disse o secretariado da WIPO, e pa\u00edses v\u00e3o apresentar as suas observa\u00e7\u00f5es sobre o tratado nesta ocasi\u00e3o.<\/div>\n<div>Texto do tratado &#8211;\u00a0<a href=\"http:\/\/www.wipo.int\/meetings\/en\/doc_details.jsp?doc_id=241683\">http:\/\/www.wipo.int\/meetings\/en\/doc_details.jsp?doc_id=241683<\/a><\/div>\n<div><\/div>\n<div>Fonte:\u00a0<a href=\"http:\/\/www.ip-watch.org\/2013\/06\/26\/miracle-in-marrakesh-historic-treaty-for-visually-impaired-agreed\/\">http:\/\/www.ip-watch.org\/2013\/06\/26\/miracle-in-marrakesh-historic-treaty-for-visually-impaired-agreed\/<\/a><\/div>\n<\/div>\n","protected":false},"excerpt":{"rendered":"<p>As pessoas com defici\u00eancia visual ter\u00e3o acesso ao formato digital de livros. O acordo foi alcan\u00e7ado com forte participa\u00e7\u00e3o do Brasil.<\/p>\n","protected":false},"author":1,"featured_media":0,"comment_status":"open","ping_status":"open","sticky":false,"template":"","format":"standard","meta":{"site-container-style":"default","site-container-layout":"default","site-sidebar-layout":"default","disable-article-header":"default","disable-site-header":"default","disable-site-footer":"default","disable-content-area-spacing":"default","footnotes":""},"categories":[44,29,38,48,4],"tags":[],"class_list":["post-24816","post","type-post","status-publish","format-standard","hentry","category-acessibilidade","category-cultura","category-deficiencia","category-inclusao","category-noticias"],"yoast_head":"<!-- This site is optimized with the Yoast SEO plugin v27.4 - https:\/\/yoast.com\/product\/yoast-seo-wordpress\/ -->\n<title>Milagre em Marrakech - Tratado pelo livro acess\u00edvel deve ser assinado na sexta-feira -<\/title>\n<meta name=\"robots\" content=\"index, follow, max-snippet:-1, max-image-preview:large, max-video-preview:-1\" \/>\n<link rel=\"canonical\" href=\"https:\/\/inclusivenews.com.br\/?p=24816\" \/>\n<meta property=\"og:locale\" content=\"pt_PT\" \/>\n<meta property=\"og:type\" content=\"article\" \/>\n<meta property=\"og:title\" content=\"Milagre em Marrakech - Tratado pelo livro acess\u00edvel deve ser assinado na sexta-feira -\" \/>\n<meta property=\"og:description\" content=\"As pessoas com defici\u00eancia visual ter\u00e3o acesso ao formato digital de livros. O acordo foi alcan\u00e7ado com forte participa\u00e7\u00e3o do Brasil.\" \/>\n<meta property=\"og:url\" content=\"https:\/\/inclusivenews.com.br\/?p=24816\" \/>\n<meta property=\"article:publisher\" content=\"https:\/\/www.facebook.com\/agenciainclusive\/\" \/>\n<meta property=\"article:published_time\" content=\"2013-06-26T14:01:31+00:00\" \/>\n<meta property=\"og:image\" content=\"http:\/\/inclusivenews.com.br\/wp-content\/uploads\/WIPOCopen-300x199.jpg\" \/>\n<meta name=\"author\" content=\"inclusivenews2024\" \/>\n<meta name=\"twitter:card\" content=\"summary_large_image\" \/>\n<meta name=\"twitter:label1\" content=\"Escrito por\" \/>\n\t<meta name=\"twitter:data1\" content=\"inclusivenews2024\" \/>\n\t<meta name=\"twitter:label2\" content=\"Tempo estimado de leitura\" \/>\n\t<meta name=\"twitter:data2\" content=\"6 minutos\" \/>\n<script type=\"application\/ld+json\" class=\"yoast-schema-graph\">{\"@context\":\"https:\\\/\\\/schema.org\",\"@graph\":[{\"@type\":\"Article\",\"@id\":\"https:\\\/\\\/inclusivenews.com.br\\\/?p=24816#article\",\"isPartOf\":{\"@id\":\"https:\\\/\\\/inclusivenews.com.br\\\/?p=24816\"},\"author\":{\"name\":\"inclusivenews2024\",\"@id\":\"https:\\\/\\\/inclusivenews.com.br\\\/#\\\/schema\\\/person\\\/ae4ec7087559b8692fb33b6fffd2273b\"},\"headline\":\"Milagre em Marrakech &#8211; Tratado pelo livro acess\u00edvel deve ser assinado na sexta-feira\",\"datePublished\":\"2013-06-26T14:01:31+00:00\",\"mainEntityOfPage\":{\"@id\":\"https:\\\/\\\/inclusivenews.com.br\\\/?p=24816\"},\"wordCount\":1177,\"commentCount\":1,\"publisher\":{\"@id\":\"https:\\\/\\\/inclusivenews.com.br\\\/#organization\"},\"image\":{\"@id\":\"https:\\\/\\\/inclusivenews.com.br\\\/?p=24816#primaryimage\"},\"thumbnailUrl\":\"http:\\\/\\\/inclusivenews.com.br\\\/wp-content\\\/uploads\\\/WIPOCopen-300x199.jpg\",\"articleSection\":[\"ACESSIBILIDADE\",\"Cultura\",\"Defici\u00eancia\",\"INCLUS\u00c3O SOCIAL\",\"NOT\u00cdCIAS\"],\"inLanguage\":\"pt-PT\",\"potentialAction\":[{\"@type\":\"CommentAction\",\"name\":\"Comment\",\"target\":[\"https:\\\/\\\/inclusivenews.com.br\\\/?p=24816#respond\"]}]},{\"@type\":\"WebPage\",\"@id\":\"https:\\\/\\\/inclusivenews.com.br\\\/?p=24816\",\"url\":\"https:\\\/\\\/inclusivenews.com.br\\\/?p=24816\",\"name\":\"Milagre em Marrakech - Tratado pelo livro acess\u00edvel deve ser assinado na sexta-feira -\",\"isPartOf\":{\"@id\":\"https:\\\/\\\/inclusivenews.com.br\\\/#website\"},\"primaryImageOfPage\":{\"@id\":\"https:\\\/\\\/inclusivenews.com.br\\\/?p=24816#primaryimage\"},\"image\":{\"@id\":\"https:\\\/\\\/inclusivenews.com.br\\\/?p=24816#primaryimage\"},\"thumbnailUrl\":\"http:\\\/\\\/inclusivenews.com.br\\\/wp-content\\\/uploads\\\/WIPOCopen-300x199.jpg\",\"datePublished\":\"2013-06-26T14:01:31+00:00\",\"breadcrumb\":{\"@id\":\"https:\\\/\\\/inclusivenews.com.br\\\/?p=24816#breadcrumb\"},\"inLanguage\":\"pt-PT\",\"potentialAction\":[{\"@type\":\"ReadAction\",\"target\":[\"https:\\\/\\\/inclusivenews.com.br\\\/?p=24816\"]}]},{\"@type\":\"ImageObject\",\"inLanguage\":\"pt-PT\",\"@id\":\"https:\\\/\\\/inclusivenews.com.br\\\/?p=24816#primaryimage\",\"url\":\"\",\"contentUrl\":\"\"},{\"@type\":\"BreadcrumbList\",\"@id\":\"https:\\\/\\\/inclusivenews.com.br\\\/?p=24816#breadcrumb\",\"itemListElement\":[{\"@type\":\"ListItem\",\"position\":1,\"name\":\"In\u00edcio\",\"item\":\"https:\\\/\\\/inclusivenews.com.br\\\/\"},{\"@type\":\"ListItem\",\"position\":2,\"name\":\"Milagre em Marrakech &#8211; Tratado pelo livro acess\u00edvel deve ser assinado na sexta-feira\"}]},{\"@type\":\"WebSite\",\"@id\":\"https:\\\/\\\/inclusivenews.com.br\\\/#website\",\"url\":\"https:\\\/\\\/inclusivenews.com.br\\\/\",\"name\":\"Inclusive News\",\"description\":\"Inclusive News\",\"publisher\":{\"@id\":\"https:\\\/\\\/inclusivenews.com.br\\\/#organization\"},\"potentialAction\":[{\"@type\":\"SearchAction\",\"target\":{\"@type\":\"EntryPoint\",\"urlTemplate\":\"https:\\\/\\\/inclusivenews.com.br\\\/?s={search_term_string}\"},\"query-input\":{\"@type\":\"PropertyValueSpecification\",\"valueRequired\":true,\"valueName\":\"search_term_string\"}}],\"inLanguage\":\"pt-PT\"},{\"@type\":\"Organization\",\"@id\":\"https:\\\/\\\/inclusivenews.com.br\\\/#organization\",\"name\":\"Inclusive - inclus\u00e3o e cidadania\",\"url\":\"https:\\\/\\\/inclusivenews.com.br\\\/\",\"logo\":{\"@type\":\"ImageObject\",\"inLanguage\":\"pt-PT\",\"@id\":\"https:\\\/\\\/inclusivenews.com.br\\\/#\\\/schema\\\/logo\\\/image\\\/\",\"url\":\"https:\\\/\\\/inclusivenews.com.br\\\/wp-content\\\/uploads\\\/2024\\\/03\\\/@grandesite.png\",\"contentUrl\":\"https:\\\/\\\/inclusivenews.com.br\\\/wp-content\\\/uploads\\\/2024\\\/03\\\/@grandesite.png\",\"width\":1080,\"height\":1080,\"caption\":\"Inclusive - inclus\u00e3o e cidadania\"},\"image\":{\"@id\":\"https:\\\/\\\/inclusivenews.com.br\\\/#\\\/schema\\\/logo\\\/image\\\/\"},\"sameAs\":[\"https:\\\/\\\/www.facebook.com\\\/agenciainclusive\\\/\",\"https:\\\/\\\/www.instagram.com\\\/newsinclusive\\\/\"]},{\"@type\":\"Person\",\"@id\":\"https:\\\/\\\/inclusivenews.com.br\\\/#\\\/schema\\\/person\\\/ae4ec7087559b8692fb33b6fffd2273b\",\"name\":\"inclusivenews2024\",\"image\":{\"@type\":\"ImageObject\",\"inLanguage\":\"pt-PT\",\"@id\":\"https:\\\/\\\/secure.gravatar.com\\\/avatar\\\/c5a7ef84c66fa914f55bc4f7ce26cfa275a3b9a1c5568b907bd184fb4dde7b40?s=96&d=mm&r=g\",\"url\":\"https:\\\/\\\/secure.gravatar.com\\\/avatar\\\/c5a7ef84c66fa914f55bc4f7ce26cfa275a3b9a1c5568b907bd184fb4dde7b40?s=96&d=mm&r=g\",\"contentUrl\":\"https:\\\/\\\/secure.gravatar.com\\\/avatar\\\/c5a7ef84c66fa914f55bc4f7ce26cfa275a3b9a1c5568b907bd184fb4dde7b40?s=96&d=mm&r=g\",\"caption\":\"inclusivenews2024\"},\"sameAs\":[\"https:\\\/\\\/inclusivenews.com.br\"],\"url\":\"https:\\\/\\\/inclusivenews.com.br\\\/?author=1\"}]}<\/script>\n<!-- \/ Yoast SEO plugin. -->","yoast_head_json":{"title":"Milagre em Marrakech - Tratado pelo livro acess\u00edvel deve ser assinado na sexta-feira -","robots":{"index":"index","follow":"follow","max-snippet":"max-snippet:-1","max-image-preview":"max-image-preview:large","max-video-preview":"max-video-preview:-1"},"canonical":"https:\/\/inclusivenews.com.br\/?p=24816","og_locale":"pt_PT","og_type":"article","og_title":"Milagre em Marrakech - Tratado pelo livro acess\u00edvel deve ser assinado na sexta-feira -","og_description":"As pessoas com defici\u00eancia visual ter\u00e3o acesso ao formato digital de livros. O acordo foi alcan\u00e7ado com forte participa\u00e7\u00e3o do Brasil.","og_url":"https:\/\/inclusivenews.com.br\/?p=24816","article_publisher":"https:\/\/www.facebook.com\/agenciainclusive\/","article_published_time":"2013-06-26T14:01:31+00:00","og_image":[{"url":"http:\/\/inclusivenews.com.br\/wp-content\/uploads\/WIPOCopen-300x199.jpg","type":"","width":"","height":""}],"author":"inclusivenews2024","twitter_card":"summary_large_image","twitter_misc":{"Escrito por":"inclusivenews2024","Tempo estimado de leitura":"6 minutos"},"schema":{"@context":"https:\/\/schema.org","@graph":[{"@type":"Article","@id":"https:\/\/inclusivenews.com.br\/?p=24816#article","isPartOf":{"@id":"https:\/\/inclusivenews.com.br\/?p=24816"},"author":{"name":"inclusivenews2024","@id":"https:\/\/inclusivenews.com.br\/#\/schema\/person\/ae4ec7087559b8692fb33b6fffd2273b"},"headline":"Milagre em Marrakech &#8211; Tratado pelo livro acess\u00edvel deve ser assinado na sexta-feira","datePublished":"2013-06-26T14:01:31+00:00","mainEntityOfPage":{"@id":"https:\/\/inclusivenews.com.br\/?p=24816"},"wordCount":1177,"commentCount":1,"publisher":{"@id":"https:\/\/inclusivenews.com.br\/#organization"},"image":{"@id":"https:\/\/inclusivenews.com.br\/?p=24816#primaryimage"},"thumbnailUrl":"http:\/\/inclusivenews.com.br\/wp-content\/uploads\/WIPOCopen-300x199.jpg","articleSection":["ACESSIBILIDADE","Cultura","Defici\u00eancia","INCLUS\u00c3O SOCIAL","NOT\u00cdCIAS"],"inLanguage":"pt-PT","potentialAction":[{"@type":"CommentAction","name":"Comment","target":["https:\/\/inclusivenews.com.br\/?p=24816#respond"]}]},{"@type":"WebPage","@id":"https:\/\/inclusivenews.com.br\/?p=24816","url":"https:\/\/inclusivenews.com.br\/?p=24816","name":"Milagre em Marrakech - Tratado pelo livro acess\u00edvel deve ser assinado na sexta-feira -","isPartOf":{"@id":"https:\/\/inclusivenews.com.br\/#website"},"primaryImageOfPage":{"@id":"https:\/\/inclusivenews.com.br\/?p=24816#primaryimage"},"image":{"@id":"https:\/\/inclusivenews.com.br\/?p=24816#primaryimage"},"thumbnailUrl":"http:\/\/inclusivenews.com.br\/wp-content\/uploads\/WIPOCopen-300x199.jpg","datePublished":"2013-06-26T14:01:31+00:00","breadcrumb":{"@id":"https:\/\/inclusivenews.com.br\/?p=24816#breadcrumb"},"inLanguage":"pt-PT","potentialAction":[{"@type":"ReadAction","target":["https:\/\/inclusivenews.com.br\/?p=24816"]}]},{"@type":"ImageObject","inLanguage":"pt-PT","@id":"https:\/\/inclusivenews.com.br\/?p=24816#primaryimage","url":"","contentUrl":""},{"@type":"BreadcrumbList","@id":"https:\/\/inclusivenews.com.br\/?p=24816#breadcrumb","itemListElement":[{"@type":"ListItem","position":1,"name":"In\u00edcio","item":"https:\/\/inclusivenews.com.br\/"},{"@type":"ListItem","position":2,"name":"Milagre em Marrakech &#8211; Tratado pelo livro acess\u00edvel deve ser assinado na sexta-feira"}]},{"@type":"WebSite","@id":"https:\/\/inclusivenews.com.br\/#website","url":"https:\/\/inclusivenews.com.br\/","name":"Inclusive News","description":"Inclusive News","publisher":{"@id":"https:\/\/inclusivenews.com.br\/#organization"},"potentialAction":[{"@type":"SearchAction","target":{"@type":"EntryPoint","urlTemplate":"https:\/\/inclusivenews.com.br\/?s={search_term_string}"},"query-input":{"@type":"PropertyValueSpecification","valueRequired":true,"valueName":"search_term_string"}}],"inLanguage":"pt-PT"},{"@type":"Organization","@id":"https:\/\/inclusivenews.com.br\/#organization","name":"Inclusive - inclus\u00e3o e cidadania","url":"https:\/\/inclusivenews.com.br\/","logo":{"@type":"ImageObject","inLanguage":"pt-PT","@id":"https:\/\/inclusivenews.com.br\/#\/schema\/logo\/image\/","url":"https:\/\/inclusivenews.com.br\/wp-content\/uploads\/2024\/03\/@grandesite.png","contentUrl":"https:\/\/inclusivenews.com.br\/wp-content\/uploads\/2024\/03\/@grandesite.png","width":1080,"height":1080,"caption":"Inclusive - inclus\u00e3o e cidadania"},"image":{"@id":"https:\/\/inclusivenews.com.br\/#\/schema\/logo\/image\/"},"sameAs":["https:\/\/www.facebook.com\/agenciainclusive\/","https:\/\/www.instagram.com\/newsinclusive\/"]},{"@type":"Person","@id":"https:\/\/inclusivenews.com.br\/#\/schema\/person\/ae4ec7087559b8692fb33b6fffd2273b","name":"inclusivenews2024","image":{"@type":"ImageObject","inLanguage":"pt-PT","@id":"https:\/\/secure.gravatar.com\/avatar\/c5a7ef84c66fa914f55bc4f7ce26cfa275a3b9a1c5568b907bd184fb4dde7b40?s=96&d=mm&r=g","url":"https:\/\/secure.gravatar.com\/avatar\/c5a7ef84c66fa914f55bc4f7ce26cfa275a3b9a1c5568b907bd184fb4dde7b40?s=96&d=mm&r=g","contentUrl":"https:\/\/secure.gravatar.com\/avatar\/c5a7ef84c66fa914f55bc4f7ce26cfa275a3b9a1c5568b907bd184fb4dde7b40?s=96&d=mm&r=g","caption":"inclusivenews2024"},"sameAs":["https:\/\/inclusivenews.com.br"],"url":"https:\/\/inclusivenews.com.br\/?author=1"}]}},"_links":{"self":[{"href":"https:\/\/inclusivenews.com.br\/index.php?rest_route=\/wp\/v2\/posts\/24816","targetHints":{"allow":["GET"]}}],"collection":[{"href":"https:\/\/inclusivenews.com.br\/index.php?rest_route=\/wp\/v2\/posts"}],"about":[{"href":"https:\/\/inclusivenews.com.br\/index.php?rest_route=\/wp\/v2\/types\/post"}],"author":[{"embeddable":true,"href":"https:\/\/inclusivenews.com.br\/index.php?rest_route=\/wp\/v2\/users\/1"}],"replies":[{"embeddable":true,"href":"https:\/\/inclusivenews.com.br\/index.php?rest_route=%2Fwp%2Fv2%2Fcomments&post=24816"}],"version-history":[{"count":0,"href":"https:\/\/inclusivenews.com.br\/index.php?rest_route=\/wp\/v2\/posts\/24816\/revisions"}],"wp:attachment":[{"href":"https:\/\/inclusivenews.com.br\/index.php?rest_route=%2Fwp%2Fv2%2Fmedia&parent=24816"}],"wp:term":[{"taxonomy":"category","embeddable":true,"href":"https:\/\/inclusivenews.com.br\/index.php?rest_route=%2Fwp%2Fv2%2Fcategories&post=24816"},{"taxonomy":"post_tag","embeddable":true,"href":"https:\/\/inclusivenews.com.br\/index.php?rest_route=%2Fwp%2Fv2%2Ftags&post=24816"}],"curies":[{"name":"wp","href":"https:\/\/api.w.org\/{rel}","templated":true}]}}