{"id":24833,"date":"2013-06-27T12:09:50","date_gmt":"2013-06-27T15:09:50","guid":{"rendered":"http:\/\/www.inclusive.org.br\/?p=24833"},"modified":"2013-06-27T12:09:50","modified_gmt":"2013-06-27T15:09:50","slug":"saiba-o-que-fazer-caso-seja-detido-em-uma-manifestacao","status":"publish","type":"post","link":"https:\/\/inclusivenews.com.br\/?p=24833","title":{"rendered":"Saiba o que fazer caso seja detido em uma manifesta\u00e7\u00e3o"},"content":{"rendered":"<figure id=\"attachment_24834\" aria-describedby=\"caption-attachment-24834\" style=\"width: 300px\" class=\"wp-caption alignleft\"><img loading=\"lazy\" decoding=\"async\" class=\"size-medium wp-image-24834\" title=\"cartoon\" alt=\"Ilustra\u00e7\u00e3o de manifestantes em passeata com cartazes e camisetas pretas R$ 0,20, um homem, uma mulher, um crian\u00e7a e outro menino em cadeira de rodas.\" src=\"http:\/\/inclusivenews.com.br\/wp-content\/uploads\/cartoon-300x300.jpg\" width=\"300\" height=\"300\" \/><figcaption id=\"caption-attachment-24834\" class=\"wp-caption-text\">Foto: www.turmadolukas.com.br &#8211; Fabio Yamashita<\/figcaption><\/figure>\n<p>Depois de uma s\u00e9rie de manifesta\u00e7\u00f5es em diversos pontos do pa\u00eds, os governantes de algumas cidades barraram os aumentos dos \u00f4nibus municipais e reduziram as tarifas. Os gestores p\u00fablicos tamb\u00e9m come\u00e7aram a dialogar com a sociedade sobre as passagens de transporte p\u00fablico, direito a livre manifesta\u00e7\u00e3o e atua\u00e7\u00e3o das for\u00e7as policiais. O movimento tem outras bandeiras como: o fim da impunidade e da corrup\u00e7\u00e3o; maior transpar\u00eancia da gest\u00e3o p\u00fablica e aumento da participa\u00e7\u00e3o popular.<br \/>\nAs redes sociais s\u00e3o um importante canal de informa\u00e7\u00e3o da sociedade e, obviamente, est\u00e3o possibilitando uma intensa troca de informa\u00e7\u00f5es neste momento. Na rede circulam muitas verdades e tamb\u00e9m muitas mentiras. Por isso, \u00e9 fundamental observar detalhes, refletir e pesquisar sobre todas as informa\u00e7\u00f5es.<\/p>\n<p>Entre as coisas boas e \u00fateis postadas na rede, destacamos essas recomenda\u00e7\u00f5es jur\u00eddicas atribu\u00eddas ao Eduardo Marinho. S\u00e3o orienta\u00e7\u00f5es importantes para quem vai participar das manifesta\u00e7\u00f5es:<\/p>\n<p>1. A pol\u00edcia PODE te deter, por alguns minutos, para \u201caverigua\u00e7\u00e3o\u201d. Ou seja, para verificar se voc\u00ea est\u00e1 carregando bombas, armas, drogas, etc. A pol\u00edcia N\u00c3O PODE te prender para averigua\u00e7\u00e3o, te jogar em um cambur\u00e3o, e te levar para a delegacia;<\/p>\n<p>2. Se voc\u00ea for pego cometendo algum crime (independente das raz\u00f5es para isso), voc\u00ea poder\u00e1 ser preso. Se voc\u00ea estiver portando drogas, bombas, armas, ou estiver depredando o patrim\u00f4nio p\u00fablico, a pol\u00edcia PODE E DEVE te prender e te levar para a delegacia;<\/p>\n<p>3. Voc\u00ea tem o direito de permanecer calado diante de qualquer pergunta, de qualquer autoridade.<\/p>\n<p>4. Voc\u00ea tamb\u00e9m tem direito, na delegacia, de contar com o aux\u00edlio de um advogado. Se voc\u00ea for preso, levado para a delegacia, e quiserem tomar o seu depoimento, EXIJA um advogado presente.<\/p>\n<p>5. Na delegacia, LEIA TUDO ANTES DE ASSINAR! Se o que estiver escrito n\u00e3o for a realidade, ou se voc\u00ea n\u00e3o disse alguma coisa que est\u00e1 escrita, N\u00c3O ASSINE;<\/p>\n<p>6. Se voc\u00ea for preso, n\u00e3o adianta discutir com o policial. N\u00e3o reaja. Anote o nome de todos. Grave-os na sua mem\u00f3ria.<\/p>\n<p>7. Qualquer revista da pol\u00edcia, em voc\u00ea ou em mochilas, DEVE SER FEITA NA PRESEN\u00c7A DE TODOS. A pol\u00edcia N\u00c3O PODE pegar a sua mochila e ir verific\u00e1-la longe dos olhos de todos.<\/p>\n<p>8. Se voc\u00ea estiver machucado, EXIJA ATENDIMENTO M\u00c9DICO IMEDIATO, mesmo antes de ir para a delegacia. A sua sa\u00fade deve ser mais importante do que a sua pris\u00e3o.<\/p>\n<p>9. Algu\u00e9m foi preso ou est\u00e1 precisando de aux\u00edlio de algum advogado, entre em contato pela p\u00e1gina \u201cHabeas Corpus Movimento Passe Livre Manifesta\u00e7\u00e3o 17\/6\u201d. J\u00e1 somos mais de 4000 dispostos a te ajudar, gratuitamente.<\/p>\n<p>10. Se voc\u00ea vir algu\u00e9m sendo preso, FILME! E, se souber o nome de quem est\u00e1 sendo preso, colete outros nomes ao redor, com telefone para contato, que poder\u00e3o no futuro servir de testemunhas. Ap\u00f3s, entre em contato com a pessoa que foi presa e repasse as informa\u00e7\u00f5es.<\/p>\n<p>E lembrem-se: uma luta s\u00e9ria, sem viol\u00eancia, sem destrui\u00e7\u00e3o de patrim\u00f4nio p\u00fablico, d\u00e1 mais for\u00e7a ao movimento. N\u00e3o seja violento, para n\u00e3o legitimar a viol\u00eancia policial.<\/p>\n<p>Fonte: <a href=\"http:\/\/infojovem.web101.f1.k8.com.br\/blog\/2013\/06\/20\/manifestacao-direitos-2013\/\">http:\/\/infojovem.web101.f1.k8.com.br\/blog\/2013\/06\/20\/manifestacao-direitos-2013\/<\/a><\/p>\n","protected":false},"excerpt":{"rendered":"<p>Lembrem-se: uma luta s\u00e9ria, sem viol\u00eancia, sem destrui\u00e7\u00e3o de patrim\u00f4nio p\u00fablico, d\u00e1 mais for\u00e7a ao movimento.<\/p>\n","protected":false},"author":1,"featured_media":0,"comment_status":"open","ping_status":"open","sticky":false,"template":"","format":"standard","meta":{"site-container-style":"default","site-container-layout":"default","site-sidebar-layout":"default","disable-article-header":"default","disable-site-header":"default","disable-site-footer":"default","disable-content-area-spacing":"default","footnotes":""},"categories":[3,11,48],"tags":[],"class_list":["post-24833","post","type-post","status-publish","format-standard","hentry","category-campanhas","category-direitos-humanos","category-inclusao"],"yoast_head":"<!-- This site is optimized with the Yoast SEO plugin v27.5 - https:\/\/yoast.com\/product\/yoast-seo-wordpress\/ -->\n<title>Saiba o que fazer caso seja detido em uma manifesta\u00e7\u00e3o -<\/title>\n<meta name=\"robots\" content=\"index, follow, max-snippet:-1, max-image-preview:large, max-video-preview:-1\" \/>\n<link rel=\"canonical\" href=\"https:\/\/inclusivenews.com.br\/?p=24833\" \/>\n<meta property=\"og:locale\" content=\"pt_PT\" \/>\n<meta property=\"og:type\" content=\"article\" \/>\n<meta property=\"og:title\" content=\"Saiba o que fazer caso seja detido em uma manifesta\u00e7\u00e3o -\" \/>\n<meta property=\"og:description\" content=\"Lembrem-se: uma luta s\u00e9ria, sem viol\u00eancia, sem destrui\u00e7\u00e3o de patrim\u00f4nio p\u00fablico, d\u00e1 mais for\u00e7a ao movimento.\" \/>\n<meta property=\"og:url\" content=\"https:\/\/inclusivenews.com.br\/?p=24833\" \/>\n<meta property=\"article:publisher\" content=\"https:\/\/www.facebook.com\/agenciainclusive\/\" \/>\n<meta property=\"article:published_time\" content=\"2013-06-27T15:09:50+00:00\" \/>\n<meta property=\"og:image\" content=\"http:\/\/inclusivenews.com.br\/wp-content\/uploads\/cartoon-300x300.jpg\" \/>\n<meta name=\"author\" content=\"inclusivenews2024\" \/>\n<meta name=\"twitter:card\" content=\"summary_large_image\" \/>\n<meta name=\"twitter:label1\" content=\"Escrito por\" \/>\n\t<meta name=\"twitter:data1\" content=\"inclusivenews2024\" \/>\n\t<meta name=\"twitter:label2\" content=\"Tempo estimado de leitura\" \/>\n\t<meta name=\"twitter:data2\" content=\"3 minutos\" \/>\n<script type=\"application\/ld+json\" class=\"yoast-schema-graph\">{\"@context\":\"https:\\\/\\\/schema.org\",\"@graph\":[{\"@type\":\"Article\",\"@id\":\"https:\\\/\\\/inclusivenews.com.br\\\/?p=24833#article\",\"isPartOf\":{\"@id\":\"https:\\\/\\\/inclusivenews.com.br\\\/?p=24833\"},\"author\":{\"name\":\"inclusivenews2024\",\"@id\":\"https:\\\/\\\/inclusivenews.com.br\\\/#\\\/schema\\\/person\\\/ae4ec7087559b8692fb33b6fffd2273b\"},\"headline\":\"Saiba o que fazer caso seja detido em uma manifesta\u00e7\u00e3o\",\"datePublished\":\"2013-06-27T15:09:50+00:00\",\"mainEntityOfPage\":{\"@id\":\"https:\\\/\\\/inclusivenews.com.br\\\/?p=24833\"},\"wordCount\":590,\"commentCount\":2,\"publisher\":{\"@id\":\"https:\\\/\\\/inclusivenews.com.br\\\/#organization\"},\"image\":{\"@id\":\"https:\\\/\\\/inclusivenews.com.br\\\/?p=24833#primaryimage\"},\"thumbnailUrl\":\"http:\\\/\\\/inclusivenews.com.br\\\/wp-content\\\/uploads\\\/cartoon-300x300.jpg\",\"articleSection\":[\"CAMPANHAS\",\"DIREITOS HUMANOS\",\"INCLUS\u00c3O SOCIAL\"],\"inLanguage\":\"pt-PT\",\"potentialAction\":[{\"@type\":\"CommentAction\",\"name\":\"Comment\",\"target\":[\"https:\\\/\\\/inclusivenews.com.br\\\/?p=24833#respond\"]}]},{\"@type\":\"WebPage\",\"@id\":\"https:\\\/\\\/inclusivenews.com.br\\\/?p=24833\",\"url\":\"https:\\\/\\\/inclusivenews.com.br\\\/?p=24833\",\"name\":\"Saiba o que fazer caso seja detido em uma manifesta\u00e7\u00e3o -\",\"isPartOf\":{\"@id\":\"https:\\\/\\\/inclusivenews.com.br\\\/#website\"},\"primaryImageOfPage\":{\"@id\":\"https:\\\/\\\/inclusivenews.com.br\\\/?p=24833#primaryimage\"},\"image\":{\"@id\":\"https:\\\/\\\/inclusivenews.com.br\\\/?p=24833#primaryimage\"},\"thumbnailUrl\":\"http:\\\/\\\/inclusivenews.com.br\\\/wp-content\\\/uploads\\\/cartoon-300x300.jpg\",\"datePublished\":\"2013-06-27T15:09:50+00:00\",\"breadcrumb\":{\"@id\":\"https:\\\/\\\/inclusivenews.com.br\\\/?p=24833#breadcrumb\"},\"inLanguage\":\"pt-PT\",\"potentialAction\":[{\"@type\":\"ReadAction\",\"target\":[\"https:\\\/\\\/inclusivenews.com.br\\\/?p=24833\"]}]},{\"@type\":\"ImageObject\",\"inLanguage\":\"pt-PT\",\"@id\":\"https:\\\/\\\/inclusivenews.com.br\\\/?p=24833#primaryimage\",\"url\":\"\",\"contentUrl\":\"\"},{\"@type\":\"BreadcrumbList\",\"@id\":\"https:\\\/\\\/inclusivenews.com.br\\\/?p=24833#breadcrumb\",\"itemListElement\":[{\"@type\":\"ListItem\",\"position\":1,\"name\":\"In\u00edcio\",\"item\":\"https:\\\/\\\/inclusivenews.com.br\\\/\"},{\"@type\":\"ListItem\",\"position\":2,\"name\":\"Saiba o que fazer caso seja detido em uma manifesta\u00e7\u00e3o\"}]},{\"@type\":\"WebSite\",\"@id\":\"https:\\\/\\\/inclusivenews.com.br\\\/#website\",\"url\":\"https:\\\/\\\/inclusivenews.com.br\\\/\",\"name\":\"Inclusive News\",\"description\":\"Inclusive News\",\"publisher\":{\"@id\":\"https:\\\/\\\/inclusivenews.com.br\\\/#organization\"},\"potentialAction\":[{\"@type\":\"SearchAction\",\"target\":{\"@type\":\"EntryPoint\",\"urlTemplate\":\"https:\\\/\\\/inclusivenews.com.br\\\/?s={search_term_string}\"},\"query-input\":{\"@type\":\"PropertyValueSpecification\",\"valueRequired\":true,\"valueName\":\"search_term_string\"}}],\"inLanguage\":\"pt-PT\"},{\"@type\":\"Organization\",\"@id\":\"https:\\\/\\\/inclusivenews.com.br\\\/#organization\",\"name\":\"Inclusive - inclus\u00e3o e cidadania\",\"url\":\"https:\\\/\\\/inclusivenews.com.br\\\/\",\"logo\":{\"@type\":\"ImageObject\",\"inLanguage\":\"pt-PT\",\"@id\":\"https:\\\/\\\/inclusivenews.com.br\\\/#\\\/schema\\\/logo\\\/image\\\/\",\"url\":\"https:\\\/\\\/inclusivenews.com.br\\\/wp-content\\\/uploads\\\/2024\\\/03\\\/@grandesite.png\",\"contentUrl\":\"https:\\\/\\\/inclusivenews.com.br\\\/wp-content\\\/uploads\\\/2024\\\/03\\\/@grandesite.png\",\"width\":1080,\"height\":1080,\"caption\":\"Inclusive - inclus\u00e3o e cidadania\"},\"image\":{\"@id\":\"https:\\\/\\\/inclusivenews.com.br\\\/#\\\/schema\\\/logo\\\/image\\\/\"},\"sameAs\":[\"https:\\\/\\\/www.facebook.com\\\/agenciainclusive\\\/\",\"https:\\\/\\\/www.instagram.com\\\/newsinclusive\\\/\"]},{\"@type\":\"Person\",\"@id\":\"https:\\\/\\\/inclusivenews.com.br\\\/#\\\/schema\\\/person\\\/ae4ec7087559b8692fb33b6fffd2273b\",\"name\":\"inclusivenews2024\",\"image\":{\"@type\":\"ImageObject\",\"inLanguage\":\"pt-PT\",\"@id\":\"https:\\\/\\\/secure.gravatar.com\\\/avatar\\\/c5a7ef84c66fa914f55bc4f7ce26cfa275a3b9a1c5568b907bd184fb4dde7b40?s=96&d=mm&r=g\",\"url\":\"https:\\\/\\\/secure.gravatar.com\\\/avatar\\\/c5a7ef84c66fa914f55bc4f7ce26cfa275a3b9a1c5568b907bd184fb4dde7b40?s=96&d=mm&r=g\",\"contentUrl\":\"https:\\\/\\\/secure.gravatar.com\\\/avatar\\\/c5a7ef84c66fa914f55bc4f7ce26cfa275a3b9a1c5568b907bd184fb4dde7b40?s=96&d=mm&r=g\",\"caption\":\"inclusivenews2024\"},\"sameAs\":[\"https:\\\/\\\/inclusivenews.com.br\"],\"url\":\"https:\\\/\\\/inclusivenews.com.br\\\/?author=1\"}]}<\/script>\n<!-- \/ Yoast SEO plugin. -->","yoast_head_json":{"title":"Saiba o que fazer caso seja detido em uma manifesta\u00e7\u00e3o -","robots":{"index":"index","follow":"follow","max-snippet":"max-snippet:-1","max-image-preview":"max-image-preview:large","max-video-preview":"max-video-preview:-1"},"canonical":"https:\/\/inclusivenews.com.br\/?p=24833","og_locale":"pt_PT","og_type":"article","og_title":"Saiba o que fazer caso seja detido em uma manifesta\u00e7\u00e3o -","og_description":"Lembrem-se: uma luta s\u00e9ria, sem viol\u00eancia, sem destrui\u00e7\u00e3o de patrim\u00f4nio p\u00fablico, d\u00e1 mais for\u00e7a ao movimento.","og_url":"https:\/\/inclusivenews.com.br\/?p=24833","article_publisher":"https:\/\/www.facebook.com\/agenciainclusive\/","article_published_time":"2013-06-27T15:09:50+00:00","og_image":[{"url":"http:\/\/inclusivenews.com.br\/wp-content\/uploads\/cartoon-300x300.jpg","type":"","width":"","height":""}],"author":"inclusivenews2024","twitter_card":"summary_large_image","twitter_misc":{"Escrito por":"inclusivenews2024","Tempo estimado de leitura":"3 minutos"},"schema":{"@context":"https:\/\/schema.org","@graph":[{"@type":"Article","@id":"https:\/\/inclusivenews.com.br\/?p=24833#article","isPartOf":{"@id":"https:\/\/inclusivenews.com.br\/?p=24833"},"author":{"name":"inclusivenews2024","@id":"https:\/\/inclusivenews.com.br\/#\/schema\/person\/ae4ec7087559b8692fb33b6fffd2273b"},"headline":"Saiba o que fazer caso seja detido em uma manifesta\u00e7\u00e3o","datePublished":"2013-06-27T15:09:50+00:00","mainEntityOfPage":{"@id":"https:\/\/inclusivenews.com.br\/?p=24833"},"wordCount":590,"commentCount":2,"publisher":{"@id":"https:\/\/inclusivenews.com.br\/#organization"},"image":{"@id":"https:\/\/inclusivenews.com.br\/?p=24833#primaryimage"},"thumbnailUrl":"http:\/\/inclusivenews.com.br\/wp-content\/uploads\/cartoon-300x300.jpg","articleSection":["CAMPANHAS","DIREITOS HUMANOS","INCLUS\u00c3O SOCIAL"],"inLanguage":"pt-PT","potentialAction":[{"@type":"CommentAction","name":"Comment","target":["https:\/\/inclusivenews.com.br\/?p=24833#respond"]}]},{"@type":"WebPage","@id":"https:\/\/inclusivenews.com.br\/?p=24833","url":"https:\/\/inclusivenews.com.br\/?p=24833","name":"Saiba o que fazer caso seja detido em uma manifesta\u00e7\u00e3o -","isPartOf":{"@id":"https:\/\/inclusivenews.com.br\/#website"},"primaryImageOfPage":{"@id":"https:\/\/inclusivenews.com.br\/?p=24833#primaryimage"},"image":{"@id":"https:\/\/inclusivenews.com.br\/?p=24833#primaryimage"},"thumbnailUrl":"http:\/\/inclusivenews.com.br\/wp-content\/uploads\/cartoon-300x300.jpg","datePublished":"2013-06-27T15:09:50+00:00","breadcrumb":{"@id":"https:\/\/inclusivenews.com.br\/?p=24833#breadcrumb"},"inLanguage":"pt-PT","potentialAction":[{"@type":"ReadAction","target":["https:\/\/inclusivenews.com.br\/?p=24833"]}]},{"@type":"ImageObject","inLanguage":"pt-PT","@id":"https:\/\/inclusivenews.com.br\/?p=24833#primaryimage","url":"","contentUrl":""},{"@type":"BreadcrumbList","@id":"https:\/\/inclusivenews.com.br\/?p=24833#breadcrumb","itemListElement":[{"@type":"ListItem","position":1,"name":"In\u00edcio","item":"https:\/\/inclusivenews.com.br\/"},{"@type":"ListItem","position":2,"name":"Saiba o que fazer caso seja detido em uma manifesta\u00e7\u00e3o"}]},{"@type":"WebSite","@id":"https:\/\/inclusivenews.com.br\/#website","url":"https:\/\/inclusivenews.com.br\/","name":"Inclusive News","description":"Inclusive News","publisher":{"@id":"https:\/\/inclusivenews.com.br\/#organization"},"potentialAction":[{"@type":"SearchAction","target":{"@type":"EntryPoint","urlTemplate":"https:\/\/inclusivenews.com.br\/?s={search_term_string}"},"query-input":{"@type":"PropertyValueSpecification","valueRequired":true,"valueName":"search_term_string"}}],"inLanguage":"pt-PT"},{"@type":"Organization","@id":"https:\/\/inclusivenews.com.br\/#organization","name":"Inclusive - inclus\u00e3o e cidadania","url":"https:\/\/inclusivenews.com.br\/","logo":{"@type":"ImageObject","inLanguage":"pt-PT","@id":"https:\/\/inclusivenews.com.br\/#\/schema\/logo\/image\/","url":"https:\/\/inclusivenews.com.br\/wp-content\/uploads\/2024\/03\/@grandesite.png","contentUrl":"https:\/\/inclusivenews.com.br\/wp-content\/uploads\/2024\/03\/@grandesite.png","width":1080,"height":1080,"caption":"Inclusive - inclus\u00e3o e cidadania"},"image":{"@id":"https:\/\/inclusivenews.com.br\/#\/schema\/logo\/image\/"},"sameAs":["https:\/\/www.facebook.com\/agenciainclusive\/","https:\/\/www.instagram.com\/newsinclusive\/"]},{"@type":"Person","@id":"https:\/\/inclusivenews.com.br\/#\/schema\/person\/ae4ec7087559b8692fb33b6fffd2273b","name":"inclusivenews2024","image":{"@type":"ImageObject","inLanguage":"pt-PT","@id":"https:\/\/secure.gravatar.com\/avatar\/c5a7ef84c66fa914f55bc4f7ce26cfa275a3b9a1c5568b907bd184fb4dde7b40?s=96&d=mm&r=g","url":"https:\/\/secure.gravatar.com\/avatar\/c5a7ef84c66fa914f55bc4f7ce26cfa275a3b9a1c5568b907bd184fb4dde7b40?s=96&d=mm&r=g","contentUrl":"https:\/\/secure.gravatar.com\/avatar\/c5a7ef84c66fa914f55bc4f7ce26cfa275a3b9a1c5568b907bd184fb4dde7b40?s=96&d=mm&r=g","caption":"inclusivenews2024"},"sameAs":["https:\/\/inclusivenews.com.br"],"url":"https:\/\/inclusivenews.com.br\/?author=1"}]}},"_links":{"self":[{"href":"https:\/\/inclusivenews.com.br\/index.php?rest_route=\/wp\/v2\/posts\/24833","targetHints":{"allow":["GET"]}}],"collection":[{"href":"https:\/\/inclusivenews.com.br\/index.php?rest_route=\/wp\/v2\/posts"}],"about":[{"href":"https:\/\/inclusivenews.com.br\/index.php?rest_route=\/wp\/v2\/types\/post"}],"author":[{"embeddable":true,"href":"https:\/\/inclusivenews.com.br\/index.php?rest_route=\/wp\/v2\/users\/1"}],"replies":[{"embeddable":true,"href":"https:\/\/inclusivenews.com.br\/index.php?rest_route=%2Fwp%2Fv2%2Fcomments&post=24833"}],"version-history":[{"count":0,"href":"https:\/\/inclusivenews.com.br\/index.php?rest_route=\/wp\/v2\/posts\/24833\/revisions"}],"wp:attachment":[{"href":"https:\/\/inclusivenews.com.br\/index.php?rest_route=%2Fwp%2Fv2%2Fmedia&parent=24833"}],"wp:term":[{"taxonomy":"category","embeddable":true,"href":"https:\/\/inclusivenews.com.br\/index.php?rest_route=%2Fwp%2Fv2%2Fcategories&post=24833"},{"taxonomy":"post_tag","embeddable":true,"href":"https:\/\/inclusivenews.com.br\/index.php?rest_route=%2Fwp%2Fv2%2Ftags&post=24833"}],"curies":[{"name":"wp","href":"https:\/\/api.w.org\/{rel}","templated":true}]}}