{"id":24866,"date":"2013-07-03T09:31:38","date_gmt":"2013-07-03T12:31:38","guid":{"rendered":"http:\/\/www.inclusive.org.br\/?p=24866"},"modified":"2013-07-03T09:31:38","modified_gmt":"2013-07-03T12:31:38","slug":"duas-marchas-pela-inclusao-das-pessoas-com-deficiencia-em-copacabana-neste-domingo","status":"publish","type":"post","link":"https:\/\/inclusivenews.com.br\/?p=24866","title":{"rendered":"Pessoas com defici\u00eancia v\u00e3o \u00e0s ruas pelos seus direitos no Rio e em SP neste domingo"},"content":{"rendered":"<p><img loading=\"lazy\" decoding=\"async\" class=\"alignleft size-medium wp-image-24867\" title=\"manifesto\" src=\"http:\/\/inclusivenews.com.br\/wp-content\/uploads\/manifesto-300x225.jpg\" alt=\"Bandeira do Brasil no fundo e desenho de cadeirante de preto, de perfil em cima dela.\" width=\"300\" height=\"225\" \/>O movimento de pessoas com defici\u00eancia se une pela inclus\u00e3o e acessibilidade e convoca duas manifesta\u00e7\u00f5es para o pr\u00f3ximo domingo, 7\/7, na praia de Copacabana \u2013 Rio\/RJ e uma em S\u00e3o Paulo, no MASP.<\/p>\n<p>Reivindicando os direitos \u00e0 inclus\u00e3o escolar, sa\u00fade de qualidade e acessibilidade para todos, os manifestantes cobram das autoridades servi\u00e7os p\u00fablicos que atendam \u00e0s determina\u00e7\u00f5es da Conven\u00e7\u00e3o sobre os Direitos das Pessoas com Defici\u00eancia, aprovada no Brasil com equival\u00eancia constitucional.<\/p>\n<p>Confira os detalhes das marchas e participe desta luta!<\/p>\n<p><strong>MANIFESTA\u00c7\u00c3O: CIDADE ACESS\u00cdVEL \u00c9 PARA TODOS!<br \/>\nACESSIBILIDADE ATITUDINAL!<\/strong><\/p>\n<p><strong> <\/strong><\/p>\n<p><strong>DOMINGO, 7\/7, 11 H, EM FRENTE AO COPACABANA PALACE \u2013 PRAIA DE COPACABANA \u2013 RIO DE JANEIRO<\/strong><\/p>\n<p><a href=\"https:\/\/www.facebook.com\/events\/1377483705803486\/\">https:\/\/www.facebook.com\/events\/1377483705803486\/<\/a><\/p>\n<p>De brasileira COM defici\u00eancia, para os brasileiros COM e SEM defici\u00eancia.<\/p>\n<p>O povo &#8211; unido &#8211; saiu \u00e0s ruas objetivando restaurar a dignidade, cidadania, o amor ao Brasil, etc. No entretanto, n\u00e3o ouvimos UMA s\u00f3 voz a levantar a &#8220;bandeira&#8221; das acessibilidades. Isso porque, por um equ\u00edvoco, o verbete acessibilidade ficou vinculado \u00e0 pessoa COM defici\u00eancia.<\/p>\n<p>Verdadeiramente CIDADE ACESS\u00cdVEL \u00c9 PARA TODOS, pelo que urge a conscientiza\u00e7\u00e3o do corpo social para esse vital detalhe, que far\u00e1 toda a diferen\u00e7a.<\/p>\n<p>Em palestras costumo dizer aos jovens que: &#8211; Se voc\u00ea n\u00e3o for atropelado precocemente pela morte, ser\u00e1 um idoso; sendo assim, precisar\u00e1 de uma cidade acess\u00edvel; Ent\u00e3o, vamos dar as m\u00e3os para exigir dos governantes esses genu\u00ednos DIREITOS HUMANOS.<\/p>\n<p>A sociedade, em 2013 &#8211; ainda tem pela pessoa com defici\u00eancia um olhar assistencialista, o que n\u00e3o se pode mais admitir. Da\u00ed \u00e9 que sofremos com o fen\u00f4meno da INVISIBILIDADE. Quando se fala em acessibilidade logo o semelhante diz: &#8211; N\u00e3o sou deficiente; n\u00e3o tenho deficiente na fam\u00edlia; n\u00e3o conhe\u00e7o ningu\u00e9m deficiente, pelo que esse assunto n\u00e3o me interessa. Ledo engano!<\/p>\n<p>Por ilustra\u00e7\u00e3o, uma rampa atende ao idoso; mam\u00e3e que leva o seu beb\u00ea no carrinho; a dona de casa que traz suas compras num carrinho de feira pesado; ao trabalhador que carrega suas encomendas sobre rodas; aos rec\u00e9m operados; a todos os que passam por uma limita\u00e7\u00e3o f\u00edsica tempor\u00e1ria; aos cadeirantes, bengalantes, muletantes, etc.<\/p>\n<p>Um \u00f4nibus, por exemplo, com elevador atende ao idoso que j\u00e1 n\u00e3o tem for\u00e7as para subir degraus altos; as crian\u00e7as; as gestantes; aos humanos que passam por limita\u00e7\u00e3o f\u00edsica tempor\u00e1ria; aos deficientes em geral, etc. J\u00e1 pensaram que ben\u00e7\u00e3o se tamb\u00e9m elevassem o carrinho do beb\u00ea, como se v\u00ea na Austr\u00e1lia? Imaginem um sistema sonoro informando os pontos de paradas e tur\u00edsticos em portugu\u00eas e ingl\u00eas, atendendo aos deficientes visuais, pessoas com dificuldades cognitivas, analfabetos e turistas ao mesmo tempo? Maravilha, hein?<\/p>\n<p>Um site acess\u00edvel n\u00e3o s\u00f3 atende aos deficientes visuais, mas aos que ainda usam a Internet discada e\/ou com baixa velocidade; aos que n\u00e3o t\u00eam muita intimidade com a navega\u00e7\u00e3o; aos empres\u00e1rios que vendem produtos virtualmente, etc.<\/p>\n<p>Os amigos que residem na RJ j\u00e1 perceberam que a C\u00e2mara dos Vereadores \u00e9 totalmente INAcess\u00edvel? Nem o v\u00e3o das portas atendem as necessidades dos obesos! Essa Casa \u00e9 do povo? Mas os Srs. Vereadores foram eleitos por n\u00f3s! Nenhum entrou pela janela, pelo que temos que ter mais responsabilidade nas urnas. Renova\u00e7\u00e3o j\u00e1!<\/p>\n<p>Dentre as modalidades de acessibilidade julgo que a mais importante\/relevante \u00e9 a ATITUDINAL. Necessitamos, com urg\u00eancia, mudar os nossos maus h\u00e1bitos que est\u00e3o arraigados em nossos c\u00e9rebros desde o in\u00edcio da civiliza\u00e7\u00e3o. Imaginem um professor ensinando seus alunos sobre o tema op\u00e7\u00e3o sexual, se ele j\u00e1 vem com ideias PREconcebidas? \u00d3bvio que a informa\u00e7\u00e3o chega viciada\/errada. O mestre tem que ser o moderador do conhecimento e n\u00e3o um imperador que dita o que devemos ou n\u00e3o ter como correto, concordam? A conclus\u00e3o do certo ou errado cabe a cada qual, de sorte que o que precisamos para um Brasil igualit\u00e1rio em oportunidades \u00e9 &#8211; t\u00e3o-s\u00f3 \u2013 do conhecimento em sua ess\u00eancia. Basta de andarmos engessados! Viram como a acessibilidade atitudinal vem antes das demais?<\/p>\n<p>Em 2012, foi a &#8220;Cidade Maravilhosa&#8221; agraciada pela UNESCO, atrav\u00e9s de seu Comit\u00ea do Patrim\u00f4nio Mundial, com o t\u00edtulo de Patrim\u00f4nio Cultural da Humanidade. Mas, como esse desastre ocorreu se nem cal\u00e7adas acess\u00edveis os cariocas t\u00eam para andar? Ainda se fosse premiada pelo patrim\u00f4nio natural, tudo bem!<\/p>\n<p>O pior cego \u00e9 o que n\u00e3o quer ver.<\/p>\n<p>&#8220;Somos todos anjos de uma asa s\u00f3; precisamos nos abra\u00e7ar para poder voar&#8221;. (autor desconhecido)<\/p>\n<p>Assim convidamos a todos os humanos &#8211; COM e SEM defici\u00eancia &#8211; para que somem ao manifesto pelas ACESSIBILIDADES, que ser\u00e1 realizado no<\/p>\n<p>7\/julho, \u00e0s 11:00h, sendo o ponto de encontro a frente do hotel Copacabana Palace (esquina da Rua Rodolfo Dantas c\/ Av: Atl\u00e2ntica &#8211; Posto 2)<\/p>\n<p>O percurso ser\u00e1 do Posto 2 ao 6. O local foi escolhido levando-se em conta a facilidade de transporte, sendo a Av: Atl\u00e2ntica confort\u00e1vel para as pessoas com defici\u00eancia, idosos, com limita\u00e7\u00f5es f\u00edsicas tempor\u00e1rias, crian\u00e7as, etc.<\/p>\n<p>&#8220;Vem pra rua voc\u00ea tamb\u00e9m&#8221;! Sugerimos roupas das cores da nossa bandeira, para que n\u00e3o misturemos Partidos Pol\u00edticos e\/ou quaisquer institui\u00e7\u00f5es. O movimento \u00e9 do CIDAD\u00c3O e por maior bem-estar para todos.<\/p>\n<p>DEBORAH PRATES &#8211; deborahpratesinclui@gmail.com &#8211; celular (021) 8853-8336<\/p>\n<p>OU\u00c7AM A NOSSA CAN\u00c7\u00c3O DE AMOR CLICANDO NO V\u00cdDEO<\/p>\n<p><a href=\"http:\/\/www.youtube.com\/watch?v=l4XgCjuTFFY\">http:\/\/www.youtube.com\/watch?v=l4XgCjuTFFY<\/a><\/p>\n<p>Quer baixar s\u00f3 a m\u00fasica? Acesse o link abaixo<\/p>\n<p><a href=\"http:\/\/dl.dropbox.com\/u\/13348166\/Alexandre%20-%20Rio%20-20.mp3\">http:\/\/dl.dropbox.com\/u\/13348166\/Alexandre%20-%20Rio%20-20.mp3<\/a><\/p>\n<p><strong>MANIFESTA\u00c7\u00c3O PELOS DIREITOS DAS PESSOAS COM DEFICI\u00caNCIA E NECESSIDADES ESPECIAIS<\/strong><\/p>\n<p><strong> <\/strong><\/p>\n<p><strong>DOMINGO, 7\/7, NA AV. ATL\u00c2NTICA, EM FRENTE \u00c0 FIGUEIREDO MAGALH\u00c3ES, 15H<\/strong><\/p>\n<p><a href=\"https:\/\/www.facebook.com\/events\/174179062757837\/?ref=3 \">https:\/\/www.facebook.com\/events\/174179062757837\/?ref=3 <\/a><\/p>\n<p>Sabemos que a vida no Brasil n\u00e3o anda f\u00e1cil para ningu\u00e9m. Por\u00e9m, infelizmente, para quem tem algumas dificuldades a mais, est\u00e1 pior ainda<\/p>\n<p>Convidem seus amigos e familiares!<\/p>\n<p>Esta primeira passeata pac\u00edfica se dar\u00e1 na orla do Rio de Janeiro, na praia de Copacabana, entre os postos 3 e 4 [Av Atl\u00e2ntica ao final da Rua Figueiredo de Magalh\u00e3es] pois contar\u00e1 com a presen\u00e7a de muitas pessoas com necessidades especiais e, muitas delas n\u00e3o lidam bem com tumultos e lugares &#8220;fechados&#8221; [mesmo que por pr\u00e9dios, a c\u00e9u aberto]. Por isso tamb\u00e9m, o hor\u00e1rio mais cedo e o dia de domingo em que eles n\u00e3o tem tratamento e os seus respons\u00e1veis estar\u00e3o livres de outros compromissos que n\u00e3o permitiriam a participa\u00e7\u00e3o de todos.<\/p>\n<p>A quem vai de metr\u00f4: descer na Esta\u00e7\u00e3o Siqueira Campos, entrar na Rua Figueiredo de Magalh\u00e3es e seguir em frente at\u00e9 a Av Atl\u00e2ntica.<\/p>\n<p>Queremos por meio deste ato reivindicar que os direitos dessas pessoas sejam assegurados, que haja menos burocracia para que possam receber a LOAS [que este benef\u00edcio seja reformado, pois para receb\u00ea-lo precisamos atestar uma QUASE mis\u00e9ria, sendo que o valor \u00e9 o de um sal\u00e1rio m\u00ednimo. N\u00e3o queremos que ele seja Bolsa Fam\u00edlia, mas sim um aux\u00edlio do governo para gastarmos com o tratamento destes pacientes e n\u00e3o para tentar sustent\u00e1-los, at\u00e9 porque, o valor n\u00e3o permite].<br \/>\nMais acesso a tratamentos, m\u00e9dicos e exames, inclusive que sejam cadastrados novos exames importantes que ainda n\u00e3o constam no Rol da ANS, para que o SUS e os planos de sa\u00fade passem a cobri-los e possibilitando muitos diagn\u00f3sticos de serem realizados. Que haja melhoria tamb\u00e9m na distribui\u00e7\u00e3o de material ortop\u00e9dico [que s\u00e3o car\u00edssimos, vou citar um exemplo s\u00f3 para quem n\u00e3o sabe ter uma ideia, um par de calhas -botinhas- de PVC custa em torno de R$500-R$1000], reajuste na cota para trabalho e investimento em escolas especiais e inclus\u00e3o de verdade.<\/p>\n<p>ALE ALE KLABIN &#8211; ale.klabin@hotmail.com<br \/>\n84487036<\/p>\n<p><strong><img loading=\"lazy\" decoding=\"async\" class=\"alignleft size-medium wp-image-24881\" title=\"vem\" src=\"http:\/\/inclusivenews.com.br\/wp-content\/uploads\/vem-300x233.jpg\" alt=\"Cartaz verde e amarelo escrito Vem pra Rua - Manifesta\u00e7\u00e3o SP - contra a retirada do transporte acessivel das pessoas com deficiencia - 7\/7 - MASP - 15 h - Participe! Inclus\u00e3o. S\u00edmbolo novo da defici\u00eancia onde a roda da cadeira e a bandeira do Brasil.\" width=\"300\" height=\"233\" \/>MANIFESTA\u00c7\u00c3O PAC\u00cdFICA PELOS DIREITOS DAS PESSOAS COM DEFICI\u00caNCIA OU MOBILIDADE REDUZIDA<\/strong><\/p>\n<p><strong>DOMINGO, 7\/7, 14H, V\u00c3O DO MASP, S\u00c3O PAULO\/SP<\/strong><\/p>\n<p><a href=\"https:\/\/www.facebook.com\/events\/596342940398620\/\">https:\/\/www.facebook.com\/events\/596342940398620\/<\/a><\/p>\n<p>Convidamos todos para a primeira Manifesta\u00e7\u00e3o Pac\u00edfica pelos Direitos das Pessoas com Defici\u00eancia ou Mobilidade Reduzida que acontecer\u00e1 na AVENIDA PAULISTA, Encontro no v\u00e3o Livre do MASP, no pr\u00f3ximo Domingo dia 07\/07\/2013, a partir das 14h00hs.<\/p>\n<p>O ATO \u00c9 CONTRA a PREFEITURA do MUNIC\u00cdPIO de S\u00c3O PAULO que QUER RETIRAR o DIREITO ao TRANSPORTE &#8220;ATENDE&#8221; das PESSOAS com DEFICI\u00caNCIA e ESTA PROMOVENDO A EXCLUS\u00c3O com essa atitude Criminosa e Descabida.<br \/>\nO ATO \u00c9 PELO RESPEITO AOS DIREITOS e GARANTIAS FUNDAMENTAIS das PESSOAS COM DEFICI\u00caNCIA.<\/p>\n<p>https:\/\/www.youtube.com\/watch?feature=player_embedded&#038;v=_gYkNGo5CLQ#at=18<\/p>\n<p>Menos burocracia para que PCDs possam receber a LOAS (Benef\u00edcio de Presta\u00e7\u00e3o Continuada da Assist\u00eancia Social), e que esse aux\u00edlio concedido pelo governo seja para contribuir na reabilita\u00e7\u00e3o destas pessoas que acabam tendo muitos gastos a fim de obter um tratamento digno (\u00f3rteses, pr\u00f3teses, medica\u00e7\u00f5es, terapias&#8230;), j\u00e1 que esse tratamento, que deveria ser oferecido pelo governo, \u00e9 praticamente INEXISTENTE, principalmente para casos considerados mais graves\/complexos e com baixas expectativas na recupera\u00e7\u00e3o.<\/p>\n<p>&gt; Cadastramento de exames importantes que ainda n\u00e3o constam no Rol da ANS, para que o SUS e os planos de sa\u00fade passem a cobri-los.<\/p>\n<p>&gt; Distribui\u00e7\u00e3o de material ortop\u00e9dico de qualidade (\u00f3rteses, pr\u00f3teses, cadeiras de rodas e adapta\u00e7\u00e3o)<\/p>\n<p>&gt; Investimento no preparo de profissionais para receber e incluir crian\u00e7as especiais em Escolas Regulares. Da mesma forma que deve haver investimento em Escolas Especiais, Centros de Reabilita\u00e7\u00e3o e Conviv\u00eancia para pessoas que n\u00e3o tem possibilidade de inclus\u00e3o em uma escola regular.<\/p>\n<p>&gt; Investimento em hospitais especializados.<\/p>\n<p>&gt; Reajuste na cota para trabalho.<\/p>\n<p>Organiza\u00e7\u00e3o MOVIMENTO INCLUS\u00c3O J\u00c1<\/p>\n<p>Patricia Lima e Valdir Tim\u00f3teo Inclus\u00e3o J\u00e1 Regina Esp\u00f3sito Amauri Nolasco Sanches Jr<br \/>\nContamos com a sua presen\u00e7a<br \/>\nConvidem os amigos , familiares, pessoas com ou sem defici\u00eancia<br \/>\nLevem Cartazes, Apitos, Tambores e o seu grito por um Brasil sem Corrup\u00e7\u00e3o o seu Manifesto Hoje pode salvar a sua vida amanh\u00e3.<\/p>\n<p>Outras manifesta\u00e7\u00f5es de pessoas com defici\u00eancia que j\u00e1 ocorreram: <a href=\"http:\/\/www.inclusive.org.br\/?p=24758\">http:\/\/www.inclusive.org.br\/?p=24758<\/a><\/p>\n<p>Fonte: Facebook<\/p>\n","protected":false},"excerpt":{"rendered":"<p>Os manifestantes pedem inclus\u00e3o e acessibilidade.<\/p>\n","protected":false},"author":1,"featured_media":0,"comment_status":"open","ping_status":"open","sticky":false,"template":"","format":"standard","meta":{"site-container-style":"default","site-container-layout":"default","site-sidebar-layout":"default","disable-article-header":"default","disable-site-header":"default","disable-site-footer":"default","disable-content-area-spacing":"default","footnotes":""},"categories":[4],"tags":[],"class_list":["post-24866","post","type-post","status-publish","format-standard","hentry","category-noticias"],"yoast_head":"<!-- This site is optimized with the Yoast SEO plugin v27.4 - https:\/\/yoast.com\/product\/yoast-seo-wordpress\/ -->\n<title>Pessoas com defici\u00eancia v\u00e3o \u00e0s ruas pelos seus direitos no Rio e em SP neste domingo -<\/title>\n<meta name=\"robots\" content=\"index, follow, max-snippet:-1, max-image-preview:large, max-video-preview:-1\" \/>\n<link rel=\"canonical\" href=\"https:\/\/inclusivenews.com.br\/?p=24866\" \/>\n<meta property=\"og:locale\" content=\"pt_PT\" \/>\n<meta property=\"og:type\" content=\"article\" \/>\n<meta property=\"og:title\" content=\"Pessoas com defici\u00eancia v\u00e3o \u00e0s ruas pelos seus direitos no Rio e em SP neste domingo -\" \/>\n<meta property=\"og:description\" content=\"Os manifestantes pedem inclus\u00e3o e acessibilidade.\" \/>\n<meta property=\"og:url\" content=\"https:\/\/inclusivenews.com.br\/?p=24866\" \/>\n<meta property=\"article:publisher\" content=\"https:\/\/www.facebook.com\/agenciainclusive\/\" \/>\n<meta property=\"article:published_time\" content=\"2013-07-03T12:31:38+00:00\" \/>\n<meta property=\"og:image\" content=\"http:\/\/inclusivenews.com.br\/wp-content\/uploads\/manifesto-300x225.jpg\" \/>\n<meta name=\"author\" content=\"inclusivenews2024\" \/>\n<meta name=\"twitter:card\" content=\"summary_large_image\" \/>\n<meta name=\"twitter:label1\" content=\"Escrito por\" \/>\n\t<meta name=\"twitter:data1\" content=\"inclusivenews2024\" \/>\n\t<meta name=\"twitter:label2\" content=\"Tempo estimado de leitura\" \/>\n\t<meta name=\"twitter:data2\" content=\"9 minutos\" \/>\n<script type=\"application\/ld+json\" class=\"yoast-schema-graph\">{\"@context\":\"https:\\\/\\\/schema.org\",\"@graph\":[{\"@type\":\"Article\",\"@id\":\"https:\\\/\\\/inclusivenews.com.br\\\/?p=24866#article\",\"isPartOf\":{\"@id\":\"https:\\\/\\\/inclusivenews.com.br\\\/?p=24866\"},\"author\":{\"name\":\"inclusivenews2024\",\"@id\":\"https:\\\/\\\/inclusivenews.com.br\\\/#\\\/schema\\\/person\\\/ae4ec7087559b8692fb33b6fffd2273b\"},\"headline\":\"Pessoas com defici\u00eancia v\u00e3o \u00e0s ruas pelos seus direitos no Rio e em SP neste domingo\",\"datePublished\":\"2013-07-03T12:31:38+00:00\",\"mainEntityOfPage\":{\"@id\":\"https:\\\/\\\/inclusivenews.com.br\\\/?p=24866\"},\"wordCount\":1772,\"commentCount\":0,\"publisher\":{\"@id\":\"https:\\\/\\\/inclusivenews.com.br\\\/#organization\"},\"image\":{\"@id\":\"https:\\\/\\\/inclusivenews.com.br\\\/?p=24866#primaryimage\"},\"thumbnailUrl\":\"http:\\\/\\\/inclusivenews.com.br\\\/wp-content\\\/uploads\\\/manifesto-300x225.jpg\",\"articleSection\":[\"NOT\u00cdCIAS\"],\"inLanguage\":\"pt-PT\",\"potentialAction\":[{\"@type\":\"CommentAction\",\"name\":\"Comment\",\"target\":[\"https:\\\/\\\/inclusivenews.com.br\\\/?p=24866#respond\"]}]},{\"@type\":\"WebPage\",\"@id\":\"https:\\\/\\\/inclusivenews.com.br\\\/?p=24866\",\"url\":\"https:\\\/\\\/inclusivenews.com.br\\\/?p=24866\",\"name\":\"Pessoas com defici\u00eancia v\u00e3o \u00e0s ruas pelos seus direitos no Rio e em SP neste domingo -\",\"isPartOf\":{\"@id\":\"https:\\\/\\\/inclusivenews.com.br\\\/#website\"},\"primaryImageOfPage\":{\"@id\":\"https:\\\/\\\/inclusivenews.com.br\\\/?p=24866#primaryimage\"},\"image\":{\"@id\":\"https:\\\/\\\/inclusivenews.com.br\\\/?p=24866#primaryimage\"},\"thumbnailUrl\":\"http:\\\/\\\/inclusivenews.com.br\\\/wp-content\\\/uploads\\\/manifesto-300x225.jpg\",\"datePublished\":\"2013-07-03T12:31:38+00:00\",\"breadcrumb\":{\"@id\":\"https:\\\/\\\/inclusivenews.com.br\\\/?p=24866#breadcrumb\"},\"inLanguage\":\"pt-PT\",\"potentialAction\":[{\"@type\":\"ReadAction\",\"target\":[\"https:\\\/\\\/inclusivenews.com.br\\\/?p=24866\"]}]},{\"@type\":\"ImageObject\",\"inLanguage\":\"pt-PT\",\"@id\":\"https:\\\/\\\/inclusivenews.com.br\\\/?p=24866#primaryimage\",\"url\":\"\",\"contentUrl\":\"\"},{\"@type\":\"BreadcrumbList\",\"@id\":\"https:\\\/\\\/inclusivenews.com.br\\\/?p=24866#breadcrumb\",\"itemListElement\":[{\"@type\":\"ListItem\",\"position\":1,\"name\":\"In\u00edcio\",\"item\":\"https:\\\/\\\/inclusivenews.com.br\\\/\"},{\"@type\":\"ListItem\",\"position\":2,\"name\":\"Pessoas com defici\u00eancia v\u00e3o \u00e0s ruas pelos seus direitos no Rio e em SP neste domingo\"}]},{\"@type\":\"WebSite\",\"@id\":\"https:\\\/\\\/inclusivenews.com.br\\\/#website\",\"url\":\"https:\\\/\\\/inclusivenews.com.br\\\/\",\"name\":\"Inclusive News\",\"description\":\"Inclusive News\",\"publisher\":{\"@id\":\"https:\\\/\\\/inclusivenews.com.br\\\/#organization\"},\"potentialAction\":[{\"@type\":\"SearchAction\",\"target\":{\"@type\":\"EntryPoint\",\"urlTemplate\":\"https:\\\/\\\/inclusivenews.com.br\\\/?s={search_term_string}\"},\"query-input\":{\"@type\":\"PropertyValueSpecification\",\"valueRequired\":true,\"valueName\":\"search_term_string\"}}],\"inLanguage\":\"pt-PT\"},{\"@type\":\"Organization\",\"@id\":\"https:\\\/\\\/inclusivenews.com.br\\\/#organization\",\"name\":\"Inclusive - inclus\u00e3o e cidadania\",\"url\":\"https:\\\/\\\/inclusivenews.com.br\\\/\",\"logo\":{\"@type\":\"ImageObject\",\"inLanguage\":\"pt-PT\",\"@id\":\"https:\\\/\\\/inclusivenews.com.br\\\/#\\\/schema\\\/logo\\\/image\\\/\",\"url\":\"https:\\\/\\\/inclusivenews.com.br\\\/wp-content\\\/uploads\\\/2024\\\/03\\\/@grandesite.png\",\"contentUrl\":\"https:\\\/\\\/inclusivenews.com.br\\\/wp-content\\\/uploads\\\/2024\\\/03\\\/@grandesite.png\",\"width\":1080,\"height\":1080,\"caption\":\"Inclusive - inclus\u00e3o e cidadania\"},\"image\":{\"@id\":\"https:\\\/\\\/inclusivenews.com.br\\\/#\\\/schema\\\/logo\\\/image\\\/\"},\"sameAs\":[\"https:\\\/\\\/www.facebook.com\\\/agenciainclusive\\\/\",\"https:\\\/\\\/www.instagram.com\\\/newsinclusive\\\/\"]},{\"@type\":\"Person\",\"@id\":\"https:\\\/\\\/inclusivenews.com.br\\\/#\\\/schema\\\/person\\\/ae4ec7087559b8692fb33b6fffd2273b\",\"name\":\"inclusivenews2024\",\"image\":{\"@type\":\"ImageObject\",\"inLanguage\":\"pt-PT\",\"@id\":\"https:\\\/\\\/secure.gravatar.com\\\/avatar\\\/c5a7ef84c66fa914f55bc4f7ce26cfa275a3b9a1c5568b907bd184fb4dde7b40?s=96&d=mm&r=g\",\"url\":\"https:\\\/\\\/secure.gravatar.com\\\/avatar\\\/c5a7ef84c66fa914f55bc4f7ce26cfa275a3b9a1c5568b907bd184fb4dde7b40?s=96&d=mm&r=g\",\"contentUrl\":\"https:\\\/\\\/secure.gravatar.com\\\/avatar\\\/c5a7ef84c66fa914f55bc4f7ce26cfa275a3b9a1c5568b907bd184fb4dde7b40?s=96&d=mm&r=g\",\"caption\":\"inclusivenews2024\"},\"sameAs\":[\"https:\\\/\\\/inclusivenews.com.br\"],\"url\":\"https:\\\/\\\/inclusivenews.com.br\\\/?author=1\"}]}<\/script>\n<!-- \/ Yoast SEO plugin. -->","yoast_head_json":{"title":"Pessoas com defici\u00eancia v\u00e3o \u00e0s ruas pelos seus direitos no Rio e em SP neste domingo -","robots":{"index":"index","follow":"follow","max-snippet":"max-snippet:-1","max-image-preview":"max-image-preview:large","max-video-preview":"max-video-preview:-1"},"canonical":"https:\/\/inclusivenews.com.br\/?p=24866","og_locale":"pt_PT","og_type":"article","og_title":"Pessoas com defici\u00eancia v\u00e3o \u00e0s ruas pelos seus direitos no Rio e em SP neste domingo -","og_description":"Os manifestantes pedem inclus\u00e3o e acessibilidade.","og_url":"https:\/\/inclusivenews.com.br\/?p=24866","article_publisher":"https:\/\/www.facebook.com\/agenciainclusive\/","article_published_time":"2013-07-03T12:31:38+00:00","og_image":[{"url":"http:\/\/inclusivenews.com.br\/wp-content\/uploads\/manifesto-300x225.jpg","type":"","width":"","height":""}],"author":"inclusivenews2024","twitter_card":"summary_large_image","twitter_misc":{"Escrito por":"inclusivenews2024","Tempo estimado de leitura":"9 minutos"},"schema":{"@context":"https:\/\/schema.org","@graph":[{"@type":"Article","@id":"https:\/\/inclusivenews.com.br\/?p=24866#article","isPartOf":{"@id":"https:\/\/inclusivenews.com.br\/?p=24866"},"author":{"name":"inclusivenews2024","@id":"https:\/\/inclusivenews.com.br\/#\/schema\/person\/ae4ec7087559b8692fb33b6fffd2273b"},"headline":"Pessoas com defici\u00eancia v\u00e3o \u00e0s ruas pelos seus direitos no Rio e em SP neste domingo","datePublished":"2013-07-03T12:31:38+00:00","mainEntityOfPage":{"@id":"https:\/\/inclusivenews.com.br\/?p=24866"},"wordCount":1772,"commentCount":0,"publisher":{"@id":"https:\/\/inclusivenews.com.br\/#organization"},"image":{"@id":"https:\/\/inclusivenews.com.br\/?p=24866#primaryimage"},"thumbnailUrl":"http:\/\/inclusivenews.com.br\/wp-content\/uploads\/manifesto-300x225.jpg","articleSection":["NOT\u00cdCIAS"],"inLanguage":"pt-PT","potentialAction":[{"@type":"CommentAction","name":"Comment","target":["https:\/\/inclusivenews.com.br\/?p=24866#respond"]}]},{"@type":"WebPage","@id":"https:\/\/inclusivenews.com.br\/?p=24866","url":"https:\/\/inclusivenews.com.br\/?p=24866","name":"Pessoas com defici\u00eancia v\u00e3o \u00e0s ruas pelos seus direitos no Rio e em SP neste domingo -","isPartOf":{"@id":"https:\/\/inclusivenews.com.br\/#website"},"primaryImageOfPage":{"@id":"https:\/\/inclusivenews.com.br\/?p=24866#primaryimage"},"image":{"@id":"https:\/\/inclusivenews.com.br\/?p=24866#primaryimage"},"thumbnailUrl":"http:\/\/inclusivenews.com.br\/wp-content\/uploads\/manifesto-300x225.jpg","datePublished":"2013-07-03T12:31:38+00:00","breadcrumb":{"@id":"https:\/\/inclusivenews.com.br\/?p=24866#breadcrumb"},"inLanguage":"pt-PT","potentialAction":[{"@type":"ReadAction","target":["https:\/\/inclusivenews.com.br\/?p=24866"]}]},{"@type":"ImageObject","inLanguage":"pt-PT","@id":"https:\/\/inclusivenews.com.br\/?p=24866#primaryimage","url":"","contentUrl":""},{"@type":"BreadcrumbList","@id":"https:\/\/inclusivenews.com.br\/?p=24866#breadcrumb","itemListElement":[{"@type":"ListItem","position":1,"name":"In\u00edcio","item":"https:\/\/inclusivenews.com.br\/"},{"@type":"ListItem","position":2,"name":"Pessoas com defici\u00eancia v\u00e3o \u00e0s ruas pelos seus direitos no Rio e em SP neste domingo"}]},{"@type":"WebSite","@id":"https:\/\/inclusivenews.com.br\/#website","url":"https:\/\/inclusivenews.com.br\/","name":"Inclusive News","description":"Inclusive News","publisher":{"@id":"https:\/\/inclusivenews.com.br\/#organization"},"potentialAction":[{"@type":"SearchAction","target":{"@type":"EntryPoint","urlTemplate":"https:\/\/inclusivenews.com.br\/?s={search_term_string}"},"query-input":{"@type":"PropertyValueSpecification","valueRequired":true,"valueName":"search_term_string"}}],"inLanguage":"pt-PT"},{"@type":"Organization","@id":"https:\/\/inclusivenews.com.br\/#organization","name":"Inclusive - inclus\u00e3o e cidadania","url":"https:\/\/inclusivenews.com.br\/","logo":{"@type":"ImageObject","inLanguage":"pt-PT","@id":"https:\/\/inclusivenews.com.br\/#\/schema\/logo\/image\/","url":"https:\/\/inclusivenews.com.br\/wp-content\/uploads\/2024\/03\/@grandesite.png","contentUrl":"https:\/\/inclusivenews.com.br\/wp-content\/uploads\/2024\/03\/@grandesite.png","width":1080,"height":1080,"caption":"Inclusive - inclus\u00e3o e cidadania"},"image":{"@id":"https:\/\/inclusivenews.com.br\/#\/schema\/logo\/image\/"},"sameAs":["https:\/\/www.facebook.com\/agenciainclusive\/","https:\/\/www.instagram.com\/newsinclusive\/"]},{"@type":"Person","@id":"https:\/\/inclusivenews.com.br\/#\/schema\/person\/ae4ec7087559b8692fb33b6fffd2273b","name":"inclusivenews2024","image":{"@type":"ImageObject","inLanguage":"pt-PT","@id":"https:\/\/secure.gravatar.com\/avatar\/c5a7ef84c66fa914f55bc4f7ce26cfa275a3b9a1c5568b907bd184fb4dde7b40?s=96&d=mm&r=g","url":"https:\/\/secure.gravatar.com\/avatar\/c5a7ef84c66fa914f55bc4f7ce26cfa275a3b9a1c5568b907bd184fb4dde7b40?s=96&d=mm&r=g","contentUrl":"https:\/\/secure.gravatar.com\/avatar\/c5a7ef84c66fa914f55bc4f7ce26cfa275a3b9a1c5568b907bd184fb4dde7b40?s=96&d=mm&r=g","caption":"inclusivenews2024"},"sameAs":["https:\/\/inclusivenews.com.br"],"url":"https:\/\/inclusivenews.com.br\/?author=1"}]}},"_links":{"self":[{"href":"https:\/\/inclusivenews.com.br\/index.php?rest_route=\/wp\/v2\/posts\/24866","targetHints":{"allow":["GET"]}}],"collection":[{"href":"https:\/\/inclusivenews.com.br\/index.php?rest_route=\/wp\/v2\/posts"}],"about":[{"href":"https:\/\/inclusivenews.com.br\/index.php?rest_route=\/wp\/v2\/types\/post"}],"author":[{"embeddable":true,"href":"https:\/\/inclusivenews.com.br\/index.php?rest_route=\/wp\/v2\/users\/1"}],"replies":[{"embeddable":true,"href":"https:\/\/inclusivenews.com.br\/index.php?rest_route=%2Fwp%2Fv2%2Fcomments&post=24866"}],"version-history":[{"count":0,"href":"https:\/\/inclusivenews.com.br\/index.php?rest_route=\/wp\/v2\/posts\/24866\/revisions"}],"wp:attachment":[{"href":"https:\/\/inclusivenews.com.br\/index.php?rest_route=%2Fwp%2Fv2%2Fmedia&parent=24866"}],"wp:term":[{"taxonomy":"category","embeddable":true,"href":"https:\/\/inclusivenews.com.br\/index.php?rest_route=%2Fwp%2Fv2%2Fcategories&post=24866"},{"taxonomy":"post_tag","embeddable":true,"href":"https:\/\/inclusivenews.com.br\/index.php?rest_route=%2Fwp%2Fv2%2Ftags&post=24866"}],"curies":[{"name":"wp","href":"https:\/\/api.w.org\/{rel}","templated":true}]}}