{"id":24885,"date":"2013-07-05T20:12:50","date_gmt":"2013-07-05T23:12:50","guid":{"rendered":"http:\/\/www.inclusive.org.br\/?p=24885"},"modified":"2013-07-05T20:12:50","modified_gmt":"2013-07-05T23:12:50","slug":"cidadao-down-na-era-dos-direitos-fazendo-valer-ilheusba-3-a-510","status":"publish","type":"post","link":"https:\/\/inclusivenews.com.br\/?p=24885","title":{"rendered":"Cidad\u00e3o Down na era dos Direitos. Fazendo Valer! &#8211; Ilh\u00e9us\/BA &#8211; 3 a 5\/10"},"content":{"rendered":"<p><img loading=\"lazy\" decoding=\"async\" src=\"http:\/\/inclusivenews.com.br\/wp-content\/uploads\/cidadaodown-300x222.jpg\" alt=\"Cartaz do evento - Bandeira do Brasil com estrelas com carinhas de pessoas com s\u00edndrome de Down.\" title=\"cidadaodown\" width=\"300\" height=\"222\" class=\"alignleft size-medium wp-image-24886\" \/>Prezados Professores, Alunos, Familiares, Profissionais, Amigos, Comunidade<\/p>\n<p>O Aprendendo Down\/UESC e a Federa\u00e7\u00e3o Brasileira das Associa\u00e7\u00f5es de s\u00edndrome de Down, em parceria com as entidades anexadas, realizar\u00e3o o 2\u00b0 Congresso Internacional, no per\u00edodo de 3 a 5 de outubro\/2013, na UESC\/Ilh\u00e9us &#8211; BA.<\/p>\n<p>No detalhamente da not\u00edcia, o programa preliminar para conhecimento e inscri\u00e7\u00f5es dos temas livres.<\/p>\n<p>Fortalecer a Cidadania e reconhecer a Diversidade respeitando o Outro \u00e9 responsabilidade de cada um de n\u00f3s e s\u00f3 se torna poss\u00edvel por meio da informa\u00e7\u00e3o, estudo, pesquisa e sobretudo conviv\u00eancia.<\/p>\n<p>Este \u00e9 mais um momento de Aprender, Discutir, Compartilhar, Refletir e Fazer Valer&#8230;!!<\/p>\n<p>Que a diferen\u00e7a seja o elo e que possamos garantir as conquistas, avan\u00e7ando mais ainda, deletando o passado, resgatando as pessoas que por tanto tempo foram discriminadas e que est\u00e3o a\u00ed, com talentos a serem explorados, agentes ativos nessa nova constru\u00e7\u00e3o, onde Diversidade \u00e9 verdade incontest\u00e1vel e a Inclus\u00e3o um caminho para Autonomia.<\/p>\n<p>Convidamos voc\u00ea a participar deste momento \u00edmpar, na certeza de que sozinhos vamos mais r\u00e1pido, mas juntos vamos mais longe, concretizando sonhos comuns.<\/p>\n<p>Sua presen\u00e7a ser\u00e1 motivo de festa.<br \/>\nPedimos disseminar as informa\u00e7\u00f5es.<\/p>\n<p>Celia Kalil. Coordenadora do Evento<\/p>\n<p><strong>PROGRAMA\u00c7\u00c3O PRELIMINAR<\/strong><\/p>\n<p>1) \u201cGEN\u00c9TICA E RELA\u00c7\u00d5ES NEUROFISIOL\u00d3GICAS DO MODELO DE CAPACITA\u00c7\u00c3O DA PESSOA COM S\u00cdNDROME DE DOWN\u201d<br \/>\n&#8211; Zan Mustacchi \u2013 S\u00e3o Paulo\/SP<br \/>\n(M\u00e9dico Geneticista e Pediatra \/ Coordenador do CEPEC-SP)<br \/>\n2) \u201cESCOLA, FAM\u00cdLIA E INCLUS\u00c3O\u201d<br \/>\n&#8211; F\u00e1bio Adiron \u2013 S\u00e3o Paulo\/SP<br \/>\n(Comunicador Social \/ Moderador do Grupo s\u00edndrome de Down)<br \/>\n3) \u201cS\u00cdNDROME DE DOWN E DESVIOS DE COMPORTAMENTOS: COMPREENDENDO O AUTISMO\u201d<br \/>\n&#8211; Ramon Novell \u2013 Catalu\u00f1a\/ Espanha<br \/>\n(M\u00e9dico Psiquiatra \/ Diretor do INARDI: Instituto para la Atenci\u00f3n y la Investigaci\u00f3n en la Discapacitat Intelectual)<br \/>\n4) \u201cO MODELO NUTRICIONAL PARA PESSOA COM S\u00cdNDROME DE DOWN\u201d<br \/>\n&#8211; Guilherme Roberto Colin \u2013 Joenville\/SC<br \/>\n(M\u00e9dico Pediatra e Nutr\u00f3logo \/ NAIPE: N\u00facleo de Atendimento Integrado ao Paciente Especial)<br \/>\n5) \u201cATIVIDADES MOTORAS ADAPTADAS: DESENVOLVENDO HABILIDADES E COMPET\u00caNCIAS\u201d<br \/>\n&#8211; Joslei Souza \u2013 Ilh\u00e9us \/BA<br \/>\n(Educadora F\u00edsica e Doutora em Educa\u00e7\u00e3o Especial\/Prof.\u00aa da UESC)<br \/>\n6) \u201cESTIMULANDO ATIVIDADES FUNCIONAIS E MINIMIZANDO PADR\u00d5ES COMPENSAT\u00d3RIOS EM PESSOAS COM S\u00cdNDROME DE DOWN\u201d<br \/>\n&#8211; Sumaia Midlej \u2013 Salvador\/BA<br \/>\n(Fisioterapeuta \/ Prof.\u00aa da Universidade do Estado da Bahia)<br \/>\n7) \u201cIMPLANTA\u00c7\u00c3O DAS POL\u00cdTICAS P\u00daBLICAS DE INCLUS\u00c3O\u201d<br \/>\n&#8211; Rosana Cipriano \u2013 Bras\u00edlia\/DF<br \/>\n(Coordenadora Geral de Pol\u00edticas Pedag\u00f3gicas de Educa\u00e7\u00e3o Especial \u2013 SECADI\/MEC)<br \/>\n8) \u201cBUSCANDO ALFABETIZAR: SINGULARIDADES E DEMARCA\u00c7\u00c3O DE SUJEITOS EM ESPA\u00c7O DE PESQUISAS \u2013 N\u00daCLEO SABER DOWN\u201d<br \/>\n&#8211; Marian Oliveira \u2013 Vit\u00f3ria da Conquista\/BA<br \/>\n(Doutora em Lingu\u00edstica \/ Coordenadora do N\u00facleo Saber Down)<br \/>\n9) \u201cDIREITO AO TRABALHO E ACESSIBILIDADE SOB A NOVA VIS\u00c3O DA CONVEN\u00c7\u00c3O DO DIREITO DAS PESSOAS COM DEFICI\u00caNCIA (CDPD)\u201d<br \/>\n&#8211; Maria Aparecida Gugel \u2013 Bras\u00edlia\/DF<br \/>\n(Subprocuradora Geral da Rep\u00fablica \u2013 Minist\u00e9rio P\u00fablico do Trabalho)<br \/>\n10) \u201cUM POUCO DE MINHA TRAJET\u00d3RIA\u201d<br \/>\n&#8211; J\u00e9ssica Mendes de Figueiredo \u2013 Bras\u00edlia\/DF<br \/>\n(Estudante Universit\u00e1ria \/ Rela\u00e7\u00f5es P\u00fablicas da FBASD \/ Pessoa com s\u00edndrome de Down)<br \/>\n11) \u201cO PSIC\u00d3LOGO COMO MEDIADOR: FAM\u00cdLIA, ESCOLA E PERSPECTIVA SOCIAL\u201d<br \/>\n&#8211; Laeddy Ferraz \u2013 Itapetinga\/BA<br \/>\n(Psic\u00f3loga \/ Cl\u00ednica Psicoespa\u00e7o)<br \/>\n12) \u201cESTIMULA\u00c7\u00c3O ESSENCIAL: A INTEGRA\u00c7\u00c3O ENTRE FISIOTERAPIA, FONOAUDIOLOGIA, TERAPIA OCUPACIONAL E PSICOPEDAGOGIA\u201d<br \/>\n&#8211; Ivalda Cesarina \u2013 Salvador\/BA<br \/>\n(Fonoaudi\u00f3loga \/ Centro de Estudos e Atendimentos Neurol\u00f3gicos)<br \/>\n13) \u201cEDUCA\u00c7\u00c3O SEXUAL NA DEFICI\u00caNCIA INTELECTUAL\u201d<br \/>\n&#8211; Mar\u00eda Marta Castro Mart\u00edn \u2013 Buenos Aires\/Argentina<br \/>\n(Sex\u00f3loga \/ Psic\u00f3loga \/ Coordenadora do Programa \u201cEducaci\u00f3n Sexual Integral en Centro de D\u00eda Despertar\u201d)<br \/>\nOFICINAS E MINICURSOS<br \/>\n1. \u201cAbordagem neuropsicol\u00f3gica na s\u00edndrome de Down\u201d &#8211; Dr. Ramon Novell (Psiquiatra) \/Dr. Zan Mustacchi (Geneticista-Pediatra)<br \/>\n2. \u201cAtividade Motora Adaptada para Defici\u00eancia Intelectual\u201d &#8211; Prof.\u00aa Dr.\u00aa Joslei Souza (Educadora F\u00edsica)<br \/>\n3. \u201cEduca\u00e7\u00e3o Sexual aplicada \u00e0s crian\u00e7as, adolescentes e adultos com defici\u00eancia Intelectual\u201d \u2013 Mar\u00eda Marta Castro Mart\u00edn (Sex\u00f3loga e Psic\u00f3loga)<br \/>\n4. \u201cEduca\u00e7\u00e3o infantil: O que as crian\u00e7as precisam para estar bem no ensino fundamental\u201d &#8211; Ivalda Cesarina (Fonoaudi\u00f3loga) 5. \u201cAlimenta\u00e7\u00e3o: o que comer e como preparar os alimentos\u201d &#8211; Dr. Guilherme Colin (Pediatra-Nutr\u00f3logo)<br \/>\n6. \u201cA contribui\u00e7\u00e3o do material l\u00fadico na constru\u00e7\u00e3o da aprendizagem\u201d &#8211; Laeddy Ferraz (Psic\u00f3loga) \/George Ferraz (Bi\u00f3logo)<br \/>\n7. \u201cContinuando a Fisioterapia: Nossas experi\u00eancias, nossas indica\u00e7\u00f5es\u201d &#8211; Sumaia Midlej\/ Nathalia Freire\/ Natanne Pereira (Fisioterapeutas)<br \/>\n8. \u201cDireito a Educa\u00e7\u00e3o: Reflex\u00e3o e a\u00e7\u00f5es para garantia da escolariza\u00e7\u00e3o com qualidade\u201d \u2013 Prof.\u00aa MSc. Rosana Cipriano (MEC)<br \/>\n9. \u201cInterdi\u00e7\u00e3o e seus reflexos na vida da pessoa com s\u00edndrome de Down\u201d \u2013 M\u00aa Aparecida Gugel (Subprocuradora Geral da Rep\u00fablica)<br \/>\n10.\u201cAtividades e adapta\u00e7\u00f5es para o desenvolvimento da coordena\u00e7\u00e3o de pessoas com s\u00edndrome de Down\u201d\u2013 Prof.\u00aa Dr.\u00aa Marian Oliveira (Linguista)\/ Gilsara Madeira (Terapeuta Ocupacional)<\/p>\n<p><strong>TRABALHOS CIENT\u00cdFICOS<\/strong><\/p>\n<p>Trabalhos Cient\u00edficos &#8211; Regulamento<\/p>\n<p>Data limite para envio de trabalhos:\u00a010 de agosto de 2013.<\/p>\n<p>NORMAS PARA INSCRI\u00c7\u00c3O DOS TRABALHOS CIENT\u00cdFICOS<\/p>\n<p>(TEMA LIVRE OU P\u00d4STER)<br \/>\nPara efetuar a inscri\u00e7\u00e3o de trabalhos cient\u00edficos (resumos) ser\u00e1 necess\u00e1rio informar o endere\u00e7o eletr\u00f4nico (E-mail) e definidos durante o preenchimento da ficha de inscri\u00e7\u00e3o no congresso;<br \/>\n Ser\u00e3o aceitas apenas as inscri\u00e7\u00f5es dos trabalhos cient\u00edficos (resumos) efetuada(s) pelos autor(es) regularmente inscrito(s) no Congresso;<br \/>\n N\u00e3o h\u00e1 limite de resumos de um mesmo autor, entretanto, este s\u00f3 poder\u00e1 apresentar at\u00e9 02 trabalhos;<br \/>\n Cada resumo poder\u00e1 ter at\u00e9 10 autores, sendo 1 autor principal e os demais co-autores;<br \/>\n No momento da inscri\u00e7\u00e3o, o autor dever\u00e1 informar a sua op\u00e7\u00e3o de apresenta\u00e7\u00e3o de seu trabalho na forma de exposi\u00e7\u00e3o oral e\/ou p\u00f4ster, por meio do preenchimento de campo espec\u00edfico na ficha de inscri\u00e7\u00e3o dos trabalhos cient\u00edficos;<br \/>\n Cabe \u00e0 Comiss\u00e3o julgadora definida para este evento, avaliar os trabalhos de acordo com normas cient\u00edficas espec\u00edficas, com autonomia para modificar a op\u00e7\u00e3o de apresenta\u00e7\u00e3o do trabalho, comprometendo-se a comunicar com anteced\u00eancia aos autores e classific\u00e1-los segundo estas normas;<br \/>\nOs resumos dever\u00e3o ser encaminhados via email, no endere\u00e7o: ciadown2013@gmail.com, com data limite em 5 de agosto de 2013;<br \/>\n Ser\u00e3o selecionados 20 (vinte) P\u00f4steres, que ficar\u00e3o expostos durante todo o evento. O Expositor dever\u00e1 est\u00e1 dispon\u00edvel no per\u00edodo de intervalos e almo\u00e7o. E 4 (quatro), para Apresenta\u00e7\u00e3o Oral, em hor\u00e1rios a serem comunicados previamente.<\/p>\n<p>Da Elabora\u00e7\u00e3o dos Resumos<br \/>\n O resumo dever\u00e1 ter no m\u00e1ximo 300 palavras, n\u00e3o sendo aceitos gr\u00e1ficos, tabelas, imagens ou caracteres especiais no texto;<br \/>\n N\u00e3o ser\u00e3o aceitas as inscri\u00e7\u00f5es dos resumos de trabalhos cient\u00edficos enviadas por fax, correio regular ou outra forma qualquer diferente da indicada.<br \/>\nDas Orienta\u00e7\u00f5es Gerais aos Autores<br \/>\n N\u00e3o ser\u00e3o permitidas altera\u00e7\u00f5es do conte\u00fado dos resumos\/trabalhos ap\u00f3s a conclus\u00e3o do processo de envio dos trabalhos submetidos para aprecia\u00e7\u00e3o da comiss\u00e3o de temas livres.<br \/>\n A Comiss\u00e3o Cient\u00edfica avaliar\u00e1 os trabalhos e selecionar\u00e1 somente aqueles que estiverem de acordo com as normas definidas para este evento.<br \/>\n A divulga\u00e7\u00e3o dos trabalhos aprovados ser\u00e1 feita atrav\u00e9s do email cadastrado na Inscri\u00e7\u00e3o do Congresso.<br \/>\n O autor receber\u00e1 um aviso para consultar a data, local e hor\u00e1rio para apresenta\u00e7\u00e3o, atrav\u00e9s do e-mail do autor que efetuou a inscri\u00e7\u00e3o dos trabalhos.<br \/>\nTodos os trabalhos aprovados receber\u00e3o certificados de apresenta\u00e7\u00e3o no Congresso.<br \/>\n Os autores autorizam a Comiss\u00e3o Organizadora do II Congresso Internacional do Aprendendo Down do Sul da Bahia e demais sociedades que apoiam este evento, a divulgar o resumo em \u00e2mbito nacional e internacional, ap\u00f3s a apresenta\u00e7\u00e3o do mesmo, n\u00e3o cabendo qualquer pagamento por direito autoral.<br \/>\n O apresentador dever\u00e1 dispor de seu pr\u00f3prio material para fixa\u00e7\u00e3o do trabalho.<br \/>\n Prezado Autor, antes de redigir o resumo de seu trabalho cient\u00edfico, leia atentamente todas as informa\u00e7\u00f5es deste regulamento.\u00a0Os resumos em n\u00e3o conformidade com as orienta\u00e7\u00f5es n\u00e3o ser\u00e3o aceitos.<\/p>\n<p>Das Apresenta\u00e7\u00f5es<\/p>\n<p>Formato: Temas Livres:\u00a0s\u00e3o apresenta\u00e7\u00f5es orais realizadas em dia e hor\u00e1rio determinados; ser\u00e3o limitados em dez minutos para a apresenta\u00e7\u00e3o. O autor apresentador dever\u00e1 estar inscrito no congresso.<br \/>\nP\u00f4ster:\u00a0Os trabalhos ficar\u00e3o expostos sob a forma de p\u00f4ster, durante todo o evento e o autor dever\u00e1 estar presente nos hor\u00e1rios de intervalo, quando ser\u00e3o realizadas visitas pelo p\u00fablico. Os certificados ser\u00e3o entregues ao final do evento.<\/p>\n<p>Preparo do P\u00f4ster:<br \/>\nTamanho m\u00e1ximo de 0,95m de largura x 0,95m de altura.<br \/>\nO apresentador dever\u00e1 ter material pr\u00f3prio para fixa\u00e7\u00e3o.<br \/>\n\u00c9 de responsabilidade do(s) autor(es) a retirada de seu material at\u00e9 o t\u00e9rmino do Congresso. Os organizadores n\u00e3o se responsabilizar\u00e3o pelo material que n\u00e3o seja devidamente retirado.<\/p>\n<p>Comiss\u00e3o Organizadora<\/p>\n<p><strong>FICHA DE INSCRI\u00c7\u00c3O<\/strong><\/p>\n<p>Preencha a ficha com letra de forma, anexe o comprovante de pagamento da sua categoria de inscri\u00e7\u00e3o (BANCO DO BRASIL \u2013 AG: 3175-5 C\/C: 21.086-2 \u2013 Favorecido: CNKalil), digitalize tudo e envie para o<br \/>\ne-mail: ciadown2013@gmail.com<br \/>\n          Profissional                   Estudante                 Pais de pessoas com SD                  SD<br \/>\nNOME COMPLETO (Para emiss\u00e3o de Certificado):<br \/>\n_____________________________________________________________________________________________________<br \/>\nEMAIL :                                                                                                                                                                           CPF:<br \/>\n_________________________________________________________________________________       ____.____.____-___<br \/>\nENDERE\u00c7O \u2013 BAIRRO \u2013 N\u00daMERO \u2013 CEP \u2013 CIDADE &#8211; PA\u00cdS:<br \/>\n_____________________________________________________________________________________________________<br \/>\nTELEFONE:                                    CELULAR:                                     FORMA\u00c7\u00c3O ACAD\u00caMICA:<br \/>\n(    ) &#8211; ________________          (    ) &#8211; ________________          ___________________________________________________<br \/>\nPOSSUI ALGUMA DIVERSIDADE FUNCIONAL? NECESSITA DE ALGUM RECURSO?<br \/>\n(   ) N\u00e3o   (  ) Sim \/ Qual? _________________________________________________________________________________<br \/>\nAPRESENTA\u00c7\u00c3O DE TRABALHO CIENT\u00cdFICO?<br \/>\n(   ) N\u00e3o   (   ) Tema Livre   (  ) P\u00f4ster<br \/>\n                                                                                 INVESTIMENTO AT\u00c9 20\/09<br \/>\n             PROFISSIONAIS:                        Congresso = 80,00     Congresso  + Oficina = 100,00<br \/>\n             ESTUDANTES:                            Congresso = 40,00     Congresso  + Oficina = 50,00<br \/>\n             PAIS DE PESSOAS COM SD:     Congresso = 60,00     Congresso  + Oficina = 80,00<br \/>\n             PESSOAS COM SD:                    Congresso = 20,00     Congresso  + Oficina = 30,00<\/p>\n<p>                               Obs.: A partir de 21\/09, ser\u00e3o acrescidos: Congresso ($15) e Oficina ($5)<\/p>\n<p>                                                                  OFICINAS E MINICURSOS:<\/p>\n<p>A.\t\u201cAbordagem neuropsicol\u00f3gica na s\u00edndrome de Down\u201d &#8211; Dr. Ramon Novell (Psiquiatra) \/Dr. Zan Mustacchi (Geneticista-Pediatra)<br \/>\nB.\t\u201cAtividade Motora Adaptada para Defici\u00eancia Intelectual\u201d &#8211; Prof.\u00aa Dr.\u00aa Joslei Souza (Educadora F\u00edsica)<br \/>\nC.\t\u201cEduca\u00e7\u00e3o infantil: O que as crian\u00e7as precisam para estar bem no ensino fundamental\u201d &#8211; Ivalda Cesarina (Fonoaudi\u00f3loga)<br \/>\nD.\t\u201cAlimenta\u00e7\u00e3o: o que comer e como preparar os alimentos\u201d &#8211; Dr. Guilherme Colin (Pediatra-Nutr\u00f3logo)<br \/>\nE.\t\u201cA contribui\u00e7\u00e3o do material l\u00fadico na constru\u00e7\u00e3o da aprendizagem\u201d &#8211; Laeddy Ferraz (Psic\u00f3loga) \/George Ferraz (Bi\u00f3logo)<br \/>\nF.\t\u201cContinuando a Fisioterapia: Nossas experi\u00eancias, nossas indica\u00e7\u00f5es\u201d &#8211; Sumaia Midlej\/ Nathalia Freire\/ Natanne Pereira (Fisioterapeutas)<br \/>\nG.\t\u201cDireito a Educa\u00e7\u00e3o: Reflex\u00e3o e a\u00e7\u00f5es para garantia da escolariza\u00e7\u00e3o com qualidade\u201d \u2013 Prof.\u00aa MSc. Rosana Cipriano (MEC)<br \/>\nH.\t\u201cInterdi\u00e7\u00e3o e seus reflexos na vida da pessoa com s\u00edndrome de Down\u201d \u2013 M\u00aa Aparecida Gugel (Subprocuradora Geral da Rep\u00fablica)<br \/>\nI.\t\u201cAtividades e adapta\u00e7\u00f5es para o desenvolvimento da coordena\u00e7\u00e3o de pessoas com s\u00edndrome de Down\u201d\u2013 Prof.\u00aa Dr.\u00aa Marian Oliveira (Linguista)\/ Gilsara Madeira (Terapeuta Ocupacional)<br \/>\nObs.: As Oficinas e Minicursos ter\u00e3o vagas limitadas, por ordem de inscri\u00e7\u00e3o. Sugerimos preencher as op\u00e7\u00f5es de acordo com a prefer\u00eancia (1\u00aa, 2\u00aa, 3\u00aa, &#8230;). S\u00f3 ser\u00e1 permitida uma Oficina\/Minicurso por pessoa.<\/p>\n<p>Contato &#8211; 73-3212-2231<br \/>\n73-3215-1228<\/p>\n<p>ciadown2013@gmail.com<\/p>\n","protected":false},"excerpt":{"rendered":"<p>II Congresso Internacional Aprendendo Down <\/p>\n","protected":false},"author":1,"featured_media":0,"comment_status":"open","ping_status":"open","sticky":false,"template":"","format":"standard","meta":{"site-container-style":"default","site-container-layout":"default","site-sidebar-layout":"default","disable-article-header":"default","disable-site-header":"default","disable-site-footer":"default","disable-content-area-spacing":"default","footnotes":""},"categories":[12,38,48],"tags":[],"class_list":["post-24885","post","type-post","status-publish","format-standard","hentry","category-cursos-e-eventos","category-deficiencia","category-inclusao"],"yoast_head":"<!-- This site is optimized with the Yoast SEO plugin v27.4 - https:\/\/yoast.com\/product\/yoast-seo-wordpress\/ -->\n<title>Cidad\u00e3o Down na era dos Direitos. Fazendo Valer! - Ilh\u00e9us\/BA - 3 a 5\/10 -<\/title>\n<meta name=\"robots\" content=\"index, follow, max-snippet:-1, max-image-preview:large, max-video-preview:-1\" \/>\n<link rel=\"canonical\" href=\"https:\/\/inclusivenews.com.br\/?p=24885\" \/>\n<meta property=\"og:locale\" content=\"pt_PT\" \/>\n<meta property=\"og:type\" content=\"article\" \/>\n<meta property=\"og:title\" content=\"Cidad\u00e3o Down na era dos Direitos. Fazendo Valer! - Ilh\u00e9us\/BA - 3 a 5\/10 -\" \/>\n<meta property=\"og:description\" content=\"II Congresso Internacional Aprendendo Down\" \/>\n<meta property=\"og:url\" content=\"https:\/\/inclusivenews.com.br\/?p=24885\" \/>\n<meta property=\"article:publisher\" content=\"https:\/\/www.facebook.com\/agenciainclusive\/\" \/>\n<meta property=\"article:published_time\" content=\"2013-07-05T23:12:50+00:00\" \/>\n<meta property=\"og:image\" content=\"http:\/\/inclusivenews.com.br\/wp-content\/uploads\/cidadaodown-300x222.jpg\" \/>\n<meta name=\"author\" content=\"inclusivenews2024\" \/>\n<meta name=\"twitter:card\" content=\"summary_large_image\" \/>\n<meta name=\"twitter:label1\" content=\"Escrito por\" \/>\n\t<meta name=\"twitter:data1\" content=\"inclusivenews2024\" \/>\n\t<meta name=\"twitter:label2\" content=\"Tempo estimado de leitura\" \/>\n\t<meta name=\"twitter:data2\" content=\"9 minutos\" \/>\n<script type=\"application\/ld+json\" class=\"yoast-schema-graph\">{\"@context\":\"https:\\\/\\\/schema.org\",\"@graph\":[{\"@type\":\"Article\",\"@id\":\"https:\\\/\\\/inclusivenews.com.br\\\/?p=24885#article\",\"isPartOf\":{\"@id\":\"https:\\\/\\\/inclusivenews.com.br\\\/?p=24885\"},\"author\":{\"name\":\"inclusivenews2024\",\"@id\":\"https:\\\/\\\/inclusivenews.com.br\\\/#\\\/schema\\\/person\\\/ae4ec7087559b8692fb33b6fffd2273b\"},\"headline\":\"Cidad\u00e3o Down na era dos Direitos. Fazendo Valer! &#8211; Ilh\u00e9us\\\/BA &#8211; 3 a 5\\\/10\",\"datePublished\":\"2013-07-05T23:12:50+00:00\",\"mainEntityOfPage\":{\"@id\":\"https:\\\/\\\/inclusivenews.com.br\\\/?p=24885\"},\"wordCount\":1870,\"commentCount\":3,\"publisher\":{\"@id\":\"https:\\\/\\\/inclusivenews.com.br\\\/#organization\"},\"image\":{\"@id\":\"https:\\\/\\\/inclusivenews.com.br\\\/?p=24885#primaryimage\"},\"thumbnailUrl\":\"http:\\\/\\\/inclusivenews.com.br\\\/wp-content\\\/uploads\\\/cidadaodown-300x222.jpg\",\"articleSection\":[\"Cursos e eventos\",\"Defici\u00eancia\",\"INCLUS\u00c3O SOCIAL\"],\"inLanguage\":\"pt-PT\",\"potentialAction\":[{\"@type\":\"CommentAction\",\"name\":\"Comment\",\"target\":[\"https:\\\/\\\/inclusivenews.com.br\\\/?p=24885#respond\"]}]},{\"@type\":\"WebPage\",\"@id\":\"https:\\\/\\\/inclusivenews.com.br\\\/?p=24885\",\"url\":\"https:\\\/\\\/inclusivenews.com.br\\\/?p=24885\",\"name\":\"Cidad\u00e3o Down na era dos Direitos. Fazendo Valer! - Ilh\u00e9us\\\/BA - 3 a 5\\\/10 -\",\"isPartOf\":{\"@id\":\"https:\\\/\\\/inclusivenews.com.br\\\/#website\"},\"primaryImageOfPage\":{\"@id\":\"https:\\\/\\\/inclusivenews.com.br\\\/?p=24885#primaryimage\"},\"image\":{\"@id\":\"https:\\\/\\\/inclusivenews.com.br\\\/?p=24885#primaryimage\"},\"thumbnailUrl\":\"http:\\\/\\\/inclusivenews.com.br\\\/wp-content\\\/uploads\\\/cidadaodown-300x222.jpg\",\"datePublished\":\"2013-07-05T23:12:50+00:00\",\"breadcrumb\":{\"@id\":\"https:\\\/\\\/inclusivenews.com.br\\\/?p=24885#breadcrumb\"},\"inLanguage\":\"pt-PT\",\"potentialAction\":[{\"@type\":\"ReadAction\",\"target\":[\"https:\\\/\\\/inclusivenews.com.br\\\/?p=24885\"]}]},{\"@type\":\"ImageObject\",\"inLanguage\":\"pt-PT\",\"@id\":\"https:\\\/\\\/inclusivenews.com.br\\\/?p=24885#primaryimage\",\"url\":\"\",\"contentUrl\":\"\"},{\"@type\":\"BreadcrumbList\",\"@id\":\"https:\\\/\\\/inclusivenews.com.br\\\/?p=24885#breadcrumb\",\"itemListElement\":[{\"@type\":\"ListItem\",\"position\":1,\"name\":\"In\u00edcio\",\"item\":\"https:\\\/\\\/inclusivenews.com.br\\\/\"},{\"@type\":\"ListItem\",\"position\":2,\"name\":\"Cidad\u00e3o Down na era dos Direitos. Fazendo Valer! &#8211; Ilh\u00e9us\\\/BA &#8211; 3 a 5\\\/10\"}]},{\"@type\":\"WebSite\",\"@id\":\"https:\\\/\\\/inclusivenews.com.br\\\/#website\",\"url\":\"https:\\\/\\\/inclusivenews.com.br\\\/\",\"name\":\"Inclusive News\",\"description\":\"Inclusive News\",\"publisher\":{\"@id\":\"https:\\\/\\\/inclusivenews.com.br\\\/#organization\"},\"potentialAction\":[{\"@type\":\"SearchAction\",\"target\":{\"@type\":\"EntryPoint\",\"urlTemplate\":\"https:\\\/\\\/inclusivenews.com.br\\\/?s={search_term_string}\"},\"query-input\":{\"@type\":\"PropertyValueSpecification\",\"valueRequired\":true,\"valueName\":\"search_term_string\"}}],\"inLanguage\":\"pt-PT\"},{\"@type\":\"Organization\",\"@id\":\"https:\\\/\\\/inclusivenews.com.br\\\/#organization\",\"name\":\"Inclusive - inclus\u00e3o e cidadania\",\"url\":\"https:\\\/\\\/inclusivenews.com.br\\\/\",\"logo\":{\"@type\":\"ImageObject\",\"inLanguage\":\"pt-PT\",\"@id\":\"https:\\\/\\\/inclusivenews.com.br\\\/#\\\/schema\\\/logo\\\/image\\\/\",\"url\":\"https:\\\/\\\/inclusivenews.com.br\\\/wp-content\\\/uploads\\\/2024\\\/03\\\/@grandesite.png\",\"contentUrl\":\"https:\\\/\\\/inclusivenews.com.br\\\/wp-content\\\/uploads\\\/2024\\\/03\\\/@grandesite.png\",\"width\":1080,\"height\":1080,\"caption\":\"Inclusive - inclus\u00e3o e cidadania\"},\"image\":{\"@id\":\"https:\\\/\\\/inclusivenews.com.br\\\/#\\\/schema\\\/logo\\\/image\\\/\"},\"sameAs\":[\"https:\\\/\\\/www.facebook.com\\\/agenciainclusive\\\/\",\"https:\\\/\\\/www.instagram.com\\\/newsinclusive\\\/\"]},{\"@type\":\"Person\",\"@id\":\"https:\\\/\\\/inclusivenews.com.br\\\/#\\\/schema\\\/person\\\/ae4ec7087559b8692fb33b6fffd2273b\",\"name\":\"inclusivenews2024\",\"image\":{\"@type\":\"ImageObject\",\"inLanguage\":\"pt-PT\",\"@id\":\"https:\\\/\\\/secure.gravatar.com\\\/avatar\\\/c5a7ef84c66fa914f55bc4f7ce26cfa275a3b9a1c5568b907bd184fb4dde7b40?s=96&d=mm&r=g\",\"url\":\"https:\\\/\\\/secure.gravatar.com\\\/avatar\\\/c5a7ef84c66fa914f55bc4f7ce26cfa275a3b9a1c5568b907bd184fb4dde7b40?s=96&d=mm&r=g\",\"contentUrl\":\"https:\\\/\\\/secure.gravatar.com\\\/avatar\\\/c5a7ef84c66fa914f55bc4f7ce26cfa275a3b9a1c5568b907bd184fb4dde7b40?s=96&d=mm&r=g\",\"caption\":\"inclusivenews2024\"},\"sameAs\":[\"https:\\\/\\\/inclusivenews.com.br\"],\"url\":\"https:\\\/\\\/inclusivenews.com.br\\\/?author=1\"}]}<\/script>\n<!-- \/ Yoast SEO plugin. -->","yoast_head_json":{"title":"Cidad\u00e3o Down na era dos Direitos. Fazendo Valer! - Ilh\u00e9us\/BA - 3 a 5\/10 -","robots":{"index":"index","follow":"follow","max-snippet":"max-snippet:-1","max-image-preview":"max-image-preview:large","max-video-preview":"max-video-preview:-1"},"canonical":"https:\/\/inclusivenews.com.br\/?p=24885","og_locale":"pt_PT","og_type":"article","og_title":"Cidad\u00e3o Down na era dos Direitos. Fazendo Valer! - Ilh\u00e9us\/BA - 3 a 5\/10 -","og_description":"II Congresso Internacional Aprendendo Down","og_url":"https:\/\/inclusivenews.com.br\/?p=24885","article_publisher":"https:\/\/www.facebook.com\/agenciainclusive\/","article_published_time":"2013-07-05T23:12:50+00:00","og_image":[{"url":"http:\/\/inclusivenews.com.br\/wp-content\/uploads\/cidadaodown-300x222.jpg","type":"","width":"","height":""}],"author":"inclusivenews2024","twitter_card":"summary_large_image","twitter_misc":{"Escrito por":"inclusivenews2024","Tempo estimado de leitura":"9 minutos"},"schema":{"@context":"https:\/\/schema.org","@graph":[{"@type":"Article","@id":"https:\/\/inclusivenews.com.br\/?p=24885#article","isPartOf":{"@id":"https:\/\/inclusivenews.com.br\/?p=24885"},"author":{"name":"inclusivenews2024","@id":"https:\/\/inclusivenews.com.br\/#\/schema\/person\/ae4ec7087559b8692fb33b6fffd2273b"},"headline":"Cidad\u00e3o Down na era dos Direitos. Fazendo Valer! &#8211; Ilh\u00e9us\/BA &#8211; 3 a 5\/10","datePublished":"2013-07-05T23:12:50+00:00","mainEntityOfPage":{"@id":"https:\/\/inclusivenews.com.br\/?p=24885"},"wordCount":1870,"commentCount":3,"publisher":{"@id":"https:\/\/inclusivenews.com.br\/#organization"},"image":{"@id":"https:\/\/inclusivenews.com.br\/?p=24885#primaryimage"},"thumbnailUrl":"http:\/\/inclusivenews.com.br\/wp-content\/uploads\/cidadaodown-300x222.jpg","articleSection":["Cursos e eventos","Defici\u00eancia","INCLUS\u00c3O SOCIAL"],"inLanguage":"pt-PT","potentialAction":[{"@type":"CommentAction","name":"Comment","target":["https:\/\/inclusivenews.com.br\/?p=24885#respond"]}]},{"@type":"WebPage","@id":"https:\/\/inclusivenews.com.br\/?p=24885","url":"https:\/\/inclusivenews.com.br\/?p=24885","name":"Cidad\u00e3o Down na era dos Direitos. Fazendo Valer! - Ilh\u00e9us\/BA - 3 a 5\/10 -","isPartOf":{"@id":"https:\/\/inclusivenews.com.br\/#website"},"primaryImageOfPage":{"@id":"https:\/\/inclusivenews.com.br\/?p=24885#primaryimage"},"image":{"@id":"https:\/\/inclusivenews.com.br\/?p=24885#primaryimage"},"thumbnailUrl":"http:\/\/inclusivenews.com.br\/wp-content\/uploads\/cidadaodown-300x222.jpg","datePublished":"2013-07-05T23:12:50+00:00","breadcrumb":{"@id":"https:\/\/inclusivenews.com.br\/?p=24885#breadcrumb"},"inLanguage":"pt-PT","potentialAction":[{"@type":"ReadAction","target":["https:\/\/inclusivenews.com.br\/?p=24885"]}]},{"@type":"ImageObject","inLanguage":"pt-PT","@id":"https:\/\/inclusivenews.com.br\/?p=24885#primaryimage","url":"","contentUrl":""},{"@type":"BreadcrumbList","@id":"https:\/\/inclusivenews.com.br\/?p=24885#breadcrumb","itemListElement":[{"@type":"ListItem","position":1,"name":"In\u00edcio","item":"https:\/\/inclusivenews.com.br\/"},{"@type":"ListItem","position":2,"name":"Cidad\u00e3o Down na era dos Direitos. Fazendo Valer! &#8211; Ilh\u00e9us\/BA &#8211; 3 a 5\/10"}]},{"@type":"WebSite","@id":"https:\/\/inclusivenews.com.br\/#website","url":"https:\/\/inclusivenews.com.br\/","name":"Inclusive News","description":"Inclusive News","publisher":{"@id":"https:\/\/inclusivenews.com.br\/#organization"},"potentialAction":[{"@type":"SearchAction","target":{"@type":"EntryPoint","urlTemplate":"https:\/\/inclusivenews.com.br\/?s={search_term_string}"},"query-input":{"@type":"PropertyValueSpecification","valueRequired":true,"valueName":"search_term_string"}}],"inLanguage":"pt-PT"},{"@type":"Organization","@id":"https:\/\/inclusivenews.com.br\/#organization","name":"Inclusive - inclus\u00e3o e cidadania","url":"https:\/\/inclusivenews.com.br\/","logo":{"@type":"ImageObject","inLanguage":"pt-PT","@id":"https:\/\/inclusivenews.com.br\/#\/schema\/logo\/image\/","url":"https:\/\/inclusivenews.com.br\/wp-content\/uploads\/2024\/03\/@grandesite.png","contentUrl":"https:\/\/inclusivenews.com.br\/wp-content\/uploads\/2024\/03\/@grandesite.png","width":1080,"height":1080,"caption":"Inclusive - inclus\u00e3o e cidadania"},"image":{"@id":"https:\/\/inclusivenews.com.br\/#\/schema\/logo\/image\/"},"sameAs":["https:\/\/www.facebook.com\/agenciainclusive\/","https:\/\/www.instagram.com\/newsinclusive\/"]},{"@type":"Person","@id":"https:\/\/inclusivenews.com.br\/#\/schema\/person\/ae4ec7087559b8692fb33b6fffd2273b","name":"inclusivenews2024","image":{"@type":"ImageObject","inLanguage":"pt-PT","@id":"https:\/\/secure.gravatar.com\/avatar\/c5a7ef84c66fa914f55bc4f7ce26cfa275a3b9a1c5568b907bd184fb4dde7b40?s=96&d=mm&r=g","url":"https:\/\/secure.gravatar.com\/avatar\/c5a7ef84c66fa914f55bc4f7ce26cfa275a3b9a1c5568b907bd184fb4dde7b40?s=96&d=mm&r=g","contentUrl":"https:\/\/secure.gravatar.com\/avatar\/c5a7ef84c66fa914f55bc4f7ce26cfa275a3b9a1c5568b907bd184fb4dde7b40?s=96&d=mm&r=g","caption":"inclusivenews2024"},"sameAs":["https:\/\/inclusivenews.com.br"],"url":"https:\/\/inclusivenews.com.br\/?author=1"}]}},"_links":{"self":[{"href":"https:\/\/inclusivenews.com.br\/index.php?rest_route=\/wp\/v2\/posts\/24885","targetHints":{"allow":["GET"]}}],"collection":[{"href":"https:\/\/inclusivenews.com.br\/index.php?rest_route=\/wp\/v2\/posts"}],"about":[{"href":"https:\/\/inclusivenews.com.br\/index.php?rest_route=\/wp\/v2\/types\/post"}],"author":[{"embeddable":true,"href":"https:\/\/inclusivenews.com.br\/index.php?rest_route=\/wp\/v2\/users\/1"}],"replies":[{"embeddable":true,"href":"https:\/\/inclusivenews.com.br\/index.php?rest_route=%2Fwp%2Fv2%2Fcomments&post=24885"}],"version-history":[{"count":0,"href":"https:\/\/inclusivenews.com.br\/index.php?rest_route=\/wp\/v2\/posts\/24885\/revisions"}],"wp:attachment":[{"href":"https:\/\/inclusivenews.com.br\/index.php?rest_route=%2Fwp%2Fv2%2Fmedia&parent=24885"}],"wp:term":[{"taxonomy":"category","embeddable":true,"href":"https:\/\/inclusivenews.com.br\/index.php?rest_route=%2Fwp%2Fv2%2Fcategories&post=24885"},{"taxonomy":"post_tag","embeddable":true,"href":"https:\/\/inclusivenews.com.br\/index.php?rest_route=%2Fwp%2Fv2%2Ftags&post=24885"}],"curies":[{"name":"wp","href":"https:\/\/api.w.org\/{rel}","templated":true}]}}