{"id":24919,"date":"2013-07-08T01:56:12","date_gmt":"2013-07-08T04:56:12","guid":{"rendered":"http:\/\/www.inclusive.org.br\/?p=24919"},"modified":"2013-07-08T01:56:12","modified_gmt":"2013-07-08T04:56:12","slug":"manifestantes-sairam-as-ruas-nesse-domingo-por-mais-acessibilidade-e-inclusao","status":"publish","type":"post","link":"https:\/\/inclusivenews.com.br\/?p=24919","title":{"rendered":"Manifestantes sa\u00edram \u00e0s ruas em v\u00e1rias cidades nesse fim de semana por mais acessibilidade e inclus\u00e3o"},"content":{"rendered":"<p><em>Por Patricia Almeida<\/em><\/p>\n<p>V\u00e1rias manifesta\u00e7\u00f5es pelos direitos das pessoas com defici\u00eancia marcaram este fim de semana.  No Rio de Janeiro cerca de 100 manifestantes marcharam pela Avenida Atl\u00e2ntica, em Copacabana.<\/p>\n<p><span style=\"font-size: 13px; line-height: 19px;\">Debaixo de sol forte, pessoas em cadeira de rodas, surdas, com defici\u00eancia intelectual, cegas e com autismo pediam acessibilidade e inclus\u00e3o, com faixas e camisetas com mensagens como &#8220;deficiente \u00e9 o <\/span><span style=\"font-size: 13px; line-height: 19px;\">meu pa\u00eds&#8221; e &#8220;ser diferente \u00e9 normal&#8221;.<\/span><\/p>\n<p><img loading=\"lazy\" decoding=\"async\" class=\"alignleft size-medium wp-image-24945\" title=\"mani\" src=\"http:\/\/inclusivenews.com.br\/wp-content\/uploads\/mani-300x225.jpg\" alt=\"Diversas pessoas com e sem defici\u00eancia, algumas em cadeiras de rodas, mostram cartazes.\" width=\"300\" height=\"225\" \/><img loading=\"lazy\" decoding=\"async\" class=\"alignleft size-medium wp-image-24940\" title=\"mundoazul\" src=\"http:\/\/inclusivenews.com.br\/wp-content\/uploads\/mundoazul1-300x225.jpg\" alt=\"Grupo de manifestantes a p\u00e9 e em cadeira de rodas. na faixa da frente, Voc\u00ea Conhece? mundoazul.org.br\" width=\"300\" height=\"225\" \/><img loading=\"lazy\" decoding=\"async\" class=\"alignleft size-medium wp-image-24941\" title=\"camisas\" src=\"http:\/\/inclusivenews.com.br\/wp-content\/uploads\/camisas-300x225.jpg\" alt=\"Tr\u00eas manifestantes em cadeira de rodas e uma com a camiseta Ser Diferente \u00e9 Normal, mostrando um cartaz que diz Inclus\u00e3o e Acessibilidade.\" width=\"300\" height=\"225\" \/><img loading=\"lazy\" decoding=\"async\" class=\"alignleft size-medium wp-image-24942\" title=\"sol\" src=\"http:\/\/inclusivenews.com.br\/wp-content\/uploads\/sol-300x225.jpg\" alt=\"Duas manifestantes em cadeira de rodas, debaixo de sol forte e com o p\u00e3o de a\u00e7ucar ao fundo.\" width=\"300\" height=\"225\" \/><img loading=\"lazy\" decoding=\"async\" class=\"alignleft size-medium wp-image-24943\" title=\"edson\" src=\"http:\/\/inclusivenews.com.br\/wp-content\/uploads\/edson-300x225.jpg\" alt=\"3 manifestantes em cadeira de rodas e um sem caideira, mostrando o cartaz acessibilidade e inclus\u00e3o.\" width=\"300\" height=\"225\" \/><\/p>\n<p>A falta de acessibilidade na cidade da Copa, das Olimp\u00edadas e especialmente das Paraolimp\u00edadas, n\u00e3o preocupa somente os cadeirantes. Inconformado com a dificuldade de locomo\u00e7\u00e3o na cidade, o empres\u00e1rio F\u00e1bio Guimar\u00e3es resolveu experimentar a sensa\u00e7\u00e3o de transitar em cadeira de rodas para denunciar o problema. Nasceu o projeto Busco Legados. Fabio virou &#8220;cadeirante honor\u00e1rio&#8221; na manifesta\u00e7\u00e3o, e vai postar a experi\u00eancia no site <a href=\"http:\/\/buscolegados-com.webs.com\/\">http:\/\/buscolegados-com.webs.com\/<\/a>.  <img loading=\"lazy\" decoding=\"async\" class=\"alignleft size-medium wp-image-24936\" title=\"fabio frente\" src=\"http:\/\/inclusivenews.com.br\/wp-content\/uploads\/fabio-frente2-e1373251938421-225x300.jpg\" alt=\"Homem em cadeira de rodas com camiseta amarela e os dizeres - N\u00e3o sou cadeirante, mas...\" width=\"225\" height=\"300\" \/> <img loading=\"lazy\" decoding=\"async\" class=\"alignleft size-medium wp-image-24935\" title=\"fabiocostas\" src=\"http:\/\/inclusivenews.com.br\/wp-content\/uploads\/fabiocostas-e1373251862658-225x300.jpg\" alt=\"Homem sentado em cadeira de rodas com camiseta amarela e os dizeres em letras verdes: e se fosse?\" width=\"225\" height=\"300\" \/><\/p>\n<p>Tamb\u00e9m em Copacabana, um grupo de pais de crian\u00e7as com defici\u00eancia se reuniu em frente ao Copacabana Palace para protestar contra a qualidade dos servi\u00e7os de educa\u00e7\u00e3o e sa\u00fade. Pediam menos burocracia na marca\u00e7\u00e3o de consultas e exames especiais e a exist\u00eancia de mediadores providos pelas escolas para o apoio aos estudantes com defici\u00eancia.<\/p>\n<p>Pessoas que passavam pelo cal\u00e7ad\u00e3o paravam para ler os cartazes e conversar com os manifestantes. <img loading=\"lazy\" decoding=\"async\" class=\"alignleft size-medium wp-image-24930\" title=\"exame\" src=\"http:\/\/inclusivenews.com.br\/wp-content\/uploads\/exame-300x225.jpg\" alt=\"Mulher segura cartaz dizendo - Necessitamos maior agilidade no agendamento de consulas, exames e tratamentos., ao lado dela, mo\u00e7a com beb\u00ea com s\u00edndrome de Down no colo.\" width=\"300\" height=\"225\" \/> <img loading=\"lazy\" decoding=\"async\" class=\"alignleft size-medium wp-image-24928\" title=\"copa\" src=\"http:\/\/inclusivenews.com.br\/wp-content\/uploads\/copa-300x225.jpg\" alt=\"Manifestantes em frente ao Copacabana Palace com faixa e cartazes.\" width=\"300\" height=\"225\" \/><img loading=\"lazy\" decoding=\"async\" class=\"alignleft size-medium wp-image-24931\" title=\"ale\" src=\"http:\/\/inclusivenews.com.br\/wp-content\/uploads\/ale-300x225.jpg\" alt=\"Manifestante abaixada junto ao carrinho da filha, segura cartaz dizendo - Junte-se a n\u00f3s no Facebook - Mobiliza\u00e7\u00e3o Nacional pelos Direitos das Crian\u00e7as Especiais.\" width=\"300\" height=\"225\" \/><\/p>\n<p><img loading=\"lazy\" decoding=\"async\" class=\"alignleft size-medium wp-image-24929\" title=\"pessoas\" src=\"http:\/\/inclusivenews.com.br\/wp-content\/uploads\/pessoas-300x225.jpg\" alt=\"Pessoas que passavam pelo cal\u00e7ad\u00e3o paravam para ler os cartazes e conversar com os manifestantes.\" width=\"300\" height=\"225\" \/>O restabelecimento do transporte para pessoas com defici\u00eancia da cidade de S\u00e3o Paulo, Atende, foi uma das principais reivindica\u00e7\u00f5es dos manifestantes que foram at\u00e9 a Avenida Paulista, nesse domingo.  <img loading=\"lazy\" decoding=\"async\" class=\"alignleft size-medium wp-image-24920\" title=\"criancas\" src=\"http:\/\/inclusivenews.com.br\/wp-content\/uploads\/criancas1-225x300.jpg\" alt=\"Na manifesta\u00e7\u00e3o, homem de camisa e bone vermelho, de bigode, carrega cartaz &quot;Fora Copa 2014 e a Fifa. Queremos Escolas e Hospitas&quot;. Est\u00e1 entre dois meninos de cadeira de rodas, um deles com nariz de palha\u00e7o.\" width=\"225\" height=\"300\" \/> <img loading=\"lazy\" decoding=\"async\" class=\"alignleft size-medium wp-image-24921\" title=\"paulista\" src=\"http:\/\/inclusivenews.com.br\/wp-content\/uploads\/paulista-300x300.jpg\" alt=\"Grupo de pessoas, jovens e crian\u00e7as com cartazes dizendo &quot;Acessibilidade com dignidade. Respeite&quot; e &quot;Escola para todos&quot;. \" width=\"300\" height=\"300\" \/> <img loading=\"lazy\" decoding=\"async\" class=\"alignleft size-medium wp-image-24922\" title=\"paulista2\" src=\"http:\/\/inclusivenews.com.br\/wp-content\/uploads\/paulista2-300x300.jpg\" alt=\"Jovem com s\u00edndrome de Down com cartaz &quot;Eu sou gente e eficiente. Cada pessoa do seu jeito&quot;. \" width=\"300\" height=\"300\" \/> <img loading=\"lazy\" decoding=\"async\" class=\"alignleft size-medium wp-image-24923\" title=\"paulista3\" src=\"http:\/\/inclusivenews.com.br\/wp-content\/uploads\/paulista3-300x300.jpg\" alt=\"Jovem de \u00f3culos escuros segura cartaz - a pessoa com defici\u00eancia intelectual existe e tamb\u00e9m quer acessibilidade.\" width=\"300\" height=\"300\" \/> <img loading=\"lazy\" decoding=\"async\" class=\"alignleft size-medium wp-image-24925\" title=\"paulista 4\" src=\"http:\/\/inclusivenews.com.br\/wp-content\/uploads\/paulista-4-300x225.jpg\" alt=\"V\u00e1rios manifestantes com cartazes, como &quot;queremos terapia pr\u00f3ximo do nosso lar&quot;,  e a bandeira do Brasil.\" width=\"300\" height=\"225\" \/>Um grupo de pessoas com autismo e seus representantes tamb\u00e9m defendiam que a legisla\u00e7\u00e3o<\/p>\n<p>sa\u00edsse do papel.<\/p>\n<p><span style=\"font-size: 13px; line-height: 19px;\"><img loading=\"lazy\" decoding=\"async\" class=\"alignleft size-medium wp-image-24950\" title=\"mnaus\" src=\"http:\/\/inclusivenews.com.br\/wp-content\/uploads\/mnaus-300x225.jpg\" alt=\"Crian\u00e7a em cadeira de rodas segura cartaz ao lado de duas mulheres, uma delas tamb\u00e9m empunhando cartaz.\" width=\"300\" height=\"225\" \/>Em Manaus o s\u00e1bado levou m\u00e3es e seus filhos com defci\u00eancia \u00e0s ruas pra pedir tratamento de sa\u00fade e reabilita\u00e7\u00e3o e educa\u00e7\u00e3o inclusiva de qualidade para seus filhos: \u00a0&#8220;Em Manaus, h\u00e1 escolas com acessibilidade e rampas, mas n\u00e3o h\u00e1 prepara\u00e7\u00e3o dos professores e material necess\u00e1rio para a inclus\u00e3o educacional. N\u00e3o temos professores para atender as crian\u00e7as e muitas vezes as escolas recusam as crian\u00e7as com necessidades especiais por este motivo. Do que adianta ter rampas de acessibilidade f\u00edsica e n\u00e3o ter professores para atender dignamente para \u00e0s crian\u00e7as? Tem dinheiro para a Copa e n\u00e3o tem para oferecer tratamento digno&#8221;, reclamou Jeane Santos.<\/span><\/p>\n<p><img loading=\"lazy\" decoding=\"async\" class=\"alignleft size-large wp-image-24948\" title=\"salva\" src=\"http:\/\/inclusivenews.com.br\/wp-content\/uploads\/salva-1024x768.jpg\" alt=\"Faixa Salvador tem sede de Acessibilidade, com coqueiros ao fundo.\" width=\"368\" height=\"277\" \/>Em Salvador, o protesto foi na orla. Manifestantes levando faixa com os dizeres &#8220;Temos sede de acessibilidade&#8221;, reclamaram das cal\u00e7adas esburacadas. &#8221;<\/p>\n<p>Bahia <a href=\"http:\/\/www.bahiatododia.com.br\/index.php?artigo=33086\">http:\/\/www.bahiatododia.com.br\/index.php?artigo=33086<\/a><\/p>\n<p>S\u00e3o Paulo <a href=\"http:\/\/noticias.uol.com.br\/album\/2013\/06\/22\/protestos-em-sao-paulo.htm#fotoNavId=pr10434668\">http:\/\/noticias.uol.com.br\/album\/2013<\/a><\/p>\n<p><a href=\"http:\/\/noticias.uol.com.br\/album\/2013\/06\/22\/protestos-em-sao-paulo.htm#fotoNavId=pr10434668\">\/06\/22\/protestos-em-sao-paulo.htm#fotoNavId=pr10434668<\/a> <a href=\"http:\/\/app.folha.com\/m\/noticia\/279664\">http:\/\/app.folha.com\/m\/noticia\/279664<\/a> <a href=\"http:\/\/g1.globo.com\/sao-paulo\/noticia\/2013\/07\/manifestantes-bloqueiam-pista-sentido-consolacao-da-av-paulista.html\">http:\/\/g1.globo.com\/sao-paulo\/noticia\/2013\/07\/manifestantes-bloqueiam-pista-sentido-consolacao-da-av-paulista.html<\/a><\/p>\n<p>Manaus <a href=\"http:\/\/g1.globo.com\/am\/amazonas\/noticia\/2013\/07\/no-am-maes-protestam-por-direitos-de-filhos-com-necessidades-especiais.html\">http:\/\/g1.globo.com\/am\/amazonas\/noticia\/2013\/07\/no-am-maes-protestam-por-direitos-de-filhos-com-necessidades-especiais.html<\/a><\/p>\n","protected":false},"excerpt":{"rendered":"<p>Pessoas com e sem defici\u00eancia no Rio, S\u00e3o Paulo, Manaus e Salvador participaram das manifesta\u00e7\u00f5es. <\/p>\n","protected":false},"author":1,"featured_media":0,"comment_status":"open","ping_status":"open","sticky":false,"template":"","format":"standard","meta":{"site-container-style":"default","site-container-layout":"default","site-sidebar-layout":"default","disable-article-header":"default","disable-site-header":"default","disable-site-footer":"default","disable-content-area-spacing":"default","footnotes":""},"categories":[35,44,3,38,48,4],"tags":[],"class_list":["post-24919","post","type-post","status-publish","format-standard","hentry","category-de-nossa-parte","category-acessibilidade","category-campanhas","category-deficiencia","category-inclusao","category-noticias"],"yoast_head":"<!-- This site is optimized with the Yoast SEO plugin v27.4 - https:\/\/yoast.com\/product\/yoast-seo-wordpress\/ -->\n<title>Manifestantes sa\u00edram \u00e0s ruas em v\u00e1rias cidades nesse fim de semana por mais acessibilidade e inclus\u00e3o -<\/title>\n<meta name=\"robots\" content=\"index, follow, max-snippet:-1, max-image-preview:large, max-video-preview:-1\" \/>\n<link rel=\"canonical\" href=\"https:\/\/inclusivenews.com.br\/?p=24919\" \/>\n<meta property=\"og:locale\" content=\"pt_PT\" \/>\n<meta property=\"og:type\" content=\"article\" \/>\n<meta property=\"og:title\" content=\"Manifestantes sa\u00edram \u00e0s ruas em v\u00e1rias cidades nesse fim de semana por mais acessibilidade e inclus\u00e3o -\" \/>\n<meta property=\"og:description\" content=\"Pessoas com e sem defici\u00eancia no Rio, S\u00e3o Paulo, Manaus e Salvador participaram das manifesta\u00e7\u00f5es.\" \/>\n<meta property=\"og:url\" content=\"https:\/\/inclusivenews.com.br\/?p=24919\" \/>\n<meta property=\"article:publisher\" content=\"https:\/\/www.facebook.com\/agenciainclusive\/\" \/>\n<meta property=\"article:published_time\" content=\"2013-07-08T04:56:12+00:00\" \/>\n<meta property=\"og:image\" content=\"http:\/\/inclusivenews.com.br\/wp-content\/uploads\/mani-300x225.jpg\" \/>\n<meta name=\"author\" content=\"inclusivenews2024\" \/>\n<meta name=\"twitter:card\" content=\"summary_large_image\" \/>\n<meta name=\"twitter:label1\" content=\"Escrito por\" \/>\n\t<meta name=\"twitter:data1\" content=\"inclusivenews2024\" \/>\n\t<meta name=\"twitter:label2\" content=\"Tempo estimado de leitura\" \/>\n\t<meta name=\"twitter:data2\" content=\"2 minutos\" \/>\n<script type=\"application\/ld+json\" class=\"yoast-schema-graph\">{\"@context\":\"https:\\\/\\\/schema.org\",\"@graph\":[{\"@type\":\"Article\",\"@id\":\"https:\\\/\\\/inclusivenews.com.br\\\/?p=24919#article\",\"isPartOf\":{\"@id\":\"https:\\\/\\\/inclusivenews.com.br\\\/?p=24919\"},\"author\":{\"name\":\"inclusivenews2024\",\"@id\":\"https:\\\/\\\/inclusivenews.com.br\\\/#\\\/schema\\\/person\\\/ae4ec7087559b8692fb33b6fffd2273b\"},\"headline\":\"Manifestantes sa\u00edram \u00e0s ruas em v\u00e1rias cidades nesse fim de semana por mais acessibilidade e inclus\u00e3o\",\"datePublished\":\"2013-07-08T04:56:12+00:00\",\"mainEntityOfPage\":{\"@id\":\"https:\\\/\\\/inclusivenews.com.br\\\/?p=24919\"},\"wordCount\":489,\"commentCount\":4,\"publisher\":{\"@id\":\"https:\\\/\\\/inclusivenews.com.br\\\/#organization\"},\"image\":{\"@id\":\"https:\\\/\\\/inclusivenews.com.br\\\/?p=24919#primaryimage\"},\"thumbnailUrl\":\"http:\\\/\\\/inclusivenews.com.br\\\/wp-content\\\/uploads\\\/mani-300x225.jpg\",\"articleSection\":[\"+ De nossa parte\",\"ACESSIBILIDADE\",\"CAMPANHAS\",\"Defici\u00eancia\",\"INCLUS\u00c3O SOCIAL\",\"NOT\u00cdCIAS\"],\"inLanguage\":\"pt-PT\",\"potentialAction\":[{\"@type\":\"CommentAction\",\"name\":\"Comment\",\"target\":[\"https:\\\/\\\/inclusivenews.com.br\\\/?p=24919#respond\"]}]},{\"@type\":\"WebPage\",\"@id\":\"https:\\\/\\\/inclusivenews.com.br\\\/?p=24919\",\"url\":\"https:\\\/\\\/inclusivenews.com.br\\\/?p=24919\",\"name\":\"Manifestantes sa\u00edram \u00e0s ruas em v\u00e1rias cidades nesse fim de semana por mais acessibilidade e inclus\u00e3o -\",\"isPartOf\":{\"@id\":\"https:\\\/\\\/inclusivenews.com.br\\\/#website\"},\"primaryImageOfPage\":{\"@id\":\"https:\\\/\\\/inclusivenews.com.br\\\/?p=24919#primaryimage\"},\"image\":{\"@id\":\"https:\\\/\\\/inclusivenews.com.br\\\/?p=24919#primaryimage\"},\"thumbnailUrl\":\"http:\\\/\\\/inclusivenews.com.br\\\/wp-content\\\/uploads\\\/mani-300x225.jpg\",\"datePublished\":\"2013-07-08T04:56:12+00:00\",\"breadcrumb\":{\"@id\":\"https:\\\/\\\/inclusivenews.com.br\\\/?p=24919#breadcrumb\"},\"inLanguage\":\"pt-PT\",\"potentialAction\":[{\"@type\":\"ReadAction\",\"target\":[\"https:\\\/\\\/inclusivenews.com.br\\\/?p=24919\"]}]},{\"@type\":\"ImageObject\",\"inLanguage\":\"pt-PT\",\"@id\":\"https:\\\/\\\/inclusivenews.com.br\\\/?p=24919#primaryimage\",\"url\":\"\",\"contentUrl\":\"\"},{\"@type\":\"BreadcrumbList\",\"@id\":\"https:\\\/\\\/inclusivenews.com.br\\\/?p=24919#breadcrumb\",\"itemListElement\":[{\"@type\":\"ListItem\",\"position\":1,\"name\":\"In\u00edcio\",\"item\":\"https:\\\/\\\/inclusivenews.com.br\\\/\"},{\"@type\":\"ListItem\",\"position\":2,\"name\":\"Manifestantes sa\u00edram \u00e0s ruas em v\u00e1rias cidades nesse fim de semana por mais acessibilidade e inclus\u00e3o\"}]},{\"@type\":\"WebSite\",\"@id\":\"https:\\\/\\\/inclusivenews.com.br\\\/#website\",\"url\":\"https:\\\/\\\/inclusivenews.com.br\\\/\",\"name\":\"Inclusive News\",\"description\":\"Inclusive News\",\"publisher\":{\"@id\":\"https:\\\/\\\/inclusivenews.com.br\\\/#organization\"},\"potentialAction\":[{\"@type\":\"SearchAction\",\"target\":{\"@type\":\"EntryPoint\",\"urlTemplate\":\"https:\\\/\\\/inclusivenews.com.br\\\/?s={search_term_string}\"},\"query-input\":{\"@type\":\"PropertyValueSpecification\",\"valueRequired\":true,\"valueName\":\"search_term_string\"}}],\"inLanguage\":\"pt-PT\"},{\"@type\":\"Organization\",\"@id\":\"https:\\\/\\\/inclusivenews.com.br\\\/#organization\",\"name\":\"Inclusive - inclus\u00e3o e cidadania\",\"url\":\"https:\\\/\\\/inclusivenews.com.br\\\/\",\"logo\":{\"@type\":\"ImageObject\",\"inLanguage\":\"pt-PT\",\"@id\":\"https:\\\/\\\/inclusivenews.com.br\\\/#\\\/schema\\\/logo\\\/image\\\/\",\"url\":\"https:\\\/\\\/inclusivenews.com.br\\\/wp-content\\\/uploads\\\/2024\\\/03\\\/@grandesite.png\",\"contentUrl\":\"https:\\\/\\\/inclusivenews.com.br\\\/wp-content\\\/uploads\\\/2024\\\/03\\\/@grandesite.png\",\"width\":1080,\"height\":1080,\"caption\":\"Inclusive - inclus\u00e3o e cidadania\"},\"image\":{\"@id\":\"https:\\\/\\\/inclusivenews.com.br\\\/#\\\/schema\\\/logo\\\/image\\\/\"},\"sameAs\":[\"https:\\\/\\\/www.facebook.com\\\/agenciainclusive\\\/\",\"https:\\\/\\\/www.instagram.com\\\/newsinclusive\\\/\"]},{\"@type\":\"Person\",\"@id\":\"https:\\\/\\\/inclusivenews.com.br\\\/#\\\/schema\\\/person\\\/ae4ec7087559b8692fb33b6fffd2273b\",\"name\":\"inclusivenews2024\",\"image\":{\"@type\":\"ImageObject\",\"inLanguage\":\"pt-PT\",\"@id\":\"https:\\\/\\\/secure.gravatar.com\\\/avatar\\\/c5a7ef84c66fa914f55bc4f7ce26cfa275a3b9a1c5568b907bd184fb4dde7b40?s=96&d=mm&r=g\",\"url\":\"https:\\\/\\\/secure.gravatar.com\\\/avatar\\\/c5a7ef84c66fa914f55bc4f7ce26cfa275a3b9a1c5568b907bd184fb4dde7b40?s=96&d=mm&r=g\",\"contentUrl\":\"https:\\\/\\\/secure.gravatar.com\\\/avatar\\\/c5a7ef84c66fa914f55bc4f7ce26cfa275a3b9a1c5568b907bd184fb4dde7b40?s=96&d=mm&r=g\",\"caption\":\"inclusivenews2024\"},\"sameAs\":[\"https:\\\/\\\/inclusivenews.com.br\"],\"url\":\"https:\\\/\\\/inclusivenews.com.br\\\/?author=1\"}]}<\/script>\n<!-- \/ Yoast SEO plugin. -->","yoast_head_json":{"title":"Manifestantes sa\u00edram \u00e0s ruas em v\u00e1rias cidades nesse fim de semana por mais acessibilidade e inclus\u00e3o -","robots":{"index":"index","follow":"follow","max-snippet":"max-snippet:-1","max-image-preview":"max-image-preview:large","max-video-preview":"max-video-preview:-1"},"canonical":"https:\/\/inclusivenews.com.br\/?p=24919","og_locale":"pt_PT","og_type":"article","og_title":"Manifestantes sa\u00edram \u00e0s ruas em v\u00e1rias cidades nesse fim de semana por mais acessibilidade e inclus\u00e3o -","og_description":"Pessoas com e sem defici\u00eancia no Rio, S\u00e3o Paulo, Manaus e Salvador participaram das manifesta\u00e7\u00f5es.","og_url":"https:\/\/inclusivenews.com.br\/?p=24919","article_publisher":"https:\/\/www.facebook.com\/agenciainclusive\/","article_published_time":"2013-07-08T04:56:12+00:00","og_image":[{"url":"http:\/\/inclusivenews.com.br\/wp-content\/uploads\/mani-300x225.jpg","type":"","width":"","height":""}],"author":"inclusivenews2024","twitter_card":"summary_large_image","twitter_misc":{"Escrito por":"inclusivenews2024","Tempo estimado de leitura":"2 minutos"},"schema":{"@context":"https:\/\/schema.org","@graph":[{"@type":"Article","@id":"https:\/\/inclusivenews.com.br\/?p=24919#article","isPartOf":{"@id":"https:\/\/inclusivenews.com.br\/?p=24919"},"author":{"name":"inclusivenews2024","@id":"https:\/\/inclusivenews.com.br\/#\/schema\/person\/ae4ec7087559b8692fb33b6fffd2273b"},"headline":"Manifestantes sa\u00edram \u00e0s ruas em v\u00e1rias cidades nesse fim de semana por mais acessibilidade e inclus\u00e3o","datePublished":"2013-07-08T04:56:12+00:00","mainEntityOfPage":{"@id":"https:\/\/inclusivenews.com.br\/?p=24919"},"wordCount":489,"commentCount":4,"publisher":{"@id":"https:\/\/inclusivenews.com.br\/#organization"},"image":{"@id":"https:\/\/inclusivenews.com.br\/?p=24919#primaryimage"},"thumbnailUrl":"http:\/\/inclusivenews.com.br\/wp-content\/uploads\/mani-300x225.jpg","articleSection":["+ De nossa parte","ACESSIBILIDADE","CAMPANHAS","Defici\u00eancia","INCLUS\u00c3O SOCIAL","NOT\u00cdCIAS"],"inLanguage":"pt-PT","potentialAction":[{"@type":"CommentAction","name":"Comment","target":["https:\/\/inclusivenews.com.br\/?p=24919#respond"]}]},{"@type":"WebPage","@id":"https:\/\/inclusivenews.com.br\/?p=24919","url":"https:\/\/inclusivenews.com.br\/?p=24919","name":"Manifestantes sa\u00edram \u00e0s ruas em v\u00e1rias cidades nesse fim de semana por mais acessibilidade e inclus\u00e3o -","isPartOf":{"@id":"https:\/\/inclusivenews.com.br\/#website"},"primaryImageOfPage":{"@id":"https:\/\/inclusivenews.com.br\/?p=24919#primaryimage"},"image":{"@id":"https:\/\/inclusivenews.com.br\/?p=24919#primaryimage"},"thumbnailUrl":"http:\/\/inclusivenews.com.br\/wp-content\/uploads\/mani-300x225.jpg","datePublished":"2013-07-08T04:56:12+00:00","breadcrumb":{"@id":"https:\/\/inclusivenews.com.br\/?p=24919#breadcrumb"},"inLanguage":"pt-PT","potentialAction":[{"@type":"ReadAction","target":["https:\/\/inclusivenews.com.br\/?p=24919"]}]},{"@type":"ImageObject","inLanguage":"pt-PT","@id":"https:\/\/inclusivenews.com.br\/?p=24919#primaryimage","url":"","contentUrl":""},{"@type":"BreadcrumbList","@id":"https:\/\/inclusivenews.com.br\/?p=24919#breadcrumb","itemListElement":[{"@type":"ListItem","position":1,"name":"In\u00edcio","item":"https:\/\/inclusivenews.com.br\/"},{"@type":"ListItem","position":2,"name":"Manifestantes sa\u00edram \u00e0s ruas em v\u00e1rias cidades nesse fim de semana por mais acessibilidade e inclus\u00e3o"}]},{"@type":"WebSite","@id":"https:\/\/inclusivenews.com.br\/#website","url":"https:\/\/inclusivenews.com.br\/","name":"Inclusive News","description":"Inclusive News","publisher":{"@id":"https:\/\/inclusivenews.com.br\/#organization"},"potentialAction":[{"@type":"SearchAction","target":{"@type":"EntryPoint","urlTemplate":"https:\/\/inclusivenews.com.br\/?s={search_term_string}"},"query-input":{"@type":"PropertyValueSpecification","valueRequired":true,"valueName":"search_term_string"}}],"inLanguage":"pt-PT"},{"@type":"Organization","@id":"https:\/\/inclusivenews.com.br\/#organization","name":"Inclusive - inclus\u00e3o e cidadania","url":"https:\/\/inclusivenews.com.br\/","logo":{"@type":"ImageObject","inLanguage":"pt-PT","@id":"https:\/\/inclusivenews.com.br\/#\/schema\/logo\/image\/","url":"https:\/\/inclusivenews.com.br\/wp-content\/uploads\/2024\/03\/@grandesite.png","contentUrl":"https:\/\/inclusivenews.com.br\/wp-content\/uploads\/2024\/03\/@grandesite.png","width":1080,"height":1080,"caption":"Inclusive - inclus\u00e3o e cidadania"},"image":{"@id":"https:\/\/inclusivenews.com.br\/#\/schema\/logo\/image\/"},"sameAs":["https:\/\/www.facebook.com\/agenciainclusive\/","https:\/\/www.instagram.com\/newsinclusive\/"]},{"@type":"Person","@id":"https:\/\/inclusivenews.com.br\/#\/schema\/person\/ae4ec7087559b8692fb33b6fffd2273b","name":"inclusivenews2024","image":{"@type":"ImageObject","inLanguage":"pt-PT","@id":"https:\/\/secure.gravatar.com\/avatar\/c5a7ef84c66fa914f55bc4f7ce26cfa275a3b9a1c5568b907bd184fb4dde7b40?s=96&d=mm&r=g","url":"https:\/\/secure.gravatar.com\/avatar\/c5a7ef84c66fa914f55bc4f7ce26cfa275a3b9a1c5568b907bd184fb4dde7b40?s=96&d=mm&r=g","contentUrl":"https:\/\/secure.gravatar.com\/avatar\/c5a7ef84c66fa914f55bc4f7ce26cfa275a3b9a1c5568b907bd184fb4dde7b40?s=96&d=mm&r=g","caption":"inclusivenews2024"},"sameAs":["https:\/\/inclusivenews.com.br"],"url":"https:\/\/inclusivenews.com.br\/?author=1"}]}},"_links":{"self":[{"href":"https:\/\/inclusivenews.com.br\/index.php?rest_route=\/wp\/v2\/posts\/24919","targetHints":{"allow":["GET"]}}],"collection":[{"href":"https:\/\/inclusivenews.com.br\/index.php?rest_route=\/wp\/v2\/posts"}],"about":[{"href":"https:\/\/inclusivenews.com.br\/index.php?rest_route=\/wp\/v2\/types\/post"}],"author":[{"embeddable":true,"href":"https:\/\/inclusivenews.com.br\/index.php?rest_route=\/wp\/v2\/users\/1"}],"replies":[{"embeddable":true,"href":"https:\/\/inclusivenews.com.br\/index.php?rest_route=%2Fwp%2Fv2%2Fcomments&post=24919"}],"version-history":[{"count":0,"href":"https:\/\/inclusivenews.com.br\/index.php?rest_route=\/wp\/v2\/posts\/24919\/revisions"}],"wp:attachment":[{"href":"https:\/\/inclusivenews.com.br\/index.php?rest_route=%2Fwp%2Fv2%2Fmedia&parent=24919"}],"wp:term":[{"taxonomy":"category","embeddable":true,"href":"https:\/\/inclusivenews.com.br\/index.php?rest_route=%2Fwp%2Fv2%2Fcategories&post=24919"},{"taxonomy":"post_tag","embeddable":true,"href":"https:\/\/inclusivenews.com.br\/index.php?rest_route=%2Fwp%2Fv2%2Ftags&post=24919"}],"curies":[{"name":"wp","href":"https:\/\/api.w.org\/{rel}","templated":true}]}}