{"id":24967,"date":"2013-07-09T09:36:31","date_gmt":"2013-07-09T12:36:31","guid":{"rendered":"http:\/\/www.inclusive.org.br\/?p=24967"},"modified":"2013-07-09T09:36:31","modified_gmt":"2013-07-09T12:36:31","slug":"sugestoes-relativas-as-politicas-publicas-brasileiras-sobre-tecnologias-assistivas-para-pessoas-com-deficiencia-visual-2","status":"publish","type":"post","link":"https:\/\/inclusivenews.com.br\/?p=24967","title":{"rendered":"Sugest\u00f5es relativas \u00e0s pol\u00edticas p\u00fablicas brasileiras sobre tecnologias assistivas para pessoas com defici\u00eancia visual"},"content":{"rendered":"<figure id=\"attachment_14060\" aria-describedby=\"caption-attachment-14060\" style=\"width: 300px\" class=\"wp-caption alignleft\"><img loading=\"lazy\" decoding=\"async\" class=\"size-medium wp-image-14060 \" title=\"Mapa do Brasil feito com pinos, com pinos soltos em volta do mapa\" src=\"http:\/\/inclusivenews.com.br\/wp-content\/uploads\/2010\/02\/mapa-brasil1-300x225.jpg\" alt=\"Mapa do Brasil feito com pinos, com pinos soltos em volta do mapa\" width=\"300\" height=\"225\" \/><figcaption id=\"caption-attachment-14060\" class=\"wp-caption-text\"> <\/figcaption><\/figure>\n<p><em>Por Fernando H. F. Botelho *<\/em><\/p>\n<p>3 de junho de 2013<\/p>\n<p>O Desafio Atual<br \/>\nUm dos principais problemas enfrentados por pessoas com defici\u00eancia visual hoje no Brasil \u00e9 o alto pre\u00e7o de leitores e ampliadores de tela com vozes de alta qualidade, apoio t\u00e9cnico, e habilidade de acessar arquivos e servi\u00e7os web de grande popularidade. Mesmo no caso da minoria da popula\u00e7\u00e3o que tem acesso a softwares de alto custo por meio de doa\u00e7\u00f5es, os obst\u00e1culos s\u00e3o enormes1. No momento que aquele jovem privilegiado, que teve acesso \u00e0 tecnologia de alto custo em alguma organiza\u00e7\u00e3o tenta obter um est\u00e1gio, o alto custo volta a ser a maior barreira. Um est\u00e1gio \u00e9 a forma mais efetiva para possibilitar que algu\u00e9m com defici\u00eancia consiga um emprego, pois justamente isto permite que um empregador d\u00ea uma oportunidade, sem assumir grandes riscos. No entanto, um est\u00e1gio que tenha um gasto adicional, para o empres\u00e1rio, equivalente a dois computadores, deixa de ser uma oportunidade na grande maioria dos casos2.<\/p>\n<p>Uma solu\u00e7\u00e3o verdadeiramente efetiva requer que o baixo custo seja permanente, ou estrutural de um ponto de vista econ\u00f4mico e n\u00e3o dependa da caridade ou de estrat\u00e9gias tempor\u00e1rias de expans\u00e3o de mercado de uma empresa. Por isso o foco do governo federal n\u00e3o pode se limitar a tecnologias espec\u00edficas e deve tamb\u00e9m considerar a estrutura do mercado e os incentivos ali presentes.<\/p>\n<p>Al\u00e9m da import\u00e2ncia do n\u00edvel de competi\u00e7\u00e3o entre provedores de software, \u00e9 tamb\u00e9m essencial olhar o eco sistema digital dispon\u00edvel a pessoas com defici\u00eancia como um todo, porque a produtividade e inclus\u00e3o social desta comunidade hoje n\u00e3o depende mais somente do software instalado no computador de cada indiv\u00edduo. Tanto tecnologias assistivas de alto custo quanto aquelas acess\u00edveis a todos os brasileiros hoje tem dificuldade em acessar uma grande variedade de servi\u00e7os web pela forma com que estes servi\u00e7os est\u00e3o desenhados. Em sua grande maioria, estes s\u00e3o obst\u00e1culos perfeitamente corrig\u00edveis sem grandes modifica\u00e7\u00f5es t\u00e9cnicas3.<\/p>\n<p>Finalmente, n\u00e3o podemos deixar de enfatizar a falta de capacita\u00e7\u00e3o para professores em escolas p\u00fablicas e outras entidades e a falta de materiais e conte\u00fados de capacita\u00e7\u00e3o com licen\u00e7as Creative Commons, que permitem a c\u00f3pia e reutiliza\u00e7\u00e3o dos mesmos4. Dada a import\u00e2ncia destes profissionais para a correta utiliza\u00e7\u00e3o de tecnologias assistivas, e por consequ\u00eancia, o desenvolvimento acad\u00eamico e profissional de crian\u00e7as e jovens com defici\u00eancia, \u00e9 essencial melhorar o apoio dado a professores e demais especialistas ligados a esta comunidade.<\/p>\n<p>Nossas Sugest\u00f5es<\/p>\n<p>A estrat\u00e9gia do governo brasileiro para promover melhorias no acesso a tecnologia assistiva deve garantir um alto n\u00edvel de competi\u00e7\u00e3o entre provedores de solu\u00e7\u00f5es para esse mercado. A intensifica\u00e7\u00e3o na competi\u00e7\u00e3o entre provedores nacionais e estrangeiros de software assistivo, resultar\u00e1 num aumento na qualidade dos produtos e servi\u00e7os dispon\u00edveis a este setor e uma diminui\u00e7\u00e3o nos pre\u00e7os. Igualmente importante \u00e9 o foco na produtividade e inclus\u00e3o social de pessoas com defici\u00eancia, ou seja, manter o foco de nossas pol\u00edticas p\u00fablicas no eco sistema digital no qual esta comunidade deve agir em seu dia-a-dia e n\u00e3o apenas no software que \u00e9 instalado diretamente em computadores. Para garantir esses resultados a estrat\u00e9gia deve incluir os seguintes elementos: interoperabilidade entre servi\u00e7os web, apoio federal a entidades e indiv\u00edduos que melhoram tecnologias assistivas baseadas em software livre, e a prioriza\u00e7\u00e3o em compras do governo de tecnologias baseadas inteiramente em software livre.<\/p>\n<p>* Interoperabilidade entre Servi\u00e7os Web:<\/p>\n<p>A produtividade e inclus\u00e3o social de pessoas com defici\u00eancia na Internet depende cada vez mais de decis\u00f5es tomadas por empresas provedoras de servi\u00e7os web como o compartilhamento de fotos, coment\u00e1rios e not\u00edcias por redes sociais, correio eletr\u00f4nico (e-mail), mensagens instant\u00e2neas, editores de texto, e muitos outros. Embora a regulamenta\u00e7\u00e3o das interfaces usadas nestes servi\u00e7os n\u00e3o seria sempre pr\u00e1tica de um ponto de vista de complexidade t\u00e9cnica, imprevisibilidade de inova\u00e7\u00f5es e a pr\u00f3pria lentitude do processo legislativo, existe uma alternativa legal que \u00e9 compat\u00edvel com a velocidade da evolu\u00e7\u00e3o tecnol\u00f3gica que vivemos hoje. O governo pode exigir que todo servi\u00e7o digital tenha seus protocolos de comunica\u00e7\u00e3o e formatos de arquivos baseados em padr\u00f5es abertos, ou minimamente, que proporcionem conectividade para redes ou softwares que sim atendem a esta exig\u00eancia no caso que prefiram usar padr\u00f5es fechados dentro de seus servi\u00e7os.<\/p>\n<p>O impacto do uso de protocolos e formatos de arquivos abertos em servi\u00e7os web \u00e9 extremamente positivo para a acessibilidade de pessoas com defici\u00eancias a servi\u00e7os web5. O exemplo cl\u00e1ssico desta din\u00e2mica \u00e9 o contraste entre o servi\u00e7o de correio eletr\u00f4nico usado globalmente e o mensageiro instant\u00e2neo usado pela empresa americana AOL. Neste &#8220;case&#8221; de acessibilidade eletr\u00f4nica, pode se observar que embora o mensageiro instant\u00e2neo da empresa AOL demorou anos para ficar acess\u00edvel aos cegos, e requereu enormes gastos e um processo legal pela Federa\u00e7\u00e3o Nacional dos Cegos dos Estados Unidos (NFB), o mesmo problema nunca se observou no acesso a e-mail. No caso do protocolo de correio eletr\u00f4nico, conhecido como SMTP, qualquer empresa desenvolvedora de clientes de e-mail inacess\u00edveis por falta de conhecimento, recursos, ou sabedoria, n\u00e3o impedia os cegos de usarem e-mail normalmente.<\/p>\n<p>Por o protocolo usado em e-mail ser aberto, sempre existiu uma grande competi\u00e7\u00e3o entre diferentes softwares para o acesso a e-mail, e cegos sempre tiveram v\u00e1rias alternativas entre as quais encontraram op\u00e7\u00f5es acess\u00edveis a leitores de tela. O mesmo n\u00e3o se observou no caso da empresa AOL, onde o protocolo de comunica\u00e7\u00e3o usado em sua rede de mensagens instant\u00e2neas, era fechado e com isso, limitava \u00fanica e exclusivamente o acesso ao software feito pela pr\u00f3pria empresa. Era o equivalente a uma empresa de telecomunica\u00e7\u00f5es que s\u00f3 proporcionava acesso a sua rede a quem comprasse o celular proporcionado pela pr\u00f3pria empresa, sem que o aparelho vendido pela empresa fosse acess\u00edvel a pessoas com defici\u00eancia.<\/p>\n<p>Se a empresa AOL tivesse uma exig\u00eancia legal de usar um protocolo de mensagens instant\u00e2neas aberto (como o XMPP), qualquer erro seu no desenho da interface de seu software cliente de mensagens, n\u00e3o impediria que algu\u00e9m cego acessasse a rede AOL por meio de um dos diversos softwares compat\u00edveis com o protocolo aberto. O pr\u00f3prio protocolo XMPP pode ser interpretado por diversos clientes acess\u00edveis a tecnologias assistivas, e est\u00e3o dispon\u00edveis para instala\u00e7\u00e3o em diversos sistemas operacionais, desde Android at\u00e9 Linux, MacOS e Windows, e em diversas plataformas desde computadores at\u00e9 &#8216;tablets&#8217; e &#8216;smart phones&#8217;.<\/p>\n<p>Alternativamente, uma empresa com situa\u00e7\u00e3o equivalente pode ser obrigada a disponibilizar um servi\u00e7o de convers\u00e3o de seu protocolo fechado a outro aberto, permitindo assim a interoperabilidade entre diversas redes e garantindo a acessibilidade a quem tem defici\u00eancia visual. Uma empresa que se nega a permitir que uma pessoa com defici\u00eancia tenha acesso a seus direitos pela forma que desenha seu servi\u00e7o e software, deve minimamente permitir por meio de protocolos e arquivos abertos, que a mesma acesse os servi\u00e7os por meio de meios e softwares alternativos.<\/p>\n<p>* Apoio Federal a Entidades E Indiv\u00edduos Que Melhoram Tecnologias Assistivas Baseadas Em Software Livre<\/p>\n<p>As empresas de software propriet\u00e1rio mais conhecidas do mundo da tecnologia assistiva, que hoje dominam o mercado brasileiro assim como o mundial, est\u00e3o todas baseadas em pa\u00edses desenvolvidos e seguem um modelo de neg\u00f3cios que depende de altos pre\u00e7os. Este modelo de neg\u00f3cios n\u00e3o causa problemas sociais em pa\u00edses onde governos tem recursos abundantes para comprar a tecnologia assistiva requerida por seus cidad\u00e3os com defici\u00eancia. No entanto, no contexto brasileiro, o mesmo modelo contribui de forma significativa aos enormes obst\u00e1culos enfrentados por pessoas com defici\u00eancia em acessar seus direitos. Em paralelo, softwares desenvolvidos com recursos governamentais brasileiros6 n\u00e3o chegaram a ter o impacto social desejado, e certamente tiveram o seu efeito reduzido ainda mais pela aus\u00eancia de um requerimento universal de disponibilizar todo o c\u00f3digo fonte do software desenvolvido com dinheiro p\u00fablico de forma aberta e livre.<\/p>\n<p>\u00c9 importante enfatizar que utilizamos aqui a defini\u00e7\u00e3o correta, embora menos conhecida de software livre. Isto \u00e9, chamamos de software livre, n\u00e3o aquele que \u00e9 gratuito, e sim todo software que tem licen\u00e7a GPL (sigla em ingl\u00eas para Licen\u00e7a P\u00fablica Geral) ou equivalente7. Neste modelo de desenvolvimento tecnol\u00f3gico a receita, ou seja, o c\u00f3digo fonte do software, pode ser estudado, modificado, melhorado, e redistribu\u00eddo sem nenhum pr\u00e9-requisito, pagamento, ou autoriza\u00e7\u00e3o. \u00c9 um modelo que permitiu o r\u00e1pido desenvolvimento da Internet e muitas hist\u00f3rias de sucesso desde empresas como Google e Facebook, at\u00e9 softwares como Firefox e LibreOffice. No setor da tecnologia assistiva, o mesmo sucesso apesar de escassos recursos, se observa tamb\u00e9m em projetos desde Dasher8 e eSpeak9, at\u00e9 NVDA10, F12311 e EViaCam12.<\/p>\n<p>A criatividade, competitividade, e baixo pre\u00e7o que caracterizam os softwares livres para pessoas com defici\u00eancia podem inspirar pol\u00edticas p\u00fablicas de apoio a tecnologias que s\u00e3o chave para pessoas com defici\u00eancia visual e que podem ser melhoradas de forma r\u00e1pida e eficiente seguindo este modelo. Por exemplo, sintetizadores de voz, software OCR para o reconhecimento de textos digitalizados, teclados virtuais, e melhorias \u00e0 acessibilidade de aplicativos livres chave como o LibreOffice13, s\u00e3o algumas das muitas tecnologias que podem ter um enorme e positivo impacto social se seu desenvolvimento receber apoio do governo em esp\u00edrito de parcerias p\u00fablico-privadas.<\/p>\n<p>Al\u00e9m das conhecidas melhores pr\u00e1ticas para o gerenciamento de iniciativas p\u00fablicas, como \u00e9 por exemplo a transpar\u00eancia total do processo, podemos sugerir tamb\u00e9m crit\u00e9rios espec\u00edficos a pol\u00edticas p\u00fablicas ligadas ao software. S\u00e3o importantes, por exemplo, os seguintes par\u00e2metros:<\/p>\n<p>Multiplicidade de Atores:<br \/>\nTodos os setores da sociedade, desde o p\u00fablico, at\u00e9 o privado e o terceiro setor podem fazer importantes contribui\u00e7\u00f5es ao processo de desenvolvimento de softwares livres. \u00c9 essencial que projetos sejam estruturados de forma que diversas universidades p\u00fablicas e privadas, empresas grandes e pequenas, e at\u00e9 mesmo indiv\u00edduos possam participar em cada um dos projetos apoiados. Essa participa\u00e7\u00e3o n\u00e3o implica necessariamente que todos os participantes receber\u00e3o pagamentos, mas sim implica que todos ter\u00e3o acesso sem restri\u00e7\u00e3o alguma ao c\u00f3digo fonte produzido em cada iniciativa. O importante \u00e9 o acesso democr\u00e1tico por meio da web, sem empecilhos burocr\u00e1ticos ou legais, ao c\u00f3digo fonte para o uso destas tecnologias em servi\u00e7os, produtos, experimentos, inova\u00e7\u00f5es e atividades educacionais. Hoje o acesso a esta tecnologia \u00e9 t\u00e3o importante quanto o acesso ao conhecimento sobre matem\u00e1tica, e como no caso da matem\u00e1tica, o seu impacto na qualidade de vida dos cidad\u00e3os brasileiros depende do acesso democr\u00e1tico \u00e0 mesma.<\/p>\n<p>Prefer\u00eancia por Tecnologias de Base:<br \/>\nTecnologias de base s\u00e3o aquelas tecnologias como sintetizadores de voz ou reconhecedores OCR de textos digitalizados, que s\u00e3o tecnologicamente complexos mas necess\u00e1rios em uma grande variedade de aplicativos assistivos. Por exemplo, software OCR pode ser usado em um aplicativo tradicional de computador ou em celulares, tablets, ou at\u00e9 mesmo dentro de um navegador web. O mesmo se observa em sintetizadores de voz que podem ajudar a pessoas cegas em uma enorme variedade de situa\u00e7\u00f5es, mas tamb\u00e9m a pessoas com defici\u00eancias que dificultem a comunica\u00e7\u00e3o e at\u00e9 mesmo pessoas com defici\u00eancias intelectuais no \u00e2mbito educacional.<\/p>\n<p>Estas tecnologias tem import\u00e2ncia estrat\u00e9gica, n\u00e3o s\u00f3 por sua grande utilidade, mas tamb\u00e9m porque s\u00e3o o principal obst\u00e1culo para permitir que organiza\u00e7\u00f5es e pequenas empresas brasileiras possam competir com provedores estrangeiros. Programas de apoio do governo federal onde universidades, empresas e at\u00e9 indiv\u00edduos possam participar e acessar todo o c\u00f3digo fonte, teriam um enorme impacto no aumento na variedade, utilidade e baixo pre\u00e7o de alternativas nacionais.<\/p>\n<p>Prefer\u00eancia por Projetos Livres J\u00e1 Existentes com Comunidades Ativas:<br \/>\nOs enormes ganhos em efici\u00eancia e baixo custo que s\u00e3o poss\u00edveis quando projetos p\u00fablicos e privados usam tecnologias baseadas em software livre, s\u00e3o consequ\u00eancia do fato que softwares livres de sucesso tem comunidades de especialistas, funda\u00e7\u00f5es, organiza\u00e7\u00f5es, empresas e governos j\u00e1 apoiando o seu desenvolvimento. \u00c9 importante n\u00e3o reinventar a roda duplicando esfor\u00e7os j\u00e1 existentes, e sim apoiar a participa\u00e7\u00e3o brasileira em projetos estabelecidos como o sintetizador de voz eSpeak, o leitor de tela Orca, o software de reconhecimento de textos SpeedyOCR, o sistema de entrada de dados Dasher, o rastreador de movimento para controle de mouse eViaCam e muitos outros. \u00c9 tamb\u00e9m essencial que a acessibilidade de projetos mais gen\u00e9ricos como o navegador web Firefox14 e os aplicativos de escrit\u00f3rio LibreOffice15, tenham apoio para garantir a sua compatibilidade com tecnologias assistivas.<\/p>\n<p>Total Ader\u00eancia aos Princ\u00edpios do Software Livre:<br \/>\nDe um ponto de vista de pol\u00edtica p\u00fablica, qualquer investimento em tecnologia assistiva que seja mantido com seu c\u00f3digo fechado, sem permitir e facilitar contribui\u00e7\u00f5es do p\u00fablico e de institui\u00e7\u00f5es do setor privado, perde o enorme potencial tecnol\u00f3gico que \u00e9 poss\u00edvel gra\u00e7as ao modelo do software livre. O potencial n\u00e3o se limita ao aproveitamento de contribui\u00e7\u00f5es t\u00e9cnicas de terceiros, mas tamb\u00e9m facilita a divulga\u00e7\u00e3o e utiliza\u00e7\u00e3o de ferramentas e produtos de software desenvolvidos com recursos p\u00fablicos por toda a sociedade. O modelo de desenvolvimento do software livre \u00e9 efetivamente um m\u00e9todo de parceria massiva que j\u00e1 demonstrou a sua efetividade repetidas vezes no Brasil e em todo o mundo. Por esses benef\u00edcios chave em termos de pol\u00edticas p\u00fablicas, \u00e9 essencial que somente sejam apoiados projetos que seguem os princ\u00edpios e usam a Licen\u00e7a Geral P\u00fablica (GPL), a primeira e mais reconhecida licen\u00e7a de software livre do mundo.<\/p>\n<p>Apoio ao Desenvolvimento de Materiais de Capacita\u00e7\u00e3o com Licen\u00e7as Livres:<br \/>\nProfessores e outros profissionais que s\u00e3o essenciais para o desenvolvimento pessoal, acad\u00eamico e profissional de crian\u00e7as com defici\u00eancia precisam ter acesso a materiais de capacita\u00e7\u00e3o e apoio com a mesma qualidade que os softwares livres dispon\u00edveis para seu trabalho do dia-a-dia. O apoio do governo a iniciativas que popularizem o acesso a materiais de capacita\u00e7\u00e3o de alta qualidade com licen\u00e7as Creative Commons, que permitem a livre distribui\u00e7\u00e3o e reutiliza\u00e7\u00e3o desses materiais, vai garantir que o material de apoio vai evoluir junto ao software que ele tem como foco. Igualmente ao software, a licen\u00e7a livre Creative Commons permitir\u00e1 um custo de desenvolvimento muito mais acess\u00edvel gra\u00e7as ao fato que indiv\u00edduos, organiza\u00e7\u00f5es, funda\u00e7\u00f5es, empresas e governos sabem que n\u00e3o precisar\u00e3o desenvolver sozinhos o material e sempre ter\u00e3o direito de usar aquilo que \u00e9 criado conjuntamente16.<\/p>\n<p>* Prioriza\u00e7\u00e3o em Compras do Governo de Tecnologias Baseadas Inteiramente em Software Livre:<\/p>\n<p>O incr\u00edvel impacto social que tecnologias assistivas baseadas em software livre pode ter, \u00e9 em grande parte devido ao fato que neste modelo de desenvolvimento a exist\u00eancia de empresas e outras entidades especializadas em dar apoio t\u00e9cnico e capacita\u00e7\u00e3o a pre\u00e7os extremamente baixos \u00e9 perfeitamente vi\u00e1vel17. Isto se d\u00e1 em grande parte porque a reprodu\u00e7\u00e3o de conte\u00fados digitais, sejam estes softwares ou conte\u00fados, \u00e9 um processo extremamente barato depois que o investimento para desenvolver os mesmos j\u00e1 foi feito pela comunidade dedicada a essas solu\u00e7\u00f5es livres. No entanto, uma grande parte desse beneficio \u00e0 sociedade \u00e9 perdido se a tecnologia assistiva baseada em software livre depende de outros softwares que n\u00e3o s\u00e3o livres, e em alguns casos, s\u00e3o extremamente caros para o contexto brasileiro.<\/p>\n<p>Por este motivo, o governo deve evitar investimentos em tecnologias assistivas que funcionem exclusivamente em ambientes digitais que n\u00e3o sejam livres. Em outras palavras, o governo n\u00e3o deve usar seus escassos recursos para melhorar a acessibilidade de produtos de empresas privadas quando essas empresas n\u00e3o disponibilizam esses produtos com licen\u00e7a GPL. Um software propriet\u00e1rio n\u00e3o d\u00e1 ao governo nenhum dos direitos de estudo, modifica\u00e7\u00e3o e redistribui\u00e7\u00e3o que s\u00e3o t\u00e3o importantes para o baixo custo e a longevidade dessas tecnologias, impedindo assim que a sociedade tenha todo o beneficio do investimento em acessibilidade que venha a ser feito18.<\/p>\n<p>Investimentos em tecnologias como o sintetizador eSpeak ou o sistema de entrada de dados Dasher, podem beneficiar usu\u00e1rios de sistemas operacionais totalmente livres, que deve ser o foco prim\u00e1rio do governo, e tamb\u00e9m aqueles que usam sistemas operacionais propriet\u00e1rios. Estas tecnologias tamb\u00e9m tem portabilidade em termos de plataformas, permitindo o uso das mesmas em computadores convencionais e tamb\u00e9m em tablets e &#8216;smart phones&#8217;.<\/p>\n<p>Nossa Experi\u00eancia<\/p>\n<p>Observamos estabilidade por muitos anos no mercado brasileiro de softwares para pessoas com defici\u00eancia visual. T\u00ednhamos sempre softwares propriet\u00e1rios de alt\u00edssimo custo e performance competitiva, ajudando a uma pequena minoria; softwares gratuitos de limitada utilidade, ajudando pouco a muita gente; e softwares livres de performance competitiva mas dif\u00edcil instala\u00e7\u00e3o, ajudando a poucos. Foi somente nos \u00faltimos tr\u00eas anos, que o lan\u00e7amento do F123 (pronunciado F 1 2 3), mostrou a viabilidade t\u00e9cnica e econ\u00f4mica de disponibilizar vers\u00f5es gratuitas e pagas de softwares livres de grande utilidade e competitividade para pessoas com defici\u00eancia visual.<\/p>\n<p>A iniciativa F123, responsabilidade do autor e parceiros, se diferencia por usar e apoiar o desenvolvimento de softwares livres, facilitar a portabilidade19 e facilidade de uso destas tecnologias e manter seu foco no impacto social que \u00e9 seu real objetivo e n\u00e3o apenas na tecnologia. Este foco no impacto social \u00e9 o que faz com que a iniciativa ofere\u00e7a servi\u00e7o de apoio t\u00e9cnico, materiais de capacita\u00e7\u00e3o, e at\u00e9 mesmo uma vers\u00e3o que pode ser instalada em pendrives; para viabilizar o uso por parte de quem n\u00e3o tem recursos para comprar seu pr\u00f3prio computador. Enfim, esta tecnologia assistiva se caracteriza por ser uma solu\u00e7\u00e3o completa, incluindo desde sistema operacional at\u00e9 aplicativos e leitor e ampliador de tela; por incluir materiais de capacita\u00e7\u00e3o e apoio t\u00e9cnico; por sua compatibilidade com os meios de comunica\u00e7\u00e3o e formatos de arquivos mais usados; e por levar em considera\u00e7\u00e3o as necessidades de uma variedade de usu\u00e1rios, desde aqueles que exigem sintetizador de voz de alta qualidade at\u00e9 aqueles que n\u00e3o tem computador pr\u00f3prio.<\/p>\n<p>Mesmo sendo uma alternativa bastante recente, o F123 j\u00e1 est\u00e1 dispon\u00edvel em portugu\u00eas, espanhol20 e ingl\u00eas, e j\u00e1 est\u00e1 sendo usado ou testado em mais de 20 pa\u00edses t\u00e3o variados quanto Brasil, Uruguai e Z\u00e2mbia21. Este software \u00e9 desenvolvido por uma empresa22 social, que se caracteriza por reinvestir todo lucro em sua causa23, que \u00e9 o aumento das oportunidades educacionais e de emprego para pessoas com defici\u00eancia visual em todo o mundo. Entre pessoas beneficiadas por serem usu\u00e1rios do F123 e aquelas que aproveitam contribui\u00e7\u00f5es t\u00e9cnicas feitas pela iniciativa, estima-se que j\u00e1 foram beneficiadas aproximadamente 504.000 pessoas em todo o mundo24.<\/p>\n<p>Esta iniciativa brasileira j\u00e1 foi premiada pela organiza\u00e7\u00e3o Ashoka dos Estados Unidos25, pelo Banco Interamericano de Desenvolvimento26, pela Folha de S\u00e3o Paulo no Brasil27, pela Essl Foundation da \u00c1ustria28, pelo World Future Council da Su\u00ed\u00e7a e pela empresa alem\u00e3 Boehringer-Ingelheim29. O F123 tamb\u00e9m teve a honra de ser o \u00fanico projeto focado em pessoas com defici\u00eancia baseado em um pa\u00eds em desenvolvimento a ter a recomenda\u00e7\u00e3o de apoio por uma recente publica\u00e7\u00e3o da Rockefeller Foundation e a World Wide Web Foundation30. Finalmente, o F123 \u00e9 o \u00fanico software para pessoas com defici\u00eancia visual da Am\u00e9rica Latina inclu\u00eddo na mais recente publica\u00e7\u00e3o da UNESCO sobre tecnologia assistiva31 e destacado em reuni\u00f5es recentes da Organiza\u00e7\u00e3o das Na\u00e7\u00f5es Unidas32.<\/p>\n<p><em>* Fernando Botelho lidera a F123, iniciativa voltada para o acesso \u00e0 educa\u00e7\u00e3o e ao emprego para pessoas com defici\u00eancia visual. \u00c9 Fellow da Ashoka, tem mestrado pela Universidade de Georgetown (EUA) e experi\u00eancia com projetos nas \u00e1reas de redu\u00e7\u00e3o da pobreza, tecnologia e defici\u00eancia. Pr\u00eamios: Pr\u00e1tica Inovadora 2013 &#8211; Zero Project; Empreendedor Social de Futuro 2012 \u2013 Folha de S\u00e3o Paulo; Empreendedor Social Mais Sa\u00fade 2012 &#8211; Boehringer Ingelheim; Vencedor do pr\u00eamio &#8220;A World of Solutions&#8221; 2010 &#8211; Banco Interamericano de Desenvolvimento.<\/em><\/p>\n","protected":false},"excerpt":{"rendered":"<p>Artigo \u00e9 de Fernando Botelho &#8211; &#8220;Uma solu\u00e7\u00e3o verdadeiramente efetiva requer que o baixo custo seja permanente, ou estrutural de um ponto de vista econ\u00f4mico e n\u00e3o dependa da caridade ou de estrat\u00e9gias tempor\u00e1rias de expans\u00e3o de mercado de uma empresa.&#8221;<\/p>\n","protected":false},"author":1,"featured_media":0,"comment_status":"open","ping_status":"open","sticky":false,"template":"","format":"standard","meta":{"site-container-style":"default","site-container-layout":"default","site-sidebar-layout":"default","disable-article-header":"default","disable-site-header":"default","disable-site-footer":"default","disable-content-area-spacing":"default","footnotes":""},"categories":[38,48],"tags":[69],"class_list":["post-24967","post","type-post","status-publish","format-standard","hentry","category-deficiencia","category-inclusao","tag-tecnologias-assistivas"],"yoast_head":"<!-- This site is optimized with the Yoast SEO plugin v27.4 - https:\/\/yoast.com\/product\/yoast-seo-wordpress\/ -->\n<title>Sugest\u00f5es relativas \u00e0s pol\u00edticas p\u00fablicas brasileiras sobre tecnologias assistivas para pessoas com defici\u00eancia visual -<\/title>\n<meta name=\"robots\" content=\"index, follow, max-snippet:-1, max-image-preview:large, max-video-preview:-1\" \/>\n<link rel=\"canonical\" href=\"https:\/\/inclusivenews.com.br\/?p=24967\" \/>\n<meta property=\"og:locale\" content=\"pt_PT\" \/>\n<meta property=\"og:type\" content=\"article\" \/>\n<meta property=\"og:title\" content=\"Sugest\u00f5es relativas \u00e0s pol\u00edticas p\u00fablicas brasileiras sobre tecnologias assistivas para pessoas com defici\u00eancia visual -\" \/>\n<meta property=\"og:description\" content=\"Artigo \u00e9 de Fernando Botelho - &quot;Uma solu\u00e7\u00e3o verdadeiramente efetiva requer que o baixo custo seja permanente, ou estrutural de um ponto de vista econ\u00f4mico e n\u00e3o dependa da caridade ou de estrat\u00e9gias tempor\u00e1rias de expans\u00e3o de mercado de uma empresa.&quot;\" \/>\n<meta property=\"og:url\" content=\"https:\/\/inclusivenews.com.br\/?p=24967\" \/>\n<meta property=\"article:publisher\" content=\"https:\/\/www.facebook.com\/agenciainclusive\/\" \/>\n<meta property=\"article:published_time\" content=\"2013-07-09T12:36:31+00:00\" \/>\n<meta property=\"og:image\" content=\"http:\/\/inclusivenews.com.br\/wp-content\/uploads\/2010\/02\/mapa-brasil1-300x225.jpg\" \/>\n<meta name=\"author\" content=\"inclusivenews2024\" \/>\n<meta name=\"twitter:card\" content=\"summary_large_image\" \/>\n<meta name=\"twitter:label1\" content=\"Escrito por\" \/>\n\t<meta name=\"twitter:data1\" content=\"inclusivenews2024\" \/>\n\t<meta name=\"twitter:label2\" content=\"Tempo estimado de leitura\" \/>\n\t<meta name=\"twitter:data2\" content=\"17 minutos\" \/>\n<script type=\"application\/ld+json\" class=\"yoast-schema-graph\">{\"@context\":\"https:\\\/\\\/schema.org\",\"@graph\":[{\"@type\":\"Article\",\"@id\":\"https:\\\/\\\/inclusivenews.com.br\\\/?p=24967#article\",\"isPartOf\":{\"@id\":\"https:\\\/\\\/inclusivenews.com.br\\\/?p=24967\"},\"author\":{\"name\":\"inclusivenews2024\",\"@id\":\"https:\\\/\\\/inclusivenews.com.br\\\/#\\\/schema\\\/person\\\/ae4ec7087559b8692fb33b6fffd2273b\"},\"headline\":\"Sugest\u00f5es relativas \u00e0s pol\u00edticas p\u00fablicas brasileiras sobre tecnologias assistivas para pessoas com defici\u00eancia visual\",\"datePublished\":\"2013-07-09T12:36:31+00:00\",\"mainEntityOfPage\":{\"@id\":\"https:\\\/\\\/inclusivenews.com.br\\\/?p=24967\"},\"wordCount\":3511,\"commentCount\":0,\"publisher\":{\"@id\":\"https:\\\/\\\/inclusivenews.com.br\\\/#organization\"},\"image\":{\"@id\":\"https:\\\/\\\/inclusivenews.com.br\\\/?p=24967#primaryimage\"},\"thumbnailUrl\":\"http:\\\/\\\/inclusivenews.com.br\\\/wp-content\\\/uploads\\\/2010\\\/02\\\/mapa-brasil1-300x225.jpg\",\"keywords\":[\"Tecnologias assistivas\"],\"articleSection\":[\"Defici\u00eancia\",\"INCLUS\u00c3O SOCIAL\"],\"inLanguage\":\"pt-PT\",\"potentialAction\":[{\"@type\":\"CommentAction\",\"name\":\"Comment\",\"target\":[\"https:\\\/\\\/inclusivenews.com.br\\\/?p=24967#respond\"]}]},{\"@type\":\"WebPage\",\"@id\":\"https:\\\/\\\/inclusivenews.com.br\\\/?p=24967\",\"url\":\"https:\\\/\\\/inclusivenews.com.br\\\/?p=24967\",\"name\":\"Sugest\u00f5es relativas \u00e0s pol\u00edticas p\u00fablicas brasileiras sobre tecnologias assistivas para pessoas com defici\u00eancia visual -\",\"isPartOf\":{\"@id\":\"https:\\\/\\\/inclusivenews.com.br\\\/#website\"},\"primaryImageOfPage\":{\"@id\":\"https:\\\/\\\/inclusivenews.com.br\\\/?p=24967#primaryimage\"},\"image\":{\"@id\":\"https:\\\/\\\/inclusivenews.com.br\\\/?p=24967#primaryimage\"},\"thumbnailUrl\":\"http:\\\/\\\/inclusivenews.com.br\\\/wp-content\\\/uploads\\\/2010\\\/02\\\/mapa-brasil1-300x225.jpg\",\"datePublished\":\"2013-07-09T12:36:31+00:00\",\"breadcrumb\":{\"@id\":\"https:\\\/\\\/inclusivenews.com.br\\\/?p=24967#breadcrumb\"},\"inLanguage\":\"pt-PT\",\"potentialAction\":[{\"@type\":\"ReadAction\",\"target\":[\"https:\\\/\\\/inclusivenews.com.br\\\/?p=24967\"]}]},{\"@type\":\"ImageObject\",\"inLanguage\":\"pt-PT\",\"@id\":\"https:\\\/\\\/inclusivenews.com.br\\\/?p=24967#primaryimage\",\"url\":\"\",\"contentUrl\":\"\"},{\"@type\":\"BreadcrumbList\",\"@id\":\"https:\\\/\\\/inclusivenews.com.br\\\/?p=24967#breadcrumb\",\"itemListElement\":[{\"@type\":\"ListItem\",\"position\":1,\"name\":\"In\u00edcio\",\"item\":\"https:\\\/\\\/inclusivenews.com.br\\\/\"},{\"@type\":\"ListItem\",\"position\":2,\"name\":\"Sugest\u00f5es relativas \u00e0s pol\u00edticas p\u00fablicas brasileiras sobre tecnologias assistivas para pessoas com defici\u00eancia visual\"}]},{\"@type\":\"WebSite\",\"@id\":\"https:\\\/\\\/inclusivenews.com.br\\\/#website\",\"url\":\"https:\\\/\\\/inclusivenews.com.br\\\/\",\"name\":\"Inclusive News\",\"description\":\"Inclusive News\",\"publisher\":{\"@id\":\"https:\\\/\\\/inclusivenews.com.br\\\/#organization\"},\"potentialAction\":[{\"@type\":\"SearchAction\",\"target\":{\"@type\":\"EntryPoint\",\"urlTemplate\":\"https:\\\/\\\/inclusivenews.com.br\\\/?s={search_term_string}\"},\"query-input\":{\"@type\":\"PropertyValueSpecification\",\"valueRequired\":true,\"valueName\":\"search_term_string\"}}],\"inLanguage\":\"pt-PT\"},{\"@type\":\"Organization\",\"@id\":\"https:\\\/\\\/inclusivenews.com.br\\\/#organization\",\"name\":\"Inclusive - inclus\u00e3o e cidadania\",\"url\":\"https:\\\/\\\/inclusivenews.com.br\\\/\",\"logo\":{\"@type\":\"ImageObject\",\"inLanguage\":\"pt-PT\",\"@id\":\"https:\\\/\\\/inclusivenews.com.br\\\/#\\\/schema\\\/logo\\\/image\\\/\",\"url\":\"https:\\\/\\\/inclusivenews.com.br\\\/wp-content\\\/uploads\\\/2024\\\/03\\\/@grandesite.png\",\"contentUrl\":\"https:\\\/\\\/inclusivenews.com.br\\\/wp-content\\\/uploads\\\/2024\\\/03\\\/@grandesite.png\",\"width\":1080,\"height\":1080,\"caption\":\"Inclusive - inclus\u00e3o e cidadania\"},\"image\":{\"@id\":\"https:\\\/\\\/inclusivenews.com.br\\\/#\\\/schema\\\/logo\\\/image\\\/\"},\"sameAs\":[\"https:\\\/\\\/www.facebook.com\\\/agenciainclusive\\\/\",\"https:\\\/\\\/www.instagram.com\\\/newsinclusive\\\/\"]},{\"@type\":\"Person\",\"@id\":\"https:\\\/\\\/inclusivenews.com.br\\\/#\\\/schema\\\/person\\\/ae4ec7087559b8692fb33b6fffd2273b\",\"name\":\"inclusivenews2024\",\"image\":{\"@type\":\"ImageObject\",\"inLanguage\":\"pt-PT\",\"@id\":\"https:\\\/\\\/secure.gravatar.com\\\/avatar\\\/c5a7ef84c66fa914f55bc4f7ce26cfa275a3b9a1c5568b907bd184fb4dde7b40?s=96&d=mm&r=g\",\"url\":\"https:\\\/\\\/secure.gravatar.com\\\/avatar\\\/c5a7ef84c66fa914f55bc4f7ce26cfa275a3b9a1c5568b907bd184fb4dde7b40?s=96&d=mm&r=g\",\"contentUrl\":\"https:\\\/\\\/secure.gravatar.com\\\/avatar\\\/c5a7ef84c66fa914f55bc4f7ce26cfa275a3b9a1c5568b907bd184fb4dde7b40?s=96&d=mm&r=g\",\"caption\":\"inclusivenews2024\"},\"sameAs\":[\"https:\\\/\\\/inclusivenews.com.br\"],\"url\":\"https:\\\/\\\/inclusivenews.com.br\\\/?author=1\"}]}<\/script>\n<!-- \/ Yoast SEO plugin. -->","yoast_head_json":{"title":"Sugest\u00f5es relativas \u00e0s pol\u00edticas p\u00fablicas brasileiras sobre tecnologias assistivas para pessoas com defici\u00eancia visual -","robots":{"index":"index","follow":"follow","max-snippet":"max-snippet:-1","max-image-preview":"max-image-preview:large","max-video-preview":"max-video-preview:-1"},"canonical":"https:\/\/inclusivenews.com.br\/?p=24967","og_locale":"pt_PT","og_type":"article","og_title":"Sugest\u00f5es relativas \u00e0s pol\u00edticas p\u00fablicas brasileiras sobre tecnologias assistivas para pessoas com defici\u00eancia visual -","og_description":"Artigo \u00e9 de Fernando Botelho - \"Uma solu\u00e7\u00e3o verdadeiramente efetiva requer que o baixo custo seja permanente, ou estrutural de um ponto de vista econ\u00f4mico e n\u00e3o dependa da caridade ou de estrat\u00e9gias tempor\u00e1rias de expans\u00e3o de mercado de uma empresa.\"","og_url":"https:\/\/inclusivenews.com.br\/?p=24967","article_publisher":"https:\/\/www.facebook.com\/agenciainclusive\/","article_published_time":"2013-07-09T12:36:31+00:00","og_image":[{"url":"http:\/\/inclusivenews.com.br\/wp-content\/uploads\/2010\/02\/mapa-brasil1-300x225.jpg","type":"","width":"","height":""}],"author":"inclusivenews2024","twitter_card":"summary_large_image","twitter_misc":{"Escrito por":"inclusivenews2024","Tempo estimado de leitura":"17 minutos"},"schema":{"@context":"https:\/\/schema.org","@graph":[{"@type":"Article","@id":"https:\/\/inclusivenews.com.br\/?p=24967#article","isPartOf":{"@id":"https:\/\/inclusivenews.com.br\/?p=24967"},"author":{"name":"inclusivenews2024","@id":"https:\/\/inclusivenews.com.br\/#\/schema\/person\/ae4ec7087559b8692fb33b6fffd2273b"},"headline":"Sugest\u00f5es relativas \u00e0s pol\u00edticas p\u00fablicas brasileiras sobre tecnologias assistivas para pessoas com defici\u00eancia visual","datePublished":"2013-07-09T12:36:31+00:00","mainEntityOfPage":{"@id":"https:\/\/inclusivenews.com.br\/?p=24967"},"wordCount":3511,"commentCount":0,"publisher":{"@id":"https:\/\/inclusivenews.com.br\/#organization"},"image":{"@id":"https:\/\/inclusivenews.com.br\/?p=24967#primaryimage"},"thumbnailUrl":"http:\/\/inclusivenews.com.br\/wp-content\/uploads\/2010\/02\/mapa-brasil1-300x225.jpg","keywords":["Tecnologias assistivas"],"articleSection":["Defici\u00eancia","INCLUS\u00c3O SOCIAL"],"inLanguage":"pt-PT","potentialAction":[{"@type":"CommentAction","name":"Comment","target":["https:\/\/inclusivenews.com.br\/?p=24967#respond"]}]},{"@type":"WebPage","@id":"https:\/\/inclusivenews.com.br\/?p=24967","url":"https:\/\/inclusivenews.com.br\/?p=24967","name":"Sugest\u00f5es relativas \u00e0s pol\u00edticas p\u00fablicas brasileiras sobre tecnologias assistivas para pessoas com defici\u00eancia visual -","isPartOf":{"@id":"https:\/\/inclusivenews.com.br\/#website"},"primaryImageOfPage":{"@id":"https:\/\/inclusivenews.com.br\/?p=24967#primaryimage"},"image":{"@id":"https:\/\/inclusivenews.com.br\/?p=24967#primaryimage"},"thumbnailUrl":"http:\/\/inclusivenews.com.br\/wp-content\/uploads\/2010\/02\/mapa-brasil1-300x225.jpg","datePublished":"2013-07-09T12:36:31+00:00","breadcrumb":{"@id":"https:\/\/inclusivenews.com.br\/?p=24967#breadcrumb"},"inLanguage":"pt-PT","potentialAction":[{"@type":"ReadAction","target":["https:\/\/inclusivenews.com.br\/?p=24967"]}]},{"@type":"ImageObject","inLanguage":"pt-PT","@id":"https:\/\/inclusivenews.com.br\/?p=24967#primaryimage","url":"","contentUrl":""},{"@type":"BreadcrumbList","@id":"https:\/\/inclusivenews.com.br\/?p=24967#breadcrumb","itemListElement":[{"@type":"ListItem","position":1,"name":"In\u00edcio","item":"https:\/\/inclusivenews.com.br\/"},{"@type":"ListItem","position":2,"name":"Sugest\u00f5es relativas \u00e0s pol\u00edticas p\u00fablicas brasileiras sobre tecnologias assistivas para pessoas com defici\u00eancia visual"}]},{"@type":"WebSite","@id":"https:\/\/inclusivenews.com.br\/#website","url":"https:\/\/inclusivenews.com.br\/","name":"Inclusive News","description":"Inclusive News","publisher":{"@id":"https:\/\/inclusivenews.com.br\/#organization"},"potentialAction":[{"@type":"SearchAction","target":{"@type":"EntryPoint","urlTemplate":"https:\/\/inclusivenews.com.br\/?s={search_term_string}"},"query-input":{"@type":"PropertyValueSpecification","valueRequired":true,"valueName":"search_term_string"}}],"inLanguage":"pt-PT"},{"@type":"Organization","@id":"https:\/\/inclusivenews.com.br\/#organization","name":"Inclusive - inclus\u00e3o e cidadania","url":"https:\/\/inclusivenews.com.br\/","logo":{"@type":"ImageObject","inLanguage":"pt-PT","@id":"https:\/\/inclusivenews.com.br\/#\/schema\/logo\/image\/","url":"https:\/\/inclusivenews.com.br\/wp-content\/uploads\/2024\/03\/@grandesite.png","contentUrl":"https:\/\/inclusivenews.com.br\/wp-content\/uploads\/2024\/03\/@grandesite.png","width":1080,"height":1080,"caption":"Inclusive - inclus\u00e3o e cidadania"},"image":{"@id":"https:\/\/inclusivenews.com.br\/#\/schema\/logo\/image\/"},"sameAs":["https:\/\/www.facebook.com\/agenciainclusive\/","https:\/\/www.instagram.com\/newsinclusive\/"]},{"@type":"Person","@id":"https:\/\/inclusivenews.com.br\/#\/schema\/person\/ae4ec7087559b8692fb33b6fffd2273b","name":"inclusivenews2024","image":{"@type":"ImageObject","inLanguage":"pt-PT","@id":"https:\/\/secure.gravatar.com\/avatar\/c5a7ef84c66fa914f55bc4f7ce26cfa275a3b9a1c5568b907bd184fb4dde7b40?s=96&d=mm&r=g","url":"https:\/\/secure.gravatar.com\/avatar\/c5a7ef84c66fa914f55bc4f7ce26cfa275a3b9a1c5568b907bd184fb4dde7b40?s=96&d=mm&r=g","contentUrl":"https:\/\/secure.gravatar.com\/avatar\/c5a7ef84c66fa914f55bc4f7ce26cfa275a3b9a1c5568b907bd184fb4dde7b40?s=96&d=mm&r=g","caption":"inclusivenews2024"},"sameAs":["https:\/\/inclusivenews.com.br"],"url":"https:\/\/inclusivenews.com.br\/?author=1"}]}},"_links":{"self":[{"href":"https:\/\/inclusivenews.com.br\/index.php?rest_route=\/wp\/v2\/posts\/24967","targetHints":{"allow":["GET"]}}],"collection":[{"href":"https:\/\/inclusivenews.com.br\/index.php?rest_route=\/wp\/v2\/posts"}],"about":[{"href":"https:\/\/inclusivenews.com.br\/index.php?rest_route=\/wp\/v2\/types\/post"}],"author":[{"embeddable":true,"href":"https:\/\/inclusivenews.com.br\/index.php?rest_route=\/wp\/v2\/users\/1"}],"replies":[{"embeddable":true,"href":"https:\/\/inclusivenews.com.br\/index.php?rest_route=%2Fwp%2Fv2%2Fcomments&post=24967"}],"version-history":[{"count":0,"href":"https:\/\/inclusivenews.com.br\/index.php?rest_route=\/wp\/v2\/posts\/24967\/revisions"}],"wp:attachment":[{"href":"https:\/\/inclusivenews.com.br\/index.php?rest_route=%2Fwp%2Fv2%2Fmedia&parent=24967"}],"wp:term":[{"taxonomy":"category","embeddable":true,"href":"https:\/\/inclusivenews.com.br\/index.php?rest_route=%2Fwp%2Fv2%2Fcategories&post=24967"},{"taxonomy":"post_tag","embeddable":true,"href":"https:\/\/inclusivenews.com.br\/index.php?rest_route=%2Fwp%2Fv2%2Ftags&post=24967"}],"curies":[{"name":"wp","href":"https:\/\/api.w.org\/{rel}","templated":true}]}}