{"id":24971,"date":"2013-07-10T16:14:53","date_gmt":"2013-07-10T19:14:53","guid":{"rendered":"http:\/\/www.inclusive.org.br\/?p=24971"},"modified":"2013-07-10T16:14:53","modified_gmt":"2013-07-10T19:14:53","slug":"35%c2%ba-premio-jornalistico-vladimir-herzog-de-anistia-e-direitos-humanos","status":"publish","type":"post","link":"https:\/\/inclusivenews.com.br\/?p=24971","title":{"rendered":"35\u00ba Pr\u00eamio Jornal\u00edstico Vladimir Herzog de Anistia e Direitos Humanos"},"content":{"rendered":"<figure style=\"width: 270px\" class=\"wp-caption alignleft\"><img loading=\"lazy\" decoding=\"async\" class=\" \" title=\"Uma m\u00e3o desenha um sol\" src=\"http:\/\/www.premiovladimirherzog.org.br\/images\/banner-35-premio-vladmir-herzog.jpg\" alt=\"Uma m\u00e3o desenha um sol\" width=\"270\" height=\"371\" \/><figcaption class=\"wp-caption-text\"> <\/figcaption><\/figure>\n<p>Considerado entre as mais  significativas distin\u00e7\u00f5es jornal\u00edsticas do pa\u00eds, o Pr\u00eamio Vladimir  Herzog reconhece, ano a ano, trabalhos que valorizam a democracia, a  cidadania e os direitos humanos nas mais variadas m\u00eddias. A iniciativa  conta com o apoio do Centro de Informa\u00e7\u00e3o das Na\u00e7\u00f5es Unidas para o  Brasil (UNIC Rio).<\/p>\n<p>A participa\u00e7\u00e3o \u00e9 aberta a  todos os jornalistas profissionais brasileiros em nove categorias:  Artes (ilustra\u00e7\u00f5es, charges, cartuns, caricaturas e quadrinhos),  Fotografia, Document\u00e1rio de TV, Reportagem de TV, R\u00e1dio, Jornal,  Revista, Internet e Categoria Especial (envolve todas as m\u00eddias) que,  neste ano, tem como tema \u201cViol\u00eancias e agress\u00f5es f\u00edsicas e morais contra  jornalistas e contra o direito \u00e0 informa\u00e7\u00e3o\u201d.<\/p>\n<p>Para concorrer, os candidatos devem inscrever-se <a href=\"http:\/\/www.premiovladimirherzog.org.br\" target=\"_blank\" rel=\"noopener\">online<\/a> preenchendo a ficha cadastral e anexando sua obra publicada no per\u00edodo  compreendido entre 4 de agosto de 2012 e 4 de agosto de 2013.<\/p>\n<p>Assim como na edi\u00e7\u00e3o  passada, a escolha dos vencedores ser\u00e1 realizada em sess\u00e3o p\u00fablica, com  transmiss\u00e3o ao vivo pela internet. O julgamento dos trabalhos ser\u00e1 no  dia 1\u00ba de outubro, na Sala Oscar Pedroso Horta da C\u00e2mara Municipal de  S\u00e3o Paulo. A cerim\u00f4nia de premia\u00e7\u00e3o acontecer\u00e1 no dia 22 de outubro, \u00e0s  19h30, no Memorial da Am\u00e9rica Latina, em S\u00e3o Paulo.<\/p>\n<p><strong>Pr\u00eamio Especial Vladimir Herzog 2013<\/strong><\/p>\n<p>Desde 2009, a Comiss\u00e3o  Organizadora indica jornalistas para serem agraciados com o Pr\u00eamio  Especial pelos relevantes servi\u00e7os prestados \u00e0s causas da Democracia,  Paz, Justi\u00e7a e contra a Guerra. A iniciativa das institui\u00e7\u00f5es promotoras  retoma proposta original do Pr\u00eamio, que previa tal homenagem a  personalidades ou jornalistas que jamais inscreveriam seus trabalhos em  qualquer tipo de concurso.<\/p>\n<p>J\u00e1 foram homenageados  Louren\u00e7o Diaf\u00e9ria (in memoriam), David de Moraes, Aud\u00e1lio Dantas, Elifas  Andreato, Alberto Dines e L\u00facio Flavio Pinto. Neste ano, receber\u00e3o as  homenagens outros tr\u00eas grandes nomes da imprensa brasileira: Perseu  Abramo (criador do Pr\u00eamio,\u00a0in memoriam), Marco Ant\u00f4nio Tavares Coelho e  Raimundo Pereira.<\/p>\n<p><strong>PVH completa 35 anos<\/strong><\/p>\n<p>Vale lembrar que, em  2013, o Pr\u00eamio Vladimir Herzog completa 35 anos e diversas comemora\u00e7\u00f5es  j\u00e1 est\u00e3o agendadas para o m\u00eas de outubro, em S\u00e3o Paulo.<\/p>\n<p>De 17 a 27 o foyer do  Audit\u00f3rio Sim\u00f3n Bol\u00edvar do Memorial da Am\u00e9rica Latina abrigar\u00e1 uma  exposi\u00e7\u00e3o sobre a hist\u00f3ria dos 35 anos do Pr\u00eamio.<\/p>\n<p>No dia 21, no Ita\u00fa  Cultural, haver\u00e1 o Semin\u00e1rio Internacional sobre Viol\u00eancia contra  Jornalistas com presen\u00e7as j\u00e1 confirmadas de Jim Boumelha, presidente da  Federa\u00e7\u00e3o Internacional dos Jornalistas (FIJ); de Celso Schr\u00f6der,  presidente da Federa\u00e7\u00e3o dos Jornalistas da Am\u00e9rica Latina e Caribe  (FEPALC) e da Federa\u00e7\u00e3o Nacional dos Jornalistas (FENAJ), da jornalista  mexicana Anabel Hern\u00e1ndez (\u201cOs Senhores do Narco\u201d) e do presidente  executivo do Newseum e Freedom Forum, James C. Duff.<\/p>\n<p>Fonte: RETS<\/p>\n","protected":false},"excerpt":{"rendered":"<p>Considerado entre as mais significativas distin\u00e7\u00f5es jornal\u00edsticas do pa\u00eds, o Pr\u00eamio Vladimir Herzog reconhece, ano a ano, trabalhos que valorizam a democracia, a cidadania e os direitos humanos nas mais variadas m\u00eddias. A iniciativa conta com o apoio do Centro de Informa\u00e7\u00e3o das Na\u00e7\u00f5es Unidas para o Brasil (UNIC Rio).<\/p>\n","protected":false},"author":1,"featured_media":0,"comment_status":"open","ping_status":"open","sticky":false,"template":"","format":"standard","meta":{"site-container-style":"default","site-container-layout":"default","site-sidebar-layout":"default","disable-article-header":"default","disable-site-header":"default","disable-site-footer":"default","disable-content-area-spacing":"default","footnotes":""},"categories":[11,4],"tags":[],"class_list":["post-24971","post","type-post","status-publish","format-standard","hentry","category-direitos-humanos","category-noticias"],"yoast_head":"<!-- This site is optimized with the Yoast SEO plugin v27.4 - https:\/\/yoast.com\/product\/yoast-seo-wordpress\/ -->\n<title>35\u00ba Pr\u00eamio Jornal\u00edstico Vladimir Herzog de Anistia e Direitos Humanos -<\/title>\n<meta name=\"robots\" content=\"index, follow, max-snippet:-1, max-image-preview:large, max-video-preview:-1\" \/>\n<link rel=\"canonical\" href=\"https:\/\/inclusivenews.com.br\/?p=24971\" \/>\n<meta property=\"og:locale\" content=\"pt_PT\" \/>\n<meta property=\"og:type\" content=\"article\" \/>\n<meta property=\"og:title\" content=\"35\u00ba Pr\u00eamio Jornal\u00edstico Vladimir Herzog de Anistia e Direitos Humanos -\" \/>\n<meta property=\"og:description\" content=\"Considerado entre as mais significativas distin\u00e7\u00f5es jornal\u00edsticas do pa\u00eds, o Pr\u00eamio Vladimir Herzog reconhece, ano a ano, trabalhos que valorizam a democracia, a cidadania e os direitos humanos nas mais variadas m\u00eddias. A iniciativa conta com o apoio do Centro de Informa\u00e7\u00e3o das Na\u00e7\u00f5es Unidas para o Brasil (UNIC Rio).\" \/>\n<meta property=\"og:url\" content=\"https:\/\/inclusivenews.com.br\/?p=24971\" \/>\n<meta property=\"article:publisher\" content=\"https:\/\/www.facebook.com\/agenciainclusive\/\" \/>\n<meta property=\"article:published_time\" content=\"2013-07-10T19:14:53+00:00\" \/>\n<meta property=\"og:image\" content=\"http:\/\/www.premiovladimirherzog.org.br\/images\/banner-35-premio-vladmir-herzog.jpg\" \/>\n<meta name=\"author\" content=\"inclusivenews2024\" \/>\n<meta name=\"twitter:card\" content=\"summary_large_image\" \/>\n<meta name=\"twitter:label1\" content=\"Escrito por\" \/>\n\t<meta name=\"twitter:data1\" content=\"inclusivenews2024\" \/>\n\t<meta name=\"twitter:label2\" content=\"Tempo estimado de leitura\" \/>\n\t<meta name=\"twitter:data2\" content=\"2 minutos\" \/>\n<script type=\"application\/ld+json\" class=\"yoast-schema-graph\">{\"@context\":\"https:\\\/\\\/schema.org\",\"@graph\":[{\"@type\":\"Article\",\"@id\":\"https:\\\/\\\/inclusivenews.com.br\\\/?p=24971#article\",\"isPartOf\":{\"@id\":\"https:\\\/\\\/inclusivenews.com.br\\\/?p=24971\"},\"author\":{\"name\":\"inclusivenews2024\",\"@id\":\"https:\\\/\\\/inclusivenews.com.br\\\/#\\\/schema\\\/person\\\/ae4ec7087559b8692fb33b6fffd2273b\"},\"headline\":\"35\u00ba Pr\u00eamio Jornal\u00edstico Vladimir Herzog de Anistia e Direitos Humanos\",\"datePublished\":\"2013-07-10T19:14:53+00:00\",\"mainEntityOfPage\":{\"@id\":\"https:\\\/\\\/inclusivenews.com.br\\\/?p=24971\"},\"wordCount\":499,\"commentCount\":0,\"publisher\":{\"@id\":\"https:\\\/\\\/inclusivenews.com.br\\\/#organization\"},\"image\":{\"@id\":\"https:\\\/\\\/inclusivenews.com.br\\\/?p=24971#primaryimage\"},\"thumbnailUrl\":\"http:\\\/\\\/www.premiovladimirherzog.org.br\\\/images\\\/banner-35-premio-vladmir-herzog.jpg\",\"articleSection\":[\"DIREITOS HUMANOS\",\"NOT\u00cdCIAS\"],\"inLanguage\":\"pt-PT\",\"potentialAction\":[{\"@type\":\"CommentAction\",\"name\":\"Comment\",\"target\":[\"https:\\\/\\\/inclusivenews.com.br\\\/?p=24971#respond\"]}]},{\"@type\":\"WebPage\",\"@id\":\"https:\\\/\\\/inclusivenews.com.br\\\/?p=24971\",\"url\":\"https:\\\/\\\/inclusivenews.com.br\\\/?p=24971\",\"name\":\"35\u00ba Pr\u00eamio Jornal\u00edstico Vladimir Herzog de Anistia e Direitos Humanos -\",\"isPartOf\":{\"@id\":\"https:\\\/\\\/inclusivenews.com.br\\\/#website\"},\"primaryImageOfPage\":{\"@id\":\"https:\\\/\\\/inclusivenews.com.br\\\/?p=24971#primaryimage\"},\"image\":{\"@id\":\"https:\\\/\\\/inclusivenews.com.br\\\/?p=24971#primaryimage\"},\"thumbnailUrl\":\"http:\\\/\\\/www.premiovladimirherzog.org.br\\\/images\\\/banner-35-premio-vladmir-herzog.jpg\",\"datePublished\":\"2013-07-10T19:14:53+00:00\",\"breadcrumb\":{\"@id\":\"https:\\\/\\\/inclusivenews.com.br\\\/?p=24971#breadcrumb\"},\"inLanguage\":\"pt-PT\",\"potentialAction\":[{\"@type\":\"ReadAction\",\"target\":[\"https:\\\/\\\/inclusivenews.com.br\\\/?p=24971\"]}]},{\"@type\":\"ImageObject\",\"inLanguage\":\"pt-PT\",\"@id\":\"https:\\\/\\\/inclusivenews.com.br\\\/?p=24971#primaryimage\",\"url\":\"http:\\\/\\\/www.premiovladimirherzog.org.br\\\/images\\\/banner-35-premio-vladmir-herzog.jpg\",\"contentUrl\":\"http:\\\/\\\/www.premiovladimirherzog.org.br\\\/images\\\/banner-35-premio-vladmir-herzog.jpg\"},{\"@type\":\"BreadcrumbList\",\"@id\":\"https:\\\/\\\/inclusivenews.com.br\\\/?p=24971#breadcrumb\",\"itemListElement\":[{\"@type\":\"ListItem\",\"position\":1,\"name\":\"In\u00edcio\",\"item\":\"https:\\\/\\\/inclusivenews.com.br\\\/\"},{\"@type\":\"ListItem\",\"position\":2,\"name\":\"35\u00ba Pr\u00eamio Jornal\u00edstico Vladimir Herzog de Anistia e Direitos Humanos\"}]},{\"@type\":\"WebSite\",\"@id\":\"https:\\\/\\\/inclusivenews.com.br\\\/#website\",\"url\":\"https:\\\/\\\/inclusivenews.com.br\\\/\",\"name\":\"Inclusive News\",\"description\":\"Inclusive News\",\"publisher\":{\"@id\":\"https:\\\/\\\/inclusivenews.com.br\\\/#organization\"},\"potentialAction\":[{\"@type\":\"SearchAction\",\"target\":{\"@type\":\"EntryPoint\",\"urlTemplate\":\"https:\\\/\\\/inclusivenews.com.br\\\/?s={search_term_string}\"},\"query-input\":{\"@type\":\"PropertyValueSpecification\",\"valueRequired\":true,\"valueName\":\"search_term_string\"}}],\"inLanguage\":\"pt-PT\"},{\"@type\":\"Organization\",\"@id\":\"https:\\\/\\\/inclusivenews.com.br\\\/#organization\",\"name\":\"Inclusive - inclus\u00e3o e cidadania\",\"url\":\"https:\\\/\\\/inclusivenews.com.br\\\/\",\"logo\":{\"@type\":\"ImageObject\",\"inLanguage\":\"pt-PT\",\"@id\":\"https:\\\/\\\/inclusivenews.com.br\\\/#\\\/schema\\\/logo\\\/image\\\/\",\"url\":\"https:\\\/\\\/inclusivenews.com.br\\\/wp-content\\\/uploads\\\/2024\\\/03\\\/@grandesite.png\",\"contentUrl\":\"https:\\\/\\\/inclusivenews.com.br\\\/wp-content\\\/uploads\\\/2024\\\/03\\\/@grandesite.png\",\"width\":1080,\"height\":1080,\"caption\":\"Inclusive - inclus\u00e3o e cidadania\"},\"image\":{\"@id\":\"https:\\\/\\\/inclusivenews.com.br\\\/#\\\/schema\\\/logo\\\/image\\\/\"},\"sameAs\":[\"https:\\\/\\\/www.facebook.com\\\/agenciainclusive\\\/\",\"https:\\\/\\\/www.instagram.com\\\/newsinclusive\\\/\"]},{\"@type\":\"Person\",\"@id\":\"https:\\\/\\\/inclusivenews.com.br\\\/#\\\/schema\\\/person\\\/ae4ec7087559b8692fb33b6fffd2273b\",\"name\":\"inclusivenews2024\",\"image\":{\"@type\":\"ImageObject\",\"inLanguage\":\"pt-PT\",\"@id\":\"https:\\\/\\\/secure.gravatar.com\\\/avatar\\\/c5a7ef84c66fa914f55bc4f7ce26cfa275a3b9a1c5568b907bd184fb4dde7b40?s=96&d=mm&r=g\",\"url\":\"https:\\\/\\\/secure.gravatar.com\\\/avatar\\\/c5a7ef84c66fa914f55bc4f7ce26cfa275a3b9a1c5568b907bd184fb4dde7b40?s=96&d=mm&r=g\",\"contentUrl\":\"https:\\\/\\\/secure.gravatar.com\\\/avatar\\\/c5a7ef84c66fa914f55bc4f7ce26cfa275a3b9a1c5568b907bd184fb4dde7b40?s=96&d=mm&r=g\",\"caption\":\"inclusivenews2024\"},\"sameAs\":[\"https:\\\/\\\/inclusivenews.com.br\"],\"url\":\"https:\\\/\\\/inclusivenews.com.br\\\/?author=1\"}]}<\/script>\n<!-- \/ Yoast SEO plugin. -->","yoast_head_json":{"title":"35\u00ba Pr\u00eamio Jornal\u00edstico Vladimir Herzog de Anistia e Direitos Humanos -","robots":{"index":"index","follow":"follow","max-snippet":"max-snippet:-1","max-image-preview":"max-image-preview:large","max-video-preview":"max-video-preview:-1"},"canonical":"https:\/\/inclusivenews.com.br\/?p=24971","og_locale":"pt_PT","og_type":"article","og_title":"35\u00ba Pr\u00eamio Jornal\u00edstico Vladimir Herzog de Anistia e Direitos Humanos -","og_description":"Considerado entre as mais significativas distin\u00e7\u00f5es jornal\u00edsticas do pa\u00eds, o Pr\u00eamio Vladimir Herzog reconhece, ano a ano, trabalhos que valorizam a democracia, a cidadania e os direitos humanos nas mais variadas m\u00eddias. A iniciativa conta com o apoio do Centro de Informa\u00e7\u00e3o das Na\u00e7\u00f5es Unidas para o Brasil (UNIC Rio).","og_url":"https:\/\/inclusivenews.com.br\/?p=24971","article_publisher":"https:\/\/www.facebook.com\/agenciainclusive\/","article_published_time":"2013-07-10T19:14:53+00:00","og_image":[{"url":"http:\/\/www.premiovladimirherzog.org.br\/images\/banner-35-premio-vladmir-herzog.jpg","type":"","width":"","height":""}],"author":"inclusivenews2024","twitter_card":"summary_large_image","twitter_misc":{"Escrito por":"inclusivenews2024","Tempo estimado de leitura":"2 minutos"},"schema":{"@context":"https:\/\/schema.org","@graph":[{"@type":"Article","@id":"https:\/\/inclusivenews.com.br\/?p=24971#article","isPartOf":{"@id":"https:\/\/inclusivenews.com.br\/?p=24971"},"author":{"name":"inclusivenews2024","@id":"https:\/\/inclusivenews.com.br\/#\/schema\/person\/ae4ec7087559b8692fb33b6fffd2273b"},"headline":"35\u00ba Pr\u00eamio Jornal\u00edstico Vladimir Herzog de Anistia e Direitos Humanos","datePublished":"2013-07-10T19:14:53+00:00","mainEntityOfPage":{"@id":"https:\/\/inclusivenews.com.br\/?p=24971"},"wordCount":499,"commentCount":0,"publisher":{"@id":"https:\/\/inclusivenews.com.br\/#organization"},"image":{"@id":"https:\/\/inclusivenews.com.br\/?p=24971#primaryimage"},"thumbnailUrl":"http:\/\/www.premiovladimirherzog.org.br\/images\/banner-35-premio-vladmir-herzog.jpg","articleSection":["DIREITOS HUMANOS","NOT\u00cdCIAS"],"inLanguage":"pt-PT","potentialAction":[{"@type":"CommentAction","name":"Comment","target":["https:\/\/inclusivenews.com.br\/?p=24971#respond"]}]},{"@type":"WebPage","@id":"https:\/\/inclusivenews.com.br\/?p=24971","url":"https:\/\/inclusivenews.com.br\/?p=24971","name":"35\u00ba Pr\u00eamio Jornal\u00edstico Vladimir Herzog de Anistia e Direitos Humanos -","isPartOf":{"@id":"https:\/\/inclusivenews.com.br\/#website"},"primaryImageOfPage":{"@id":"https:\/\/inclusivenews.com.br\/?p=24971#primaryimage"},"image":{"@id":"https:\/\/inclusivenews.com.br\/?p=24971#primaryimage"},"thumbnailUrl":"http:\/\/www.premiovladimirherzog.org.br\/images\/banner-35-premio-vladmir-herzog.jpg","datePublished":"2013-07-10T19:14:53+00:00","breadcrumb":{"@id":"https:\/\/inclusivenews.com.br\/?p=24971#breadcrumb"},"inLanguage":"pt-PT","potentialAction":[{"@type":"ReadAction","target":["https:\/\/inclusivenews.com.br\/?p=24971"]}]},{"@type":"ImageObject","inLanguage":"pt-PT","@id":"https:\/\/inclusivenews.com.br\/?p=24971#primaryimage","url":"http:\/\/www.premiovladimirherzog.org.br\/images\/banner-35-premio-vladmir-herzog.jpg","contentUrl":"http:\/\/www.premiovladimirherzog.org.br\/images\/banner-35-premio-vladmir-herzog.jpg"},{"@type":"BreadcrumbList","@id":"https:\/\/inclusivenews.com.br\/?p=24971#breadcrumb","itemListElement":[{"@type":"ListItem","position":1,"name":"In\u00edcio","item":"https:\/\/inclusivenews.com.br\/"},{"@type":"ListItem","position":2,"name":"35\u00ba Pr\u00eamio Jornal\u00edstico Vladimir Herzog de Anistia e Direitos Humanos"}]},{"@type":"WebSite","@id":"https:\/\/inclusivenews.com.br\/#website","url":"https:\/\/inclusivenews.com.br\/","name":"Inclusive News","description":"Inclusive News","publisher":{"@id":"https:\/\/inclusivenews.com.br\/#organization"},"potentialAction":[{"@type":"SearchAction","target":{"@type":"EntryPoint","urlTemplate":"https:\/\/inclusivenews.com.br\/?s={search_term_string}"},"query-input":{"@type":"PropertyValueSpecification","valueRequired":true,"valueName":"search_term_string"}}],"inLanguage":"pt-PT"},{"@type":"Organization","@id":"https:\/\/inclusivenews.com.br\/#organization","name":"Inclusive - inclus\u00e3o e cidadania","url":"https:\/\/inclusivenews.com.br\/","logo":{"@type":"ImageObject","inLanguage":"pt-PT","@id":"https:\/\/inclusivenews.com.br\/#\/schema\/logo\/image\/","url":"https:\/\/inclusivenews.com.br\/wp-content\/uploads\/2024\/03\/@grandesite.png","contentUrl":"https:\/\/inclusivenews.com.br\/wp-content\/uploads\/2024\/03\/@grandesite.png","width":1080,"height":1080,"caption":"Inclusive - inclus\u00e3o e cidadania"},"image":{"@id":"https:\/\/inclusivenews.com.br\/#\/schema\/logo\/image\/"},"sameAs":["https:\/\/www.facebook.com\/agenciainclusive\/","https:\/\/www.instagram.com\/newsinclusive\/"]},{"@type":"Person","@id":"https:\/\/inclusivenews.com.br\/#\/schema\/person\/ae4ec7087559b8692fb33b6fffd2273b","name":"inclusivenews2024","image":{"@type":"ImageObject","inLanguage":"pt-PT","@id":"https:\/\/secure.gravatar.com\/avatar\/c5a7ef84c66fa914f55bc4f7ce26cfa275a3b9a1c5568b907bd184fb4dde7b40?s=96&d=mm&r=g","url":"https:\/\/secure.gravatar.com\/avatar\/c5a7ef84c66fa914f55bc4f7ce26cfa275a3b9a1c5568b907bd184fb4dde7b40?s=96&d=mm&r=g","contentUrl":"https:\/\/secure.gravatar.com\/avatar\/c5a7ef84c66fa914f55bc4f7ce26cfa275a3b9a1c5568b907bd184fb4dde7b40?s=96&d=mm&r=g","caption":"inclusivenews2024"},"sameAs":["https:\/\/inclusivenews.com.br"],"url":"https:\/\/inclusivenews.com.br\/?author=1"}]}},"_links":{"self":[{"href":"https:\/\/inclusivenews.com.br\/index.php?rest_route=\/wp\/v2\/posts\/24971","targetHints":{"allow":["GET"]}}],"collection":[{"href":"https:\/\/inclusivenews.com.br\/index.php?rest_route=\/wp\/v2\/posts"}],"about":[{"href":"https:\/\/inclusivenews.com.br\/index.php?rest_route=\/wp\/v2\/types\/post"}],"author":[{"embeddable":true,"href":"https:\/\/inclusivenews.com.br\/index.php?rest_route=\/wp\/v2\/users\/1"}],"replies":[{"embeddable":true,"href":"https:\/\/inclusivenews.com.br\/index.php?rest_route=%2Fwp%2Fv2%2Fcomments&post=24971"}],"version-history":[{"count":0,"href":"https:\/\/inclusivenews.com.br\/index.php?rest_route=\/wp\/v2\/posts\/24971\/revisions"}],"wp:attachment":[{"href":"https:\/\/inclusivenews.com.br\/index.php?rest_route=%2Fwp%2Fv2%2Fmedia&parent=24971"}],"wp:term":[{"taxonomy":"category","embeddable":true,"href":"https:\/\/inclusivenews.com.br\/index.php?rest_route=%2Fwp%2Fv2%2Fcategories&post=24971"},{"taxonomy":"post_tag","embeddable":true,"href":"https:\/\/inclusivenews.com.br\/index.php?rest_route=%2Fwp%2Fv2%2Ftags&post=24971"}],"curies":[{"name":"wp","href":"https:\/\/api.w.org\/{rel}","templated":true}]}}