{"id":25033,"date":"2013-07-11T21:22:10","date_gmt":"2013-07-12T00:22:10","guid":{"rendered":"http:\/\/www.inclusive.org.br\/?p=25033"},"modified":"2013-07-11T21:22:10","modified_gmt":"2013-07-12T00:22:10","slug":"ouvirundum-o-resgate-do-hino-nacional","status":"publish","type":"post","link":"https:\/\/inclusivenews.com.br\/?p=25033","title":{"rendered":"Ouvirundum: O resgate do Hino Nacional"},"content":{"rendered":"<p><img loading=\"lazy\" decoding=\"async\" class=\"alignleft size-full wp-image-25037\" title=\"veras que um filho teu\" src=\"http:\/\/inclusivenews.com.br\/wp-content\/uploads\/veras-que-um-filho-teu.jpg\" alt=\"Manifestante com m\u00e1scara exibe cartaz - ver\u00e1s que um filho teu nao foge \u00e0 luta.\" width=\"378\" height=\"253\" \/><\/p>\n<p><em>Por Patricia Almeida<\/em><\/p>\n<p>Nesses tempos em que os brasileiros v\u00e3o \u00e0s ruas para cobrar os seus direitos, os versos do Hino Nacional t\u00eam virado palavra de ordem e aparecido em cartazes. N\u00e3o faltam trocadilhos com as estrofes: Depois de anos &#8220;Deitado eternamente em ber\u00e7o espl\u00eandido&#8221;, o gigante acordou e gritou: \u00a0&#8220;Ver\u00e1s que um filho teu n\u00e3o foge \u00e0 luta&#8221;.<\/p>\n<p>Mas o que mais voc\u00ea sabe sobre o Hino Nacional?<\/p>\n<p>Ouvirundum, \u00e9 um livro infanto-juvenil que conta a hist\u00f3ria do hino a partir de uma investiga\u00e7\u00e3o que foi \u00faltimo projeto do eminente fil\u00f3logo Adriano da Gama Kury e de Holmes Antonio Vieira Martins, que agora procura viabilizar sua edi\u00e7\u00e3o.<\/p>\n<p>Atrav\u00e9s de um trabalho de arqueologia do texto, foram identificadas diferen\u00e7as nas vers\u00f5es publicadas ao longo dos anos. Isso \u00e9 contado para as crian\u00e7as atrav\u00e9s de uma viagem pelo tempo em que \u00a0pai e filho embarcam em uma nave chamada Ouvirundum, e chegam \u00e0s margens do rio Ipiranga no dia 22 de setembro de 1822. A partir da\u00ed s\u00e3o v\u00e1rias aventuras pelo Brasil e sua hist\u00f3ria.<\/p>\n<p>Ouvirundum tem sido compartilhado com alunos de escolas e comunidades.<\/p>\n<p>Veja o v\u00eddeo em que o autor, Holmes Antonio Vieira Martins, explica o projeto.<\/p>\n<p><a href=\"http:\/\/vimeo.com\/69928808#\">http:\/\/vimeo.com\/69928808#<\/a><\/p>\n<p>Para viabilizar a publica\u00e7\u00e3o de Ouvirundum foi criada uma conta no Sibite. Os interessados podem apoiar a concretiza\u00e7\u00e3o deste projeto.<\/p>\n<p><a href=\"http:\/\/www.sibite.com.br\/Projeto\/ProjetoDetalhe.aspx?IdProjeto=231\">http:\/\/www.sibite.com.br\/Projeto\/ProjetoDetalhe.aspx?IdProjeto=231<\/a><\/p>\n<p><strong>SINOPSE <\/strong><\/p>\n<p>Fil\u00f3, a pequena jornalista do livro Ouvirundum, ao longo de quase duzentas p\u00e1ginas, entrevista muitos personagens da Hist\u00f3ria do Brasil, como os autores da melodia e do poema do Hino, Dom Pedro II, o pessoal da Passeata dos Cem Mil, a Em\u00edlia do S\u00edtio do Picapau Amarelo! Com a palavra, Fil\u00f3!<\/p>\n<p>Oi Gente!<\/p>\n<p>Ouvirundum \u00e9 o nome do avi\u00e3o ultramegassofisticado no qual fizemos uma voagem pelo Hino Nacional Brasileiro. Isso mesmo: pelo Hino, com direito a viajar no tempo e tirar algumas d\u00favidas com seu autor, o Professor Duque-Estrada.<\/p>\n<p>E essa voagem virou um livro chamado Ouvirundum, porque descobrimos coisas incr\u00edveis que voc\u00eas precisam conhecer. Sabiam que no original o \u201cOuviram do Ypiranga\u201d se escreve com \u201cY\u201d? E no meio do Centro do Rio de Janeiro tinha um lugar m\u00e1gico chamado Morro do Castelo? E ali existia um col\u00e9gio com a maior biblioteca das Am\u00e9ricas! Eu sei, porque meu v\u00f4 morava ali.<\/p>\n<p>No livro Ouvirundum e fui atendida: tem dezenas de aquarelas e desenhos, al\u00e9m de alguns mapas que voc\u00eas v\u00e3o querer pendurar nos seus quartos!<\/p>\n<p>Bacana, n\u00e9? Mas para o livro ficar pronto a gente est\u00e1 precisando de uma m\u00e3ozinha. M\u00e3ozinhas de gente com fome de ler ou apaixonada por hist\u00f3ria!\u00a0 Ent\u00e3o, escolha ali do lado uma contrapartida e fa\u00e7a parte dessa hist\u00f3ria com a gente!<\/p>\n<p>Te garanto: voc\u00ea vai se divertir e nunca mais vai ficar enrolando na hora de cantar o hino<\/p>\n<p><strong>Entenda o projeto<\/strong><\/p>\n<p>O Ouvirundum trabalha o Hino Nacional como um roteiro de viagem pelo<\/p>\n<p>Brasil e sua Hist\u00f3ria. Trata-se de um livro que acontece pela<\/p>\n<p>tessitura de tr\u00eas fios: 1- as pesquisas: filol\u00f3gica, morfol\u00f3gica,<\/p>\n<p>fon\u00e9tica e imag\u00e9tica 2- a ambienta\u00e7\u00e3o historiogr\u00e1fica: cen\u00e1rios,<\/p>\n<p>personagens, acontecimentos e interpreta\u00e7\u00f5es e 3- a narrativa:<\/p>\n<p>ficcional, mas intimamente articulada \u00e0s pesquisas e \u00e0 ambienta\u00e7\u00e3o.<\/p>\n<p>Por o livro ter como p\u00fablico-alvo crian\u00e7as e jovens, este trabalho de<\/p>\n<p>pesquisa deveria aparecer de maneira l\u00fadica e articulada \u00e0 narrativa<\/p>\n<p>que o conduz. Essa foi nossa proposta e desafio. Assim, n\u00e3o s\u00f3<\/p>\n<p>ambientamos o enredo num cen\u00e1rio que era comum ao in\u00edcio do s\u00e9culo XX,<\/p>\n<p>o Morro do Castelo preservado, como tamb\u00e9m criamos uma ferramenta<\/p>\n<p>lingu\u00edstica para apresentar nossas solu\u00e7\u00f5es de interpreta\u00e7\u00e3o textual,<\/p>\n<p>tornando transparentes as quest\u00f5es conceituais e de an\u00e1lise as quais<\/p>\n<p>tive o privil\u00e9gio de trabalhar presencialmente com o Professor Adriano<\/p>\n<p>da Gama Kury<\/p>\n<p><strong>Equipe:<\/strong><\/p>\n<p>Autor do Livro Ouvirundu: Holmes Antonio Vieira Martins<\/p>\n<p>Autor do Poema do Hino Nacional Brasileiro: Joaquim Os\u00f3rio Duque-Estrada<\/p>\n<p>Texto Ecd\u00f3tico do Hino Nacional Brasileiro fixado por: Adriano da Gama<\/p>\n<p>Kury e Holmes Antonio Vieira Martins<\/p>\n<p>Pesquisas: Professor Holmes Antonio Vieira Martins<\/p>\n<p>Coordenadoria Editorial: Eliane Hatherly Paz e Holmes Antonio Vieira Martins<\/p>\n<p>Orientador em Ecd\u00f3tica: Professor Adriano da Gama Kury<\/p>\n<p>Consultoria em Fon\u00e9tica: Professora Miriam da Matta Machado<\/p>\n<p>Consultores em Morfologia e Sem\u00e2ntica: Professoras S\u00f4nia Ramos,<\/p>\n<p>Marilia Abduane, Marisa Abduane, Dejacy Martins<\/p>\n<p>Consultora em Hist\u00f3ria: Professora Grasiela Fragoso da Costa<\/p>\n<p>Consultora em M\u00eddia: Ana Gouveia<\/p>\n<p>Revis\u00f5es: Professoras Magda Frediani, Grasiela Fragoso da Costa,<\/p>\n<p>Filomena Diniz, F\u00e1bia Marucci<\/p>\n<p>Ilustra\u00e7\u00f5es: Odilon Morais, Daniel Canedo<\/p>\n<p>Consultora de Figurino: Helo\u00edsa Albuquerque<\/p>\n<p>Ilustra\u00e7\u00f5es do Avi\u00e3o Ouvirundum: Miguel Ros\u00e1rio Avia\u00e7\u00e3o<\/p>\n<p>Piloto do Filme de Anima\u00e7\u00e3o: Adolfo Castro<\/p>\n<p>Conce\u00e7\u00e3o Mapas: Holmes Antonio Vieira Martins<\/p>\n<p>Design Mapas: Daniel Canedo<\/p>\n<p>Capa: Daniel Canedo<\/p>\n<p>Design Livro Ouvirundum: Daniel Canedo<\/p>\n<p>Metodologia de Interpreta\u00e7\u00e3o e Concep\u00e7\u00e3o dos Pain\u00e9is Digitais: Holmes<\/p>\n<p>Antonio Vieira Martins<\/p>\n<p>Ilustra\u00e7\u00e3o Pain\u00e9is Digitais: Odilon Morais<\/p>\n<p>T\u00e9cnica Pain\u00e9is Digitais: Daniel Portugal, Daniel Canedo<\/p>\n<p>Design Metodologia Interpreta\u00e7\u00e3o: Holmes Antonio Vieira Martins<\/p>\n<p>Assessoria Jur\u00eddica em Direitos Autorais: Sydney Sanches Advogados<\/p>\n<p>Crossfunding: Sibite<\/p>\n<p>V\u00eddeo de Divulga\u00e7\u00e3o: Peter Cordenonsi, Integral Filmes<\/p>\n<p>Ouvirundum \u00e9 Marca Registrada de Holmes Antonio Vieira Martins. Todos<\/p>\n<p>os direitos reservados.<\/p>\n<p>Contato &#8211; Holmes Antonio Vieira Martins &#8211; 21-7509-1969 &#8211; ouvirundum@gmail.com<\/p>\n","protected":false},"excerpt":{"rendered":"<p>Livro infanto-juvenl conta a hist\u00f3ria do hino nacional brasileiro.<\/p>\n","protected":false},"author":1,"featured_media":0,"comment_status":"open","ping_status":"open","sticky":false,"template":"","format":"standard","meta":{"site-container-style":"default","site-container-layout":"default","site-sidebar-layout":"default","disable-article-header":"default","disable-site-header":"default","disable-site-footer":"default","disable-content-area-spacing":"default","footnotes":""},"categories":[3,29],"tags":[],"class_list":["post-25033","post","type-post","status-publish","format-standard","hentry","category-campanhas","category-cultura"],"yoast_head":"<!-- This site is optimized with the Yoast SEO plugin v27.4 - https:\/\/yoast.com\/product\/yoast-seo-wordpress\/ -->\n<title>Ouvirundum: O resgate do Hino Nacional -<\/title>\n<meta name=\"robots\" content=\"index, follow, max-snippet:-1, max-image-preview:large, max-video-preview:-1\" \/>\n<link rel=\"canonical\" href=\"https:\/\/inclusivenews.com.br\/?p=25033\" \/>\n<meta property=\"og:locale\" content=\"pt_PT\" \/>\n<meta property=\"og:type\" content=\"article\" \/>\n<meta property=\"og:title\" content=\"Ouvirundum: O resgate do Hino Nacional -\" \/>\n<meta property=\"og:description\" content=\"Livro infanto-juvenl conta a hist\u00f3ria do hino nacional brasileiro.\" \/>\n<meta property=\"og:url\" content=\"https:\/\/inclusivenews.com.br\/?p=25033\" \/>\n<meta property=\"article:publisher\" content=\"https:\/\/www.facebook.com\/agenciainclusive\/\" \/>\n<meta property=\"article:published_time\" content=\"2013-07-12T00:22:10+00:00\" \/>\n<meta property=\"og:image\" content=\"http:\/\/inclusivenews.com.br\/wp-content\/uploads\/veras-que-um-filho-teu.jpg\" \/>\n<meta name=\"author\" content=\"inclusivenews2024\" \/>\n<meta name=\"twitter:card\" content=\"summary_large_image\" \/>\n<meta name=\"twitter:label1\" content=\"Escrito por\" \/>\n\t<meta name=\"twitter:data1\" content=\"inclusivenews2024\" \/>\n\t<meta name=\"twitter:label2\" content=\"Tempo estimado de leitura\" \/>\n\t<meta name=\"twitter:data2\" content=\"5 minutos\" \/>\n<script type=\"application\/ld+json\" class=\"yoast-schema-graph\">{\"@context\":\"https:\\\/\\\/schema.org\",\"@graph\":[{\"@type\":\"Article\",\"@id\":\"https:\\\/\\\/inclusivenews.com.br\\\/?p=25033#article\",\"isPartOf\":{\"@id\":\"https:\\\/\\\/inclusivenews.com.br\\\/?p=25033\"},\"author\":{\"name\":\"inclusivenews2024\",\"@id\":\"https:\\\/\\\/inclusivenews.com.br\\\/#\\\/schema\\\/person\\\/ae4ec7087559b8692fb33b6fffd2273b\"},\"headline\":\"Ouvirundum: O resgate do Hino Nacional\",\"datePublished\":\"2013-07-12T00:22:10+00:00\",\"mainEntityOfPage\":{\"@id\":\"https:\\\/\\\/inclusivenews.com.br\\\/?p=25033\"},\"wordCount\":930,\"commentCount\":0,\"publisher\":{\"@id\":\"https:\\\/\\\/inclusivenews.com.br\\\/#organization\"},\"image\":{\"@id\":\"https:\\\/\\\/inclusivenews.com.br\\\/?p=25033#primaryimage\"},\"thumbnailUrl\":\"http:\\\/\\\/inclusivenews.com.br\\\/wp-content\\\/uploads\\\/veras-que-um-filho-teu.jpg\",\"articleSection\":[\"CAMPANHAS\",\"Cultura\"],\"inLanguage\":\"pt-PT\",\"potentialAction\":[{\"@type\":\"CommentAction\",\"name\":\"Comment\",\"target\":[\"https:\\\/\\\/inclusivenews.com.br\\\/?p=25033#respond\"]}]},{\"@type\":\"WebPage\",\"@id\":\"https:\\\/\\\/inclusivenews.com.br\\\/?p=25033\",\"url\":\"https:\\\/\\\/inclusivenews.com.br\\\/?p=25033\",\"name\":\"Ouvirundum: O resgate do Hino Nacional -\",\"isPartOf\":{\"@id\":\"https:\\\/\\\/inclusivenews.com.br\\\/#website\"},\"primaryImageOfPage\":{\"@id\":\"https:\\\/\\\/inclusivenews.com.br\\\/?p=25033#primaryimage\"},\"image\":{\"@id\":\"https:\\\/\\\/inclusivenews.com.br\\\/?p=25033#primaryimage\"},\"thumbnailUrl\":\"http:\\\/\\\/inclusivenews.com.br\\\/wp-content\\\/uploads\\\/veras-que-um-filho-teu.jpg\",\"datePublished\":\"2013-07-12T00:22:10+00:00\",\"breadcrumb\":{\"@id\":\"https:\\\/\\\/inclusivenews.com.br\\\/?p=25033#breadcrumb\"},\"inLanguage\":\"pt-PT\",\"potentialAction\":[{\"@type\":\"ReadAction\",\"target\":[\"https:\\\/\\\/inclusivenews.com.br\\\/?p=25033\"]}]},{\"@type\":\"ImageObject\",\"inLanguage\":\"pt-PT\",\"@id\":\"https:\\\/\\\/inclusivenews.com.br\\\/?p=25033#primaryimage\",\"url\":\"\",\"contentUrl\":\"\"},{\"@type\":\"BreadcrumbList\",\"@id\":\"https:\\\/\\\/inclusivenews.com.br\\\/?p=25033#breadcrumb\",\"itemListElement\":[{\"@type\":\"ListItem\",\"position\":1,\"name\":\"In\u00edcio\",\"item\":\"https:\\\/\\\/inclusivenews.com.br\\\/\"},{\"@type\":\"ListItem\",\"position\":2,\"name\":\"Ouvirundum: O resgate do Hino Nacional\"}]},{\"@type\":\"WebSite\",\"@id\":\"https:\\\/\\\/inclusivenews.com.br\\\/#website\",\"url\":\"https:\\\/\\\/inclusivenews.com.br\\\/\",\"name\":\"Inclusive News\",\"description\":\"Inclusive News\",\"publisher\":{\"@id\":\"https:\\\/\\\/inclusivenews.com.br\\\/#organization\"},\"potentialAction\":[{\"@type\":\"SearchAction\",\"target\":{\"@type\":\"EntryPoint\",\"urlTemplate\":\"https:\\\/\\\/inclusivenews.com.br\\\/?s={search_term_string}\"},\"query-input\":{\"@type\":\"PropertyValueSpecification\",\"valueRequired\":true,\"valueName\":\"search_term_string\"}}],\"inLanguage\":\"pt-PT\"},{\"@type\":\"Organization\",\"@id\":\"https:\\\/\\\/inclusivenews.com.br\\\/#organization\",\"name\":\"Inclusive - inclus\u00e3o e cidadania\",\"url\":\"https:\\\/\\\/inclusivenews.com.br\\\/\",\"logo\":{\"@type\":\"ImageObject\",\"inLanguage\":\"pt-PT\",\"@id\":\"https:\\\/\\\/inclusivenews.com.br\\\/#\\\/schema\\\/logo\\\/image\\\/\",\"url\":\"https:\\\/\\\/inclusivenews.com.br\\\/wp-content\\\/uploads\\\/2024\\\/03\\\/@grandesite.png\",\"contentUrl\":\"https:\\\/\\\/inclusivenews.com.br\\\/wp-content\\\/uploads\\\/2024\\\/03\\\/@grandesite.png\",\"width\":1080,\"height\":1080,\"caption\":\"Inclusive - inclus\u00e3o e cidadania\"},\"image\":{\"@id\":\"https:\\\/\\\/inclusivenews.com.br\\\/#\\\/schema\\\/logo\\\/image\\\/\"},\"sameAs\":[\"https:\\\/\\\/www.facebook.com\\\/agenciainclusive\\\/\",\"https:\\\/\\\/www.instagram.com\\\/newsinclusive\\\/\"]},{\"@type\":\"Person\",\"@id\":\"https:\\\/\\\/inclusivenews.com.br\\\/#\\\/schema\\\/person\\\/ae4ec7087559b8692fb33b6fffd2273b\",\"name\":\"inclusivenews2024\",\"image\":{\"@type\":\"ImageObject\",\"inLanguage\":\"pt-PT\",\"@id\":\"https:\\\/\\\/secure.gravatar.com\\\/avatar\\\/c5a7ef84c66fa914f55bc4f7ce26cfa275a3b9a1c5568b907bd184fb4dde7b40?s=96&d=mm&r=g\",\"url\":\"https:\\\/\\\/secure.gravatar.com\\\/avatar\\\/c5a7ef84c66fa914f55bc4f7ce26cfa275a3b9a1c5568b907bd184fb4dde7b40?s=96&d=mm&r=g\",\"contentUrl\":\"https:\\\/\\\/secure.gravatar.com\\\/avatar\\\/c5a7ef84c66fa914f55bc4f7ce26cfa275a3b9a1c5568b907bd184fb4dde7b40?s=96&d=mm&r=g\",\"caption\":\"inclusivenews2024\"},\"sameAs\":[\"https:\\\/\\\/inclusivenews.com.br\"],\"url\":\"https:\\\/\\\/inclusivenews.com.br\\\/?author=1\"}]}<\/script>\n<!-- \/ Yoast SEO plugin. -->","yoast_head_json":{"title":"Ouvirundum: O resgate do Hino Nacional -","robots":{"index":"index","follow":"follow","max-snippet":"max-snippet:-1","max-image-preview":"max-image-preview:large","max-video-preview":"max-video-preview:-1"},"canonical":"https:\/\/inclusivenews.com.br\/?p=25033","og_locale":"pt_PT","og_type":"article","og_title":"Ouvirundum: O resgate do Hino Nacional -","og_description":"Livro infanto-juvenl conta a hist\u00f3ria do hino nacional brasileiro.","og_url":"https:\/\/inclusivenews.com.br\/?p=25033","article_publisher":"https:\/\/www.facebook.com\/agenciainclusive\/","article_published_time":"2013-07-12T00:22:10+00:00","og_image":[{"url":"http:\/\/inclusivenews.com.br\/wp-content\/uploads\/veras-que-um-filho-teu.jpg","type":"","width":"","height":""}],"author":"inclusivenews2024","twitter_card":"summary_large_image","twitter_misc":{"Escrito por":"inclusivenews2024","Tempo estimado de leitura":"5 minutos"},"schema":{"@context":"https:\/\/schema.org","@graph":[{"@type":"Article","@id":"https:\/\/inclusivenews.com.br\/?p=25033#article","isPartOf":{"@id":"https:\/\/inclusivenews.com.br\/?p=25033"},"author":{"name":"inclusivenews2024","@id":"https:\/\/inclusivenews.com.br\/#\/schema\/person\/ae4ec7087559b8692fb33b6fffd2273b"},"headline":"Ouvirundum: O resgate do Hino Nacional","datePublished":"2013-07-12T00:22:10+00:00","mainEntityOfPage":{"@id":"https:\/\/inclusivenews.com.br\/?p=25033"},"wordCount":930,"commentCount":0,"publisher":{"@id":"https:\/\/inclusivenews.com.br\/#organization"},"image":{"@id":"https:\/\/inclusivenews.com.br\/?p=25033#primaryimage"},"thumbnailUrl":"http:\/\/inclusivenews.com.br\/wp-content\/uploads\/veras-que-um-filho-teu.jpg","articleSection":["CAMPANHAS","Cultura"],"inLanguage":"pt-PT","potentialAction":[{"@type":"CommentAction","name":"Comment","target":["https:\/\/inclusivenews.com.br\/?p=25033#respond"]}]},{"@type":"WebPage","@id":"https:\/\/inclusivenews.com.br\/?p=25033","url":"https:\/\/inclusivenews.com.br\/?p=25033","name":"Ouvirundum: O resgate do Hino Nacional -","isPartOf":{"@id":"https:\/\/inclusivenews.com.br\/#website"},"primaryImageOfPage":{"@id":"https:\/\/inclusivenews.com.br\/?p=25033#primaryimage"},"image":{"@id":"https:\/\/inclusivenews.com.br\/?p=25033#primaryimage"},"thumbnailUrl":"http:\/\/inclusivenews.com.br\/wp-content\/uploads\/veras-que-um-filho-teu.jpg","datePublished":"2013-07-12T00:22:10+00:00","breadcrumb":{"@id":"https:\/\/inclusivenews.com.br\/?p=25033#breadcrumb"},"inLanguage":"pt-PT","potentialAction":[{"@type":"ReadAction","target":["https:\/\/inclusivenews.com.br\/?p=25033"]}]},{"@type":"ImageObject","inLanguage":"pt-PT","@id":"https:\/\/inclusivenews.com.br\/?p=25033#primaryimage","url":"","contentUrl":""},{"@type":"BreadcrumbList","@id":"https:\/\/inclusivenews.com.br\/?p=25033#breadcrumb","itemListElement":[{"@type":"ListItem","position":1,"name":"In\u00edcio","item":"https:\/\/inclusivenews.com.br\/"},{"@type":"ListItem","position":2,"name":"Ouvirundum: O resgate do Hino Nacional"}]},{"@type":"WebSite","@id":"https:\/\/inclusivenews.com.br\/#website","url":"https:\/\/inclusivenews.com.br\/","name":"Inclusive News","description":"Inclusive News","publisher":{"@id":"https:\/\/inclusivenews.com.br\/#organization"},"potentialAction":[{"@type":"SearchAction","target":{"@type":"EntryPoint","urlTemplate":"https:\/\/inclusivenews.com.br\/?s={search_term_string}"},"query-input":{"@type":"PropertyValueSpecification","valueRequired":true,"valueName":"search_term_string"}}],"inLanguage":"pt-PT"},{"@type":"Organization","@id":"https:\/\/inclusivenews.com.br\/#organization","name":"Inclusive - inclus\u00e3o e cidadania","url":"https:\/\/inclusivenews.com.br\/","logo":{"@type":"ImageObject","inLanguage":"pt-PT","@id":"https:\/\/inclusivenews.com.br\/#\/schema\/logo\/image\/","url":"https:\/\/inclusivenews.com.br\/wp-content\/uploads\/2024\/03\/@grandesite.png","contentUrl":"https:\/\/inclusivenews.com.br\/wp-content\/uploads\/2024\/03\/@grandesite.png","width":1080,"height":1080,"caption":"Inclusive - inclus\u00e3o e cidadania"},"image":{"@id":"https:\/\/inclusivenews.com.br\/#\/schema\/logo\/image\/"},"sameAs":["https:\/\/www.facebook.com\/agenciainclusive\/","https:\/\/www.instagram.com\/newsinclusive\/"]},{"@type":"Person","@id":"https:\/\/inclusivenews.com.br\/#\/schema\/person\/ae4ec7087559b8692fb33b6fffd2273b","name":"inclusivenews2024","image":{"@type":"ImageObject","inLanguage":"pt-PT","@id":"https:\/\/secure.gravatar.com\/avatar\/c5a7ef84c66fa914f55bc4f7ce26cfa275a3b9a1c5568b907bd184fb4dde7b40?s=96&d=mm&r=g","url":"https:\/\/secure.gravatar.com\/avatar\/c5a7ef84c66fa914f55bc4f7ce26cfa275a3b9a1c5568b907bd184fb4dde7b40?s=96&d=mm&r=g","contentUrl":"https:\/\/secure.gravatar.com\/avatar\/c5a7ef84c66fa914f55bc4f7ce26cfa275a3b9a1c5568b907bd184fb4dde7b40?s=96&d=mm&r=g","caption":"inclusivenews2024"},"sameAs":["https:\/\/inclusivenews.com.br"],"url":"https:\/\/inclusivenews.com.br\/?author=1"}]}},"_links":{"self":[{"href":"https:\/\/inclusivenews.com.br\/index.php?rest_route=\/wp\/v2\/posts\/25033","targetHints":{"allow":["GET"]}}],"collection":[{"href":"https:\/\/inclusivenews.com.br\/index.php?rest_route=\/wp\/v2\/posts"}],"about":[{"href":"https:\/\/inclusivenews.com.br\/index.php?rest_route=\/wp\/v2\/types\/post"}],"author":[{"embeddable":true,"href":"https:\/\/inclusivenews.com.br\/index.php?rest_route=\/wp\/v2\/users\/1"}],"replies":[{"embeddable":true,"href":"https:\/\/inclusivenews.com.br\/index.php?rest_route=%2Fwp%2Fv2%2Fcomments&post=25033"}],"version-history":[{"count":0,"href":"https:\/\/inclusivenews.com.br\/index.php?rest_route=\/wp\/v2\/posts\/25033\/revisions"}],"wp:attachment":[{"href":"https:\/\/inclusivenews.com.br\/index.php?rest_route=%2Fwp%2Fv2%2Fmedia&parent=25033"}],"wp:term":[{"taxonomy":"category","embeddable":true,"href":"https:\/\/inclusivenews.com.br\/index.php?rest_route=%2Fwp%2Fv2%2Fcategories&post=25033"},{"taxonomy":"post_tag","embeddable":true,"href":"https:\/\/inclusivenews.com.br\/index.php?rest_route=%2Fwp%2Fv2%2Ftags&post=25033"}],"curies":[{"name":"wp","href":"https:\/\/api.w.org\/{rel}","templated":true}]}}