{"id":25123,"date":"2013-07-31T08:50:11","date_gmt":"2013-07-31T11:50:11","guid":{"rendered":"http:\/\/www.inclusive.org.br\/?p=25123"},"modified":"2013-07-31T08:50:11","modified_gmt":"2013-07-31T11:50:11","slug":"pedras-cariocas","status":"publish","type":"post","link":"https:\/\/inclusivenews.com.br\/?p=25123","title":{"rendered":"Pedras cariocas"},"content":{"rendered":"<figure id=\"attachment_25129\" aria-describedby=\"caption-attachment-25129\" style=\"width: 300px\" class=\"wp-caption alignleft\"><img loading=\"lazy\" decoding=\"async\" class=\"size-medium wp-image-25129\" title=\"Cal\u00e7amentos decorativos em mosaico\" src=\"http:\/\/inclusivenews.com.br\/wp-content\/uploads\/calcadas-300x196.png\" alt=\"Cal\u00e7amentos decorativos em mosaico\" width=\"300\" height=\"196\" \/><figcaption id=\"caption-attachment-25129\" class=\"wp-caption-text\"> <\/figcaption><\/figure>\n<p><em>Por Andrei Bastos *<\/em><\/p>\n<p>O prefeito Eduardo Paes pediu desculpas \u00e0 atriz Beatriz Segall, de 87 anos, que trope\u00e7ou em pedras portuguesas soltas numa cal\u00e7ada da Zona Sul do Rio e machucou um olho seriamente. \u201c\u00c9 incr\u00edvel como o Rio est\u00e1 abandonado\u201d, denunciou a atriz, moradora de S\u00e3o Paulo.<\/p>\n<p>Paes tamb\u00e9m disse: &#8220;Vida de prefeito \u00e9 dura. Vai da cal\u00e7ada da G\u00e1vea ao deslocamento do Papa.&#8221; Ora, mesmo que s\u00f3 quisesse passear pelas cal\u00e7adas da cidade que administraria, o prefeito teria que consert\u00e1-las, antes que idosos, cadeirantes, cegos e muletantes an\u00f4nimos se acidentassem nos seus buracos, todos os dias, e que o trope\u00e7o de uma atriz famosa expusesse o problema.<\/p>\n<p>Beatriz Segall tem raz\u00e3o quando denuncia o abandono do Rio, mas n\u00e3o quando diz que S\u00e3o Paulo est\u00e1 em melhores condi\u00e7\u00f5es porque o povo de l\u00e1 reclama mais. \u00c9 preciso dizer que a acessibilidade nas cal\u00e7adas dos paulistanos \u00e9 encontrada em apenas 500 dos seus 30 mil quil\u00f4metros, segundo Mara Gabrilli, o que \u00e9 rid\u00edculo e n\u00e3o alcan\u00e7a os trope\u00e7antes an\u00f4nimos da periferia.<\/p>\n<p>Mas, longe de absolver Eduardo Paes, a compara\u00e7\u00e3o com S\u00e3o Paulo serve para expor a assustadora dimens\u00e3o do problema, que aprisiona pessoas com defici\u00eancia, idosos e outras pessoas com mobilidade reduzida de todo o pa\u00eds em suas pr\u00f3prias casas. Se nos maiores centros urbanos do Brasil \u00e9 assim, como ser\u00e1 nas outras cidades?<\/p>\n<p>Diante de tal dimens\u00e3o e da confus\u00e3o entre p\u00fablico e privado, pois as cal\u00e7adas s\u00e3o consideradas como de responsabilidade dos propriet\u00e1rios dos im\u00f3veis adjacentes, fica evidente a urg\u00eancia de se alterar a legisla\u00e7\u00e3o, reconhecendo-se a cal\u00e7ada como espa\u00e7o p\u00fablico, em definitivo, para facilitar a aplica\u00e7\u00e3o dos par\u00e2metros de acessibilidade nelas. Em muitas outras cidades do mundo com cal\u00e7adas acess\u00edveis, sua constru\u00e7\u00e3o e manuten\u00e7\u00e3o cabem ao poder p\u00fablico.<\/p>\n<p>Um outro aspecto do epis\u00f3dio do trope\u00e7o de Beatriz Segall, talvez mais importante do que tudo, \u00e9 que, guardadas as propor\u00e7\u00f5es, ele se soma a outros, entre os quais destaca-se o tr\u00e1gico inc\u00eandio da boate Kiss, na demonstra\u00e7\u00e3o de que a acessibilidade beneficia a todas as pessoas, com ou sem defici\u00eancia, e \u00e9 preciso que seus par\u00e2metros sejam incorporados aos cursos universit\u00e1rios pertinentes, como arquitetura, engenharia e design.<\/p>\n<p>Por tudo isso, prefeito Eduardo Paes, fa\u00e7a mais do que pedir desculpas \u00e0 nossa querida atriz de S\u00e3o Paulo e, ao mesmo tempo, pe\u00e7a desculpas todos os dias \u00e0s pessoas com defici\u00eancia, aos idosos e aos demais cidad\u00e3os com mobilidade reduzida do Rio de Janeiro: apresente um projeto de lei para fazer com que as cal\u00e7adas sejam de responsabilidade \u00fanica e expl\u00edcita do poder p\u00fablico municipal e, sem esperar pela lei, comece a torn\u00e1-las acess\u00edveis.<\/p>\n<p>Mesmo que o Rio n\u00e3o venha a se tornar uma Londres, onde as cal\u00e7adas s\u00e3o acess\u00edveis e uniformes e tudo mais a classifica como a cidade mais acess\u00edvel do mundo, os moradores da Cidade Maravilhosa n\u00e3o podem correr o risco de que, num segundo trope\u00e7o, a educada Beatriz Segall, que aceitou o pedido de desculpas de Paes, incorpore a personagem Odete Roitman.<\/p>\n<p><em>* Andrei Bastos \u00e9 jornalista.<\/em><\/p>\n<p>Fonte: O Globo, Opini\u00e3o, 30\/07\/2013.<\/p>\n","protected":false},"excerpt":{"rendered":"<p>Por Andrei Bastos &#8211; Mesmo que s\u00f3 quisesse passear pelas cal\u00e7adas da cidade que administraria, o prefeito teria que consert\u00e1-las, antes que idosos, cadeirantes, cegos e muletantes an\u00f4nimos se acidentassem nos seus buracos, todos os dias, e que o trope\u00e7o de uma atriz famosa expusesse o problema.<\/p>\n","protected":false},"author":1,"featured_media":0,"comment_status":"open","ping_status":"open","sticky":false,"template":"","format":"standard","meta":{"site-container-style":"default","site-container-layout":"default","site-sidebar-layout":"default","disable-article-header":"default","disable-site-header":"default","disable-site-footer":"default","disable-content-area-spacing":"default","footnotes":""},"categories":[8],"tags":[],"class_list":["post-25123","post","type-post","status-publish","format-standard","hentry","category-textos-e-artigos"],"yoast_head":"<!-- This site is optimized with the Yoast SEO plugin v27.4 - https:\/\/yoast.com\/product\/yoast-seo-wordpress\/ -->\n<title>Pedras cariocas -<\/title>\n<meta name=\"robots\" content=\"index, follow, max-snippet:-1, max-image-preview:large, max-video-preview:-1\" \/>\n<link rel=\"canonical\" href=\"https:\/\/inclusivenews.com.br\/?p=25123\" \/>\n<meta property=\"og:locale\" content=\"pt_PT\" \/>\n<meta property=\"og:type\" content=\"article\" \/>\n<meta property=\"og:title\" content=\"Pedras cariocas -\" \/>\n<meta property=\"og:description\" content=\"Por Andrei Bastos - Mesmo que s\u00f3 quisesse passear pelas cal\u00e7adas da cidade que administraria, o prefeito teria que consert\u00e1-las, antes que idosos, cadeirantes, cegos e muletantes an\u00f4nimos se acidentassem nos seus buracos, todos os dias, e que o trope\u00e7o de uma atriz famosa expusesse o problema.\" \/>\n<meta property=\"og:url\" content=\"https:\/\/inclusivenews.com.br\/?p=25123\" \/>\n<meta property=\"article:publisher\" content=\"https:\/\/www.facebook.com\/agenciainclusive\/\" \/>\n<meta property=\"article:published_time\" content=\"2013-07-31T11:50:11+00:00\" \/>\n<meta property=\"og:image\" content=\"http:\/\/inclusivenews.com.br\/wp-content\/uploads\/calcadas-300x196.png\" \/>\n<meta name=\"author\" content=\"inclusivenews2024\" \/>\n<meta name=\"twitter:card\" content=\"summary_large_image\" \/>\n<meta name=\"twitter:label1\" content=\"Escrito por\" \/>\n\t<meta name=\"twitter:data1\" content=\"inclusivenews2024\" \/>\n\t<meta name=\"twitter:label2\" content=\"Tempo estimado de leitura\" \/>\n\t<meta name=\"twitter:data2\" content=\"3 minutos\" \/>\n<script type=\"application\/ld+json\" class=\"yoast-schema-graph\">{\"@context\":\"https:\\\/\\\/schema.org\",\"@graph\":[{\"@type\":\"Article\",\"@id\":\"https:\\\/\\\/inclusivenews.com.br\\\/?p=25123#article\",\"isPartOf\":{\"@id\":\"https:\\\/\\\/inclusivenews.com.br\\\/?p=25123\"},\"author\":{\"name\":\"inclusivenews2024\",\"@id\":\"https:\\\/\\\/inclusivenews.com.br\\\/#\\\/schema\\\/person\\\/ae4ec7087559b8692fb33b6fffd2273b\"},\"headline\":\"Pedras cariocas\",\"datePublished\":\"2013-07-31T11:50:11+00:00\",\"mainEntityOfPage\":{\"@id\":\"https:\\\/\\\/inclusivenews.com.br\\\/?p=25123\"},\"wordCount\":575,\"commentCount\":3,\"publisher\":{\"@id\":\"https:\\\/\\\/inclusivenews.com.br\\\/#organization\"},\"image\":{\"@id\":\"https:\\\/\\\/inclusivenews.com.br\\\/?p=25123#primaryimage\"},\"thumbnailUrl\":\"http:\\\/\\\/inclusivenews.com.br\\\/wp-content\\\/uploads\\\/calcadas-300x196.png\",\"articleSection\":[\"OPINI\u00c3O\"],\"inLanguage\":\"pt-PT\",\"potentialAction\":[{\"@type\":\"CommentAction\",\"name\":\"Comment\",\"target\":[\"https:\\\/\\\/inclusivenews.com.br\\\/?p=25123#respond\"]}]},{\"@type\":\"WebPage\",\"@id\":\"https:\\\/\\\/inclusivenews.com.br\\\/?p=25123\",\"url\":\"https:\\\/\\\/inclusivenews.com.br\\\/?p=25123\",\"name\":\"Pedras cariocas -\",\"isPartOf\":{\"@id\":\"https:\\\/\\\/inclusivenews.com.br\\\/#website\"},\"primaryImageOfPage\":{\"@id\":\"https:\\\/\\\/inclusivenews.com.br\\\/?p=25123#primaryimage\"},\"image\":{\"@id\":\"https:\\\/\\\/inclusivenews.com.br\\\/?p=25123#primaryimage\"},\"thumbnailUrl\":\"http:\\\/\\\/inclusivenews.com.br\\\/wp-content\\\/uploads\\\/calcadas-300x196.png\",\"datePublished\":\"2013-07-31T11:50:11+00:00\",\"breadcrumb\":{\"@id\":\"https:\\\/\\\/inclusivenews.com.br\\\/?p=25123#breadcrumb\"},\"inLanguage\":\"pt-PT\",\"potentialAction\":[{\"@type\":\"ReadAction\",\"target\":[\"https:\\\/\\\/inclusivenews.com.br\\\/?p=25123\"]}]},{\"@type\":\"ImageObject\",\"inLanguage\":\"pt-PT\",\"@id\":\"https:\\\/\\\/inclusivenews.com.br\\\/?p=25123#primaryimage\",\"url\":\"\",\"contentUrl\":\"\"},{\"@type\":\"BreadcrumbList\",\"@id\":\"https:\\\/\\\/inclusivenews.com.br\\\/?p=25123#breadcrumb\",\"itemListElement\":[{\"@type\":\"ListItem\",\"position\":1,\"name\":\"In\u00edcio\",\"item\":\"https:\\\/\\\/inclusivenews.com.br\\\/\"},{\"@type\":\"ListItem\",\"position\":2,\"name\":\"Pedras cariocas\"}]},{\"@type\":\"WebSite\",\"@id\":\"https:\\\/\\\/inclusivenews.com.br\\\/#website\",\"url\":\"https:\\\/\\\/inclusivenews.com.br\\\/\",\"name\":\"Inclusive News\",\"description\":\"Inclusive News\",\"publisher\":{\"@id\":\"https:\\\/\\\/inclusivenews.com.br\\\/#organization\"},\"potentialAction\":[{\"@type\":\"SearchAction\",\"target\":{\"@type\":\"EntryPoint\",\"urlTemplate\":\"https:\\\/\\\/inclusivenews.com.br\\\/?s={search_term_string}\"},\"query-input\":{\"@type\":\"PropertyValueSpecification\",\"valueRequired\":true,\"valueName\":\"search_term_string\"}}],\"inLanguage\":\"pt-PT\"},{\"@type\":\"Organization\",\"@id\":\"https:\\\/\\\/inclusivenews.com.br\\\/#organization\",\"name\":\"Inclusive - inclus\u00e3o e cidadania\",\"url\":\"https:\\\/\\\/inclusivenews.com.br\\\/\",\"logo\":{\"@type\":\"ImageObject\",\"inLanguage\":\"pt-PT\",\"@id\":\"https:\\\/\\\/inclusivenews.com.br\\\/#\\\/schema\\\/logo\\\/image\\\/\",\"url\":\"https:\\\/\\\/inclusivenews.com.br\\\/wp-content\\\/uploads\\\/2024\\\/03\\\/@grandesite.png\",\"contentUrl\":\"https:\\\/\\\/inclusivenews.com.br\\\/wp-content\\\/uploads\\\/2024\\\/03\\\/@grandesite.png\",\"width\":1080,\"height\":1080,\"caption\":\"Inclusive - inclus\u00e3o e cidadania\"},\"image\":{\"@id\":\"https:\\\/\\\/inclusivenews.com.br\\\/#\\\/schema\\\/logo\\\/image\\\/\"},\"sameAs\":[\"https:\\\/\\\/www.facebook.com\\\/agenciainclusive\\\/\",\"https:\\\/\\\/www.instagram.com\\\/newsinclusive\\\/\"]},{\"@type\":\"Person\",\"@id\":\"https:\\\/\\\/inclusivenews.com.br\\\/#\\\/schema\\\/person\\\/ae4ec7087559b8692fb33b6fffd2273b\",\"name\":\"inclusivenews2024\",\"image\":{\"@type\":\"ImageObject\",\"inLanguage\":\"pt-PT\",\"@id\":\"https:\\\/\\\/secure.gravatar.com\\\/avatar\\\/c5a7ef84c66fa914f55bc4f7ce26cfa275a3b9a1c5568b907bd184fb4dde7b40?s=96&d=mm&r=g\",\"url\":\"https:\\\/\\\/secure.gravatar.com\\\/avatar\\\/c5a7ef84c66fa914f55bc4f7ce26cfa275a3b9a1c5568b907bd184fb4dde7b40?s=96&d=mm&r=g\",\"contentUrl\":\"https:\\\/\\\/secure.gravatar.com\\\/avatar\\\/c5a7ef84c66fa914f55bc4f7ce26cfa275a3b9a1c5568b907bd184fb4dde7b40?s=96&d=mm&r=g\",\"caption\":\"inclusivenews2024\"},\"sameAs\":[\"https:\\\/\\\/inclusivenews.com.br\"],\"url\":\"https:\\\/\\\/inclusivenews.com.br\\\/?author=1\"}]}<\/script>\n<!-- \/ Yoast SEO plugin. -->","yoast_head_json":{"title":"Pedras cariocas -","robots":{"index":"index","follow":"follow","max-snippet":"max-snippet:-1","max-image-preview":"max-image-preview:large","max-video-preview":"max-video-preview:-1"},"canonical":"https:\/\/inclusivenews.com.br\/?p=25123","og_locale":"pt_PT","og_type":"article","og_title":"Pedras cariocas -","og_description":"Por Andrei Bastos - Mesmo que s\u00f3 quisesse passear pelas cal\u00e7adas da cidade que administraria, o prefeito teria que consert\u00e1-las, antes que idosos, cadeirantes, cegos e muletantes an\u00f4nimos se acidentassem nos seus buracos, todos os dias, e que o trope\u00e7o de uma atriz famosa expusesse o problema.","og_url":"https:\/\/inclusivenews.com.br\/?p=25123","article_publisher":"https:\/\/www.facebook.com\/agenciainclusive\/","article_published_time":"2013-07-31T11:50:11+00:00","og_image":[{"url":"http:\/\/inclusivenews.com.br\/wp-content\/uploads\/calcadas-300x196.png","type":"","width":"","height":""}],"author":"inclusivenews2024","twitter_card":"summary_large_image","twitter_misc":{"Escrito por":"inclusivenews2024","Tempo estimado de leitura":"3 minutos"},"schema":{"@context":"https:\/\/schema.org","@graph":[{"@type":"Article","@id":"https:\/\/inclusivenews.com.br\/?p=25123#article","isPartOf":{"@id":"https:\/\/inclusivenews.com.br\/?p=25123"},"author":{"name":"inclusivenews2024","@id":"https:\/\/inclusivenews.com.br\/#\/schema\/person\/ae4ec7087559b8692fb33b6fffd2273b"},"headline":"Pedras cariocas","datePublished":"2013-07-31T11:50:11+00:00","mainEntityOfPage":{"@id":"https:\/\/inclusivenews.com.br\/?p=25123"},"wordCount":575,"commentCount":3,"publisher":{"@id":"https:\/\/inclusivenews.com.br\/#organization"},"image":{"@id":"https:\/\/inclusivenews.com.br\/?p=25123#primaryimage"},"thumbnailUrl":"http:\/\/inclusivenews.com.br\/wp-content\/uploads\/calcadas-300x196.png","articleSection":["OPINI\u00c3O"],"inLanguage":"pt-PT","potentialAction":[{"@type":"CommentAction","name":"Comment","target":["https:\/\/inclusivenews.com.br\/?p=25123#respond"]}]},{"@type":"WebPage","@id":"https:\/\/inclusivenews.com.br\/?p=25123","url":"https:\/\/inclusivenews.com.br\/?p=25123","name":"Pedras cariocas -","isPartOf":{"@id":"https:\/\/inclusivenews.com.br\/#website"},"primaryImageOfPage":{"@id":"https:\/\/inclusivenews.com.br\/?p=25123#primaryimage"},"image":{"@id":"https:\/\/inclusivenews.com.br\/?p=25123#primaryimage"},"thumbnailUrl":"http:\/\/inclusivenews.com.br\/wp-content\/uploads\/calcadas-300x196.png","datePublished":"2013-07-31T11:50:11+00:00","breadcrumb":{"@id":"https:\/\/inclusivenews.com.br\/?p=25123#breadcrumb"},"inLanguage":"pt-PT","potentialAction":[{"@type":"ReadAction","target":["https:\/\/inclusivenews.com.br\/?p=25123"]}]},{"@type":"ImageObject","inLanguage":"pt-PT","@id":"https:\/\/inclusivenews.com.br\/?p=25123#primaryimage","url":"","contentUrl":""},{"@type":"BreadcrumbList","@id":"https:\/\/inclusivenews.com.br\/?p=25123#breadcrumb","itemListElement":[{"@type":"ListItem","position":1,"name":"In\u00edcio","item":"https:\/\/inclusivenews.com.br\/"},{"@type":"ListItem","position":2,"name":"Pedras cariocas"}]},{"@type":"WebSite","@id":"https:\/\/inclusivenews.com.br\/#website","url":"https:\/\/inclusivenews.com.br\/","name":"Inclusive News","description":"Inclusive News","publisher":{"@id":"https:\/\/inclusivenews.com.br\/#organization"},"potentialAction":[{"@type":"SearchAction","target":{"@type":"EntryPoint","urlTemplate":"https:\/\/inclusivenews.com.br\/?s={search_term_string}"},"query-input":{"@type":"PropertyValueSpecification","valueRequired":true,"valueName":"search_term_string"}}],"inLanguage":"pt-PT"},{"@type":"Organization","@id":"https:\/\/inclusivenews.com.br\/#organization","name":"Inclusive - inclus\u00e3o e cidadania","url":"https:\/\/inclusivenews.com.br\/","logo":{"@type":"ImageObject","inLanguage":"pt-PT","@id":"https:\/\/inclusivenews.com.br\/#\/schema\/logo\/image\/","url":"https:\/\/inclusivenews.com.br\/wp-content\/uploads\/2024\/03\/@grandesite.png","contentUrl":"https:\/\/inclusivenews.com.br\/wp-content\/uploads\/2024\/03\/@grandesite.png","width":1080,"height":1080,"caption":"Inclusive - inclus\u00e3o e cidadania"},"image":{"@id":"https:\/\/inclusivenews.com.br\/#\/schema\/logo\/image\/"},"sameAs":["https:\/\/www.facebook.com\/agenciainclusive\/","https:\/\/www.instagram.com\/newsinclusive\/"]},{"@type":"Person","@id":"https:\/\/inclusivenews.com.br\/#\/schema\/person\/ae4ec7087559b8692fb33b6fffd2273b","name":"inclusivenews2024","image":{"@type":"ImageObject","inLanguage":"pt-PT","@id":"https:\/\/secure.gravatar.com\/avatar\/c5a7ef84c66fa914f55bc4f7ce26cfa275a3b9a1c5568b907bd184fb4dde7b40?s=96&d=mm&r=g","url":"https:\/\/secure.gravatar.com\/avatar\/c5a7ef84c66fa914f55bc4f7ce26cfa275a3b9a1c5568b907bd184fb4dde7b40?s=96&d=mm&r=g","contentUrl":"https:\/\/secure.gravatar.com\/avatar\/c5a7ef84c66fa914f55bc4f7ce26cfa275a3b9a1c5568b907bd184fb4dde7b40?s=96&d=mm&r=g","caption":"inclusivenews2024"},"sameAs":["https:\/\/inclusivenews.com.br"],"url":"https:\/\/inclusivenews.com.br\/?author=1"}]}},"_links":{"self":[{"href":"https:\/\/inclusivenews.com.br\/index.php?rest_route=\/wp\/v2\/posts\/25123","targetHints":{"allow":["GET"]}}],"collection":[{"href":"https:\/\/inclusivenews.com.br\/index.php?rest_route=\/wp\/v2\/posts"}],"about":[{"href":"https:\/\/inclusivenews.com.br\/index.php?rest_route=\/wp\/v2\/types\/post"}],"author":[{"embeddable":true,"href":"https:\/\/inclusivenews.com.br\/index.php?rest_route=\/wp\/v2\/users\/1"}],"replies":[{"embeddable":true,"href":"https:\/\/inclusivenews.com.br\/index.php?rest_route=%2Fwp%2Fv2%2Fcomments&post=25123"}],"version-history":[{"count":0,"href":"https:\/\/inclusivenews.com.br\/index.php?rest_route=\/wp\/v2\/posts\/25123\/revisions"}],"wp:attachment":[{"href":"https:\/\/inclusivenews.com.br\/index.php?rest_route=%2Fwp%2Fv2%2Fmedia&parent=25123"}],"wp:term":[{"taxonomy":"category","embeddable":true,"href":"https:\/\/inclusivenews.com.br\/index.php?rest_route=%2Fwp%2Fv2%2Fcategories&post=25123"},{"taxonomy":"post_tag","embeddable":true,"href":"https:\/\/inclusivenews.com.br\/index.php?rest_route=%2Fwp%2Fv2%2Ftags&post=25123"}],"curies":[{"name":"wp","href":"https:\/\/api.w.org\/{rel}","templated":true}]}}