{"id":25152,"date":"2013-08-05T20:19:41","date_gmt":"2013-08-05T23:19:41","guid":{"rendered":"http:\/\/www.inclusive.org.br\/?p=25152"},"modified":"2013-08-05T20:19:41","modified_gmt":"2013-08-05T23:19:41","slug":"professora-com-sindrome-de-down-lanca-livro-de-fabulas-sobre-inclusao","status":"publish","type":"post","link":"https:\/\/inclusivenews.com.br\/?p=25152","title":{"rendered":"Professora com s\u00edndrome de Down lan\u00e7a livro de f\u00e1bulas sobre inclus\u00e3o"},"content":{"rendered":"<figure style=\"width: 304px\" class=\"wp-caption alignleft\"><img loading=\"lazy\" decoding=\"async\" class=\"  \" title=\"D\u00e9bora e a capa do livro\" src=\"http:\/\/s2.glbimg.com\/kZg4HKQdlJ0kw6Nbd5ewPAOYlW8=\/s.glbimg.com\/jo\/g1\/f\/original\/2013\/07\/31\/debora-seabra.jpg\" alt=\" \" width=\"304\" height=\"228\" \/><figcaption class=\"wp-caption-text\">(Foto: Divulga\u00e7\u00e3o)<\/figcaption><\/figure>\n<p>D\u00e9bora Ara\u00fajo Seabra de Moura, de 32 anos, a primeira professora com s\u00edndrome de Down do Brasil, acaba de lan\u00e7ar um livro com f\u00e1bulas infantis que t\u00eam a inclus\u00e3o como pano de fundo. O livro traz contos que se passam em uma fazenda e t\u00eam os animais como protagonistas. Eles lidam com problemas humanos como preconceito e rejei\u00e7\u00e3o, caso do sapo deficiente que n\u00e3o conseguia nadar, da galinha exclu\u00edda do grupo por ser surda e do passarinho de asa quebrada que precisou ganhar a confian\u00e7a dos outros bichos para poder voar com eles.<\/p>\n<p>Com 32 p\u00e1ginas, a obra D\u00e9bora conta hist\u00f3rias (Araguaia Infantil, R$ 34,90) estar\u00e1 \u00e0 venda nas livrarias a partir desta segunda-feira (5). As ilustra\u00e7\u00f5es s\u00e3o de Bruna Assis Brasil.<\/p>\n<p>A professora tamb\u00e9m usa os bichos para abordar a import\u00e2ncia da toler\u00e2ncia, respeito e amizade. Uma das f\u00e1bulas \u00e9 sobre a discrimina\u00e7\u00e3o que o pato sofria por n\u00e3o querer namorar outras patas, e sim, patos.<\/p>\n<p>Em outra, D\u00e9bora conta a hist\u00f3ria de amizade entre um cachorro e um papagaio. Alguns contos foram escritos baseados em situa\u00e7\u00f5es vividas por ela. O texto da contracapa \u00e9 do escritor, membro da Academia Brasileira de Letras, Jo\u00e3o Ubaldo Ribeiro.<\/p>\n<p>Usei os animais, mas as hist\u00f3rias se encaixam aos humanos. \u00c9 preciso respeitar e incluir todo mundo, aceitar as diferen\u00e7as de cada um. Ainda existe preconceito, afirma D\u00e9bora.<\/p>\n<p>O livro nasceu em 2010, quando a jovem resolveu escrev\u00ea-lo para dar presente de Natal aos pais, o m\u00e9dico psiquiatra Jos\u00e9 Rob\u00e9rio e a advogada Margarida Seabra. Queria fazer uma surpresa, e eles ficaram felizes, adoraram a ideia.<\/p>\n<p>Margarida lembra que a filha passou alguns meses dedicada a escrever a obra escondida no quarto, quando a m\u00e3e entrava de surpresa ela tratava logo de proteger o presente.<\/p>\n<p>A gente n\u00e3o imaginava, ach\u00e1vamos que fosse um di\u00e1rio. Os contos n\u00e3o foram escritos com a expectativa de se tornar livro, mas como o resultado agradou a todos, Margarida se rendeu aos conselhos e pedidos dos amigos e da fam\u00edlia e foi em busca de uma editora. Antes, cogitou public\u00e1-lo de forma independente, mas n\u00e3o foi preciso.<\/p>\n<p>N\u00e3o foi a primeira vez que a professora testou o lado escritora. Antes do livro de f\u00e1bulas, escreveu a pr\u00f3pria hist\u00f3ria que depois de ter as folhas impressas e presas por um espiral, foi dada aos pais. Toda a fam\u00edlia leu, guardamos como lembran\u00e7a, mas achei que era comum. J\u00e1 com as f\u00e1bulas fiquei muito emocionada. As pessoas se surpreenderam pela dedicadeza das hist\u00f3rias, diz Margarida.<\/p>\n<p>A obra D\u00e9bora conta hist\u00f3rias ser\u00e1 lan\u00e7ada oficialmente no m\u00eas de setembro em um evento para convidados, em Natal. Ainda n\u00e3o h\u00e1 data definida.<\/p>\n<p>Escolas regulares<br \/>\nA autora da obra nasceu em Natal (RN) e h\u00e1 nove anos trabalha como professora assistente em um col\u00e9gio particular tradicional da cidade, a Escola Dom\u00e9stica. D\u00e9bora sempre estudou em escolas da rede regular de ensino e se formou no curso de magist\u00e9rio, de n\u00edvel m\u00e9dio, em 2005.<\/p>\n<p>Quando come\u00e7ou a frequentar a escola, pouco se sabia sobre a s\u00edndrome de Down. D\u00e9bora contou com o apoio da fam\u00edlia que contrariou a tend\u00eancia de matricular a filha uma escola especial, assim como fazia os pais naquela \u00e9poca. Nunca cogitei uma escola especial porque D\u00e9bora era uma crian\u00e7a comum. A escola especial era discriminat\u00f3ria e ela precisava de desafios. N\u00e3o sabia muito bem como seria, mas estava aberta para ajudar minha filha a encarar qualquer coisa, diz Margarida.<\/p>\n<p>Nem sempre foi f\u00e1cil. D\u00e9bora j\u00e1 foi v\u00edtima de preconceito. Ainda na educa\u00e7\u00e3o infantil, lembra de ter sido chamada de \u00b4mongol\u00b4 por um garoto. Ela chorou, ficou magoada, mas encontrou na professora uma aliada que explicou \u00e0 classe que \u00b4mong\u00f3is\u00b4 eram os habitantes da Mong\u00f3lia e ainda ensinou as crian\u00e7as o que era a s\u00edndrome de Down.<\/p>\n<p>Por conta de sua experi\u00eancia com professora, D\u00e9bora j\u00e1 foi convidada para palestrar em v\u00e1rias partes do pa\u00eds e at\u00e9 fora dele, como Argentina e Portugal. Sempre que pode participa de iniciativas para ajudar a combater o preconceito, como apresenta\u00e7\u00f5es teatrais &#8211; mais uma de suas paix\u00f5es.<\/p>\n<p>Fonte: G1<\/p>\n","protected":false},"excerpt":{"rendered":"<p>O livro traz contos que se passam em uma fazenda e t\u00eam os animais como protagonistas. Eles lidam com problemas humanos como preconceito e rejei\u00e7\u00e3o, caso do sapo deficiente que n\u00e3o conseguia nadar, da galinha exclu\u00edda do grupo por ser surda e do passarinho de asa quebrada que precisou ganhar a confian\u00e7a dos outros bichos para poder voar com eles.<\/p>\n","protected":false},"author":1,"featured_media":0,"comment_status":"open","ping_status":"open","sticky":false,"template":"","format":"standard","meta":{"site-container-style":"default","site-container-layout":"default","site-sidebar-layout":"default","disable-article-header":"default","disable-site-header":"default","disable-site-footer":"default","disable-content-area-spacing":"default","footnotes":""},"categories":[48,50,51,10],"tags":[],"class_list":["post-25152","post","type-post","status-publish","format-standard","hentry","category-inclusao","category-lancamentos","category-livros","category-publicacoes"],"yoast_head":"<!-- This site is optimized with the Yoast SEO plugin v27.4 - https:\/\/yoast.com\/product\/yoast-seo-wordpress\/ -->\n<title>Professora com s\u00edndrome de Down lan\u00e7a livro de f\u00e1bulas sobre inclus\u00e3o -<\/title>\n<meta name=\"robots\" content=\"index, follow, max-snippet:-1, max-image-preview:large, max-video-preview:-1\" \/>\n<link rel=\"canonical\" href=\"https:\/\/inclusivenews.com.br\/?p=25152\" \/>\n<meta property=\"og:locale\" content=\"pt_PT\" \/>\n<meta property=\"og:type\" content=\"article\" \/>\n<meta property=\"og:title\" content=\"Professora com s\u00edndrome de Down lan\u00e7a livro de f\u00e1bulas sobre inclus\u00e3o -\" \/>\n<meta property=\"og:description\" content=\"O livro traz contos que se passam em uma fazenda e t\u00eam os animais como protagonistas. Eles lidam com problemas humanos como preconceito e rejei\u00e7\u00e3o, caso do sapo deficiente que n\u00e3o conseguia nadar, da galinha exclu\u00edda do grupo por ser surda e do passarinho de asa quebrada que precisou ganhar a confian\u00e7a dos outros bichos para poder voar com eles.\" \/>\n<meta property=\"og:url\" content=\"https:\/\/inclusivenews.com.br\/?p=25152\" \/>\n<meta property=\"article:publisher\" content=\"https:\/\/www.facebook.com\/agenciainclusive\/\" \/>\n<meta property=\"article:published_time\" content=\"2013-08-05T23:19:41+00:00\" \/>\n<meta property=\"og:image\" content=\"http:\/\/s2.glbimg.com\/kZg4HKQdlJ0kw6Nbd5ewPAOYlW8=\/s.glbimg.com\/jo\/g1\/f\/original\/2013\/07\/31\/debora-seabra.jpg\" \/>\n<meta name=\"author\" content=\"inclusivenews2024\" \/>\n<meta name=\"twitter:card\" content=\"summary_large_image\" \/>\n<meta name=\"twitter:label1\" content=\"Escrito por\" \/>\n\t<meta name=\"twitter:data1\" content=\"inclusivenews2024\" \/>\n\t<meta name=\"twitter:label2\" content=\"Tempo estimado de leitura\" \/>\n\t<meta name=\"twitter:data2\" content=\"4 minutos\" \/>\n<script type=\"application\/ld+json\" class=\"yoast-schema-graph\">{\"@context\":\"https:\\\/\\\/schema.org\",\"@graph\":[{\"@type\":\"Article\",\"@id\":\"https:\\\/\\\/inclusivenews.com.br\\\/?p=25152#article\",\"isPartOf\":{\"@id\":\"https:\\\/\\\/inclusivenews.com.br\\\/?p=25152\"},\"author\":{\"name\":\"inclusivenews2024\",\"@id\":\"https:\\\/\\\/inclusivenews.com.br\\\/#\\\/schema\\\/person\\\/ae4ec7087559b8692fb33b6fffd2273b\"},\"headline\":\"Professora com s\u00edndrome de Down lan\u00e7a livro de f\u00e1bulas sobre inclus\u00e3o\",\"datePublished\":\"2013-08-05T23:19:41+00:00\",\"mainEntityOfPage\":{\"@id\":\"https:\\\/\\\/inclusivenews.com.br\\\/?p=25152\"},\"wordCount\":771,\"commentCount\":2,\"publisher\":{\"@id\":\"https:\\\/\\\/inclusivenews.com.br\\\/#organization\"},\"image\":{\"@id\":\"https:\\\/\\\/inclusivenews.com.br\\\/?p=25152#primaryimage\"},\"thumbnailUrl\":\"http:\\\/\\\/s2.glbimg.com\\\/kZg4HKQdlJ0kw6Nbd5ewPAOYlW8=\\\/s.glbimg.com\\\/jo\\\/g1\\\/f\\\/original\\\/2013\\\/07\\\/31\\\/debora-seabra.jpg\",\"articleSection\":[\"INCLUS\u00c3O SOCIAL\",\"Lan\u00e7amentos\",\"Livros\",\"PUBLICA\u00c7\u00d5ES\"],\"inLanguage\":\"pt-PT\",\"potentialAction\":[{\"@type\":\"CommentAction\",\"name\":\"Comment\",\"target\":[\"https:\\\/\\\/inclusivenews.com.br\\\/?p=25152#respond\"]}]},{\"@type\":\"WebPage\",\"@id\":\"https:\\\/\\\/inclusivenews.com.br\\\/?p=25152\",\"url\":\"https:\\\/\\\/inclusivenews.com.br\\\/?p=25152\",\"name\":\"Professora com s\u00edndrome de Down lan\u00e7a livro de f\u00e1bulas sobre inclus\u00e3o -\",\"isPartOf\":{\"@id\":\"https:\\\/\\\/inclusivenews.com.br\\\/#website\"},\"primaryImageOfPage\":{\"@id\":\"https:\\\/\\\/inclusivenews.com.br\\\/?p=25152#primaryimage\"},\"image\":{\"@id\":\"https:\\\/\\\/inclusivenews.com.br\\\/?p=25152#primaryimage\"},\"thumbnailUrl\":\"http:\\\/\\\/s2.glbimg.com\\\/kZg4HKQdlJ0kw6Nbd5ewPAOYlW8=\\\/s.glbimg.com\\\/jo\\\/g1\\\/f\\\/original\\\/2013\\\/07\\\/31\\\/debora-seabra.jpg\",\"datePublished\":\"2013-08-05T23:19:41+00:00\",\"breadcrumb\":{\"@id\":\"https:\\\/\\\/inclusivenews.com.br\\\/?p=25152#breadcrumb\"},\"inLanguage\":\"pt-PT\",\"potentialAction\":[{\"@type\":\"ReadAction\",\"target\":[\"https:\\\/\\\/inclusivenews.com.br\\\/?p=25152\"]}]},{\"@type\":\"ImageObject\",\"inLanguage\":\"pt-PT\",\"@id\":\"https:\\\/\\\/inclusivenews.com.br\\\/?p=25152#primaryimage\",\"url\":\"http:\\\/\\\/s2.glbimg.com\\\/kZg4HKQdlJ0kw6Nbd5ewPAOYlW8=\\\/s.glbimg.com\\\/jo\\\/g1\\\/f\\\/original\\\/2013\\\/07\\\/31\\\/debora-seabra.jpg\",\"contentUrl\":\"http:\\\/\\\/s2.glbimg.com\\\/kZg4HKQdlJ0kw6Nbd5ewPAOYlW8=\\\/s.glbimg.com\\\/jo\\\/g1\\\/f\\\/original\\\/2013\\\/07\\\/31\\\/debora-seabra.jpg\"},{\"@type\":\"BreadcrumbList\",\"@id\":\"https:\\\/\\\/inclusivenews.com.br\\\/?p=25152#breadcrumb\",\"itemListElement\":[{\"@type\":\"ListItem\",\"position\":1,\"name\":\"In\u00edcio\",\"item\":\"https:\\\/\\\/inclusivenews.com.br\\\/\"},{\"@type\":\"ListItem\",\"position\":2,\"name\":\"Professora com s\u00edndrome de Down lan\u00e7a livro de f\u00e1bulas sobre inclus\u00e3o\"}]},{\"@type\":\"WebSite\",\"@id\":\"https:\\\/\\\/inclusivenews.com.br\\\/#website\",\"url\":\"https:\\\/\\\/inclusivenews.com.br\\\/\",\"name\":\"Inclusive News\",\"description\":\"Inclusive News\",\"publisher\":{\"@id\":\"https:\\\/\\\/inclusivenews.com.br\\\/#organization\"},\"potentialAction\":[{\"@type\":\"SearchAction\",\"target\":{\"@type\":\"EntryPoint\",\"urlTemplate\":\"https:\\\/\\\/inclusivenews.com.br\\\/?s={search_term_string}\"},\"query-input\":{\"@type\":\"PropertyValueSpecification\",\"valueRequired\":true,\"valueName\":\"search_term_string\"}}],\"inLanguage\":\"pt-PT\"},{\"@type\":\"Organization\",\"@id\":\"https:\\\/\\\/inclusivenews.com.br\\\/#organization\",\"name\":\"Inclusive - inclus\u00e3o e cidadania\",\"url\":\"https:\\\/\\\/inclusivenews.com.br\\\/\",\"logo\":{\"@type\":\"ImageObject\",\"inLanguage\":\"pt-PT\",\"@id\":\"https:\\\/\\\/inclusivenews.com.br\\\/#\\\/schema\\\/logo\\\/image\\\/\",\"url\":\"https:\\\/\\\/inclusivenews.com.br\\\/wp-content\\\/uploads\\\/2024\\\/03\\\/@grandesite.png\",\"contentUrl\":\"https:\\\/\\\/inclusivenews.com.br\\\/wp-content\\\/uploads\\\/2024\\\/03\\\/@grandesite.png\",\"width\":1080,\"height\":1080,\"caption\":\"Inclusive - inclus\u00e3o e cidadania\"},\"image\":{\"@id\":\"https:\\\/\\\/inclusivenews.com.br\\\/#\\\/schema\\\/logo\\\/image\\\/\"},\"sameAs\":[\"https:\\\/\\\/www.facebook.com\\\/agenciainclusive\\\/\",\"https:\\\/\\\/www.instagram.com\\\/newsinclusive\\\/\"]},{\"@type\":\"Person\",\"@id\":\"https:\\\/\\\/inclusivenews.com.br\\\/#\\\/schema\\\/person\\\/ae4ec7087559b8692fb33b6fffd2273b\",\"name\":\"inclusivenews2024\",\"image\":{\"@type\":\"ImageObject\",\"inLanguage\":\"pt-PT\",\"@id\":\"https:\\\/\\\/secure.gravatar.com\\\/avatar\\\/c5a7ef84c66fa914f55bc4f7ce26cfa275a3b9a1c5568b907bd184fb4dde7b40?s=96&d=mm&r=g\",\"url\":\"https:\\\/\\\/secure.gravatar.com\\\/avatar\\\/c5a7ef84c66fa914f55bc4f7ce26cfa275a3b9a1c5568b907bd184fb4dde7b40?s=96&d=mm&r=g\",\"contentUrl\":\"https:\\\/\\\/secure.gravatar.com\\\/avatar\\\/c5a7ef84c66fa914f55bc4f7ce26cfa275a3b9a1c5568b907bd184fb4dde7b40?s=96&d=mm&r=g\",\"caption\":\"inclusivenews2024\"},\"sameAs\":[\"https:\\\/\\\/inclusivenews.com.br\"],\"url\":\"https:\\\/\\\/inclusivenews.com.br\\\/?author=1\"}]}<\/script>\n<!-- \/ Yoast SEO plugin. -->","yoast_head_json":{"title":"Professora com s\u00edndrome de Down lan\u00e7a livro de f\u00e1bulas sobre inclus\u00e3o -","robots":{"index":"index","follow":"follow","max-snippet":"max-snippet:-1","max-image-preview":"max-image-preview:large","max-video-preview":"max-video-preview:-1"},"canonical":"https:\/\/inclusivenews.com.br\/?p=25152","og_locale":"pt_PT","og_type":"article","og_title":"Professora com s\u00edndrome de Down lan\u00e7a livro de f\u00e1bulas sobre inclus\u00e3o -","og_description":"O livro traz contos que se passam em uma fazenda e t\u00eam os animais como protagonistas. Eles lidam com problemas humanos como preconceito e rejei\u00e7\u00e3o, caso do sapo deficiente que n\u00e3o conseguia nadar, da galinha exclu\u00edda do grupo por ser surda e do passarinho de asa quebrada que precisou ganhar a confian\u00e7a dos outros bichos para poder voar com eles.","og_url":"https:\/\/inclusivenews.com.br\/?p=25152","article_publisher":"https:\/\/www.facebook.com\/agenciainclusive\/","article_published_time":"2013-08-05T23:19:41+00:00","og_image":[{"url":"http:\/\/s2.glbimg.com\/kZg4HKQdlJ0kw6Nbd5ewPAOYlW8=\/s.glbimg.com\/jo\/g1\/f\/original\/2013\/07\/31\/debora-seabra.jpg","type":"","width":"","height":""}],"author":"inclusivenews2024","twitter_card":"summary_large_image","twitter_misc":{"Escrito por":"inclusivenews2024","Tempo estimado de leitura":"4 minutos"},"schema":{"@context":"https:\/\/schema.org","@graph":[{"@type":"Article","@id":"https:\/\/inclusivenews.com.br\/?p=25152#article","isPartOf":{"@id":"https:\/\/inclusivenews.com.br\/?p=25152"},"author":{"name":"inclusivenews2024","@id":"https:\/\/inclusivenews.com.br\/#\/schema\/person\/ae4ec7087559b8692fb33b6fffd2273b"},"headline":"Professora com s\u00edndrome de Down lan\u00e7a livro de f\u00e1bulas sobre inclus\u00e3o","datePublished":"2013-08-05T23:19:41+00:00","mainEntityOfPage":{"@id":"https:\/\/inclusivenews.com.br\/?p=25152"},"wordCount":771,"commentCount":2,"publisher":{"@id":"https:\/\/inclusivenews.com.br\/#organization"},"image":{"@id":"https:\/\/inclusivenews.com.br\/?p=25152#primaryimage"},"thumbnailUrl":"http:\/\/s2.glbimg.com\/kZg4HKQdlJ0kw6Nbd5ewPAOYlW8=\/s.glbimg.com\/jo\/g1\/f\/original\/2013\/07\/31\/debora-seabra.jpg","articleSection":["INCLUS\u00c3O SOCIAL","Lan\u00e7amentos","Livros","PUBLICA\u00c7\u00d5ES"],"inLanguage":"pt-PT","potentialAction":[{"@type":"CommentAction","name":"Comment","target":["https:\/\/inclusivenews.com.br\/?p=25152#respond"]}]},{"@type":"WebPage","@id":"https:\/\/inclusivenews.com.br\/?p=25152","url":"https:\/\/inclusivenews.com.br\/?p=25152","name":"Professora com s\u00edndrome de Down lan\u00e7a livro de f\u00e1bulas sobre inclus\u00e3o -","isPartOf":{"@id":"https:\/\/inclusivenews.com.br\/#website"},"primaryImageOfPage":{"@id":"https:\/\/inclusivenews.com.br\/?p=25152#primaryimage"},"image":{"@id":"https:\/\/inclusivenews.com.br\/?p=25152#primaryimage"},"thumbnailUrl":"http:\/\/s2.glbimg.com\/kZg4HKQdlJ0kw6Nbd5ewPAOYlW8=\/s.glbimg.com\/jo\/g1\/f\/original\/2013\/07\/31\/debora-seabra.jpg","datePublished":"2013-08-05T23:19:41+00:00","breadcrumb":{"@id":"https:\/\/inclusivenews.com.br\/?p=25152#breadcrumb"},"inLanguage":"pt-PT","potentialAction":[{"@type":"ReadAction","target":["https:\/\/inclusivenews.com.br\/?p=25152"]}]},{"@type":"ImageObject","inLanguage":"pt-PT","@id":"https:\/\/inclusivenews.com.br\/?p=25152#primaryimage","url":"http:\/\/s2.glbimg.com\/kZg4HKQdlJ0kw6Nbd5ewPAOYlW8=\/s.glbimg.com\/jo\/g1\/f\/original\/2013\/07\/31\/debora-seabra.jpg","contentUrl":"http:\/\/s2.glbimg.com\/kZg4HKQdlJ0kw6Nbd5ewPAOYlW8=\/s.glbimg.com\/jo\/g1\/f\/original\/2013\/07\/31\/debora-seabra.jpg"},{"@type":"BreadcrumbList","@id":"https:\/\/inclusivenews.com.br\/?p=25152#breadcrumb","itemListElement":[{"@type":"ListItem","position":1,"name":"In\u00edcio","item":"https:\/\/inclusivenews.com.br\/"},{"@type":"ListItem","position":2,"name":"Professora com s\u00edndrome de Down lan\u00e7a livro de f\u00e1bulas sobre inclus\u00e3o"}]},{"@type":"WebSite","@id":"https:\/\/inclusivenews.com.br\/#website","url":"https:\/\/inclusivenews.com.br\/","name":"Inclusive News","description":"Inclusive News","publisher":{"@id":"https:\/\/inclusivenews.com.br\/#organization"},"potentialAction":[{"@type":"SearchAction","target":{"@type":"EntryPoint","urlTemplate":"https:\/\/inclusivenews.com.br\/?s={search_term_string}"},"query-input":{"@type":"PropertyValueSpecification","valueRequired":true,"valueName":"search_term_string"}}],"inLanguage":"pt-PT"},{"@type":"Organization","@id":"https:\/\/inclusivenews.com.br\/#organization","name":"Inclusive - inclus\u00e3o e cidadania","url":"https:\/\/inclusivenews.com.br\/","logo":{"@type":"ImageObject","inLanguage":"pt-PT","@id":"https:\/\/inclusivenews.com.br\/#\/schema\/logo\/image\/","url":"https:\/\/inclusivenews.com.br\/wp-content\/uploads\/2024\/03\/@grandesite.png","contentUrl":"https:\/\/inclusivenews.com.br\/wp-content\/uploads\/2024\/03\/@grandesite.png","width":1080,"height":1080,"caption":"Inclusive - inclus\u00e3o e cidadania"},"image":{"@id":"https:\/\/inclusivenews.com.br\/#\/schema\/logo\/image\/"},"sameAs":["https:\/\/www.facebook.com\/agenciainclusive\/","https:\/\/www.instagram.com\/newsinclusive\/"]},{"@type":"Person","@id":"https:\/\/inclusivenews.com.br\/#\/schema\/person\/ae4ec7087559b8692fb33b6fffd2273b","name":"inclusivenews2024","image":{"@type":"ImageObject","inLanguage":"pt-PT","@id":"https:\/\/secure.gravatar.com\/avatar\/c5a7ef84c66fa914f55bc4f7ce26cfa275a3b9a1c5568b907bd184fb4dde7b40?s=96&d=mm&r=g","url":"https:\/\/secure.gravatar.com\/avatar\/c5a7ef84c66fa914f55bc4f7ce26cfa275a3b9a1c5568b907bd184fb4dde7b40?s=96&d=mm&r=g","contentUrl":"https:\/\/secure.gravatar.com\/avatar\/c5a7ef84c66fa914f55bc4f7ce26cfa275a3b9a1c5568b907bd184fb4dde7b40?s=96&d=mm&r=g","caption":"inclusivenews2024"},"sameAs":["https:\/\/inclusivenews.com.br"],"url":"https:\/\/inclusivenews.com.br\/?author=1"}]}},"_links":{"self":[{"href":"https:\/\/inclusivenews.com.br\/index.php?rest_route=\/wp\/v2\/posts\/25152","targetHints":{"allow":["GET"]}}],"collection":[{"href":"https:\/\/inclusivenews.com.br\/index.php?rest_route=\/wp\/v2\/posts"}],"about":[{"href":"https:\/\/inclusivenews.com.br\/index.php?rest_route=\/wp\/v2\/types\/post"}],"author":[{"embeddable":true,"href":"https:\/\/inclusivenews.com.br\/index.php?rest_route=\/wp\/v2\/users\/1"}],"replies":[{"embeddable":true,"href":"https:\/\/inclusivenews.com.br\/index.php?rest_route=%2Fwp%2Fv2%2Fcomments&post=25152"}],"version-history":[{"count":0,"href":"https:\/\/inclusivenews.com.br\/index.php?rest_route=\/wp\/v2\/posts\/25152\/revisions"}],"wp:attachment":[{"href":"https:\/\/inclusivenews.com.br\/index.php?rest_route=%2Fwp%2Fv2%2Fmedia&parent=25152"}],"wp:term":[{"taxonomy":"category","embeddable":true,"href":"https:\/\/inclusivenews.com.br\/index.php?rest_route=%2Fwp%2Fv2%2Fcategories&post=25152"},{"taxonomy":"post_tag","embeddable":true,"href":"https:\/\/inclusivenews.com.br\/index.php?rest_route=%2Fwp%2Fv2%2Ftags&post=25152"}],"curies":[{"name":"wp","href":"https:\/\/api.w.org\/{rel}","templated":true}]}}