{"id":25161,"date":"2013-08-07T15:28:52","date_gmt":"2013-08-07T18:28:52","guid":{"rendered":"http:\/\/www.inclusive.org.br\/?p=25161"},"modified":"2013-08-07T15:28:52","modified_gmt":"2013-08-07T18:28:52","slug":"a-pessoa-na-era-da-biopolitica","status":"publish","type":"post","link":"https:\/\/inclusivenews.com.br\/?p=25161","title":{"rendered":"A pessoa na era da biopol\u00edtica"},"content":{"rendered":"<figure id=\"attachment_15139\" aria-describedby=\"caption-attachment-15139\" style=\"width: 300px\" class=\"wp-caption alignleft\"><img loading=\"lazy\" decoding=\"async\" class=\"size-medium wp-image-15139\" title=\"Inclusive - \u00e9tica - uma pessoa equlibrando-se em fio extendido entre um dedo sinalizado positivo e outro negativo.\" src=\"http:\/\/inclusivenews.com.br\/wp-content\/uploads\/2010\/05\/etica-300x182.jpg\" alt=\"Inclusive - \u00e9tica - uma pessoa equlibrando-se em fio extendido entre um dedo sinalizado positivo e outro negativo.\" width=\"300\" height=\"182\" \/><figcaption id=\"caption-attachment-15139\" class=\"wp-caption-text\"> <\/figcaption><\/figure>\n<p><em>Reproduzimos do IHU online entrevista com Helo\u00edsa Helena Barboza (UERJ) sobre os impasses \u00e9ticos e limites aceit\u00e1veis nas interfer\u00eancias do corpo. Para ela, os indiv\u00edduos passaram a se apropriar de modo diferenciado de seu corpo, o que impacta em sua subjetividade e autonomia.<br \/>\n<\/em><\/p>\n<p><em>Entrevista por Ricardo Machado e M\u00e1rcia Junges<\/em><br \/>\n<em><a href=\"http:\/\/www.ihuonline.unisinos.br\/index.php?option=com_content&amp;view=article&amp;id=5001&amp;secao=419\" target=\"_blank\" rel=\"noopener\">no IHU online<\/a><\/em><\/p>\n<p>Ser pessoa na era da biopol\u00edtica \u201c\u00e9 ser objeto da pol\u00edtica, \u00e9 ter a sua vida inteiramente regida pelos interesses (e \u2018sabores\u2019) da pol\u00edtica\u201d, menciona Helo\u00edsa Helena Barboza, em entrevista concedida por e-mail \u00e0 IHU On-Line. As novas tecnologias aplicadas ao sujeito e \u00e0 sua corporalidade causam impactos in\u00e9ditos que provocam \u201cconflitos que devem ser resolvidos sem afronta aos altos valores morais que, n\u00e3o raro, s\u00e3o postos em jogo\u201d, observa. A professora abordar\u00e1 o tema \u201cA pessoa na era da biopol\u00edtica: autonomia, corpo e subjetividade\u201d hoje, dia 20 de maio, das 17h \u00e0s 19h, na Sala Ignacio Ellacur\u00eda e Companheiros, no IHU. Mais informa\u00e7\u00f5es: http:\/\/bit.ly\/13JT2jU<\/p>\n<p>Helo\u00edsa Helena Barboza \u00e9 graduada e doutora em Direito pela Universidade Estadual do Rio de Janeiro \u2013 UERJ, doutora em Sa\u00fade P\u00fablica pela Escola Nacional de Sa\u00fade P\u00fablica S\u00e9rgio Arouca com a tese Procedimentos para redesigna\u00e7\u00e3o sexual: um processo bioeticamente inadequado. \u00c9 livre docente pela UERJ, onde leciona na Faculdade de Direito. Entre outros, \u00e9 autora de A filia\u00e7\u00e3o em face da insemina\u00e7\u00e3o artificial e da fertiliza\u00e7\u00e3o in vitro (Rio de Janeiro: Renovar, 1993). Com Maria Celina Bodin de Moraes e Gustavo Tepedino escreveu C\u00f3digo Civil interpretado conforme a Constitui\u00e7\u00e3o da Rep\u00fablica \u2013 volume I (arts. 1\u00ba a 420) (2\u00aa ed. Rio de Janeiro: Renovar, 2007).<\/p>\n<p>Confira a entrevista.<\/p>\n<p>IHU On-Line \u2013 Como podemos pensar a autonomia do corpo e da subjetividade na contemporaneidade?<\/p>\n<p>Helo\u00edsa Helena Barboza \u2013 Este tema \u00e9 pensado desde a Antiguidade, como esclarece Foucault, \u00e0 evid\u00eancia sob diferentes aspectos e designa\u00e7\u00f5es. Os avan\u00e7os da biotecnologia, da biomedicina, enfim, das ci\u00eancias em geral no s\u00e9culo XX permitiram interfer\u00eancias no corpo at\u00e9 ent\u00e3o n\u00e3o consideradas poss\u00edveis. Surgiram assim novos meios de conhecimento e modifica\u00e7\u00e3o do corpo que passaram a ser utilizados n\u00e3o s\u00f3 pela medicina, como pelo pr\u00f3prio indiv\u00edduo, principalmente na constru\u00e7\u00e3o de sua subjetividade, ampliando o \u00e2mbito de exerc\u00edcio de sua autonomia.<\/p>\n<p>IHU On-Line \u2013 Que implica\u00e7\u00f5es bio\u00e9ticas podem ser percebidas diante deste novo cen\u00e1rio?<\/p>\n<p>Helo\u00edsa Helena Barboza \u2013 Neste novo cen\u00e1rio profundas quest\u00f5es bio\u00e9ticas est\u00e3o postas, na medida em que se indaga, cada vez com maior frequ\u00eancia, quais os limites aceit\u00e1veis ou ao menos razo\u00e1veis dessas interfer\u00eancias do corpo, quer as de natureza m\u00e9dica, quer as que atendem o interesse ou desejos do indiv\u00edduo. Dito de outra forma, o que pode ser feito ou admitido em face dos valores morais vigentes.<\/p>\n<p>IHU On-Line \u2013 De que maneira as novas tecnologias impactam em aspectos bio\u00e9ticos da contemporaneidade?<\/p>\n<p>Helo\u00edsa Helena Barboza \u2013 A bio\u00e9tica \u00e9 o campo por excel\u00eancia de debate das quest\u00f5es \u00e9ticas provocadas pelos efeitos da aplica\u00e7\u00e3o dos recursos biotecnol\u00f3gicos. Por conseguinte, as altas indaga\u00e7\u00f5es que da\u00ed surgem, tais como as decorrentes de altera\u00e7\u00f5es do corpo que permitem a mudan\u00e7a do sexo\/g\u00eanero, constituem um desafio para os princ\u00edpios da bio\u00e9tica, que dever\u00e1 apresentar a orienta\u00e7\u00e3o adequada para atender os interesses individuais e sociais em conflito, \u00e0 luz dos valores que devem ser preservados. O impacto maior resulta exatamente do fato de se tratar de situa\u00e7\u00f5es in\u00e9ditas que provocam conflitos que devem ser resolvidos sem afronta aos altos valores morais que, n\u00e3o raro, s\u00e3o postos em jogo.<\/p>\n<p>IHU On-Line \u2013 Qual o papel da institucionaliza\u00e7\u00e3o\/legaliza\u00e7\u00e3o dos direitos humanos tendo como perspectiva a quest\u00e3o da homossexualidade e transexualidade \u2013 j\u00e1 que a medicina permite a transgenitaliza\u00e7\u00e3o? Que direitos seriam estes?<\/p>\n<p>Helo\u00edsa Helena Barboza \u2013 A homossexualidade e a transexualidade, embora sejam pertinentes ao ampl\u00edssimo campo da sexualidade, s\u00e3o temas que apresentam quest\u00f5es diferentes e demandas diversificadas. Convergem, contudo, em um aspecto fundamental: ambos afrontam o sistema vigente que rege a rela\u00e7\u00e3o sexo\/g\u00eanero e que \u00e9 heteronormativo. A n\u00e3o observ\u00e2ncia desse sistema provoca a discrimina\u00e7\u00e3o e a exclus\u00e3o das pessoas que n\u00e3o o adotam, o que resulta inevitavelmente em cerceamento de direitos. O reconhecimento e o respeito aos direitos humanos (e\/ou fundamentais) dessas pessoas \u00e9 imperativo, mas s\u00f3 t\u00eam ocorrido ap\u00f3s \u00e1rdua luta, inclusive no meio jur\u00eddico. Esses direitos s\u00e3o todos os reconhecidos a qualquer ser humano e que n\u00e3o podem ser negados apenas em raz\u00e3o do n\u00e3o cumprimento das regras estabelecidas pelo sistema que prev\u00ea a congru\u00eancia necess\u00e1ria entre sexo \/ g\u00eanero \/ heterossexualidade.<\/p>\n<p>IHU On-Line \u2013 O que significa ser pessoa na era da biopol\u00edtica?<\/p>\n<p>Helo\u00edsa Helena Barboza \u2013 De maneira muito resumida, se pode dizer que ser pessoa na era da biopol\u00edtica \u00e9 ser objeto da pol\u00edtica, \u00e9 ter a sua vida inteiramente regida pelos interesses (e \u201csabores\u201d) da pol\u00edtica, que nem sempre (ou \u2013 infelizmente \u2013 com frequ\u00eancia) n\u00e3o est\u00e1 voltada para os problemas e interesses humanos. Como destacou Foucault, a vida de ser vivo \u00e9 o que est\u00e1 em quest\u00e3o na pol\u00edtica do homem moderno.<\/p>\n<p>IHU On-Line \u2013 Quais s\u00e3os os desafios de nossa sociedade para avan\u00e7armos em rumo mais humano e \u00e9tico?<\/p>\n<p>Helo\u00edsa Helena Barboza \u2013 Considerando que vivemos plenamente na era da biopol\u00edtica, muitos s\u00e3o os desafios. Talvez o maior deles seja identificar, analisar e enfrentar esses problemas \u00e0 luz dos valores humanos e n\u00e3o apenas de interesses de outra ordem, como os econ\u00f4micos ou financeiros. Nessa linha, preciso dar maior visibilidade a diversos problemas humanos ainda ignorados, para que possam ser examinados e debatidos na busca de solu\u00e7\u00f5es eticamente aceit\u00e1veis.<\/p>\n<p>\/p<\/p>\n","protected":false},"excerpt":{"rendered":"<p>Reproduzimos do IHU online entrevista com Helo\u00edsa Helena Barboza (UERJ) sobre os impasses \u00e9ticos e limites aceit\u00e1veis nas interfer\u00eancias do corpo. Para ela, os indiv\u00edduos passaram a se apropriar de modo diferenciado de seu corpo, o que impacta em sua subjetividade e autonomia.<\/p>\n","protected":false},"author":1,"featured_media":0,"comment_status":"open","ping_status":"open","sticky":false,"template":"","format":"standard","meta":{"site-container-style":"default","site-container-layout":"default","site-sidebar-layout":"default","disable-article-header":"default","disable-site-header":"default","disable-site-footer":"default","disable-content-area-spacing":"default","footnotes":""},"categories":[42],"tags":[122],"class_list":["post-25161","post","type-post","status-publish","format-standard","hentry","category-entrevista","tag-bioetica"],"yoast_head":"<!-- This site is optimized with the Yoast SEO plugin v27.4 - https:\/\/yoast.com\/product\/yoast-seo-wordpress\/ -->\n<title>A pessoa na era da biopol\u00edtica -<\/title>\n<meta name=\"robots\" content=\"index, follow, max-snippet:-1, max-image-preview:large, max-video-preview:-1\" \/>\n<link rel=\"canonical\" href=\"https:\/\/inclusivenews.com.br\/?p=25161\" \/>\n<meta property=\"og:locale\" content=\"pt_PT\" \/>\n<meta property=\"og:type\" content=\"article\" \/>\n<meta property=\"og:title\" content=\"A pessoa na era da biopol\u00edtica -\" \/>\n<meta property=\"og:description\" content=\"Reproduzimos do IHU online entrevista com Helo\u00edsa Helena Barboza (UERJ) sobre os impasses \u00e9ticos e limites aceit\u00e1veis nas interfer\u00eancias do corpo. Para ela, os indiv\u00edduos passaram a se apropriar de modo diferenciado de seu corpo, o que impacta em sua subjetividade e autonomia.\" \/>\n<meta property=\"og:url\" content=\"https:\/\/inclusivenews.com.br\/?p=25161\" \/>\n<meta property=\"article:publisher\" content=\"https:\/\/www.facebook.com\/agenciainclusive\/\" \/>\n<meta property=\"article:published_time\" content=\"2013-08-07T18:28:52+00:00\" \/>\n<meta property=\"og:image\" content=\"http:\/\/inclusivenews.com.br\/wp-content\/uploads\/2010\/05\/etica-300x182.jpg\" \/>\n<meta name=\"author\" content=\"inclusivenews2024\" \/>\n<meta name=\"twitter:card\" content=\"summary_large_image\" \/>\n<meta name=\"twitter:label1\" content=\"Escrito por\" \/>\n\t<meta name=\"twitter:data1\" content=\"inclusivenews2024\" \/>\n\t<meta name=\"twitter:label2\" content=\"Tempo estimado de leitura\" \/>\n\t<meta name=\"twitter:data2\" content=\"5 minutos\" \/>\n<script type=\"application\/ld+json\" class=\"yoast-schema-graph\">{\"@context\":\"https:\\\/\\\/schema.org\",\"@graph\":[{\"@type\":\"Article\",\"@id\":\"https:\\\/\\\/inclusivenews.com.br\\\/?p=25161#article\",\"isPartOf\":{\"@id\":\"https:\\\/\\\/inclusivenews.com.br\\\/?p=25161\"},\"author\":{\"name\":\"inclusivenews2024\",\"@id\":\"https:\\\/\\\/inclusivenews.com.br\\\/#\\\/schema\\\/person\\\/ae4ec7087559b8692fb33b6fffd2273b\"},\"headline\":\"A pessoa na era da biopol\u00edtica\",\"datePublished\":\"2013-08-07T18:28:52+00:00\",\"mainEntityOfPage\":{\"@id\":\"https:\\\/\\\/inclusivenews.com.br\\\/?p=25161\"},\"wordCount\":1008,\"commentCount\":0,\"publisher\":{\"@id\":\"https:\\\/\\\/inclusivenews.com.br\\\/#organization\"},\"image\":{\"@id\":\"https:\\\/\\\/inclusivenews.com.br\\\/?p=25161#primaryimage\"},\"thumbnailUrl\":\"http:\\\/\\\/inclusivenews.com.br\\\/wp-content\\\/uploads\\\/2010\\\/05\\\/etica-300x182.jpg\",\"keywords\":[\"Bio\u00e9tica\"],\"articleSection\":[\"ENTREVISTAS\"],\"inLanguage\":\"pt-PT\",\"potentialAction\":[{\"@type\":\"CommentAction\",\"name\":\"Comment\",\"target\":[\"https:\\\/\\\/inclusivenews.com.br\\\/?p=25161#respond\"]}]},{\"@type\":\"WebPage\",\"@id\":\"https:\\\/\\\/inclusivenews.com.br\\\/?p=25161\",\"url\":\"https:\\\/\\\/inclusivenews.com.br\\\/?p=25161\",\"name\":\"A pessoa na era da biopol\u00edtica -\",\"isPartOf\":{\"@id\":\"https:\\\/\\\/inclusivenews.com.br\\\/#website\"},\"primaryImageOfPage\":{\"@id\":\"https:\\\/\\\/inclusivenews.com.br\\\/?p=25161#primaryimage\"},\"image\":{\"@id\":\"https:\\\/\\\/inclusivenews.com.br\\\/?p=25161#primaryimage\"},\"thumbnailUrl\":\"http:\\\/\\\/inclusivenews.com.br\\\/wp-content\\\/uploads\\\/2010\\\/05\\\/etica-300x182.jpg\",\"datePublished\":\"2013-08-07T18:28:52+00:00\",\"breadcrumb\":{\"@id\":\"https:\\\/\\\/inclusivenews.com.br\\\/?p=25161#breadcrumb\"},\"inLanguage\":\"pt-PT\",\"potentialAction\":[{\"@type\":\"ReadAction\",\"target\":[\"https:\\\/\\\/inclusivenews.com.br\\\/?p=25161\"]}]},{\"@type\":\"ImageObject\",\"inLanguage\":\"pt-PT\",\"@id\":\"https:\\\/\\\/inclusivenews.com.br\\\/?p=25161#primaryimage\",\"url\":\"\",\"contentUrl\":\"\"},{\"@type\":\"BreadcrumbList\",\"@id\":\"https:\\\/\\\/inclusivenews.com.br\\\/?p=25161#breadcrumb\",\"itemListElement\":[{\"@type\":\"ListItem\",\"position\":1,\"name\":\"In\u00edcio\",\"item\":\"https:\\\/\\\/inclusivenews.com.br\\\/\"},{\"@type\":\"ListItem\",\"position\":2,\"name\":\"A pessoa na era da biopol\u00edtica\"}]},{\"@type\":\"WebSite\",\"@id\":\"https:\\\/\\\/inclusivenews.com.br\\\/#website\",\"url\":\"https:\\\/\\\/inclusivenews.com.br\\\/\",\"name\":\"Inclusive News\",\"description\":\"Inclusive News\",\"publisher\":{\"@id\":\"https:\\\/\\\/inclusivenews.com.br\\\/#organization\"},\"potentialAction\":[{\"@type\":\"SearchAction\",\"target\":{\"@type\":\"EntryPoint\",\"urlTemplate\":\"https:\\\/\\\/inclusivenews.com.br\\\/?s={search_term_string}\"},\"query-input\":{\"@type\":\"PropertyValueSpecification\",\"valueRequired\":true,\"valueName\":\"search_term_string\"}}],\"inLanguage\":\"pt-PT\"},{\"@type\":\"Organization\",\"@id\":\"https:\\\/\\\/inclusivenews.com.br\\\/#organization\",\"name\":\"Inclusive - inclus\u00e3o e cidadania\",\"url\":\"https:\\\/\\\/inclusivenews.com.br\\\/\",\"logo\":{\"@type\":\"ImageObject\",\"inLanguage\":\"pt-PT\",\"@id\":\"https:\\\/\\\/inclusivenews.com.br\\\/#\\\/schema\\\/logo\\\/image\\\/\",\"url\":\"https:\\\/\\\/inclusivenews.com.br\\\/wp-content\\\/uploads\\\/2024\\\/03\\\/@grandesite.png\",\"contentUrl\":\"https:\\\/\\\/inclusivenews.com.br\\\/wp-content\\\/uploads\\\/2024\\\/03\\\/@grandesite.png\",\"width\":1080,\"height\":1080,\"caption\":\"Inclusive - inclus\u00e3o e cidadania\"},\"image\":{\"@id\":\"https:\\\/\\\/inclusivenews.com.br\\\/#\\\/schema\\\/logo\\\/image\\\/\"},\"sameAs\":[\"https:\\\/\\\/www.facebook.com\\\/agenciainclusive\\\/\",\"https:\\\/\\\/www.instagram.com\\\/newsinclusive\\\/\"]},{\"@type\":\"Person\",\"@id\":\"https:\\\/\\\/inclusivenews.com.br\\\/#\\\/schema\\\/person\\\/ae4ec7087559b8692fb33b6fffd2273b\",\"name\":\"inclusivenews2024\",\"image\":{\"@type\":\"ImageObject\",\"inLanguage\":\"pt-PT\",\"@id\":\"https:\\\/\\\/secure.gravatar.com\\\/avatar\\\/c5a7ef84c66fa914f55bc4f7ce26cfa275a3b9a1c5568b907bd184fb4dde7b40?s=96&d=mm&r=g\",\"url\":\"https:\\\/\\\/secure.gravatar.com\\\/avatar\\\/c5a7ef84c66fa914f55bc4f7ce26cfa275a3b9a1c5568b907bd184fb4dde7b40?s=96&d=mm&r=g\",\"contentUrl\":\"https:\\\/\\\/secure.gravatar.com\\\/avatar\\\/c5a7ef84c66fa914f55bc4f7ce26cfa275a3b9a1c5568b907bd184fb4dde7b40?s=96&d=mm&r=g\",\"caption\":\"inclusivenews2024\"},\"sameAs\":[\"https:\\\/\\\/inclusivenews.com.br\"],\"url\":\"https:\\\/\\\/inclusivenews.com.br\\\/?author=1\"}]}<\/script>\n<!-- \/ Yoast SEO plugin. -->","yoast_head_json":{"title":"A pessoa na era da biopol\u00edtica -","robots":{"index":"index","follow":"follow","max-snippet":"max-snippet:-1","max-image-preview":"max-image-preview:large","max-video-preview":"max-video-preview:-1"},"canonical":"https:\/\/inclusivenews.com.br\/?p=25161","og_locale":"pt_PT","og_type":"article","og_title":"A pessoa na era da biopol\u00edtica -","og_description":"Reproduzimos do IHU online entrevista com Helo\u00edsa Helena Barboza (UERJ) sobre os impasses \u00e9ticos e limites aceit\u00e1veis nas interfer\u00eancias do corpo. Para ela, os indiv\u00edduos passaram a se apropriar de modo diferenciado de seu corpo, o que impacta em sua subjetividade e autonomia.","og_url":"https:\/\/inclusivenews.com.br\/?p=25161","article_publisher":"https:\/\/www.facebook.com\/agenciainclusive\/","article_published_time":"2013-08-07T18:28:52+00:00","og_image":[{"url":"http:\/\/inclusivenews.com.br\/wp-content\/uploads\/2010\/05\/etica-300x182.jpg","type":"","width":"","height":""}],"author":"inclusivenews2024","twitter_card":"summary_large_image","twitter_misc":{"Escrito por":"inclusivenews2024","Tempo estimado de leitura":"5 minutos"},"schema":{"@context":"https:\/\/schema.org","@graph":[{"@type":"Article","@id":"https:\/\/inclusivenews.com.br\/?p=25161#article","isPartOf":{"@id":"https:\/\/inclusivenews.com.br\/?p=25161"},"author":{"name":"inclusivenews2024","@id":"https:\/\/inclusivenews.com.br\/#\/schema\/person\/ae4ec7087559b8692fb33b6fffd2273b"},"headline":"A pessoa na era da biopol\u00edtica","datePublished":"2013-08-07T18:28:52+00:00","mainEntityOfPage":{"@id":"https:\/\/inclusivenews.com.br\/?p=25161"},"wordCount":1008,"commentCount":0,"publisher":{"@id":"https:\/\/inclusivenews.com.br\/#organization"},"image":{"@id":"https:\/\/inclusivenews.com.br\/?p=25161#primaryimage"},"thumbnailUrl":"http:\/\/inclusivenews.com.br\/wp-content\/uploads\/2010\/05\/etica-300x182.jpg","keywords":["Bio\u00e9tica"],"articleSection":["ENTREVISTAS"],"inLanguage":"pt-PT","potentialAction":[{"@type":"CommentAction","name":"Comment","target":["https:\/\/inclusivenews.com.br\/?p=25161#respond"]}]},{"@type":"WebPage","@id":"https:\/\/inclusivenews.com.br\/?p=25161","url":"https:\/\/inclusivenews.com.br\/?p=25161","name":"A pessoa na era da biopol\u00edtica -","isPartOf":{"@id":"https:\/\/inclusivenews.com.br\/#website"},"primaryImageOfPage":{"@id":"https:\/\/inclusivenews.com.br\/?p=25161#primaryimage"},"image":{"@id":"https:\/\/inclusivenews.com.br\/?p=25161#primaryimage"},"thumbnailUrl":"http:\/\/inclusivenews.com.br\/wp-content\/uploads\/2010\/05\/etica-300x182.jpg","datePublished":"2013-08-07T18:28:52+00:00","breadcrumb":{"@id":"https:\/\/inclusivenews.com.br\/?p=25161#breadcrumb"},"inLanguage":"pt-PT","potentialAction":[{"@type":"ReadAction","target":["https:\/\/inclusivenews.com.br\/?p=25161"]}]},{"@type":"ImageObject","inLanguage":"pt-PT","@id":"https:\/\/inclusivenews.com.br\/?p=25161#primaryimage","url":"","contentUrl":""},{"@type":"BreadcrumbList","@id":"https:\/\/inclusivenews.com.br\/?p=25161#breadcrumb","itemListElement":[{"@type":"ListItem","position":1,"name":"In\u00edcio","item":"https:\/\/inclusivenews.com.br\/"},{"@type":"ListItem","position":2,"name":"A pessoa na era da biopol\u00edtica"}]},{"@type":"WebSite","@id":"https:\/\/inclusivenews.com.br\/#website","url":"https:\/\/inclusivenews.com.br\/","name":"Inclusive News","description":"Inclusive News","publisher":{"@id":"https:\/\/inclusivenews.com.br\/#organization"},"potentialAction":[{"@type":"SearchAction","target":{"@type":"EntryPoint","urlTemplate":"https:\/\/inclusivenews.com.br\/?s={search_term_string}"},"query-input":{"@type":"PropertyValueSpecification","valueRequired":true,"valueName":"search_term_string"}}],"inLanguage":"pt-PT"},{"@type":"Organization","@id":"https:\/\/inclusivenews.com.br\/#organization","name":"Inclusive - inclus\u00e3o e cidadania","url":"https:\/\/inclusivenews.com.br\/","logo":{"@type":"ImageObject","inLanguage":"pt-PT","@id":"https:\/\/inclusivenews.com.br\/#\/schema\/logo\/image\/","url":"https:\/\/inclusivenews.com.br\/wp-content\/uploads\/2024\/03\/@grandesite.png","contentUrl":"https:\/\/inclusivenews.com.br\/wp-content\/uploads\/2024\/03\/@grandesite.png","width":1080,"height":1080,"caption":"Inclusive - inclus\u00e3o e cidadania"},"image":{"@id":"https:\/\/inclusivenews.com.br\/#\/schema\/logo\/image\/"},"sameAs":["https:\/\/www.facebook.com\/agenciainclusive\/","https:\/\/www.instagram.com\/newsinclusive\/"]},{"@type":"Person","@id":"https:\/\/inclusivenews.com.br\/#\/schema\/person\/ae4ec7087559b8692fb33b6fffd2273b","name":"inclusivenews2024","image":{"@type":"ImageObject","inLanguage":"pt-PT","@id":"https:\/\/secure.gravatar.com\/avatar\/c5a7ef84c66fa914f55bc4f7ce26cfa275a3b9a1c5568b907bd184fb4dde7b40?s=96&d=mm&r=g","url":"https:\/\/secure.gravatar.com\/avatar\/c5a7ef84c66fa914f55bc4f7ce26cfa275a3b9a1c5568b907bd184fb4dde7b40?s=96&d=mm&r=g","contentUrl":"https:\/\/secure.gravatar.com\/avatar\/c5a7ef84c66fa914f55bc4f7ce26cfa275a3b9a1c5568b907bd184fb4dde7b40?s=96&d=mm&r=g","caption":"inclusivenews2024"},"sameAs":["https:\/\/inclusivenews.com.br"],"url":"https:\/\/inclusivenews.com.br\/?author=1"}]}},"_links":{"self":[{"href":"https:\/\/inclusivenews.com.br\/index.php?rest_route=\/wp\/v2\/posts\/25161","targetHints":{"allow":["GET"]}}],"collection":[{"href":"https:\/\/inclusivenews.com.br\/index.php?rest_route=\/wp\/v2\/posts"}],"about":[{"href":"https:\/\/inclusivenews.com.br\/index.php?rest_route=\/wp\/v2\/types\/post"}],"author":[{"embeddable":true,"href":"https:\/\/inclusivenews.com.br\/index.php?rest_route=\/wp\/v2\/users\/1"}],"replies":[{"embeddable":true,"href":"https:\/\/inclusivenews.com.br\/index.php?rest_route=%2Fwp%2Fv2%2Fcomments&post=25161"}],"version-history":[{"count":0,"href":"https:\/\/inclusivenews.com.br\/index.php?rest_route=\/wp\/v2\/posts\/25161\/revisions"}],"wp:attachment":[{"href":"https:\/\/inclusivenews.com.br\/index.php?rest_route=%2Fwp%2Fv2%2Fmedia&parent=25161"}],"wp:term":[{"taxonomy":"category","embeddable":true,"href":"https:\/\/inclusivenews.com.br\/index.php?rest_route=%2Fwp%2Fv2%2Fcategories&post=25161"},{"taxonomy":"post_tag","embeddable":true,"href":"https:\/\/inclusivenews.com.br\/index.php?rest_route=%2Fwp%2Fv2%2Ftags&post=25161"}],"curies":[{"name":"wp","href":"https:\/\/api.w.org\/{rel}","templated":true}]}}