{"id":25165,"date":"2013-08-08T02:05:31","date_gmt":"2013-08-08T05:05:31","guid":{"rendered":"http:\/\/www.inclusive.org.br\/?p=25165"},"modified":"2013-08-08T02:05:31","modified_gmt":"2013-08-08T05:05:31","slug":"evento-sobre-sindrome-de-down-em-natalrn-178","status":"publish","type":"post","link":"https:\/\/inclusivenews.com.br\/?p=25165","title":{"rendered":"Evento sobre s\u00edndrome de Down em Natal\/RN &#8211; 17\/8"},"content":{"rendered":"<figure id=\"attachment_11427\" aria-describedby=\"caption-attachment-11427\" style=\"width: 300px\" class=\"wp-caption alignleft\"><img loading=\"lazy\" decoding=\"async\" class=\"size-medium wp-image-11427\" title=\"Maria-Teresa-Mantoan\" src=\"http:\/\/inclusivenews.com.br\/wp-content\/uploads\/2009\/09\/Maria-Teresa-Mantoan-300x264.jpg\" alt=\"\" width=\"300\" height=\"264\" \/><figcaption id=\"caption-attachment-11427\" class=\"wp-caption-text\">Na foto, Maria Teresa Egl\u00e9r Mantoan, coordenadora do Laborat\u00f3rio de Estudos e Pesquisas em Ensino e Diversidade e professora da Faculdade de Educa\u00e7\u00e3o da Universidade Estadual de Campinas, defensora da educa\u00e7\u00e3o inclusiva no Brasil.Foto: Kaka Bratke<\/figcaption><\/figure>\n<p>A Associa\u00e7\u00e3o S\u00edndrome de Down\/RN convida para o\u00a0<span style=\"font-size: 13px;\">Encontro de pais \u00a0da Associa\u00e7\u00e3o S\u00edndrome de Down\/RN<\/span><\/p>\n<p>Dia 17\/08 &#8211; S\u00e1bado<br \/>\n9h &#8211; In\u00edcio das atividades<br \/>\nEndere\u00e7o &#8211; Rua Prefeita Eliane Barros, 789, Tirol, Natal -RN &#8211; Espa\u00e7o Luz UNI-RN<\/p>\n<p>Associa\u00e7\u00e3o\u00a0S\u00edndrome de Down do RN, Quem Somos.<br \/>\nGlauciane Santana &#8211; psic\u00f3loga e<br \/>\npresidente da Associa\u00e7\u00e3o S\u00edndrome de Down do RN<br \/>\nParticipa\u00e7\u00e3o\u00a0dos pais na constru\u00e7\u00e3o de uma sociedade inclusiva<br \/>\nGecy Klauck &#8211; Presidente da<br \/>\nFedera\u00e7\u00e3o Brasileira das Associa\u00e7\u00f5es Sindrome de Down<\/p>\n<p>10h30\u00a0 \u00a0Intervalo<\/p>\n<p>10h50 Roda de conversa<\/p>\n<p>Pessoa\u00a0com S\u00edndrome de Down, cidad\u00e3o como todos.<br \/>\nEstimula\u00e7\u00e3o precoce e constante para\u00a0autonomia da vida independente<br \/>\nMediadoras<br \/>\nLeiliane Gomes Terapeuta Ocupacional da UnP e Prefeitura de Natal<br \/>\nAlexsandra Romualdo &#8211; Assistente\u00a0Social da APABB<br \/>\nM\u00e1rcia Ortiz &#8211; Educadora F\u00edsica &#8211;\u00a0Cl\u00ednica M\u00e1rcia Ortiz<br \/>\nDr. Jos\u00e9 Roberio Seabra de Moura &#8211; M\u00e9dico \u00a0S\u00f3cio-fundador<\/p>\n<p>12h30\u00a0 Almo\u00e7o<\/p>\n<p>14h30<br \/>\nPalestra sobre Interdi\u00e7\u00e3o da Pessoa com defici\u00eancia intelectual<br \/>\nAdvogados Marcos Jos\u00e9 de Castro Guerra<br \/>\nMargarida\u00a0 Ara\u00fajo Seabra de Moura<\/p>\n<p>16hs<br \/>\nintervalo<\/p>\n<p>16h30<br \/>\nA escola que temos e a que queremos &#8211; desafios da inclus\u00e3o enfrentados pelos<br \/>\npais.<br \/>\nMediadora<br \/>\nDra Maria Teresa Egler Mantoan<br \/>\nProfessora<br \/>\nDoutora e Pesquisadora<br \/>\nLEPED &#8211; Laborat\u00f3rio de Estudos e Pesquisas em Ensino e\u00a0Diferen\u00e7as &#8211; Faculdade de Educa\u00e7\u00e3o &#8211; UNICAMP<\/p>\n<p>19h<br \/>\nEncerramento &#8211; Momento comemorativo Anivers\u00e1rio de 30 Anos da Associa\u00e7\u00e3o<br \/>\nS\u00edndrome Down do RN<br \/>\nGlauciane Santana<br \/>\npsic\u00f3loga<br \/>\nCRP-17\/2092<br \/>\nAssocia\u00e7\u00e3o S\u00edndrome de Down do RN<br \/>\nFBASD\/CONADE<br \/>\n84 8817 7395<br \/>\n84 99271841<\/p>\n","protected":false},"excerpt":{"rendered":"<p>Em comemora\u00e7\u00e3o ao Anivers\u00e1rio de 30 Anos da Associa\u00e7\u00e3o S\u00edndrome de Down do RN, o evento ter\u00e1 particip\u00e7\u00e3o da Professora Maria Teresa \u00c9gler Mantoan, especialista em inclus\u00e3o educacional.<\/p>\n","protected":false},"author":1,"featured_media":0,"comment_status":"open","ping_status":"open","sticky":false,"template":"","format":"standard","meta":{"site-container-style":"default","site-container-layout":"default","site-sidebar-layout":"default","disable-article-header":"default","disable-site-header":"default","disable-site-footer":"default","disable-content-area-spacing":"default","footnotes":""},"categories":[12,38,6,48],"tags":[],"class_list":["post-25165","post","type-post","status-publish","format-standard","hentry","category-cursos-e-eventos","category-deficiencia","category-educacao","category-inclusao"],"yoast_head":"<!-- This site is optimized with the Yoast SEO plugin v27.4 - https:\/\/yoast.com\/product\/yoast-seo-wordpress\/ -->\n<title>Evento sobre s\u00edndrome de Down em Natal\/RN - 17\/8 -<\/title>\n<meta name=\"robots\" content=\"index, follow, max-snippet:-1, max-image-preview:large, max-video-preview:-1\" \/>\n<link rel=\"canonical\" href=\"https:\/\/inclusivenews.com.br\/?p=25165\" \/>\n<meta property=\"og:locale\" content=\"pt_PT\" \/>\n<meta property=\"og:type\" content=\"article\" \/>\n<meta property=\"og:title\" content=\"Evento sobre s\u00edndrome de Down em Natal\/RN - 17\/8 -\" \/>\n<meta property=\"og:description\" content=\"Em comemora\u00e7\u00e3o ao Anivers\u00e1rio de 30 Anos da Associa\u00e7\u00e3o S\u00edndrome de Down do RN, o evento ter\u00e1 particip\u00e7\u00e3o da Professora Maria Teresa \u00c9gler Mantoan, especialista em inclus\u00e3o educacional.\" \/>\n<meta property=\"og:url\" content=\"https:\/\/inclusivenews.com.br\/?p=25165\" \/>\n<meta property=\"article:publisher\" content=\"https:\/\/www.facebook.com\/agenciainclusive\/\" \/>\n<meta property=\"article:published_time\" content=\"2013-08-08T05:05:31+00:00\" \/>\n<meta property=\"og:image\" content=\"http:\/\/inclusivenews.com.br\/wp-content\/uploads\/2009\/09\/Maria-Teresa-Mantoan-300x264.jpg\" \/>\n<meta name=\"author\" content=\"inclusivenews2024\" \/>\n<meta name=\"twitter:card\" content=\"summary_large_image\" \/>\n<meta name=\"twitter:label1\" content=\"Escrito por\" \/>\n\t<meta name=\"twitter:data1\" content=\"inclusivenews2024\" \/>\n\t<meta name=\"twitter:label2\" content=\"Tempo estimado de leitura\" \/>\n\t<meta name=\"twitter:data2\" content=\"2 minutos\" \/>\n<script type=\"application\/ld+json\" class=\"yoast-schema-graph\">{\"@context\":\"https:\\\/\\\/schema.org\",\"@graph\":[{\"@type\":\"Article\",\"@id\":\"https:\\\/\\\/inclusivenews.com.br\\\/?p=25165#article\",\"isPartOf\":{\"@id\":\"https:\\\/\\\/inclusivenews.com.br\\\/?p=25165\"},\"author\":{\"name\":\"inclusivenews2024\",\"@id\":\"https:\\\/\\\/inclusivenews.com.br\\\/#\\\/schema\\\/person\\\/ae4ec7087559b8692fb33b6fffd2273b\"},\"headline\":\"Evento sobre s\u00edndrome de Down em Natal\\\/RN &#8211; 17\\\/8\",\"datePublished\":\"2013-08-08T05:05:31+00:00\",\"mainEntityOfPage\":{\"@id\":\"https:\\\/\\\/inclusivenews.com.br\\\/?p=25165\"},\"wordCount\":332,\"commentCount\":0,\"publisher\":{\"@id\":\"https:\\\/\\\/inclusivenews.com.br\\\/#organization\"},\"image\":{\"@id\":\"https:\\\/\\\/inclusivenews.com.br\\\/?p=25165#primaryimage\"},\"thumbnailUrl\":\"http:\\\/\\\/inclusivenews.com.br\\\/wp-content\\\/uploads\\\/2009\\\/09\\\/Maria-Teresa-Mantoan-300x264.jpg\",\"articleSection\":[\"Cursos e eventos\",\"Defici\u00eancia\",\"EDUCA\u00c7\u00c3O\",\"INCLUS\u00c3O SOCIAL\"],\"inLanguage\":\"pt-PT\",\"potentialAction\":[{\"@type\":\"CommentAction\",\"name\":\"Comment\",\"target\":[\"https:\\\/\\\/inclusivenews.com.br\\\/?p=25165#respond\"]}]},{\"@type\":\"WebPage\",\"@id\":\"https:\\\/\\\/inclusivenews.com.br\\\/?p=25165\",\"url\":\"https:\\\/\\\/inclusivenews.com.br\\\/?p=25165\",\"name\":\"Evento sobre s\u00edndrome de Down em Natal\\\/RN - 17\\\/8 -\",\"isPartOf\":{\"@id\":\"https:\\\/\\\/inclusivenews.com.br\\\/#website\"},\"primaryImageOfPage\":{\"@id\":\"https:\\\/\\\/inclusivenews.com.br\\\/?p=25165#primaryimage\"},\"image\":{\"@id\":\"https:\\\/\\\/inclusivenews.com.br\\\/?p=25165#primaryimage\"},\"thumbnailUrl\":\"http:\\\/\\\/inclusivenews.com.br\\\/wp-content\\\/uploads\\\/2009\\\/09\\\/Maria-Teresa-Mantoan-300x264.jpg\",\"datePublished\":\"2013-08-08T05:05:31+00:00\",\"breadcrumb\":{\"@id\":\"https:\\\/\\\/inclusivenews.com.br\\\/?p=25165#breadcrumb\"},\"inLanguage\":\"pt-PT\",\"potentialAction\":[{\"@type\":\"ReadAction\",\"target\":[\"https:\\\/\\\/inclusivenews.com.br\\\/?p=25165\"]}]},{\"@type\":\"ImageObject\",\"inLanguage\":\"pt-PT\",\"@id\":\"https:\\\/\\\/inclusivenews.com.br\\\/?p=25165#primaryimage\",\"url\":\"https:\\\/\\\/inclusivenews.com.br\\\/wp-content\\\/uploads\\\/2009\\\/09\\\/Maria-Teresa-Mantoan.jpg\",\"contentUrl\":\"https:\\\/\\\/inclusivenews.com.br\\\/wp-content\\\/uploads\\\/2009\\\/09\\\/Maria-Teresa-Mantoan.jpg\",\"width\":350,\"height\":309,\"caption\":\"Na foto, Maria Teresa Egl\u00e9r Mantoan, coordenadora do Laborat\u00f3rio de Estudos e Pesquisas em Ensino e Diversidade e professora da Faculdade de Educa\u00e7\u00e3o da Universidade Estadual de Campinas, defensora da educa\u00e7\u00e3o inclusiva no Brasil.Foto: Kaka Bratke\"},{\"@type\":\"BreadcrumbList\",\"@id\":\"https:\\\/\\\/inclusivenews.com.br\\\/?p=25165#breadcrumb\",\"itemListElement\":[{\"@type\":\"ListItem\",\"position\":1,\"name\":\"In\u00edcio\",\"item\":\"https:\\\/\\\/inclusivenews.com.br\\\/\"},{\"@type\":\"ListItem\",\"position\":2,\"name\":\"Evento sobre s\u00edndrome de Down em Natal\\\/RN &#8211; 17\\\/8\"}]},{\"@type\":\"WebSite\",\"@id\":\"https:\\\/\\\/inclusivenews.com.br\\\/#website\",\"url\":\"https:\\\/\\\/inclusivenews.com.br\\\/\",\"name\":\"Inclusive News\",\"description\":\"Inclusive News\",\"publisher\":{\"@id\":\"https:\\\/\\\/inclusivenews.com.br\\\/#organization\"},\"potentialAction\":[{\"@type\":\"SearchAction\",\"target\":{\"@type\":\"EntryPoint\",\"urlTemplate\":\"https:\\\/\\\/inclusivenews.com.br\\\/?s={search_term_string}\"},\"query-input\":{\"@type\":\"PropertyValueSpecification\",\"valueRequired\":true,\"valueName\":\"search_term_string\"}}],\"inLanguage\":\"pt-PT\"},{\"@type\":\"Organization\",\"@id\":\"https:\\\/\\\/inclusivenews.com.br\\\/#organization\",\"name\":\"Inclusive - inclus\u00e3o e cidadania\",\"url\":\"https:\\\/\\\/inclusivenews.com.br\\\/\",\"logo\":{\"@type\":\"ImageObject\",\"inLanguage\":\"pt-PT\",\"@id\":\"https:\\\/\\\/inclusivenews.com.br\\\/#\\\/schema\\\/logo\\\/image\\\/\",\"url\":\"https:\\\/\\\/inclusivenews.com.br\\\/wp-content\\\/uploads\\\/2024\\\/03\\\/@grandesite.png\",\"contentUrl\":\"https:\\\/\\\/inclusivenews.com.br\\\/wp-content\\\/uploads\\\/2024\\\/03\\\/@grandesite.png\",\"width\":1080,\"height\":1080,\"caption\":\"Inclusive - inclus\u00e3o e cidadania\"},\"image\":{\"@id\":\"https:\\\/\\\/inclusivenews.com.br\\\/#\\\/schema\\\/logo\\\/image\\\/\"},\"sameAs\":[\"https:\\\/\\\/www.facebook.com\\\/agenciainclusive\\\/\",\"https:\\\/\\\/www.instagram.com\\\/newsinclusive\\\/\"]},{\"@type\":\"Person\",\"@id\":\"https:\\\/\\\/inclusivenews.com.br\\\/#\\\/schema\\\/person\\\/ae4ec7087559b8692fb33b6fffd2273b\",\"name\":\"inclusivenews2024\",\"image\":{\"@type\":\"ImageObject\",\"inLanguage\":\"pt-PT\",\"@id\":\"https:\\\/\\\/secure.gravatar.com\\\/avatar\\\/c5a7ef84c66fa914f55bc4f7ce26cfa275a3b9a1c5568b907bd184fb4dde7b40?s=96&d=mm&r=g\",\"url\":\"https:\\\/\\\/secure.gravatar.com\\\/avatar\\\/c5a7ef84c66fa914f55bc4f7ce26cfa275a3b9a1c5568b907bd184fb4dde7b40?s=96&d=mm&r=g\",\"contentUrl\":\"https:\\\/\\\/secure.gravatar.com\\\/avatar\\\/c5a7ef84c66fa914f55bc4f7ce26cfa275a3b9a1c5568b907bd184fb4dde7b40?s=96&d=mm&r=g\",\"caption\":\"inclusivenews2024\"},\"sameAs\":[\"https:\\\/\\\/inclusivenews.com.br\"],\"url\":\"https:\\\/\\\/inclusivenews.com.br\\\/?author=1\"}]}<\/script>\n<!-- \/ Yoast SEO plugin. -->","yoast_head_json":{"title":"Evento sobre s\u00edndrome de Down em Natal\/RN - 17\/8 -","robots":{"index":"index","follow":"follow","max-snippet":"max-snippet:-1","max-image-preview":"max-image-preview:large","max-video-preview":"max-video-preview:-1"},"canonical":"https:\/\/inclusivenews.com.br\/?p=25165","og_locale":"pt_PT","og_type":"article","og_title":"Evento sobre s\u00edndrome de Down em Natal\/RN - 17\/8 -","og_description":"Em comemora\u00e7\u00e3o ao Anivers\u00e1rio de 30 Anos da Associa\u00e7\u00e3o S\u00edndrome de Down do RN, o evento ter\u00e1 particip\u00e7\u00e3o da Professora Maria Teresa \u00c9gler Mantoan, especialista em inclus\u00e3o educacional.","og_url":"https:\/\/inclusivenews.com.br\/?p=25165","article_publisher":"https:\/\/www.facebook.com\/agenciainclusive\/","article_published_time":"2013-08-08T05:05:31+00:00","og_image":[{"url":"http:\/\/inclusivenews.com.br\/wp-content\/uploads\/2009\/09\/Maria-Teresa-Mantoan-300x264.jpg","type":"","width":"","height":""}],"author":"inclusivenews2024","twitter_card":"summary_large_image","twitter_misc":{"Escrito por":"inclusivenews2024","Tempo estimado de leitura":"2 minutos"},"schema":{"@context":"https:\/\/schema.org","@graph":[{"@type":"Article","@id":"https:\/\/inclusivenews.com.br\/?p=25165#article","isPartOf":{"@id":"https:\/\/inclusivenews.com.br\/?p=25165"},"author":{"name":"inclusivenews2024","@id":"https:\/\/inclusivenews.com.br\/#\/schema\/person\/ae4ec7087559b8692fb33b6fffd2273b"},"headline":"Evento sobre s\u00edndrome de Down em Natal\/RN &#8211; 17\/8","datePublished":"2013-08-08T05:05:31+00:00","mainEntityOfPage":{"@id":"https:\/\/inclusivenews.com.br\/?p=25165"},"wordCount":332,"commentCount":0,"publisher":{"@id":"https:\/\/inclusivenews.com.br\/#organization"},"image":{"@id":"https:\/\/inclusivenews.com.br\/?p=25165#primaryimage"},"thumbnailUrl":"http:\/\/inclusivenews.com.br\/wp-content\/uploads\/2009\/09\/Maria-Teresa-Mantoan-300x264.jpg","articleSection":["Cursos e eventos","Defici\u00eancia","EDUCA\u00c7\u00c3O","INCLUS\u00c3O SOCIAL"],"inLanguage":"pt-PT","potentialAction":[{"@type":"CommentAction","name":"Comment","target":["https:\/\/inclusivenews.com.br\/?p=25165#respond"]}]},{"@type":"WebPage","@id":"https:\/\/inclusivenews.com.br\/?p=25165","url":"https:\/\/inclusivenews.com.br\/?p=25165","name":"Evento sobre s\u00edndrome de Down em Natal\/RN - 17\/8 -","isPartOf":{"@id":"https:\/\/inclusivenews.com.br\/#website"},"primaryImageOfPage":{"@id":"https:\/\/inclusivenews.com.br\/?p=25165#primaryimage"},"image":{"@id":"https:\/\/inclusivenews.com.br\/?p=25165#primaryimage"},"thumbnailUrl":"http:\/\/inclusivenews.com.br\/wp-content\/uploads\/2009\/09\/Maria-Teresa-Mantoan-300x264.jpg","datePublished":"2013-08-08T05:05:31+00:00","breadcrumb":{"@id":"https:\/\/inclusivenews.com.br\/?p=25165#breadcrumb"},"inLanguage":"pt-PT","potentialAction":[{"@type":"ReadAction","target":["https:\/\/inclusivenews.com.br\/?p=25165"]}]},{"@type":"ImageObject","inLanguage":"pt-PT","@id":"https:\/\/inclusivenews.com.br\/?p=25165#primaryimage","url":"https:\/\/inclusivenews.com.br\/wp-content\/uploads\/2009\/09\/Maria-Teresa-Mantoan.jpg","contentUrl":"https:\/\/inclusivenews.com.br\/wp-content\/uploads\/2009\/09\/Maria-Teresa-Mantoan.jpg","width":350,"height":309,"caption":"Na foto, Maria Teresa Egl\u00e9r Mantoan, coordenadora do Laborat\u00f3rio de Estudos e Pesquisas em Ensino e Diversidade e professora da Faculdade de Educa\u00e7\u00e3o da Universidade Estadual de Campinas, defensora da educa\u00e7\u00e3o inclusiva no Brasil.Foto: Kaka Bratke"},{"@type":"BreadcrumbList","@id":"https:\/\/inclusivenews.com.br\/?p=25165#breadcrumb","itemListElement":[{"@type":"ListItem","position":1,"name":"In\u00edcio","item":"https:\/\/inclusivenews.com.br\/"},{"@type":"ListItem","position":2,"name":"Evento sobre s\u00edndrome de Down em Natal\/RN &#8211; 17\/8"}]},{"@type":"WebSite","@id":"https:\/\/inclusivenews.com.br\/#website","url":"https:\/\/inclusivenews.com.br\/","name":"Inclusive News","description":"Inclusive News","publisher":{"@id":"https:\/\/inclusivenews.com.br\/#organization"},"potentialAction":[{"@type":"SearchAction","target":{"@type":"EntryPoint","urlTemplate":"https:\/\/inclusivenews.com.br\/?s={search_term_string}"},"query-input":{"@type":"PropertyValueSpecification","valueRequired":true,"valueName":"search_term_string"}}],"inLanguage":"pt-PT"},{"@type":"Organization","@id":"https:\/\/inclusivenews.com.br\/#organization","name":"Inclusive - inclus\u00e3o e cidadania","url":"https:\/\/inclusivenews.com.br\/","logo":{"@type":"ImageObject","inLanguage":"pt-PT","@id":"https:\/\/inclusivenews.com.br\/#\/schema\/logo\/image\/","url":"https:\/\/inclusivenews.com.br\/wp-content\/uploads\/2024\/03\/@grandesite.png","contentUrl":"https:\/\/inclusivenews.com.br\/wp-content\/uploads\/2024\/03\/@grandesite.png","width":1080,"height":1080,"caption":"Inclusive - inclus\u00e3o e cidadania"},"image":{"@id":"https:\/\/inclusivenews.com.br\/#\/schema\/logo\/image\/"},"sameAs":["https:\/\/www.facebook.com\/agenciainclusive\/","https:\/\/www.instagram.com\/newsinclusive\/"]},{"@type":"Person","@id":"https:\/\/inclusivenews.com.br\/#\/schema\/person\/ae4ec7087559b8692fb33b6fffd2273b","name":"inclusivenews2024","image":{"@type":"ImageObject","inLanguage":"pt-PT","@id":"https:\/\/secure.gravatar.com\/avatar\/c5a7ef84c66fa914f55bc4f7ce26cfa275a3b9a1c5568b907bd184fb4dde7b40?s=96&d=mm&r=g","url":"https:\/\/secure.gravatar.com\/avatar\/c5a7ef84c66fa914f55bc4f7ce26cfa275a3b9a1c5568b907bd184fb4dde7b40?s=96&d=mm&r=g","contentUrl":"https:\/\/secure.gravatar.com\/avatar\/c5a7ef84c66fa914f55bc4f7ce26cfa275a3b9a1c5568b907bd184fb4dde7b40?s=96&d=mm&r=g","caption":"inclusivenews2024"},"sameAs":["https:\/\/inclusivenews.com.br"],"url":"https:\/\/inclusivenews.com.br\/?author=1"}]}},"_links":{"self":[{"href":"https:\/\/inclusivenews.com.br\/index.php?rest_route=\/wp\/v2\/posts\/25165","targetHints":{"allow":["GET"]}}],"collection":[{"href":"https:\/\/inclusivenews.com.br\/index.php?rest_route=\/wp\/v2\/posts"}],"about":[{"href":"https:\/\/inclusivenews.com.br\/index.php?rest_route=\/wp\/v2\/types\/post"}],"author":[{"embeddable":true,"href":"https:\/\/inclusivenews.com.br\/index.php?rest_route=\/wp\/v2\/users\/1"}],"replies":[{"embeddable":true,"href":"https:\/\/inclusivenews.com.br\/index.php?rest_route=%2Fwp%2Fv2%2Fcomments&post=25165"}],"version-history":[{"count":0,"href":"https:\/\/inclusivenews.com.br\/index.php?rest_route=\/wp\/v2\/posts\/25165\/revisions"}],"wp:attachment":[{"href":"https:\/\/inclusivenews.com.br\/index.php?rest_route=%2Fwp%2Fv2%2Fmedia&parent=25165"}],"wp:term":[{"taxonomy":"category","embeddable":true,"href":"https:\/\/inclusivenews.com.br\/index.php?rest_route=%2Fwp%2Fv2%2Fcategories&post=25165"},{"taxonomy":"post_tag","embeddable":true,"href":"https:\/\/inclusivenews.com.br\/index.php?rest_route=%2Fwp%2Fv2%2Ftags&post=25165"}],"curies":[{"name":"wp","href":"https:\/\/api.w.org\/{rel}","templated":true}]}}