{"id":25168,"date":"2013-08-08T13:25:00","date_gmt":"2013-08-08T16:25:00","guid":{"rendered":"http:\/\/www.inclusive.org.br\/?p=25168"},"modified":"2013-08-08T13:25:00","modified_gmt":"2013-08-08T16:25:00","slug":"especialistas-indicam-como-lidar-com-a-dislexia","status":"publish","type":"post","link":"https:\/\/inclusivenews.com.br\/?p=25168","title":{"rendered":"Especialistas indicam como lidar com a dislexia"},"content":{"rendered":"<div>\n<p><img loading=\"lazy\" decoding=\"async\" class=\"alignleft size-full wp-image-23580\" title=\"Alfabetiza\u00e7\u00e3o - letras\" src=\"http:\/\/inclusivenews.com.br\/wp-content\/uploads\/letras.jpg\" alt=\"Alfabetiza\u00e7\u00e3o - letras\" width=\"277\" height=\"182\" \/><\/p>\n<p>Dificuldade de leitura, escrita, interpreta\u00e7\u00f5es de textos e c\u00e1lculo  aritm\u00e9tico. Estes s\u00e3o os sintomas mais comuns de um dist\u00farbio de  aprendizagem conhecido como dislexia e que \u00e9 apresentado j\u00e1 na  pr\u00e9-escola.<\/p>\n<p>\u2014 O disl\u00e9xico mostra dificuldade em aprender a ler e a escrever, em  manipular as letras dentro de uma palavra e, consequentemente, em  compreender um texto quando estiver lendo \u2014 explica a fonoaudi\u00f3loga e  especialista em psicopedagogia Maria \u00c2ngela Nico, coordenadora  cient\u00edfica da Associa\u00e7\u00e3o Brasileira de Dislexia (ABD).<\/p>\n<p>Quando o portador do problema chega \u00e0 adolesc\u00eancia, poder\u00e1 apresentar  dificuldades em aprender uma segunda l\u00edngua, muitas vezes em  compreender o enunciado de um problema de matem\u00e1tica, qu\u00edmica ou f\u00edsica.<\/p>\n<p>\u2014 A dislexia \u00e9 um quadro complexo caracterizado por dificuldade \u00e0  leitura, escrita, interpreta\u00e7\u00f5es de textos e, ainda, associado a  dificuldades para o c\u00e1lculo aritm\u00e9tico \u2014 exp\u00f5e o neurocientista  portugu\u00eas Rafael Silva Pereira, doutor em Neuropsicologia da Dislexia  pela Universidade de Extremadura.<\/p>\n<p>O especialista explica que a avalia\u00e7\u00e3o do problema necessita ser  multiprofissional, com uma equipe especializada, envolvendo  fonoaudi\u00f3logos, psicopedagogos, psic\u00f3logos, neuropediatras e  psiquiatras.<\/p>\n<p>\u2014 Associado \u00e0 dislexia, algumas crian\u00e7as e jovens tamb\u00e9m podem  apresentar d\u00e9ficit de aten\u00e7\u00e3o, hiperatividade, impulsividade,  agressividade, depress\u00e3o, transtorno de ansiedade, bipolaridade e  enurese \u2014 diz.<\/p>\n<p><strong>Gen\u00e9tica e heredit\u00e1ria<\/strong><\/p>\n<p>Segundo Maria \u00c2ngela Nico, a dislexia \u00e9 um transtorno com causas  variadas, entre as quais est\u00e3o: pais com dificuldades pregressas na vida  escolar, casos semelhantes nos familiares, presen\u00e7a de genes  potencialmente respons\u00e1veis pelo quadro, ou uma arquitetura diferente do  tecido cerebral nos indiv\u00edduos disl\u00e9xicos que n\u00e3o \u00e9 encontrada nos n\u00e3o  disl\u00e9xicos.<\/p>\n<p>\u2014 S\u00f3 podemos falar em dislexia a partir do processo de alfabetiza\u00e7\u00e3o,  mas como ela \u00e9 gen\u00e9tica e heredit\u00e1ria, a partir dos cinco anos de idade  j\u00e1 \u00e9 poss\u00edvel realizar a avalia\u00e7\u00e3o com uma equipe multidisciplinar  especializada e essa crian\u00e7a com dislexia ser\u00e1 encaminhada para uma  interven\u00e7\u00e3o com uma fonoaudi\u00f3loga. Depois que ela passar pelo processo  de alfabetiza\u00e7\u00e3o, ser\u00e1 necess\u00e1ria uma re-avalia\u00e7\u00e3o para confirmar ou n\u00e3o  o quadro \u2014 afirma.<\/p>\n<p>Para o professor Rafael Pereira, por n\u00e3o ser uma doen\u00e7a, \u201cn\u00e3o h\u00e1  cura\u201d. A complexidade do dist\u00farbio exige uma interven\u00e7\u00e3o r\u00e1pida.<\/p>\n<p>\u2014 Dever\u00e1 ser realizada por uma fonoaudi\u00f3loga, e ou uma psicopedagoga  e, em casos de problemas de auto-estima, um psic\u00f3logo dever\u00e1 atuar  tamb\u00e9m \u2014 conta Maria \u00c2ngela.<\/p>\n<p>Segundo a especialista, o problema \u00e9 descoberto na maior parte das  vezes quando o processo de alfabetiza\u00e7\u00e3o se inicia. O tratamento  objetiva a aprendizagem do disl\u00e9xico frente \u00e0s dificuldades que  encontrar\u00e1, de modo que consiga lidar com elas.<\/p>\n<p>\u2014 Quando os pais perceberem algum sinal ou sintoma nos filhos, devem  conversar com a coordenadora da escola em que a crian\u00e7a est\u00e1  frequentando, que dever\u00e1 encaminh\u00e1-la para uma avalia\u00e7\u00e3o. Se confirmada a  dislexia, a interven\u00e7\u00e3o dever\u00e1 ser realizada o mais r\u00e1pido poss\u00edvel \u2014  explica Rafael Pereira.<\/p>\n<p>Fonte: ANDI<\/p>\n<\/div>\n","protected":false},"excerpt":{"rendered":"<p>Para o professor Rafael Pereira, por n\u00e3o ser uma doen\u00e7a, \u201cn\u00e3o h\u00e1 cura\u201d. A complexidade do dist\u00farbio exige uma interven\u00e7\u00e3o r\u00e1pida.<\/p>\n","protected":false},"author":1,"featured_media":0,"comment_status":"open","ping_status":"open","sticky":false,"template":"","format":"standard","meta":{"site-container-style":"default","site-container-layout":"default","site-sidebar-layout":"default","disable-article-header":"default","disable-site-header":"default","disable-site-footer":"default","disable-content-area-spacing":"default","footnotes":""},"categories":[6,48],"tags":[31],"class_list":["post-25168","post","type-post","status-publish","format-standard","hentry","category-educacao","category-inclusao","tag-dislexia"],"yoast_head":"<!-- This site is optimized with the Yoast SEO plugin v27.4 - https:\/\/yoast.com\/product\/yoast-seo-wordpress\/ -->\n<title>Especialistas indicam como lidar com a dislexia -<\/title>\n<meta name=\"robots\" content=\"index, follow, max-snippet:-1, max-image-preview:large, max-video-preview:-1\" \/>\n<link rel=\"canonical\" href=\"https:\/\/inclusivenews.com.br\/?p=25168\" \/>\n<meta property=\"og:locale\" content=\"pt_PT\" \/>\n<meta property=\"og:type\" content=\"article\" \/>\n<meta property=\"og:title\" content=\"Especialistas indicam como lidar com a dislexia -\" \/>\n<meta property=\"og:description\" content=\"Para o professor Rafael Pereira, por n\u00e3o ser uma doen\u00e7a, \u201cn\u00e3o h\u00e1 cura\u201d. A complexidade do dist\u00farbio exige uma interven\u00e7\u00e3o r\u00e1pida.\" \/>\n<meta property=\"og:url\" content=\"https:\/\/inclusivenews.com.br\/?p=25168\" \/>\n<meta property=\"article:publisher\" content=\"https:\/\/www.facebook.com\/agenciainclusive\/\" \/>\n<meta property=\"article:published_time\" content=\"2013-08-08T16:25:00+00:00\" \/>\n<meta property=\"og:image\" content=\"http:\/\/inclusivenews.com.br\/wp-content\/uploads\/letras.jpg\" \/>\n<meta name=\"author\" content=\"inclusivenews2024\" \/>\n<meta name=\"twitter:card\" content=\"summary_large_image\" \/>\n<meta name=\"twitter:label1\" content=\"Escrito por\" \/>\n\t<meta name=\"twitter:data1\" content=\"inclusivenews2024\" \/>\n\t<meta name=\"twitter:label2\" content=\"Tempo estimado de leitura\" \/>\n\t<meta name=\"twitter:data2\" content=\"3 minutos\" \/>\n<script type=\"application\/ld+json\" class=\"yoast-schema-graph\">{\"@context\":\"https:\\\/\\\/schema.org\",\"@graph\":[{\"@type\":\"Article\",\"@id\":\"https:\\\/\\\/inclusivenews.com.br\\\/?p=25168#article\",\"isPartOf\":{\"@id\":\"https:\\\/\\\/inclusivenews.com.br\\\/?p=25168\"},\"author\":{\"name\":\"inclusivenews2024\",\"@id\":\"https:\\\/\\\/inclusivenews.com.br\\\/#\\\/schema\\\/person\\\/ae4ec7087559b8692fb33b6fffd2273b\"},\"headline\":\"Especialistas indicam como lidar com a dislexia\",\"datePublished\":\"2013-08-08T16:25:00+00:00\",\"mainEntityOfPage\":{\"@id\":\"https:\\\/\\\/inclusivenews.com.br\\\/?p=25168\"},\"wordCount\":510,\"commentCount\":0,\"publisher\":{\"@id\":\"https:\\\/\\\/inclusivenews.com.br\\\/#organization\"},\"image\":{\"@id\":\"https:\\\/\\\/inclusivenews.com.br\\\/?p=25168#primaryimage\"},\"thumbnailUrl\":\"http:\\\/\\\/inclusivenews.com.br\\\/wp-content\\\/uploads\\\/letras.jpg\",\"keywords\":[\"Dislexia\"],\"articleSection\":[\"EDUCA\u00c7\u00c3O\",\"INCLUS\u00c3O SOCIAL\"],\"inLanguage\":\"pt-PT\",\"potentialAction\":[{\"@type\":\"CommentAction\",\"name\":\"Comment\",\"target\":[\"https:\\\/\\\/inclusivenews.com.br\\\/?p=25168#respond\"]}]},{\"@type\":\"WebPage\",\"@id\":\"https:\\\/\\\/inclusivenews.com.br\\\/?p=25168\",\"url\":\"https:\\\/\\\/inclusivenews.com.br\\\/?p=25168\",\"name\":\"Especialistas indicam como lidar com a dislexia -\",\"isPartOf\":{\"@id\":\"https:\\\/\\\/inclusivenews.com.br\\\/#website\"},\"primaryImageOfPage\":{\"@id\":\"https:\\\/\\\/inclusivenews.com.br\\\/?p=25168#primaryimage\"},\"image\":{\"@id\":\"https:\\\/\\\/inclusivenews.com.br\\\/?p=25168#primaryimage\"},\"thumbnailUrl\":\"http:\\\/\\\/inclusivenews.com.br\\\/wp-content\\\/uploads\\\/letras.jpg\",\"datePublished\":\"2013-08-08T16:25:00+00:00\",\"breadcrumb\":{\"@id\":\"https:\\\/\\\/inclusivenews.com.br\\\/?p=25168#breadcrumb\"},\"inLanguage\":\"pt-PT\",\"potentialAction\":[{\"@type\":\"ReadAction\",\"target\":[\"https:\\\/\\\/inclusivenews.com.br\\\/?p=25168\"]}]},{\"@type\":\"ImageObject\",\"inLanguage\":\"pt-PT\",\"@id\":\"https:\\\/\\\/inclusivenews.com.br\\\/?p=25168#primaryimage\",\"url\":\"\",\"contentUrl\":\"\"},{\"@type\":\"BreadcrumbList\",\"@id\":\"https:\\\/\\\/inclusivenews.com.br\\\/?p=25168#breadcrumb\",\"itemListElement\":[{\"@type\":\"ListItem\",\"position\":1,\"name\":\"In\u00edcio\",\"item\":\"https:\\\/\\\/inclusivenews.com.br\\\/\"},{\"@type\":\"ListItem\",\"position\":2,\"name\":\"Especialistas indicam como lidar com a dislexia\"}]},{\"@type\":\"WebSite\",\"@id\":\"https:\\\/\\\/inclusivenews.com.br\\\/#website\",\"url\":\"https:\\\/\\\/inclusivenews.com.br\\\/\",\"name\":\"Inclusive News\",\"description\":\"Inclusive News\",\"publisher\":{\"@id\":\"https:\\\/\\\/inclusivenews.com.br\\\/#organization\"},\"potentialAction\":[{\"@type\":\"SearchAction\",\"target\":{\"@type\":\"EntryPoint\",\"urlTemplate\":\"https:\\\/\\\/inclusivenews.com.br\\\/?s={search_term_string}\"},\"query-input\":{\"@type\":\"PropertyValueSpecification\",\"valueRequired\":true,\"valueName\":\"search_term_string\"}}],\"inLanguage\":\"pt-PT\"},{\"@type\":\"Organization\",\"@id\":\"https:\\\/\\\/inclusivenews.com.br\\\/#organization\",\"name\":\"Inclusive - inclus\u00e3o e cidadania\",\"url\":\"https:\\\/\\\/inclusivenews.com.br\\\/\",\"logo\":{\"@type\":\"ImageObject\",\"inLanguage\":\"pt-PT\",\"@id\":\"https:\\\/\\\/inclusivenews.com.br\\\/#\\\/schema\\\/logo\\\/image\\\/\",\"url\":\"https:\\\/\\\/inclusivenews.com.br\\\/wp-content\\\/uploads\\\/2024\\\/03\\\/@grandesite.png\",\"contentUrl\":\"https:\\\/\\\/inclusivenews.com.br\\\/wp-content\\\/uploads\\\/2024\\\/03\\\/@grandesite.png\",\"width\":1080,\"height\":1080,\"caption\":\"Inclusive - inclus\u00e3o e cidadania\"},\"image\":{\"@id\":\"https:\\\/\\\/inclusivenews.com.br\\\/#\\\/schema\\\/logo\\\/image\\\/\"},\"sameAs\":[\"https:\\\/\\\/www.facebook.com\\\/agenciainclusive\\\/\",\"https:\\\/\\\/www.instagram.com\\\/newsinclusive\\\/\"]},{\"@type\":\"Person\",\"@id\":\"https:\\\/\\\/inclusivenews.com.br\\\/#\\\/schema\\\/person\\\/ae4ec7087559b8692fb33b6fffd2273b\",\"name\":\"inclusivenews2024\",\"image\":{\"@type\":\"ImageObject\",\"inLanguage\":\"pt-PT\",\"@id\":\"https:\\\/\\\/secure.gravatar.com\\\/avatar\\\/c5a7ef84c66fa914f55bc4f7ce26cfa275a3b9a1c5568b907bd184fb4dde7b40?s=96&d=mm&r=g\",\"url\":\"https:\\\/\\\/secure.gravatar.com\\\/avatar\\\/c5a7ef84c66fa914f55bc4f7ce26cfa275a3b9a1c5568b907bd184fb4dde7b40?s=96&d=mm&r=g\",\"contentUrl\":\"https:\\\/\\\/secure.gravatar.com\\\/avatar\\\/c5a7ef84c66fa914f55bc4f7ce26cfa275a3b9a1c5568b907bd184fb4dde7b40?s=96&d=mm&r=g\",\"caption\":\"inclusivenews2024\"},\"sameAs\":[\"https:\\\/\\\/inclusivenews.com.br\"],\"url\":\"https:\\\/\\\/inclusivenews.com.br\\\/?author=1\"}]}<\/script>\n<!-- \/ Yoast SEO plugin. -->","yoast_head_json":{"title":"Especialistas indicam como lidar com a dislexia -","robots":{"index":"index","follow":"follow","max-snippet":"max-snippet:-1","max-image-preview":"max-image-preview:large","max-video-preview":"max-video-preview:-1"},"canonical":"https:\/\/inclusivenews.com.br\/?p=25168","og_locale":"pt_PT","og_type":"article","og_title":"Especialistas indicam como lidar com a dislexia -","og_description":"Para o professor Rafael Pereira, por n\u00e3o ser uma doen\u00e7a, \u201cn\u00e3o h\u00e1 cura\u201d. A complexidade do dist\u00farbio exige uma interven\u00e7\u00e3o r\u00e1pida.","og_url":"https:\/\/inclusivenews.com.br\/?p=25168","article_publisher":"https:\/\/www.facebook.com\/agenciainclusive\/","article_published_time":"2013-08-08T16:25:00+00:00","og_image":[{"url":"http:\/\/inclusivenews.com.br\/wp-content\/uploads\/letras.jpg","type":"","width":"","height":""}],"author":"inclusivenews2024","twitter_card":"summary_large_image","twitter_misc":{"Escrito por":"inclusivenews2024","Tempo estimado de leitura":"3 minutos"},"schema":{"@context":"https:\/\/schema.org","@graph":[{"@type":"Article","@id":"https:\/\/inclusivenews.com.br\/?p=25168#article","isPartOf":{"@id":"https:\/\/inclusivenews.com.br\/?p=25168"},"author":{"name":"inclusivenews2024","@id":"https:\/\/inclusivenews.com.br\/#\/schema\/person\/ae4ec7087559b8692fb33b6fffd2273b"},"headline":"Especialistas indicam como lidar com a dislexia","datePublished":"2013-08-08T16:25:00+00:00","mainEntityOfPage":{"@id":"https:\/\/inclusivenews.com.br\/?p=25168"},"wordCount":510,"commentCount":0,"publisher":{"@id":"https:\/\/inclusivenews.com.br\/#organization"},"image":{"@id":"https:\/\/inclusivenews.com.br\/?p=25168#primaryimage"},"thumbnailUrl":"http:\/\/inclusivenews.com.br\/wp-content\/uploads\/letras.jpg","keywords":["Dislexia"],"articleSection":["EDUCA\u00c7\u00c3O","INCLUS\u00c3O SOCIAL"],"inLanguage":"pt-PT","potentialAction":[{"@type":"CommentAction","name":"Comment","target":["https:\/\/inclusivenews.com.br\/?p=25168#respond"]}]},{"@type":"WebPage","@id":"https:\/\/inclusivenews.com.br\/?p=25168","url":"https:\/\/inclusivenews.com.br\/?p=25168","name":"Especialistas indicam como lidar com a dislexia -","isPartOf":{"@id":"https:\/\/inclusivenews.com.br\/#website"},"primaryImageOfPage":{"@id":"https:\/\/inclusivenews.com.br\/?p=25168#primaryimage"},"image":{"@id":"https:\/\/inclusivenews.com.br\/?p=25168#primaryimage"},"thumbnailUrl":"http:\/\/inclusivenews.com.br\/wp-content\/uploads\/letras.jpg","datePublished":"2013-08-08T16:25:00+00:00","breadcrumb":{"@id":"https:\/\/inclusivenews.com.br\/?p=25168#breadcrumb"},"inLanguage":"pt-PT","potentialAction":[{"@type":"ReadAction","target":["https:\/\/inclusivenews.com.br\/?p=25168"]}]},{"@type":"ImageObject","inLanguage":"pt-PT","@id":"https:\/\/inclusivenews.com.br\/?p=25168#primaryimage","url":"","contentUrl":""},{"@type":"BreadcrumbList","@id":"https:\/\/inclusivenews.com.br\/?p=25168#breadcrumb","itemListElement":[{"@type":"ListItem","position":1,"name":"In\u00edcio","item":"https:\/\/inclusivenews.com.br\/"},{"@type":"ListItem","position":2,"name":"Especialistas indicam como lidar com a dislexia"}]},{"@type":"WebSite","@id":"https:\/\/inclusivenews.com.br\/#website","url":"https:\/\/inclusivenews.com.br\/","name":"Inclusive News","description":"Inclusive News","publisher":{"@id":"https:\/\/inclusivenews.com.br\/#organization"},"potentialAction":[{"@type":"SearchAction","target":{"@type":"EntryPoint","urlTemplate":"https:\/\/inclusivenews.com.br\/?s={search_term_string}"},"query-input":{"@type":"PropertyValueSpecification","valueRequired":true,"valueName":"search_term_string"}}],"inLanguage":"pt-PT"},{"@type":"Organization","@id":"https:\/\/inclusivenews.com.br\/#organization","name":"Inclusive - inclus\u00e3o e cidadania","url":"https:\/\/inclusivenews.com.br\/","logo":{"@type":"ImageObject","inLanguage":"pt-PT","@id":"https:\/\/inclusivenews.com.br\/#\/schema\/logo\/image\/","url":"https:\/\/inclusivenews.com.br\/wp-content\/uploads\/2024\/03\/@grandesite.png","contentUrl":"https:\/\/inclusivenews.com.br\/wp-content\/uploads\/2024\/03\/@grandesite.png","width":1080,"height":1080,"caption":"Inclusive - inclus\u00e3o e cidadania"},"image":{"@id":"https:\/\/inclusivenews.com.br\/#\/schema\/logo\/image\/"},"sameAs":["https:\/\/www.facebook.com\/agenciainclusive\/","https:\/\/www.instagram.com\/newsinclusive\/"]},{"@type":"Person","@id":"https:\/\/inclusivenews.com.br\/#\/schema\/person\/ae4ec7087559b8692fb33b6fffd2273b","name":"inclusivenews2024","image":{"@type":"ImageObject","inLanguage":"pt-PT","@id":"https:\/\/secure.gravatar.com\/avatar\/c5a7ef84c66fa914f55bc4f7ce26cfa275a3b9a1c5568b907bd184fb4dde7b40?s=96&d=mm&r=g","url":"https:\/\/secure.gravatar.com\/avatar\/c5a7ef84c66fa914f55bc4f7ce26cfa275a3b9a1c5568b907bd184fb4dde7b40?s=96&d=mm&r=g","contentUrl":"https:\/\/secure.gravatar.com\/avatar\/c5a7ef84c66fa914f55bc4f7ce26cfa275a3b9a1c5568b907bd184fb4dde7b40?s=96&d=mm&r=g","caption":"inclusivenews2024"},"sameAs":["https:\/\/inclusivenews.com.br"],"url":"https:\/\/inclusivenews.com.br\/?author=1"}]}},"_links":{"self":[{"href":"https:\/\/inclusivenews.com.br\/index.php?rest_route=\/wp\/v2\/posts\/25168","targetHints":{"allow":["GET"]}}],"collection":[{"href":"https:\/\/inclusivenews.com.br\/index.php?rest_route=\/wp\/v2\/posts"}],"about":[{"href":"https:\/\/inclusivenews.com.br\/index.php?rest_route=\/wp\/v2\/types\/post"}],"author":[{"embeddable":true,"href":"https:\/\/inclusivenews.com.br\/index.php?rest_route=\/wp\/v2\/users\/1"}],"replies":[{"embeddable":true,"href":"https:\/\/inclusivenews.com.br\/index.php?rest_route=%2Fwp%2Fv2%2Fcomments&post=25168"}],"version-history":[{"count":0,"href":"https:\/\/inclusivenews.com.br\/index.php?rest_route=\/wp\/v2\/posts\/25168\/revisions"}],"wp:attachment":[{"href":"https:\/\/inclusivenews.com.br\/index.php?rest_route=%2Fwp%2Fv2%2Fmedia&parent=25168"}],"wp:term":[{"taxonomy":"category","embeddable":true,"href":"https:\/\/inclusivenews.com.br\/index.php?rest_route=%2Fwp%2Fv2%2Fcategories&post=25168"},{"taxonomy":"post_tag","embeddable":true,"href":"https:\/\/inclusivenews.com.br\/index.php?rest_route=%2Fwp%2Fv2%2Ftags&post=25168"}],"curies":[{"name":"wp","href":"https:\/\/api.w.org\/{rel}","templated":true}]}}