{"id":25234,"date":"2013-09-05T07:40:18","date_gmt":"2013-09-05T10:40:18","guid":{"rendered":"http:\/\/www.inclusive.org.br\/?p=25234"},"modified":"2013-09-05T07:40:18","modified_gmt":"2013-09-05T10:40:18","slug":"saberes-docentes-para-a-inclusao-do-aluno-com-deficiencia-visual-em-aulas-de-fisica","status":"publish","type":"post","link":"https:\/\/inclusivenews.com.br\/?p=25234","title":{"rendered":"Saberes docentes para a inclus\u00e3o do aluno com defici\u00eancia visual em aulas de F\u00edsica"},"content":{"rendered":"<figure id=\"attachment_25237\" aria-describedby=\"caption-attachment-25237\" style=\"width: 300px\" class=\"wp-caption alignleft\"><img loading=\"lazy\" decoding=\"async\" class=\"size-medium wp-image-25237\" title=\"Prisma t\u00e1til\" src=\"http:\/\/inclusivenews.com.br\/wp-content\/uploads\/txt-ensinooptica-opt5-300x227.jpg\" alt=\"Prisma t\u00e1til\" width=\"300\" height=\"227\" \/><figcaption id=\"caption-attachment-25237\" class=\"wp-caption-text\"> <\/figcaption><\/figure>\n<p>Resultado de um estudo de p\u00f3s doutorado sob a supervis\u00e3o do prof. Dr. Roberto Nardi e com apoio   da FAPESP, o mesmo analisa perfis ling\u00fc\u00edsticos e contextos comunicacionais adequados e inadequados para a promo\u00e7\u00e3o de processos de ensino e aprendizagem de f\u00edsica em ambiente que contou com a presen\u00e7a de alunos com e sem defici\u00eancia visual.<\/p>\n<p>Traz uma an\u00e1lise da rela\u00e7\u00e3o entre tipo de percep\u00e7\u00e3o e conceito e fen\u00f4meno f\u00edsico, indicando qualitativamente os conceitos e fen\u00f4menos que estabelecem rela\u00e7\u00f5es vinculadas ou indissoci\u00e1veis da percep\u00e7\u00e3o visual. Mostra que muitos conceitos f\u00edsicos s\u00e3o independentes da vis\u00e3o para serem compreendidos al\u00e9m de indicar aqueles que necessitam da percep\u00e7\u00e3o visual para o pleno entendimento.<\/p>\n<p>Traz uma an\u00e1lise  qualiquantitativa de perfis ling\u00fc\u00edsticos mais empregados em sala de aula, explicitando duas estruturas centrais da linguagem, ou seja, emp\u00edrica e sem\u00e2ntico-sensorial.  Mostra que perfis ling\u00fc\u00edsticos fundamentados em estrutura emp\u00edrica audiovisual interdependentes formam a base de dificuldades de comunica\u00e7\u00e3o, e, portanto de ensino, entre professor e aluno cego.<\/p>\n<p>Finaliza apontando um conjunto de saberes inerentes aos conceitos e fen\u00f4menos f\u00edsicos e \u00e0 defici\u00eancia visual necess\u00e1rios para a promo\u00e7\u00e3o de participa\u00e7\u00e3o efetiva de alunos cegos ou com baixa vis\u00e3o em aulas de f\u00edsica.<\/p>\n<p>O livro na \u00edntegra e de forma gratuita est\u00e1 dispon\u00edvel no cat\u00e1logo da editora da UNESP. <a href=\"http:\/\/www.editoraunesp.com.br\/catalogo-detalhe.asp?ctl_id=1519\">Link para download<\/a>.<\/p>\n","protected":false},"excerpt":{"rendered":"<p>Resultado de um estudo de p\u00f3s doutorado sob a supervis\u00e3o do prof. Dr. Roberto Nardi e com apoio da FAPESP, o mesmo analisa perfis ling\u00fc\u00edsticos e contextos comunicacionais adequados e inadequados para a promo\u00e7\u00e3o de processos de ensino e aprendizagem de f\u00edsica em ambiente que contou com a presen\u00e7a de alunos com e sem defici\u00eancia visual.<\/p>\n","protected":false},"author":1,"featured_media":0,"comment_status":"open","ping_status":"open","sticky":false,"template":"","format":"standard","meta":{"site-container-style":"default","site-container-layout":"default","site-sidebar-layout":"default","disable-article-header":"default","disable-site-header":"default","disable-site-footer":"default","disable-content-area-spacing":"default","footnotes":""},"categories":[38,52,6,48,51,10],"tags":[],"class_list":["post-25234","post","type-post","status-publish","format-standard","hentry","category-deficiencia","category-downloadables","category-educacao","category-inclusao","category-livros","category-publicacoes"],"yoast_head":"<!-- This site is optimized with the Yoast SEO plugin v27.4 - https:\/\/yoast.com\/product\/yoast-seo-wordpress\/ -->\n<title>Saberes docentes para a inclus\u00e3o do aluno com defici\u00eancia visual em aulas de F\u00edsica -<\/title>\n<meta name=\"robots\" content=\"index, follow, max-snippet:-1, max-image-preview:large, max-video-preview:-1\" \/>\n<link rel=\"canonical\" href=\"https:\/\/inclusivenews.com.br\/?p=25234\" \/>\n<meta property=\"og:locale\" content=\"pt_PT\" \/>\n<meta property=\"og:type\" content=\"article\" \/>\n<meta property=\"og:title\" content=\"Saberes docentes para a inclus\u00e3o do aluno com defici\u00eancia visual em aulas de F\u00edsica -\" \/>\n<meta property=\"og:description\" content=\"Resultado de um estudo de p\u00f3s doutorado sob a supervis\u00e3o do prof. Dr. Roberto Nardi e com apoio da FAPESP, o mesmo analisa perfis ling\u00fc\u00edsticos e contextos comunicacionais adequados e inadequados para a promo\u00e7\u00e3o de processos de ensino e aprendizagem de f\u00edsica em ambiente que contou com a presen\u00e7a de alunos com e sem defici\u00eancia visual.\" \/>\n<meta property=\"og:url\" content=\"https:\/\/inclusivenews.com.br\/?p=25234\" \/>\n<meta property=\"article:publisher\" content=\"https:\/\/www.facebook.com\/agenciainclusive\/\" \/>\n<meta property=\"article:published_time\" content=\"2013-09-05T10:40:18+00:00\" \/>\n<meta property=\"og:image\" content=\"http:\/\/inclusivenews.com.br\/wp-content\/uploads\/txt-ensinooptica-opt5-300x227.jpg\" \/>\n<meta name=\"author\" content=\"inclusivenews2024\" \/>\n<meta name=\"twitter:card\" content=\"summary_large_image\" \/>\n<meta name=\"twitter:label1\" content=\"Escrito por\" \/>\n\t<meta name=\"twitter:data1\" content=\"inclusivenews2024\" \/>\n\t<meta name=\"twitter:label2\" content=\"Tempo estimado de leitura\" \/>\n\t<meta name=\"twitter:data2\" content=\"1 minuto\" \/>\n<script type=\"application\/ld+json\" class=\"yoast-schema-graph\">{\"@context\":\"https:\\\/\\\/schema.org\",\"@graph\":[{\"@type\":\"Article\",\"@id\":\"https:\\\/\\\/inclusivenews.com.br\\\/?p=25234#article\",\"isPartOf\":{\"@id\":\"https:\\\/\\\/inclusivenews.com.br\\\/?p=25234\"},\"author\":{\"name\":\"inclusivenews2024\",\"@id\":\"https:\\\/\\\/inclusivenews.com.br\\\/#\\\/schema\\\/person\\\/ae4ec7087559b8692fb33b6fffd2273b\"},\"headline\":\"Saberes docentes para a inclus\u00e3o do aluno com defici\u00eancia visual em aulas de F\u00edsica\",\"datePublished\":\"2013-09-05T10:40:18+00:00\",\"mainEntityOfPage\":{\"@id\":\"https:\\\/\\\/inclusivenews.com.br\\\/?p=25234\"},\"wordCount\":275,\"commentCount\":0,\"publisher\":{\"@id\":\"https:\\\/\\\/inclusivenews.com.br\\\/#organization\"},\"image\":{\"@id\":\"https:\\\/\\\/inclusivenews.com.br\\\/?p=25234#primaryimage\"},\"thumbnailUrl\":\"http:\\\/\\\/inclusivenews.com.br\\\/wp-content\\\/uploads\\\/txt-ensinooptica-opt5-300x227.jpg\",\"articleSection\":[\"Defici\u00eancia\",\"Downloadables\",\"EDUCA\u00c7\u00c3O\",\"INCLUS\u00c3O SOCIAL\",\"Livros\",\"PUBLICA\u00c7\u00d5ES\"],\"inLanguage\":\"pt-PT\",\"potentialAction\":[{\"@type\":\"CommentAction\",\"name\":\"Comment\",\"target\":[\"https:\\\/\\\/inclusivenews.com.br\\\/?p=25234#respond\"]}]},{\"@type\":\"WebPage\",\"@id\":\"https:\\\/\\\/inclusivenews.com.br\\\/?p=25234\",\"url\":\"https:\\\/\\\/inclusivenews.com.br\\\/?p=25234\",\"name\":\"Saberes docentes para a inclus\u00e3o do aluno com defici\u00eancia visual em aulas de F\u00edsica -\",\"isPartOf\":{\"@id\":\"https:\\\/\\\/inclusivenews.com.br\\\/#website\"},\"primaryImageOfPage\":{\"@id\":\"https:\\\/\\\/inclusivenews.com.br\\\/?p=25234#primaryimage\"},\"image\":{\"@id\":\"https:\\\/\\\/inclusivenews.com.br\\\/?p=25234#primaryimage\"},\"thumbnailUrl\":\"http:\\\/\\\/inclusivenews.com.br\\\/wp-content\\\/uploads\\\/txt-ensinooptica-opt5-300x227.jpg\",\"datePublished\":\"2013-09-05T10:40:18+00:00\",\"breadcrumb\":{\"@id\":\"https:\\\/\\\/inclusivenews.com.br\\\/?p=25234#breadcrumb\"},\"inLanguage\":\"pt-PT\",\"potentialAction\":[{\"@type\":\"ReadAction\",\"target\":[\"https:\\\/\\\/inclusivenews.com.br\\\/?p=25234\"]}]},{\"@type\":\"ImageObject\",\"inLanguage\":\"pt-PT\",\"@id\":\"https:\\\/\\\/inclusivenews.com.br\\\/?p=25234#primaryimage\",\"url\":\"\",\"contentUrl\":\"\"},{\"@type\":\"BreadcrumbList\",\"@id\":\"https:\\\/\\\/inclusivenews.com.br\\\/?p=25234#breadcrumb\",\"itemListElement\":[{\"@type\":\"ListItem\",\"position\":1,\"name\":\"In\u00edcio\",\"item\":\"https:\\\/\\\/inclusivenews.com.br\\\/\"},{\"@type\":\"ListItem\",\"position\":2,\"name\":\"Saberes docentes para a inclus\u00e3o do aluno com defici\u00eancia visual em aulas de F\u00edsica\"}]},{\"@type\":\"WebSite\",\"@id\":\"https:\\\/\\\/inclusivenews.com.br\\\/#website\",\"url\":\"https:\\\/\\\/inclusivenews.com.br\\\/\",\"name\":\"Inclusive News\",\"description\":\"Inclusive News\",\"publisher\":{\"@id\":\"https:\\\/\\\/inclusivenews.com.br\\\/#organization\"},\"potentialAction\":[{\"@type\":\"SearchAction\",\"target\":{\"@type\":\"EntryPoint\",\"urlTemplate\":\"https:\\\/\\\/inclusivenews.com.br\\\/?s={search_term_string}\"},\"query-input\":{\"@type\":\"PropertyValueSpecification\",\"valueRequired\":true,\"valueName\":\"search_term_string\"}}],\"inLanguage\":\"pt-PT\"},{\"@type\":\"Organization\",\"@id\":\"https:\\\/\\\/inclusivenews.com.br\\\/#organization\",\"name\":\"Inclusive - inclus\u00e3o e cidadania\",\"url\":\"https:\\\/\\\/inclusivenews.com.br\\\/\",\"logo\":{\"@type\":\"ImageObject\",\"inLanguage\":\"pt-PT\",\"@id\":\"https:\\\/\\\/inclusivenews.com.br\\\/#\\\/schema\\\/logo\\\/image\\\/\",\"url\":\"https:\\\/\\\/inclusivenews.com.br\\\/wp-content\\\/uploads\\\/2024\\\/03\\\/@grandesite.png\",\"contentUrl\":\"https:\\\/\\\/inclusivenews.com.br\\\/wp-content\\\/uploads\\\/2024\\\/03\\\/@grandesite.png\",\"width\":1080,\"height\":1080,\"caption\":\"Inclusive - inclus\u00e3o e cidadania\"},\"image\":{\"@id\":\"https:\\\/\\\/inclusivenews.com.br\\\/#\\\/schema\\\/logo\\\/image\\\/\"},\"sameAs\":[\"https:\\\/\\\/www.facebook.com\\\/agenciainclusive\\\/\",\"https:\\\/\\\/www.instagram.com\\\/newsinclusive\\\/\"]},{\"@type\":\"Person\",\"@id\":\"https:\\\/\\\/inclusivenews.com.br\\\/#\\\/schema\\\/person\\\/ae4ec7087559b8692fb33b6fffd2273b\",\"name\":\"inclusivenews2024\",\"image\":{\"@type\":\"ImageObject\",\"inLanguage\":\"pt-PT\",\"@id\":\"https:\\\/\\\/secure.gravatar.com\\\/avatar\\\/c5a7ef84c66fa914f55bc4f7ce26cfa275a3b9a1c5568b907bd184fb4dde7b40?s=96&d=mm&r=g\",\"url\":\"https:\\\/\\\/secure.gravatar.com\\\/avatar\\\/c5a7ef84c66fa914f55bc4f7ce26cfa275a3b9a1c5568b907bd184fb4dde7b40?s=96&d=mm&r=g\",\"contentUrl\":\"https:\\\/\\\/secure.gravatar.com\\\/avatar\\\/c5a7ef84c66fa914f55bc4f7ce26cfa275a3b9a1c5568b907bd184fb4dde7b40?s=96&d=mm&r=g\",\"caption\":\"inclusivenews2024\"},\"sameAs\":[\"https:\\\/\\\/inclusivenews.com.br\"],\"url\":\"https:\\\/\\\/inclusivenews.com.br\\\/?author=1\"}]}<\/script>\n<!-- \/ Yoast SEO plugin. -->","yoast_head_json":{"title":"Saberes docentes para a inclus\u00e3o do aluno com defici\u00eancia visual em aulas de F\u00edsica -","robots":{"index":"index","follow":"follow","max-snippet":"max-snippet:-1","max-image-preview":"max-image-preview:large","max-video-preview":"max-video-preview:-1"},"canonical":"https:\/\/inclusivenews.com.br\/?p=25234","og_locale":"pt_PT","og_type":"article","og_title":"Saberes docentes para a inclus\u00e3o do aluno com defici\u00eancia visual em aulas de F\u00edsica -","og_description":"Resultado de um estudo de p\u00f3s doutorado sob a supervis\u00e3o do prof. Dr. Roberto Nardi e com apoio da FAPESP, o mesmo analisa perfis ling\u00fc\u00edsticos e contextos comunicacionais adequados e inadequados para a promo\u00e7\u00e3o de processos de ensino e aprendizagem de f\u00edsica em ambiente que contou com a presen\u00e7a de alunos com e sem defici\u00eancia visual.","og_url":"https:\/\/inclusivenews.com.br\/?p=25234","article_publisher":"https:\/\/www.facebook.com\/agenciainclusive\/","article_published_time":"2013-09-05T10:40:18+00:00","og_image":[{"url":"http:\/\/inclusivenews.com.br\/wp-content\/uploads\/txt-ensinooptica-opt5-300x227.jpg","type":"","width":"","height":""}],"author":"inclusivenews2024","twitter_card":"summary_large_image","twitter_misc":{"Escrito por":"inclusivenews2024","Tempo estimado de leitura":"1 minuto"},"schema":{"@context":"https:\/\/schema.org","@graph":[{"@type":"Article","@id":"https:\/\/inclusivenews.com.br\/?p=25234#article","isPartOf":{"@id":"https:\/\/inclusivenews.com.br\/?p=25234"},"author":{"name":"inclusivenews2024","@id":"https:\/\/inclusivenews.com.br\/#\/schema\/person\/ae4ec7087559b8692fb33b6fffd2273b"},"headline":"Saberes docentes para a inclus\u00e3o do aluno com defici\u00eancia visual em aulas de F\u00edsica","datePublished":"2013-09-05T10:40:18+00:00","mainEntityOfPage":{"@id":"https:\/\/inclusivenews.com.br\/?p=25234"},"wordCount":275,"commentCount":0,"publisher":{"@id":"https:\/\/inclusivenews.com.br\/#organization"},"image":{"@id":"https:\/\/inclusivenews.com.br\/?p=25234#primaryimage"},"thumbnailUrl":"http:\/\/inclusivenews.com.br\/wp-content\/uploads\/txt-ensinooptica-opt5-300x227.jpg","articleSection":["Defici\u00eancia","Downloadables","EDUCA\u00c7\u00c3O","INCLUS\u00c3O SOCIAL","Livros","PUBLICA\u00c7\u00d5ES"],"inLanguage":"pt-PT","potentialAction":[{"@type":"CommentAction","name":"Comment","target":["https:\/\/inclusivenews.com.br\/?p=25234#respond"]}]},{"@type":"WebPage","@id":"https:\/\/inclusivenews.com.br\/?p=25234","url":"https:\/\/inclusivenews.com.br\/?p=25234","name":"Saberes docentes para a inclus\u00e3o do aluno com defici\u00eancia visual em aulas de F\u00edsica -","isPartOf":{"@id":"https:\/\/inclusivenews.com.br\/#website"},"primaryImageOfPage":{"@id":"https:\/\/inclusivenews.com.br\/?p=25234#primaryimage"},"image":{"@id":"https:\/\/inclusivenews.com.br\/?p=25234#primaryimage"},"thumbnailUrl":"http:\/\/inclusivenews.com.br\/wp-content\/uploads\/txt-ensinooptica-opt5-300x227.jpg","datePublished":"2013-09-05T10:40:18+00:00","breadcrumb":{"@id":"https:\/\/inclusivenews.com.br\/?p=25234#breadcrumb"},"inLanguage":"pt-PT","potentialAction":[{"@type":"ReadAction","target":["https:\/\/inclusivenews.com.br\/?p=25234"]}]},{"@type":"ImageObject","inLanguage":"pt-PT","@id":"https:\/\/inclusivenews.com.br\/?p=25234#primaryimage","url":"","contentUrl":""},{"@type":"BreadcrumbList","@id":"https:\/\/inclusivenews.com.br\/?p=25234#breadcrumb","itemListElement":[{"@type":"ListItem","position":1,"name":"In\u00edcio","item":"https:\/\/inclusivenews.com.br\/"},{"@type":"ListItem","position":2,"name":"Saberes docentes para a inclus\u00e3o do aluno com defici\u00eancia visual em aulas de F\u00edsica"}]},{"@type":"WebSite","@id":"https:\/\/inclusivenews.com.br\/#website","url":"https:\/\/inclusivenews.com.br\/","name":"Inclusive News","description":"Inclusive News","publisher":{"@id":"https:\/\/inclusivenews.com.br\/#organization"},"potentialAction":[{"@type":"SearchAction","target":{"@type":"EntryPoint","urlTemplate":"https:\/\/inclusivenews.com.br\/?s={search_term_string}"},"query-input":{"@type":"PropertyValueSpecification","valueRequired":true,"valueName":"search_term_string"}}],"inLanguage":"pt-PT"},{"@type":"Organization","@id":"https:\/\/inclusivenews.com.br\/#organization","name":"Inclusive - inclus\u00e3o e cidadania","url":"https:\/\/inclusivenews.com.br\/","logo":{"@type":"ImageObject","inLanguage":"pt-PT","@id":"https:\/\/inclusivenews.com.br\/#\/schema\/logo\/image\/","url":"https:\/\/inclusivenews.com.br\/wp-content\/uploads\/2024\/03\/@grandesite.png","contentUrl":"https:\/\/inclusivenews.com.br\/wp-content\/uploads\/2024\/03\/@grandesite.png","width":1080,"height":1080,"caption":"Inclusive - inclus\u00e3o e cidadania"},"image":{"@id":"https:\/\/inclusivenews.com.br\/#\/schema\/logo\/image\/"},"sameAs":["https:\/\/www.facebook.com\/agenciainclusive\/","https:\/\/www.instagram.com\/newsinclusive\/"]},{"@type":"Person","@id":"https:\/\/inclusivenews.com.br\/#\/schema\/person\/ae4ec7087559b8692fb33b6fffd2273b","name":"inclusivenews2024","image":{"@type":"ImageObject","inLanguage":"pt-PT","@id":"https:\/\/secure.gravatar.com\/avatar\/c5a7ef84c66fa914f55bc4f7ce26cfa275a3b9a1c5568b907bd184fb4dde7b40?s=96&d=mm&r=g","url":"https:\/\/secure.gravatar.com\/avatar\/c5a7ef84c66fa914f55bc4f7ce26cfa275a3b9a1c5568b907bd184fb4dde7b40?s=96&d=mm&r=g","contentUrl":"https:\/\/secure.gravatar.com\/avatar\/c5a7ef84c66fa914f55bc4f7ce26cfa275a3b9a1c5568b907bd184fb4dde7b40?s=96&d=mm&r=g","caption":"inclusivenews2024"},"sameAs":["https:\/\/inclusivenews.com.br"],"url":"https:\/\/inclusivenews.com.br\/?author=1"}]}},"_links":{"self":[{"href":"https:\/\/inclusivenews.com.br\/index.php?rest_route=\/wp\/v2\/posts\/25234","targetHints":{"allow":["GET"]}}],"collection":[{"href":"https:\/\/inclusivenews.com.br\/index.php?rest_route=\/wp\/v2\/posts"}],"about":[{"href":"https:\/\/inclusivenews.com.br\/index.php?rest_route=\/wp\/v2\/types\/post"}],"author":[{"embeddable":true,"href":"https:\/\/inclusivenews.com.br\/index.php?rest_route=\/wp\/v2\/users\/1"}],"replies":[{"embeddable":true,"href":"https:\/\/inclusivenews.com.br\/index.php?rest_route=%2Fwp%2Fv2%2Fcomments&post=25234"}],"version-history":[{"count":0,"href":"https:\/\/inclusivenews.com.br\/index.php?rest_route=\/wp\/v2\/posts\/25234\/revisions"}],"wp:attachment":[{"href":"https:\/\/inclusivenews.com.br\/index.php?rest_route=%2Fwp%2Fv2%2Fmedia&parent=25234"}],"wp:term":[{"taxonomy":"category","embeddable":true,"href":"https:\/\/inclusivenews.com.br\/index.php?rest_route=%2Fwp%2Fv2%2Fcategories&post=25234"},{"taxonomy":"post_tag","embeddable":true,"href":"https:\/\/inclusivenews.com.br\/index.php?rest_route=%2Fwp%2Fv2%2Ftags&post=25234"}],"curies":[{"name":"wp","href":"https:\/\/api.w.org\/{rel}","templated":true}]}}