{"id":25240,"date":"2013-09-05T07:56:11","date_gmt":"2013-09-05T10:56:11","guid":{"rendered":"http:\/\/www.inclusive.org.br\/?p=25240"},"modified":"2013-09-05T07:56:11","modified_gmt":"2013-09-05T10:56:11","slug":"2%c2%ba-simposio-de-educacao-especial","status":"publish","type":"post","link":"https:\/\/inclusivenews.com.br\/?p=25240","title":{"rendered":"2\u00ba Simp\u00f3sio de Educa\u00e7\u00e3o Especial"},"content":{"rendered":"<p><img loading=\"lazy\" decoding=\"async\" class=\"alignleft size-medium wp-image-12962\" title=\"L\u00e1pis de cor\" src=\"http:\/\/inclusivenews.com.br\/wp-content\/uploads\/2009\/12\/educacao222-300x225.jpg\" alt=\"L\u00e1pis de cor\" width=\"300\" height=\"225\" \/><\/p>\n<p>6 de setembro &#8211; Pr\u00e9-simp\u00f3sio<br \/>\n19h &#8211; Boas vindas 19h30 \u2013<br \/>\nSolenidade de abertura 20h &#8211; Confer\u00eancia Magna<br \/>\nTema: \u201cCaminhos da Inclus\u00e3o em busca de uma Educa\u00e7\u00e3o de qualidade\u201d<br \/>\nConferencista: Prof. Jos\u00e9 Pacheco &#8211; Escola da Ponte<br \/>\n12 de setembro &#8211; Simp\u00f3sio<br \/>\n19h30 &#8211; Solenidade de abertura<br \/>\n20h &#8211; Confer\u00eancia Tema: \u201cPROESP e os Caminhos da Inclus\u00e3o\u201d<br \/>\nConferencistas: Prof.\u00aas Dr.\u00aas C\u00e9lia Regina da Silva e Magda Marly Fernandes \u2013 Universidade Cruzeiro do Sul<\/p>\n<p>13 de setembro &#8211; Simp\u00f3sio<\/p>\n<p>7h30 &#8211; Credenciamento<br \/>\n8h30 &#8211; Apresenta\u00e7\u00e3o Cultural<br \/>\nII Simp\u00f3sio de Educa\u00e7\u00e3o Especial<br \/>\nProf.\u00aa Dr.\u00aa C\u00e9lia Regina da Silva Rocha<br \/>\n9h &#8211; Confer\u00eancia 1 Tema: \u201cForma\u00e7\u00e3o de atitudes sociais frente \u00e0 de\ufb01ci\u00eancia\u201d<br \/>\nConferencista: Prof.\u00aa Dr.\u00aa Camila M. Vieira &#8211; UNESP de Mar\u00edlia<br \/>\nCoordena\u00e7\u00e3o: Prof.\u00aa Dr.\u00aa Magda Marly Fernandes &#8211; Universidade Cruzeiro do Sul<br \/>\n10h30 &#8211; Mesa Redonda \u201cSexualidade e de\ufb01ci\u00eancia\u201d<br \/>\nMediadores: Mina Regen (Consultora, APAE) e Fernanda Sodeli (Netpsi)<br \/>\nCoordena\u00e7\u00e3o: Prof.\u00aa Ms. D\u00e9bora Cabrera &#8211; Universidade Cruzeiro do Sul<br \/>\n12h &#8211; Almo\u00e7o<br \/>\n13h30 &#8211; Apresenta\u00e7\u00e3o Cultural<br \/>\n\u2022 Sess\u00e3o de P\u00f4ster<br \/>\nCoordena\u00e7\u00e3o: Prof.\u00aa Ms. Silvana da Silva Buchini \u2013 Universidade Cruzeiro do Sul<br \/>\n14h &#8211; Confer\u00eancia 2 \u201cAcessibilidade na Universidade\u201d<br \/>\nConferencista: Prof.\u00aa Dr.\u00aa Magda Marly Fernandes &#8211; Universidade Cruzeiro do Sul<br \/>\nCoordena\u00e7\u00e3o: Prof.\u00aa Leda Jane &#8211; Universidade Cruzeiro do Sul<br \/>\n\u2022 Convite para GTS &#8211; Grupos de Trabalho sobre Acessibilidade<br \/>\n14h30 &#8211; Mesa redonda<br \/>\nTema: \u201cEvas\u00e3o do aluno surdo no ensino m\u00e9dio\u201d<br \/>\nMediadora: Prof.\u00aa Ms. Juliana Santos Silva &#8211; Universidade Cruzeiro do Sul<br \/>\nTema: \u201cO uso de jogos eletr\u00f4nicos no processo de ensino e aprendizagem de surdos\u201d Mediador: Prof.\u00aa Dr.\u00aa Ivani Rodrigues Silva &#8211; UNICAMP<br \/>\nCoordena\u00e7\u00e3o: Prof.\u00aa Dr\u00aa C\u00e9lia Regina da Silva Rocha &#8211; Universidade Cruzeiro do Sul<br \/>\n16h &#8211; Confer\u00eancia 3 Tema: \u201cCriatividade e a Pr\u00e1tica inclusiva em sala de aula\u201d<br \/>\nConferencista: Prof.\u00aa Ms. Cristina Maria D\u2019Antona Bacheret &#8211; PUC Campinas<br \/>\nCoordena\u00e7\u00e3o: Prof.\u00aa Dr.\u00aa Magda Marli Fernandes &#8211; Universidade Cruzeiro do Sul<br \/>\n17h &#8211; Relato de Experi\u00eancia<br \/>\nTema: \u201cPr\u00e1ticas Inclusivas na Sala de Aula\u201d<br \/>\nProfessores da Rede Regular de Ensino Fundamental de S\u00e3o Paulo<br \/>\nCoordena\u00e7\u00e3o: Prof.\u00aa Ms. D\u00e9bora Cabrera &#8211; Universidade Cruzeiro do Sul<\/p>\n<p>14 de setembro &#8211; Simp\u00f3sio<\/p>\n<p>8h30 \u2013 Apresenta\u00e7\u00e3o Cultural<br \/>\n9h \u2013 Confer\u00eancia 1 Tema: \u201cBarreiras atitudinais da inclus\u00e3o\u201d<br \/>\nConferencista: F\u00e1bio Adiron<br \/>\nCoordena\u00e7\u00e3o: Prof.\u00aa Dr.\u00aa Magda Marly Fernandes &#8211; Universidade Cruzeiro do Sul<br \/>\n10h15 &#8211; Confer\u00eancia 2<br \/>\nTema: \u201cEmprego apoiado: o papel da escola na transi\u00e7\u00e3o para o trabalho\u201d &#8211; Rede de Emprego Apoiado<br \/>\nConferencista: Alexandre Betti<br \/>\nCoordena\u00e7\u00e3o: Prof.\u00aa Ms. Silvana da Silva Buchini &#8211; Universidade Cruzeiro do Sul<br \/>\n12h &#8211; Almo\u00e7o<br \/>\n13h30 &#8211; Mesa redonda<br \/>\nTema: \u201cTecnologia Assistiva\u201d<br \/>\nMediadora: Luciane Maria Molina Barbosa &#8211; UNESP Guaratinguet\u00e1<br \/>\nMediador: Leonardo Gleison &#8211; Laramara<br \/>\nCoordena\u00e7\u00e3o: Prof.\u00aa Dr.\u00aa C\u00e9lia Regina da Silva Rocha &#8211; Universidade Cruzeiro do Sul<br \/>\n15h &#8211; Confer\u00eancia 3 Tema: \u201cRela\u00e7\u00f5es Interpessoais e Concep\u00e7\u00f5es de Professores sobre adolescentes com de\ufb01ci\u00eancia mental\u201d<br \/>\nConferencista: Prof.\u00aa Dr.\u00aa Elisabeth Neide Klaus Cacalano &#8211; FMU<br \/>\nCoordena\u00e7\u00e3o: Prof.\u00aa Ms. Leda Jane Santos \u2013 Universidade Cruzeiro doSul<br \/>\n6h &#8211; Relato de Experi\u00eancia<br \/>\nTema: \u201cPr\u00e1ticas Inclusivas na Sala de Aula\u201d Professores da Rede Regular de Ensino Fundamental de S\u00e3o Paulo<br \/>\nCoordena\u00e7\u00e3o: Prof.\u00aa Ms. D\u00e9bora Cabrera &#8211; Universidade Cruzeiro do Sul<br \/>\n17h &#8211; Encerramento \/ Entrega de certi\ufb01cados.<\/p>\n<p><a href=\"http:\/\/www2.cruzeirodosul.edu.br\/eventos\/index.jsp?emp=1&amp;gru=17&amp;eve=1\" target=\"_blank\" rel=\"noopener\"> Link para o acesso as informa\u00e7\u00f5es do 2\u00ba Simp\u00f3sio.<\/a><\/p>\n","protected":false},"excerpt":{"rendered":"<p>Entre 6 e 13\/14  de setembro, com a confer\u00eancia magna do Prof. Jos\u00e9 Pacheco.<\/p>\n","protected":false},"author":1,"featured_media":0,"comment_status":"open","ping_status":"open","sticky":false,"template":"","format":"standard","meta":{"site-container-style":"default","site-container-layout":"default","site-sidebar-layout":"default","disable-article-header":"default","disable-site-header":"default","disable-site-footer":"default","disable-content-area-spacing":"default","footnotes":""},"categories":[12,38,6,48],"tags":[],"class_list":["post-25240","post","type-post","status-publish","format-standard","hentry","category-cursos-e-eventos","category-deficiencia","category-educacao","category-inclusao"],"yoast_head":"<!-- This site is optimized with the Yoast SEO plugin v27.4 - https:\/\/yoast.com\/product\/yoast-seo-wordpress\/ -->\n<title>2\u00ba Simp\u00f3sio de Educa\u00e7\u00e3o Especial -<\/title>\n<meta name=\"robots\" content=\"index, follow, max-snippet:-1, max-image-preview:large, max-video-preview:-1\" \/>\n<link rel=\"canonical\" href=\"https:\/\/inclusivenews.com.br\/?p=25240\" \/>\n<meta property=\"og:locale\" content=\"pt_PT\" \/>\n<meta property=\"og:type\" content=\"article\" \/>\n<meta property=\"og:title\" content=\"2\u00ba Simp\u00f3sio de Educa\u00e7\u00e3o Especial -\" \/>\n<meta property=\"og:description\" content=\"Entre 6 e 13\/14 de setembro, com a confer\u00eancia magna do Prof. Jos\u00e9 Pacheco.\" \/>\n<meta property=\"og:url\" content=\"https:\/\/inclusivenews.com.br\/?p=25240\" \/>\n<meta property=\"article:publisher\" content=\"https:\/\/www.facebook.com\/agenciainclusive\/\" \/>\n<meta property=\"article:published_time\" content=\"2013-09-05T10:56:11+00:00\" \/>\n<meta property=\"og:image\" content=\"http:\/\/inclusivenews.com.br\/wp-content\/uploads\/2009\/12\/educacao222-300x225.jpg\" \/>\n<meta name=\"author\" content=\"inclusivenews2024\" \/>\n<meta name=\"twitter:card\" content=\"summary_large_image\" \/>\n<meta name=\"twitter:label1\" content=\"Escrito por\" \/>\n\t<meta name=\"twitter:data1\" content=\"inclusivenews2024\" \/>\n\t<meta name=\"twitter:label2\" content=\"Tempo estimado de leitura\" \/>\n\t<meta name=\"twitter:data2\" content=\"3 minutos\" \/>\n<script type=\"application\/ld+json\" class=\"yoast-schema-graph\">{\"@context\":\"https:\\\/\\\/schema.org\",\"@graph\":[{\"@type\":\"Article\",\"@id\":\"https:\\\/\\\/inclusivenews.com.br\\\/?p=25240#article\",\"isPartOf\":{\"@id\":\"https:\\\/\\\/inclusivenews.com.br\\\/?p=25240\"},\"author\":{\"name\":\"inclusivenews2024\",\"@id\":\"https:\\\/\\\/inclusivenews.com.br\\\/#\\\/schema\\\/person\\\/ae4ec7087559b8692fb33b6fffd2273b\"},\"headline\":\"2\u00ba Simp\u00f3sio de Educa\u00e7\u00e3o Especial\",\"datePublished\":\"2013-09-05T10:56:11+00:00\",\"mainEntityOfPage\":{\"@id\":\"https:\\\/\\\/inclusivenews.com.br\\\/?p=25240\"},\"wordCount\":586,\"commentCount\":0,\"publisher\":{\"@id\":\"https:\\\/\\\/inclusivenews.com.br\\\/#organization\"},\"image\":{\"@id\":\"https:\\\/\\\/inclusivenews.com.br\\\/?p=25240#primaryimage\"},\"thumbnailUrl\":\"http:\\\/\\\/inclusivenews.com.br\\\/wp-content\\\/uploads\\\/2009\\\/12\\\/educacao222-300x225.jpg\",\"articleSection\":[\"Cursos e eventos\",\"Defici\u00eancia\",\"EDUCA\u00c7\u00c3O\",\"INCLUS\u00c3O SOCIAL\"],\"inLanguage\":\"pt-PT\",\"potentialAction\":[{\"@type\":\"CommentAction\",\"name\":\"Comment\",\"target\":[\"https:\\\/\\\/inclusivenews.com.br\\\/?p=25240#respond\"]}]},{\"@type\":\"WebPage\",\"@id\":\"https:\\\/\\\/inclusivenews.com.br\\\/?p=25240\",\"url\":\"https:\\\/\\\/inclusivenews.com.br\\\/?p=25240\",\"name\":\"2\u00ba Simp\u00f3sio de Educa\u00e7\u00e3o Especial -\",\"isPartOf\":{\"@id\":\"https:\\\/\\\/inclusivenews.com.br\\\/#website\"},\"primaryImageOfPage\":{\"@id\":\"https:\\\/\\\/inclusivenews.com.br\\\/?p=25240#primaryimage\"},\"image\":{\"@id\":\"https:\\\/\\\/inclusivenews.com.br\\\/?p=25240#primaryimage\"},\"thumbnailUrl\":\"http:\\\/\\\/inclusivenews.com.br\\\/wp-content\\\/uploads\\\/2009\\\/12\\\/educacao222-300x225.jpg\",\"datePublished\":\"2013-09-05T10:56:11+00:00\",\"breadcrumb\":{\"@id\":\"https:\\\/\\\/inclusivenews.com.br\\\/?p=25240#breadcrumb\"},\"inLanguage\":\"pt-PT\",\"potentialAction\":[{\"@type\":\"ReadAction\",\"target\":[\"https:\\\/\\\/inclusivenews.com.br\\\/?p=25240\"]}]},{\"@type\":\"ImageObject\",\"inLanguage\":\"pt-PT\",\"@id\":\"https:\\\/\\\/inclusivenews.com.br\\\/?p=25240#primaryimage\",\"url\":\"\",\"contentUrl\":\"\"},{\"@type\":\"BreadcrumbList\",\"@id\":\"https:\\\/\\\/inclusivenews.com.br\\\/?p=25240#breadcrumb\",\"itemListElement\":[{\"@type\":\"ListItem\",\"position\":1,\"name\":\"In\u00edcio\",\"item\":\"https:\\\/\\\/inclusivenews.com.br\\\/\"},{\"@type\":\"ListItem\",\"position\":2,\"name\":\"2\u00ba Simp\u00f3sio de Educa\u00e7\u00e3o Especial\"}]},{\"@type\":\"WebSite\",\"@id\":\"https:\\\/\\\/inclusivenews.com.br\\\/#website\",\"url\":\"https:\\\/\\\/inclusivenews.com.br\\\/\",\"name\":\"Inclusive News\",\"description\":\"Inclusive News\",\"publisher\":{\"@id\":\"https:\\\/\\\/inclusivenews.com.br\\\/#organization\"},\"potentialAction\":[{\"@type\":\"SearchAction\",\"target\":{\"@type\":\"EntryPoint\",\"urlTemplate\":\"https:\\\/\\\/inclusivenews.com.br\\\/?s={search_term_string}\"},\"query-input\":{\"@type\":\"PropertyValueSpecification\",\"valueRequired\":true,\"valueName\":\"search_term_string\"}}],\"inLanguage\":\"pt-PT\"},{\"@type\":\"Organization\",\"@id\":\"https:\\\/\\\/inclusivenews.com.br\\\/#organization\",\"name\":\"Inclusive - inclus\u00e3o e cidadania\",\"url\":\"https:\\\/\\\/inclusivenews.com.br\\\/\",\"logo\":{\"@type\":\"ImageObject\",\"inLanguage\":\"pt-PT\",\"@id\":\"https:\\\/\\\/inclusivenews.com.br\\\/#\\\/schema\\\/logo\\\/image\\\/\",\"url\":\"https:\\\/\\\/inclusivenews.com.br\\\/wp-content\\\/uploads\\\/2024\\\/03\\\/@grandesite.png\",\"contentUrl\":\"https:\\\/\\\/inclusivenews.com.br\\\/wp-content\\\/uploads\\\/2024\\\/03\\\/@grandesite.png\",\"width\":1080,\"height\":1080,\"caption\":\"Inclusive - inclus\u00e3o e cidadania\"},\"image\":{\"@id\":\"https:\\\/\\\/inclusivenews.com.br\\\/#\\\/schema\\\/logo\\\/image\\\/\"},\"sameAs\":[\"https:\\\/\\\/www.facebook.com\\\/agenciainclusive\\\/\",\"https:\\\/\\\/www.instagram.com\\\/newsinclusive\\\/\"]},{\"@type\":\"Person\",\"@id\":\"https:\\\/\\\/inclusivenews.com.br\\\/#\\\/schema\\\/person\\\/ae4ec7087559b8692fb33b6fffd2273b\",\"name\":\"inclusivenews2024\",\"image\":{\"@type\":\"ImageObject\",\"inLanguage\":\"pt-PT\",\"@id\":\"https:\\\/\\\/secure.gravatar.com\\\/avatar\\\/c5a7ef84c66fa914f55bc4f7ce26cfa275a3b9a1c5568b907bd184fb4dde7b40?s=96&d=mm&r=g\",\"url\":\"https:\\\/\\\/secure.gravatar.com\\\/avatar\\\/c5a7ef84c66fa914f55bc4f7ce26cfa275a3b9a1c5568b907bd184fb4dde7b40?s=96&d=mm&r=g\",\"contentUrl\":\"https:\\\/\\\/secure.gravatar.com\\\/avatar\\\/c5a7ef84c66fa914f55bc4f7ce26cfa275a3b9a1c5568b907bd184fb4dde7b40?s=96&d=mm&r=g\",\"caption\":\"inclusivenews2024\"},\"sameAs\":[\"https:\\\/\\\/inclusivenews.com.br\"],\"url\":\"https:\\\/\\\/inclusivenews.com.br\\\/?author=1\"}]}<\/script>\n<!-- \/ Yoast SEO plugin. -->","yoast_head_json":{"title":"2\u00ba Simp\u00f3sio de Educa\u00e7\u00e3o Especial -","robots":{"index":"index","follow":"follow","max-snippet":"max-snippet:-1","max-image-preview":"max-image-preview:large","max-video-preview":"max-video-preview:-1"},"canonical":"https:\/\/inclusivenews.com.br\/?p=25240","og_locale":"pt_PT","og_type":"article","og_title":"2\u00ba Simp\u00f3sio de Educa\u00e7\u00e3o Especial -","og_description":"Entre 6 e 13\/14 de setembro, com a confer\u00eancia magna do Prof. Jos\u00e9 Pacheco.","og_url":"https:\/\/inclusivenews.com.br\/?p=25240","article_publisher":"https:\/\/www.facebook.com\/agenciainclusive\/","article_published_time":"2013-09-05T10:56:11+00:00","og_image":[{"url":"http:\/\/inclusivenews.com.br\/wp-content\/uploads\/2009\/12\/educacao222-300x225.jpg","type":"","width":"","height":""}],"author":"inclusivenews2024","twitter_card":"summary_large_image","twitter_misc":{"Escrito por":"inclusivenews2024","Tempo estimado de leitura":"3 minutos"},"schema":{"@context":"https:\/\/schema.org","@graph":[{"@type":"Article","@id":"https:\/\/inclusivenews.com.br\/?p=25240#article","isPartOf":{"@id":"https:\/\/inclusivenews.com.br\/?p=25240"},"author":{"name":"inclusivenews2024","@id":"https:\/\/inclusivenews.com.br\/#\/schema\/person\/ae4ec7087559b8692fb33b6fffd2273b"},"headline":"2\u00ba Simp\u00f3sio de Educa\u00e7\u00e3o Especial","datePublished":"2013-09-05T10:56:11+00:00","mainEntityOfPage":{"@id":"https:\/\/inclusivenews.com.br\/?p=25240"},"wordCount":586,"commentCount":0,"publisher":{"@id":"https:\/\/inclusivenews.com.br\/#organization"},"image":{"@id":"https:\/\/inclusivenews.com.br\/?p=25240#primaryimage"},"thumbnailUrl":"http:\/\/inclusivenews.com.br\/wp-content\/uploads\/2009\/12\/educacao222-300x225.jpg","articleSection":["Cursos e eventos","Defici\u00eancia","EDUCA\u00c7\u00c3O","INCLUS\u00c3O SOCIAL"],"inLanguage":"pt-PT","potentialAction":[{"@type":"CommentAction","name":"Comment","target":["https:\/\/inclusivenews.com.br\/?p=25240#respond"]}]},{"@type":"WebPage","@id":"https:\/\/inclusivenews.com.br\/?p=25240","url":"https:\/\/inclusivenews.com.br\/?p=25240","name":"2\u00ba Simp\u00f3sio de Educa\u00e7\u00e3o Especial -","isPartOf":{"@id":"https:\/\/inclusivenews.com.br\/#website"},"primaryImageOfPage":{"@id":"https:\/\/inclusivenews.com.br\/?p=25240#primaryimage"},"image":{"@id":"https:\/\/inclusivenews.com.br\/?p=25240#primaryimage"},"thumbnailUrl":"http:\/\/inclusivenews.com.br\/wp-content\/uploads\/2009\/12\/educacao222-300x225.jpg","datePublished":"2013-09-05T10:56:11+00:00","breadcrumb":{"@id":"https:\/\/inclusivenews.com.br\/?p=25240#breadcrumb"},"inLanguage":"pt-PT","potentialAction":[{"@type":"ReadAction","target":["https:\/\/inclusivenews.com.br\/?p=25240"]}]},{"@type":"ImageObject","inLanguage":"pt-PT","@id":"https:\/\/inclusivenews.com.br\/?p=25240#primaryimage","url":"","contentUrl":""},{"@type":"BreadcrumbList","@id":"https:\/\/inclusivenews.com.br\/?p=25240#breadcrumb","itemListElement":[{"@type":"ListItem","position":1,"name":"In\u00edcio","item":"https:\/\/inclusivenews.com.br\/"},{"@type":"ListItem","position":2,"name":"2\u00ba Simp\u00f3sio de Educa\u00e7\u00e3o Especial"}]},{"@type":"WebSite","@id":"https:\/\/inclusivenews.com.br\/#website","url":"https:\/\/inclusivenews.com.br\/","name":"Inclusive News","description":"Inclusive News","publisher":{"@id":"https:\/\/inclusivenews.com.br\/#organization"},"potentialAction":[{"@type":"SearchAction","target":{"@type":"EntryPoint","urlTemplate":"https:\/\/inclusivenews.com.br\/?s={search_term_string}"},"query-input":{"@type":"PropertyValueSpecification","valueRequired":true,"valueName":"search_term_string"}}],"inLanguage":"pt-PT"},{"@type":"Organization","@id":"https:\/\/inclusivenews.com.br\/#organization","name":"Inclusive - inclus\u00e3o e cidadania","url":"https:\/\/inclusivenews.com.br\/","logo":{"@type":"ImageObject","inLanguage":"pt-PT","@id":"https:\/\/inclusivenews.com.br\/#\/schema\/logo\/image\/","url":"https:\/\/inclusivenews.com.br\/wp-content\/uploads\/2024\/03\/@grandesite.png","contentUrl":"https:\/\/inclusivenews.com.br\/wp-content\/uploads\/2024\/03\/@grandesite.png","width":1080,"height":1080,"caption":"Inclusive - inclus\u00e3o e cidadania"},"image":{"@id":"https:\/\/inclusivenews.com.br\/#\/schema\/logo\/image\/"},"sameAs":["https:\/\/www.facebook.com\/agenciainclusive\/","https:\/\/www.instagram.com\/newsinclusive\/"]},{"@type":"Person","@id":"https:\/\/inclusivenews.com.br\/#\/schema\/person\/ae4ec7087559b8692fb33b6fffd2273b","name":"inclusivenews2024","image":{"@type":"ImageObject","inLanguage":"pt-PT","@id":"https:\/\/secure.gravatar.com\/avatar\/c5a7ef84c66fa914f55bc4f7ce26cfa275a3b9a1c5568b907bd184fb4dde7b40?s=96&d=mm&r=g","url":"https:\/\/secure.gravatar.com\/avatar\/c5a7ef84c66fa914f55bc4f7ce26cfa275a3b9a1c5568b907bd184fb4dde7b40?s=96&d=mm&r=g","contentUrl":"https:\/\/secure.gravatar.com\/avatar\/c5a7ef84c66fa914f55bc4f7ce26cfa275a3b9a1c5568b907bd184fb4dde7b40?s=96&d=mm&r=g","caption":"inclusivenews2024"},"sameAs":["https:\/\/inclusivenews.com.br"],"url":"https:\/\/inclusivenews.com.br\/?author=1"}]}},"_links":{"self":[{"href":"https:\/\/inclusivenews.com.br\/index.php?rest_route=\/wp\/v2\/posts\/25240","targetHints":{"allow":["GET"]}}],"collection":[{"href":"https:\/\/inclusivenews.com.br\/index.php?rest_route=\/wp\/v2\/posts"}],"about":[{"href":"https:\/\/inclusivenews.com.br\/index.php?rest_route=\/wp\/v2\/types\/post"}],"author":[{"embeddable":true,"href":"https:\/\/inclusivenews.com.br\/index.php?rest_route=\/wp\/v2\/users\/1"}],"replies":[{"embeddable":true,"href":"https:\/\/inclusivenews.com.br\/index.php?rest_route=%2Fwp%2Fv2%2Fcomments&post=25240"}],"version-history":[{"count":0,"href":"https:\/\/inclusivenews.com.br\/index.php?rest_route=\/wp\/v2\/posts\/25240\/revisions"}],"wp:attachment":[{"href":"https:\/\/inclusivenews.com.br\/index.php?rest_route=%2Fwp%2Fv2%2Fmedia&parent=25240"}],"wp:term":[{"taxonomy":"category","embeddable":true,"href":"https:\/\/inclusivenews.com.br\/index.php?rest_route=%2Fwp%2Fv2%2Fcategories&post=25240"},{"taxonomy":"post_tag","embeddable":true,"href":"https:\/\/inclusivenews.com.br\/index.php?rest_route=%2Fwp%2Fv2%2Ftags&post=25240"}],"curies":[{"name":"wp","href":"https:\/\/api.w.org\/{rel}","templated":true}]}}