{"id":25256,"date":"2013-09-13T12:07:17","date_gmt":"2013-09-13T15:07:17","guid":{"rendered":"http:\/\/www.inclusive.org.br\/?p=25256"},"modified":"2013-09-13T12:07:17","modified_gmt":"2013-09-13T15:07:17","slug":"polemica-sobre-apae-tranca-pauta-de-plano-nacional-de-educacao-no-congresso","status":"publish","type":"post","link":"https:\/\/inclusivenews.com.br\/?p=25256","title":{"rendered":"Pol\u00eamica sobre Apae tranca pauta de Plano Nacional de Educa\u00e7\u00e3o no Congresso"},"content":{"rendered":"<p><img loading=\"lazy\" decoding=\"async\" class=\"alignleft size-full wp-image-12707\" title=\"Inclusive - sala de aula vazia.\" src=\"http:\/\/inclusivenews.com.br\/wp-content\/uploads\/2009\/11\/saladeaulavazia1.jpg\" alt=\"Inclusive - sala de aula vazia.\" width=\"273\" height=\"196\" \/><\/p>\n<p>Do UOL Educa\u00e7\u00e3o<\/p>\n<p>H\u00e1 quase tr\u00eas anos tramitando no Congresso, o <strong>PNE (Plano Nacional de Educa\u00e7\u00e3o)<\/strong> passa por impasse no Senado devido a diverg\u00eancias em rela\u00e7\u00e3o \u00e0 Meta 4,  que pretende universalizar o atendimento a alunos deficientes de 4 a 17  anos na rede regular de ensino e recebe cr\u00edticas das Apaes, associa\u00e7\u00f5es  tradicionais no atendimento de pessoas com defici\u00eancia intelectual.<\/p>\n<p>Por falta de um acordo, a aprova\u00e7\u00e3o do PNE foi adiada para a pr\u00f3xima semana na Comiss\u00e3o de Constitui\u00e7\u00e3o e Justi\u00e7a da casa.<\/p>\n<p>O maior impasse sobre o Plano Nacional de Educa\u00e7\u00e3o gira em torno de uma  palavra: &#8220;preferencialmente&#8221;. O termo foi inclu\u00eddo no texto da mat\u00e9ria  quando passou em plen\u00e1rio na C\u00e2mara, mas foi retirado por vota\u00e7\u00e3o quando  passou na CAE (Comiss\u00e3o de Assuntos Econ\u00f4micos) do Senado, presidida  pelo senador Jos\u00e9 Pimentel (PT-CE).<\/p>\n<p>As Apaes pedem a inclus\u00e3o do termo novamente no texto da mat\u00e9ria pois,  acreditam que, do jeito que est\u00e1, o plano tira a op\u00e7\u00e3o dos alunos serem  matriculados em escolas especiais, o que enfraqueceria as institui\u00e7\u00f5es.<\/p>\n<p>&#8220;O texto obriga as crian\u00e7as especiais a estudarem no ensino  regular [juntamente com todos os outros alunos e n\u00e3o em uma institui\u00e7\u00e3o  especializada]&#8221;, diz secret\u00e1rio-executivo da Fenapaes (Federa\u00e7\u00e3o Nacional das Apaes),\u00a0Jos\u00e9 Luis Ribeiro Colar. &#8220;Isso, gradativamente, acabaria com as Apaes.&#8221;<\/p>\n<p>Segundo o Censo Escolar, em 2012 havia\u00a0<a href=\"http:\/\/educacao.uol.com.br\/noticias\/2012\/12\/20\/educacao-especial-atende-820-mil-alunos-no-pais-maioria-esta-no-fundamental.htm\" target=\"_blank\" rel=\"noopener\">820,4 mil alunos<\/a> na  educa\u00e7\u00e3o especial em todo o pa\u00eds. S\u00f3 as institui\u00e7\u00f5es conveniadas que  atendem estudantes do ensino especial receberam repasse de R$ 841,9  milh\u00f5es do Fundeb (Fundo de Manuten\u00e7\u00e3o e Desenvolvimento da Educa\u00e7\u00e3o  B\u00e1sica e de Valoriza\u00e7\u00e3o dos Profissionais da Educa\u00e7\u00e3o) no ano passado.<\/p>\n<h3>MEC<\/h3>\n<p>De acordo com a Fenapaes, foram realizadas algumas reuni\u00f5es entre a  Federa\u00e7\u00e3o e o MEC, mas n\u00e3o houve acordo em rela\u00e7\u00e3o ao t\u00f3pico. &#8220;Quero  reiterar que todo o governo est\u00e1 do nosso lado. S\u00f3 o MEC est\u00e1  intransigente em rela\u00e7\u00e3o \u00e0 meta 4&#8221;, diz Colar. Na \u00faltima semana, o  senador Vital do Rego (PMDB-PB) disse, em entrevista para a r\u00e1dio  Senado, que &#8220;falta interesse do MEC em negociar uma solu\u00e7\u00e3o imediata com  as Apaes&#8221;.<\/p>\n<p>Pimentel, por outro lado, n\u00e3o acredita que o texto atual possa  enfraquecer as institui\u00e7\u00f5es de ensino especial. Por meio de sua  assessoria, o senador explicou que o texto n\u00e3o pro\u00edbe a matr\u00edcula de aluno na Apae:  &#8220;Tivemos apoio de entidades que militam na educa\u00e7\u00e3o inclusiva. E, em  rela\u00e7\u00e3o a recursos, as Apaes n\u00e3o teriam problemas porque o Fundeb prev\u00ea a  duplica\u00e7\u00e3o de envios no caso de alunos matriculados em duas escolas&#8221;.<\/p>\n<p>O MEC, que tamb\u00e9m \u00e9 favor\u00e1vel \u00e0 manuten\u00e7\u00e3o do texto sem a palavra  &#8220;preferencialmente&#8221;, endossa a opini\u00e3o de que as Apaes n\u00e3o devem acabar,  mas mudar de car\u00e1ter. &#8220;As Apaes ter\u00e3o um papel na educa\u00e7\u00e3o complementar  e receber\u00e3o a segunda matr\u00edcula. A escolariza\u00e7\u00e3o dever\u00e1 ser na rede  fundamental&#8221;, aponta o Minist\u00e9rio da Educa\u00e7\u00e3o.<\/p>\n<p>Com a pol\u00eamica, n\u00e3o h\u00e1 previs\u00e3o de quando o PNE possa ser aprovado para  entrar em vigor. At\u00e9 porque, ap\u00f3s passar pela CCJ (o que pode acontecer  na pr\u00f3xima semana), o texto ainda ter\u00e1 que passar pela Comiss\u00e3o de  Educa\u00e7\u00e3o, Cultura e Esporte (CE), plen\u00e1rio do Senado e, se for aprovado  sem o termo &#8220;preferencialmente&#8221;, voltar\u00e1 para vota\u00e7\u00e3o na C\u00e2mara.<\/p>\n<h3>Pol\u00eamica gerou protestos nas ruas e boatos na internet<\/h3>\n<p>O impasse em rela\u00e7\u00e3o \u00e0 Meta 4 do Plano Nacional de Educa\u00e7\u00e3o gerou  alguns protestos de integrantes das Apaes e boatos em redes sociais.  Alguns deles chegaram a falar de que o governo queria acabar com as  escolas de ensino especial e usava o nome da ministra da Casa Civil,  Gleisi Hoffmann. Diante o grande volume de informa\u00e7\u00f5es, a pr\u00f3pria Fenaes  acabou desmentido o boato no site oficial.<\/p>\n<p>&#8220;Alguns textos chegaram a relacionar a ministra com o nazismo, o que \u00e9  uma informa\u00e7\u00e3o errada. Ela sempre apoiou as Apaes. A \u00fanica resist\u00eancia  que estamos enfrentando \u00e9 a do MEC&#8221;, afirma Colar. O texto pode ser <a href=\"http:\/\/www.apaebrasil.org.br\/noticia.phtml\/54388\" target=\"_blank\" rel=\"noopener\"><strong>lido aqui<\/strong><\/a>.<\/p>\n<p>Fonte: UOL Educa\u00e7\u00e3o<\/p>\n","protected":false},"excerpt":{"rendered":"<p>O MEC, que tamb\u00e9m \u00e9 favor\u00e1vel \u00e0 manuten\u00e7\u00e3o do texto sem a palavra &#8220;preferencialmente&#8221;, endossa a opini\u00e3o de que as Apaes n\u00e3o devem acabar, mas mudar de car\u00e1ter. &#8220;As Apaes ter\u00e3o um papel na educa\u00e7\u00e3o complementar e receber\u00e3o a segunda matr\u00edcula. A escolariza\u00e7\u00e3o dever\u00e1 ser na rede fundamental&#8221;, aponta o Minist\u00e9rio da Educa\u00e7\u00e3o.<\/p>\n","protected":false},"author":1,"featured_media":0,"comment_status":"open","ping_status":"open","sticky":false,"template":"","format":"standard","meta":{"site-container-style":"default","site-container-layout":"default","site-sidebar-layout":"default","disable-article-header":"default","disable-site-header":"default","disable-site-footer":"default","disable-content-area-spacing":"default","footnotes":""},"categories":[38,6,4],"tags":[],"class_list":["post-25256","post","type-post","status-publish","format-standard","hentry","category-deficiencia","category-educacao","category-noticias"],"yoast_head":"<!-- This site is optimized with the Yoast SEO plugin v27.4 - https:\/\/yoast.com\/product\/yoast-seo-wordpress\/ -->\n<title>Pol\u00eamica sobre Apae tranca pauta de Plano Nacional de Educa\u00e7\u00e3o no Congresso -<\/title>\n<meta name=\"robots\" content=\"index, follow, max-snippet:-1, max-image-preview:large, max-video-preview:-1\" \/>\n<link rel=\"canonical\" href=\"https:\/\/inclusivenews.com.br\/?p=25256\" \/>\n<meta property=\"og:locale\" content=\"pt_PT\" \/>\n<meta property=\"og:type\" content=\"article\" \/>\n<meta property=\"og:title\" content=\"Pol\u00eamica sobre Apae tranca pauta de Plano Nacional de Educa\u00e7\u00e3o no Congresso -\" \/>\n<meta property=\"og:description\" content=\"O MEC, que tamb\u00e9m \u00e9 favor\u00e1vel \u00e0 manuten\u00e7\u00e3o do texto sem a palavra &quot;preferencialmente&quot;, endossa a opini\u00e3o de que as Apaes n\u00e3o devem acabar, mas mudar de car\u00e1ter. &quot;As Apaes ter\u00e3o um papel na educa\u00e7\u00e3o complementar e receber\u00e3o a segunda matr\u00edcula. A escolariza\u00e7\u00e3o dever\u00e1 ser na rede fundamental&quot;, aponta o Minist\u00e9rio da Educa\u00e7\u00e3o.\" \/>\n<meta property=\"og:url\" content=\"https:\/\/inclusivenews.com.br\/?p=25256\" \/>\n<meta property=\"article:publisher\" content=\"https:\/\/www.facebook.com\/agenciainclusive\/\" \/>\n<meta property=\"article:published_time\" content=\"2013-09-13T15:07:17+00:00\" \/>\n<meta property=\"og:image\" content=\"http:\/\/inclusivenews.com.br\/wp-content\/uploads\/2009\/11\/saladeaulavazia1.jpg\" \/>\n<meta name=\"author\" content=\"inclusivenews2024\" \/>\n<meta name=\"twitter:card\" content=\"summary_large_image\" \/>\n<meta name=\"twitter:label1\" content=\"Escrito por\" \/>\n\t<meta name=\"twitter:data1\" content=\"inclusivenews2024\" \/>\n\t<meta name=\"twitter:label2\" content=\"Tempo estimado de leitura\" \/>\n\t<meta name=\"twitter:data2\" content=\"4 minutos\" \/>\n<script type=\"application\/ld+json\" class=\"yoast-schema-graph\">{\"@context\":\"https:\\\/\\\/schema.org\",\"@graph\":[{\"@type\":\"Article\",\"@id\":\"https:\\\/\\\/inclusivenews.com.br\\\/?p=25256#article\",\"isPartOf\":{\"@id\":\"https:\\\/\\\/inclusivenews.com.br\\\/?p=25256\"},\"author\":{\"name\":\"inclusivenews2024\",\"@id\":\"https:\\\/\\\/inclusivenews.com.br\\\/#\\\/schema\\\/person\\\/ae4ec7087559b8692fb33b6fffd2273b\"},\"headline\":\"Pol\u00eamica sobre Apae tranca pauta de Plano Nacional de Educa\u00e7\u00e3o no Congresso\",\"datePublished\":\"2013-09-13T15:07:17+00:00\",\"mainEntityOfPage\":{\"@id\":\"https:\\\/\\\/inclusivenews.com.br\\\/?p=25256\"},\"wordCount\":729,\"commentCount\":1,\"publisher\":{\"@id\":\"https:\\\/\\\/inclusivenews.com.br\\\/#organization\"},\"image\":{\"@id\":\"https:\\\/\\\/inclusivenews.com.br\\\/?p=25256#primaryimage\"},\"thumbnailUrl\":\"http:\\\/\\\/inclusivenews.com.br\\\/wp-content\\\/uploads\\\/2009\\\/11\\\/saladeaulavazia1.jpg\",\"articleSection\":[\"Defici\u00eancia\",\"EDUCA\u00c7\u00c3O\",\"NOT\u00cdCIAS\"],\"inLanguage\":\"pt-PT\",\"potentialAction\":[{\"@type\":\"CommentAction\",\"name\":\"Comment\",\"target\":[\"https:\\\/\\\/inclusivenews.com.br\\\/?p=25256#respond\"]}]},{\"@type\":\"WebPage\",\"@id\":\"https:\\\/\\\/inclusivenews.com.br\\\/?p=25256\",\"url\":\"https:\\\/\\\/inclusivenews.com.br\\\/?p=25256\",\"name\":\"Pol\u00eamica sobre Apae tranca pauta de Plano Nacional de Educa\u00e7\u00e3o no Congresso -\",\"isPartOf\":{\"@id\":\"https:\\\/\\\/inclusivenews.com.br\\\/#website\"},\"primaryImageOfPage\":{\"@id\":\"https:\\\/\\\/inclusivenews.com.br\\\/?p=25256#primaryimage\"},\"image\":{\"@id\":\"https:\\\/\\\/inclusivenews.com.br\\\/?p=25256#primaryimage\"},\"thumbnailUrl\":\"http:\\\/\\\/inclusivenews.com.br\\\/wp-content\\\/uploads\\\/2009\\\/11\\\/saladeaulavazia1.jpg\",\"datePublished\":\"2013-09-13T15:07:17+00:00\",\"breadcrumb\":{\"@id\":\"https:\\\/\\\/inclusivenews.com.br\\\/?p=25256#breadcrumb\"},\"inLanguage\":\"pt-PT\",\"potentialAction\":[{\"@type\":\"ReadAction\",\"target\":[\"https:\\\/\\\/inclusivenews.com.br\\\/?p=25256\"]}]},{\"@type\":\"ImageObject\",\"inLanguage\":\"pt-PT\",\"@id\":\"https:\\\/\\\/inclusivenews.com.br\\\/?p=25256#primaryimage\",\"url\":\"https:\\\/\\\/inclusivenews.com.br\\\/wp-content\\\/uploads\\\/2009\\\/11\\\/saladeaulavazia1.jpg\",\"contentUrl\":\"https:\\\/\\\/inclusivenews.com.br\\\/wp-content\\\/uploads\\\/2009\\\/11\\\/saladeaulavazia1.jpg\",\"width\":273,\"height\":196,\"caption\":\"Inclusive - sala de aula vazia.\"},{\"@type\":\"BreadcrumbList\",\"@id\":\"https:\\\/\\\/inclusivenews.com.br\\\/?p=25256#breadcrumb\",\"itemListElement\":[{\"@type\":\"ListItem\",\"position\":1,\"name\":\"In\u00edcio\",\"item\":\"https:\\\/\\\/inclusivenews.com.br\\\/\"},{\"@type\":\"ListItem\",\"position\":2,\"name\":\"Pol\u00eamica sobre Apae tranca pauta de Plano Nacional de Educa\u00e7\u00e3o no Congresso\"}]},{\"@type\":\"WebSite\",\"@id\":\"https:\\\/\\\/inclusivenews.com.br\\\/#website\",\"url\":\"https:\\\/\\\/inclusivenews.com.br\\\/\",\"name\":\"Inclusive News\",\"description\":\"Inclusive News\",\"publisher\":{\"@id\":\"https:\\\/\\\/inclusivenews.com.br\\\/#organization\"},\"potentialAction\":[{\"@type\":\"SearchAction\",\"target\":{\"@type\":\"EntryPoint\",\"urlTemplate\":\"https:\\\/\\\/inclusivenews.com.br\\\/?s={search_term_string}\"},\"query-input\":{\"@type\":\"PropertyValueSpecification\",\"valueRequired\":true,\"valueName\":\"search_term_string\"}}],\"inLanguage\":\"pt-PT\"},{\"@type\":\"Organization\",\"@id\":\"https:\\\/\\\/inclusivenews.com.br\\\/#organization\",\"name\":\"Inclusive - inclus\u00e3o e cidadania\",\"url\":\"https:\\\/\\\/inclusivenews.com.br\\\/\",\"logo\":{\"@type\":\"ImageObject\",\"inLanguage\":\"pt-PT\",\"@id\":\"https:\\\/\\\/inclusivenews.com.br\\\/#\\\/schema\\\/logo\\\/image\\\/\",\"url\":\"https:\\\/\\\/inclusivenews.com.br\\\/wp-content\\\/uploads\\\/2024\\\/03\\\/@grandesite.png\",\"contentUrl\":\"https:\\\/\\\/inclusivenews.com.br\\\/wp-content\\\/uploads\\\/2024\\\/03\\\/@grandesite.png\",\"width\":1080,\"height\":1080,\"caption\":\"Inclusive - inclus\u00e3o e cidadania\"},\"image\":{\"@id\":\"https:\\\/\\\/inclusivenews.com.br\\\/#\\\/schema\\\/logo\\\/image\\\/\"},\"sameAs\":[\"https:\\\/\\\/www.facebook.com\\\/agenciainclusive\\\/\",\"https:\\\/\\\/www.instagram.com\\\/newsinclusive\\\/\"]},{\"@type\":\"Person\",\"@id\":\"https:\\\/\\\/inclusivenews.com.br\\\/#\\\/schema\\\/person\\\/ae4ec7087559b8692fb33b6fffd2273b\",\"name\":\"inclusivenews2024\",\"image\":{\"@type\":\"ImageObject\",\"inLanguage\":\"pt-PT\",\"@id\":\"https:\\\/\\\/secure.gravatar.com\\\/avatar\\\/c5a7ef84c66fa914f55bc4f7ce26cfa275a3b9a1c5568b907bd184fb4dde7b40?s=96&d=mm&r=g\",\"url\":\"https:\\\/\\\/secure.gravatar.com\\\/avatar\\\/c5a7ef84c66fa914f55bc4f7ce26cfa275a3b9a1c5568b907bd184fb4dde7b40?s=96&d=mm&r=g\",\"contentUrl\":\"https:\\\/\\\/secure.gravatar.com\\\/avatar\\\/c5a7ef84c66fa914f55bc4f7ce26cfa275a3b9a1c5568b907bd184fb4dde7b40?s=96&d=mm&r=g\",\"caption\":\"inclusivenews2024\"},\"sameAs\":[\"https:\\\/\\\/inclusivenews.com.br\"],\"url\":\"https:\\\/\\\/inclusivenews.com.br\\\/?author=1\"}]}<\/script>\n<!-- \/ Yoast SEO plugin. -->","yoast_head_json":{"title":"Pol\u00eamica sobre Apae tranca pauta de Plano Nacional de Educa\u00e7\u00e3o no Congresso -","robots":{"index":"index","follow":"follow","max-snippet":"max-snippet:-1","max-image-preview":"max-image-preview:large","max-video-preview":"max-video-preview:-1"},"canonical":"https:\/\/inclusivenews.com.br\/?p=25256","og_locale":"pt_PT","og_type":"article","og_title":"Pol\u00eamica sobre Apae tranca pauta de Plano Nacional de Educa\u00e7\u00e3o no Congresso -","og_description":"O MEC, que tamb\u00e9m \u00e9 favor\u00e1vel \u00e0 manuten\u00e7\u00e3o do texto sem a palavra \"preferencialmente\", endossa a opini\u00e3o de que as Apaes n\u00e3o devem acabar, mas mudar de car\u00e1ter. \"As Apaes ter\u00e3o um papel na educa\u00e7\u00e3o complementar e receber\u00e3o a segunda matr\u00edcula. A escolariza\u00e7\u00e3o dever\u00e1 ser na rede fundamental\", aponta o Minist\u00e9rio da Educa\u00e7\u00e3o.","og_url":"https:\/\/inclusivenews.com.br\/?p=25256","article_publisher":"https:\/\/www.facebook.com\/agenciainclusive\/","article_published_time":"2013-09-13T15:07:17+00:00","og_image":[{"url":"http:\/\/inclusivenews.com.br\/wp-content\/uploads\/2009\/11\/saladeaulavazia1.jpg","type":"","width":"","height":""}],"author":"inclusivenews2024","twitter_card":"summary_large_image","twitter_misc":{"Escrito por":"inclusivenews2024","Tempo estimado de leitura":"4 minutos"},"schema":{"@context":"https:\/\/schema.org","@graph":[{"@type":"Article","@id":"https:\/\/inclusivenews.com.br\/?p=25256#article","isPartOf":{"@id":"https:\/\/inclusivenews.com.br\/?p=25256"},"author":{"name":"inclusivenews2024","@id":"https:\/\/inclusivenews.com.br\/#\/schema\/person\/ae4ec7087559b8692fb33b6fffd2273b"},"headline":"Pol\u00eamica sobre Apae tranca pauta de Plano Nacional de Educa\u00e7\u00e3o no Congresso","datePublished":"2013-09-13T15:07:17+00:00","mainEntityOfPage":{"@id":"https:\/\/inclusivenews.com.br\/?p=25256"},"wordCount":729,"commentCount":1,"publisher":{"@id":"https:\/\/inclusivenews.com.br\/#organization"},"image":{"@id":"https:\/\/inclusivenews.com.br\/?p=25256#primaryimage"},"thumbnailUrl":"http:\/\/inclusivenews.com.br\/wp-content\/uploads\/2009\/11\/saladeaulavazia1.jpg","articleSection":["Defici\u00eancia","EDUCA\u00c7\u00c3O","NOT\u00cdCIAS"],"inLanguage":"pt-PT","potentialAction":[{"@type":"CommentAction","name":"Comment","target":["https:\/\/inclusivenews.com.br\/?p=25256#respond"]}]},{"@type":"WebPage","@id":"https:\/\/inclusivenews.com.br\/?p=25256","url":"https:\/\/inclusivenews.com.br\/?p=25256","name":"Pol\u00eamica sobre Apae tranca pauta de Plano Nacional de Educa\u00e7\u00e3o no Congresso -","isPartOf":{"@id":"https:\/\/inclusivenews.com.br\/#website"},"primaryImageOfPage":{"@id":"https:\/\/inclusivenews.com.br\/?p=25256#primaryimage"},"image":{"@id":"https:\/\/inclusivenews.com.br\/?p=25256#primaryimage"},"thumbnailUrl":"http:\/\/inclusivenews.com.br\/wp-content\/uploads\/2009\/11\/saladeaulavazia1.jpg","datePublished":"2013-09-13T15:07:17+00:00","breadcrumb":{"@id":"https:\/\/inclusivenews.com.br\/?p=25256#breadcrumb"},"inLanguage":"pt-PT","potentialAction":[{"@type":"ReadAction","target":["https:\/\/inclusivenews.com.br\/?p=25256"]}]},{"@type":"ImageObject","inLanguage":"pt-PT","@id":"https:\/\/inclusivenews.com.br\/?p=25256#primaryimage","url":"https:\/\/inclusivenews.com.br\/wp-content\/uploads\/2009\/11\/saladeaulavazia1.jpg","contentUrl":"https:\/\/inclusivenews.com.br\/wp-content\/uploads\/2009\/11\/saladeaulavazia1.jpg","width":273,"height":196,"caption":"Inclusive - sala de aula vazia."},{"@type":"BreadcrumbList","@id":"https:\/\/inclusivenews.com.br\/?p=25256#breadcrumb","itemListElement":[{"@type":"ListItem","position":1,"name":"In\u00edcio","item":"https:\/\/inclusivenews.com.br\/"},{"@type":"ListItem","position":2,"name":"Pol\u00eamica sobre Apae tranca pauta de Plano Nacional de Educa\u00e7\u00e3o no Congresso"}]},{"@type":"WebSite","@id":"https:\/\/inclusivenews.com.br\/#website","url":"https:\/\/inclusivenews.com.br\/","name":"Inclusive News","description":"Inclusive News","publisher":{"@id":"https:\/\/inclusivenews.com.br\/#organization"},"potentialAction":[{"@type":"SearchAction","target":{"@type":"EntryPoint","urlTemplate":"https:\/\/inclusivenews.com.br\/?s={search_term_string}"},"query-input":{"@type":"PropertyValueSpecification","valueRequired":true,"valueName":"search_term_string"}}],"inLanguage":"pt-PT"},{"@type":"Organization","@id":"https:\/\/inclusivenews.com.br\/#organization","name":"Inclusive - inclus\u00e3o e cidadania","url":"https:\/\/inclusivenews.com.br\/","logo":{"@type":"ImageObject","inLanguage":"pt-PT","@id":"https:\/\/inclusivenews.com.br\/#\/schema\/logo\/image\/","url":"https:\/\/inclusivenews.com.br\/wp-content\/uploads\/2024\/03\/@grandesite.png","contentUrl":"https:\/\/inclusivenews.com.br\/wp-content\/uploads\/2024\/03\/@grandesite.png","width":1080,"height":1080,"caption":"Inclusive - inclus\u00e3o e cidadania"},"image":{"@id":"https:\/\/inclusivenews.com.br\/#\/schema\/logo\/image\/"},"sameAs":["https:\/\/www.facebook.com\/agenciainclusive\/","https:\/\/www.instagram.com\/newsinclusive\/"]},{"@type":"Person","@id":"https:\/\/inclusivenews.com.br\/#\/schema\/person\/ae4ec7087559b8692fb33b6fffd2273b","name":"inclusivenews2024","image":{"@type":"ImageObject","inLanguage":"pt-PT","@id":"https:\/\/secure.gravatar.com\/avatar\/c5a7ef84c66fa914f55bc4f7ce26cfa275a3b9a1c5568b907bd184fb4dde7b40?s=96&d=mm&r=g","url":"https:\/\/secure.gravatar.com\/avatar\/c5a7ef84c66fa914f55bc4f7ce26cfa275a3b9a1c5568b907bd184fb4dde7b40?s=96&d=mm&r=g","contentUrl":"https:\/\/secure.gravatar.com\/avatar\/c5a7ef84c66fa914f55bc4f7ce26cfa275a3b9a1c5568b907bd184fb4dde7b40?s=96&d=mm&r=g","caption":"inclusivenews2024"},"sameAs":["https:\/\/inclusivenews.com.br"],"url":"https:\/\/inclusivenews.com.br\/?author=1"}]}},"_links":{"self":[{"href":"https:\/\/inclusivenews.com.br\/index.php?rest_route=\/wp\/v2\/posts\/25256","targetHints":{"allow":["GET"]}}],"collection":[{"href":"https:\/\/inclusivenews.com.br\/index.php?rest_route=\/wp\/v2\/posts"}],"about":[{"href":"https:\/\/inclusivenews.com.br\/index.php?rest_route=\/wp\/v2\/types\/post"}],"author":[{"embeddable":true,"href":"https:\/\/inclusivenews.com.br\/index.php?rest_route=\/wp\/v2\/users\/1"}],"replies":[{"embeddable":true,"href":"https:\/\/inclusivenews.com.br\/index.php?rest_route=%2Fwp%2Fv2%2Fcomments&post=25256"}],"version-history":[{"count":0,"href":"https:\/\/inclusivenews.com.br\/index.php?rest_route=\/wp\/v2\/posts\/25256\/revisions"}],"wp:attachment":[{"href":"https:\/\/inclusivenews.com.br\/index.php?rest_route=%2Fwp%2Fv2%2Fmedia&parent=25256"}],"wp:term":[{"taxonomy":"category","embeddable":true,"href":"https:\/\/inclusivenews.com.br\/index.php?rest_route=%2Fwp%2Fv2%2Fcategories&post=25256"},{"taxonomy":"post_tag","embeddable":true,"href":"https:\/\/inclusivenews.com.br\/index.php?rest_route=%2Fwp%2Fv2%2Ftags&post=25256"}],"curies":[{"name":"wp","href":"https:\/\/api.w.org\/{rel}","templated":true}]}}