{"id":25265,"date":"2013-09-15T17:16:24","date_gmt":"2013-09-15T20:16:24","guid":{"rendered":"http:\/\/www.inclusive.org.br\/?p=25265"},"modified":"2013-09-15T17:16:24","modified_gmt":"2013-09-15T20:16:24","slug":"educacao-especial-uma-miragem-no-plano-nacional-de-educacao","status":"publish","type":"post","link":"https:\/\/inclusivenews.com.br\/?p=25265","title":{"rendered":"Educa\u00e7\u00e3o especial, uma miragem no Plano Nacional de Educa\u00e7\u00e3o?"},"content":{"rendered":"<figure id=\"attachment_25266\" aria-describedby=\"caption-attachment-25266\" style=\"width: 297px\" class=\"wp-caption alignleft\"><img loading=\"lazy\" decoding=\"async\" class=\"size-full wp-image-25266\" title=\"Um o\u00e1sis no deserto, com camelos, \u00e1rvores e sol escaldante.\" src=\"http:\/\/inclusivenews.com.br\/wp-content\/uploads\/oasis.jpg\" alt=\"Um o\u00e1sis no deserto, com camelos, \u00e1rvores e sol escaldante.\" width=\"297\" height=\"172\" \/><figcaption id=\"caption-attachment-25266\" class=\"wp-caption-text\"> <\/figcaption><\/figure>\n<p><em>Por Lucio Carvalho *<\/em><\/p>\n<p>A semana que come\u00e7a deve recolocar no cen\u00e1rio pol\u00edtico, atrav\u00e9s da expectativa pela vota\u00e7\u00e3o na CCJ (Comiss\u00e3o de Constitui\u00e7\u00e3o e Justi\u00e7a) do Senado Federal do PNE (Plano Nacional de Educa\u00e7\u00e3o), uma situa\u00e7\u00e3o recorrente no que diz respeito ao financiamento da oferta de educa\u00e7\u00e3o especial no Brasil. Trata-se da pol\u00eamica Meta 4, que organiza o plano sobre a distribui\u00e7\u00e3o de verbas do FUNDEB (Fundo de Manuten\u00e7\u00e3o e Desenvolvimento da Educa\u00e7\u00e3o B\u00e1sica e de Valoriza\u00e7\u00e3o dos Profissionais da Educa\u00e7\u00e3o).<\/p>\n<p>A pol\u00eamica, que envolveu entidades filantr\u00f3picas associadas ao modelo de escolariza\u00e7\u00e3o especial e movimentos em defesa da educa\u00e7\u00e3o inclusiva irrestrita, resume-se para este caso na disputa em torno a presen\u00e7a ou n\u00e3o da express\u00e3o &#8220;preferencialmente na rede regular de ensino&#8221;, o que garantiria &#8211; ou n\u00e3o &#8211; a continuidade do financiamento p\u00fablico da escolariza\u00e7\u00e3o no ensino especial, contrariando orienta\u00e7\u00e3o do direito constitucional vigente, principalmente ap\u00f3s a ado\u00e7\u00e3o da CPCD (Conven\u00e7\u00e3o sobre Os Direitos da Pessoa com Defici\u00eancia) que orienta os pa\u00edses a adotar sistemas inclusivos em todos os n\u00edveis, com a educa\u00e7\u00e3o especial servindo de modalidade complementar e transversal.<\/p>\n<p>Mas afinal, o que significa dizer &#8220;preferencialmente&#8221;? Preferencialmente quando? Preferencialmente por qu\u00ea? Talvez a\u00ed esteja o erro fundamental, a miopia verdadeira. N\u00e3o se trata de simplesmente suprimir o &#8220;preferencialmente&#8221;, mas de explicar em detalhe as condi\u00e7\u00f5es para que um aluno n\u00e3o possa frequentar a escola regular. O cruel de manter o &#8220;preferencialmente&#8221; assim, como um termo vago, \u00e9 que a culpa, no caso, recai sempre sobre o elo fraco da corrente, ou seja, o cidad\u00e3o: o aluno e sua fam\u00edlia, e se obt\u00eam vil\u00f5es e her\u00f3is automaticamente.<\/p>\n<p>O que o executivo deveria assumir, mas prefere deixar em suspenso, \u00e9 que muitas vezes n\u00e3o tem como ofertar uma educa\u00e7\u00e3o com dignidade. N\u00e3o digo que se precise ver com os pr\u00f3prios olhos a situa\u00e7\u00e3o de muitas escolas, fotografias j\u00e1 s\u00e3o suficientes. Relatos s\u00e3o de fazer c(h)orar. E n\u00e3o \u00e9 porque lhe falte recursos, mas na perspectiva do pacto social vigente, ele (o governo) prefere simplesmente lavar as m\u00e3os e manter a roubalheira que se faz com os recursos p\u00fablicos. Inclusive os do FUNDEB, que sabidamente s\u00e3o foco de intensa corrup\u00e7\u00e3o.<\/p>\n<p>Suprimir o &#8220;preferencialmente&#8221; para agradar a quem n\u00e3o est\u00e1 na escola p\u00fablica sem enfrentar o problema em si mesmo, que \u00e9 a oferta de uma educa\u00e7\u00e3o p\u00fablica de qualidade para todos, n\u00e3o \u00e9 nem miopia, \u00e9 uma pol\u00edtica minuciosamente equivocada que envolve sistem\u00e1ticos desrespeitos, a come\u00e7ar pelo sal\u00e1rio dos professores, passando por escolas esfrangalhadas, salas de aula lotadas, servi\u00e7os especializados sobrecarregados (porque os problemas educacionais atingem a muito mais pessoas que as pessoas com defici\u00eancia), car\u00eancia de equipamentos e, principalmente, o direito &#8211; este sim inalien\u00e1vel &#8211; dos alunos em ter na escola p\u00fablica uma educa\u00e7\u00e3o que n\u00e3o seja meramente aquela que nos envergonha quando a UNESCO e outros organismos multilaterais v\u00eam olhar de perto, j\u00e1 que a tal &#8220;sociedade&#8221; prefere olhar bem de longe os pr\u00f3prios problemas, ou trat\u00e1-los como se fossem alheios.<\/p>\n<p>Ent\u00e3o eu penso que o preferencialmente deveria ser mais bem detalhado e que se o usasse simplesmente quando o Estado n\u00e3o tivesse nada melhor para substituir as escolas especiais e que, nesse \u00ednterim, o Minist\u00e9rio P\u00fablico se ocupasse em punir e exigir do executivo at\u00e9 que ele se mostrasse em condi\u00e7\u00f5es de oferecer o que suas leis constitucionais ordenam, e o Judici\u00e1rio prendesse os pol\u00edticos e gestores comprometidos exclusivamente com sua vida eleitoral e sua corrup\u00e7\u00e3o ordin\u00e1ria, e a cadeia os mantivesse presos l\u00e1, a fim de evitar danos sociais repetitivos.<\/p>\n<p>O que eu quero dizer \u00e9 que h\u00e1 bem mais que um termo impreciso atrapalhando a inclus\u00e3o de alunos com defici\u00eancia na escola regular p\u00fablica. Preferencialmente, a sociedade deveria entrar em consenso sobre essas coisas mais do que por uma terminologia formal. Eu fico me perguntando \u00e9 se \u00e9 digno tratar dos interesses p\u00fablicos t\u00e3o restritamente ou se n\u00e3o estamos fazendo disso um tipo de miragem com a qual nos compadecemos do centro do o\u00e1sis da nossa vida privada.<\/p>\n<p>J\u00e1 disse em outra oportunidade e volto a dizer: se enfrentar o &#8220;preferencial&#8221; no campo pol\u00edtico \u00e9 duro, talvez seja mais oportuno criar debates de outra ordem. Penso que a constru\u00e7\u00e3o dos indicadores de qualidade previstos no item 13 da Meta (definir, no segundo ano de vig\u00eancia deste PNE, indicadores de qualidade, pol\u00edtica de avalia\u00e7\u00e3o e supervis\u00e3o para o funcionamento de institui\u00e7\u00f5es p\u00fablicas e privadas que prestam atendimento a alunos com defici\u00eancia, transtornos globais do desenvolvimento e altas habilidades ou superdota\u00e7\u00e3o) j\u00e1 est\u00e1 mais do que atrasada no \u00e2mbito da sociedade civil, at\u00e9 para que se possam contrabalan\u00e7ar os apelos assistenciais com dados mais concretos que a simples contabiliza\u00e7\u00e3o de matr\u00edculas.<\/p>\n<p>Do ponto de vista estrat\u00e9gico, mesmo com o aporte legal da CPCD, o debate est\u00e1 sustentado pelos argumentos &#8211; e pela realidade &#8211; de sempre, onde se sabe bem como as coisas terminam, principalmente quando os atores que a decidem s\u00e3o preferencialmente os atores pol\u00edticos, atrav\u00e9s de suas emendas \u00e0 legisla\u00e7\u00e3o e bastidores costumeiros. Se a sociedade e seus representantes se ocupassem da qualidade da educa\u00e7\u00e3o p\u00fablica e dos direitos dos outros com a mesma intensidade que defendem os pr\u00f3prios direitos, esse \u201cpreferencialmente\u201d n\u00e3o significaria absolutamente nada. Al\u00e9m disso, as pessoas, que deveriam ter o direito a sempre deixar seus filhos na escola com toda a tranquilidade do mundo, tamb\u00e9m n\u00e3o precisariam se preocupar com isso. Nada mais justo, nada mais complicado que isso&#8230;<\/p>\n<p><em>* Coordenador-Geral da Inclusive &#8211; Inclus\u00e3o e Cidadania<\/em><\/p>\n","protected":false},"excerpt":{"rendered":"<p>Se a sociedade e seus representantes se ocupassem da qualidade da educa\u00e7\u00e3o p\u00fablica e dos direitos dos outros com a mesma intensidade que defendem os pr\u00f3prios direitos, esse \u201cpreferencialmente\u201d n\u00e3o significaria absolutamente nada. Por Lucio Carvalho.<\/p>\n","protected":false},"author":1,"featured_media":0,"comment_status":"open","ping_status":"open","sticky":false,"template":"","format":"standard","meta":{"site-container-style":"default","site-container-layout":"default","site-sidebar-layout":"default","disable-article-header":"default","disable-site-header":"default","disable-site-footer":"default","disable-content-area-spacing":"default","footnotes":""},"categories":[35,38,6,48,8],"tags":[126,213],"class_list":["post-25265","post","type-post","status-publish","format-standard","hentry","category-de-nossa-parte","category-deficiencia","category-educacao","category-inclusao","category-textos-e-artigos","tag-educacao-inclusiva","tag-plano-nacional-de-educacao"],"yoast_head":"<!-- This site is optimized with the Yoast SEO plugin v27.4 - https:\/\/yoast.com\/product\/yoast-seo-wordpress\/ -->\n<title>Educa\u00e7\u00e3o especial, uma miragem no Plano Nacional de Educa\u00e7\u00e3o? -<\/title>\n<meta name=\"robots\" content=\"index, follow, max-snippet:-1, max-image-preview:large, max-video-preview:-1\" \/>\n<link rel=\"canonical\" href=\"https:\/\/inclusivenews.com.br\/?p=25265\" \/>\n<meta property=\"og:locale\" content=\"pt_PT\" \/>\n<meta property=\"og:type\" content=\"article\" \/>\n<meta property=\"og:title\" content=\"Educa\u00e7\u00e3o especial, uma miragem no Plano Nacional de Educa\u00e7\u00e3o? -\" \/>\n<meta property=\"og:description\" content=\"Se a sociedade e seus representantes se ocupassem da qualidade da educa\u00e7\u00e3o p\u00fablica e dos direitos dos outros com a mesma intensidade que defendem os pr\u00f3prios direitos, esse \u201cpreferencialmente\u201d n\u00e3o significaria absolutamente nada. Por Lucio Carvalho.\" \/>\n<meta property=\"og:url\" content=\"https:\/\/inclusivenews.com.br\/?p=25265\" \/>\n<meta property=\"article:publisher\" content=\"https:\/\/www.facebook.com\/agenciainclusive\/\" \/>\n<meta property=\"article:published_time\" content=\"2013-09-15T20:16:24+00:00\" \/>\n<meta property=\"og:image\" content=\"http:\/\/inclusivenews.com.br\/wp-content\/uploads\/oasis.jpg\" \/>\n<meta name=\"author\" content=\"inclusivenews2024\" \/>\n<meta name=\"twitter:card\" content=\"summary_large_image\" \/>\n<meta name=\"twitter:label1\" content=\"Escrito por\" \/>\n\t<meta name=\"twitter:data1\" content=\"inclusivenews2024\" \/>\n\t<meta name=\"twitter:label2\" content=\"Tempo estimado de leitura\" \/>\n\t<meta name=\"twitter:data2\" content=\"5 minutos\" \/>\n<script type=\"application\/ld+json\" class=\"yoast-schema-graph\">{\"@context\":\"https:\\\/\\\/schema.org\",\"@graph\":[{\"@type\":\"Article\",\"@id\":\"https:\\\/\\\/inclusivenews.com.br\\\/?p=25265#article\",\"isPartOf\":{\"@id\":\"https:\\\/\\\/inclusivenews.com.br\\\/?p=25265\"},\"author\":{\"name\":\"inclusivenews2024\",\"@id\":\"https:\\\/\\\/inclusivenews.com.br\\\/#\\\/schema\\\/person\\\/ae4ec7087559b8692fb33b6fffd2273b\"},\"headline\":\"Educa\u00e7\u00e3o especial, uma miragem no Plano Nacional de Educa\u00e7\u00e3o?\",\"datePublished\":\"2013-09-15T20:16:24+00:00\",\"mainEntityOfPage\":{\"@id\":\"https:\\\/\\\/inclusivenews.com.br\\\/?p=25265\"},\"wordCount\":1028,\"commentCount\":3,\"publisher\":{\"@id\":\"https:\\\/\\\/inclusivenews.com.br\\\/#organization\"},\"image\":{\"@id\":\"https:\\\/\\\/inclusivenews.com.br\\\/?p=25265#primaryimage\"},\"thumbnailUrl\":\"http:\\\/\\\/inclusivenews.com.br\\\/wp-content\\\/uploads\\\/oasis.jpg\",\"keywords\":[\"Educa\u00e7\u00e3o inclusiva\",\"Plano Nacional de Educa\u00e7\u00e3o\"],\"articleSection\":[\"+ De nossa parte\",\"Defici\u00eancia\",\"EDUCA\u00c7\u00c3O\",\"INCLUS\u00c3O SOCIAL\",\"OPINI\u00c3O\"],\"inLanguage\":\"pt-PT\",\"potentialAction\":[{\"@type\":\"CommentAction\",\"name\":\"Comment\",\"target\":[\"https:\\\/\\\/inclusivenews.com.br\\\/?p=25265#respond\"]}]},{\"@type\":\"WebPage\",\"@id\":\"https:\\\/\\\/inclusivenews.com.br\\\/?p=25265\",\"url\":\"https:\\\/\\\/inclusivenews.com.br\\\/?p=25265\",\"name\":\"Educa\u00e7\u00e3o especial, uma miragem no Plano Nacional de Educa\u00e7\u00e3o? -\",\"isPartOf\":{\"@id\":\"https:\\\/\\\/inclusivenews.com.br\\\/#website\"},\"primaryImageOfPage\":{\"@id\":\"https:\\\/\\\/inclusivenews.com.br\\\/?p=25265#primaryimage\"},\"image\":{\"@id\":\"https:\\\/\\\/inclusivenews.com.br\\\/?p=25265#primaryimage\"},\"thumbnailUrl\":\"http:\\\/\\\/inclusivenews.com.br\\\/wp-content\\\/uploads\\\/oasis.jpg\",\"datePublished\":\"2013-09-15T20:16:24+00:00\",\"breadcrumb\":{\"@id\":\"https:\\\/\\\/inclusivenews.com.br\\\/?p=25265#breadcrumb\"},\"inLanguage\":\"pt-PT\",\"potentialAction\":[{\"@type\":\"ReadAction\",\"target\":[\"https:\\\/\\\/inclusivenews.com.br\\\/?p=25265\"]}]},{\"@type\":\"ImageObject\",\"inLanguage\":\"pt-PT\",\"@id\":\"https:\\\/\\\/inclusivenews.com.br\\\/?p=25265#primaryimage\",\"url\":\"\",\"contentUrl\":\"\"},{\"@type\":\"BreadcrumbList\",\"@id\":\"https:\\\/\\\/inclusivenews.com.br\\\/?p=25265#breadcrumb\",\"itemListElement\":[{\"@type\":\"ListItem\",\"position\":1,\"name\":\"In\u00edcio\",\"item\":\"https:\\\/\\\/inclusivenews.com.br\\\/\"},{\"@type\":\"ListItem\",\"position\":2,\"name\":\"Educa\u00e7\u00e3o especial, uma miragem no Plano Nacional de Educa\u00e7\u00e3o?\"}]},{\"@type\":\"WebSite\",\"@id\":\"https:\\\/\\\/inclusivenews.com.br\\\/#website\",\"url\":\"https:\\\/\\\/inclusivenews.com.br\\\/\",\"name\":\"Inclusive News\",\"description\":\"Inclusive News\",\"publisher\":{\"@id\":\"https:\\\/\\\/inclusivenews.com.br\\\/#organization\"},\"potentialAction\":[{\"@type\":\"SearchAction\",\"target\":{\"@type\":\"EntryPoint\",\"urlTemplate\":\"https:\\\/\\\/inclusivenews.com.br\\\/?s={search_term_string}\"},\"query-input\":{\"@type\":\"PropertyValueSpecification\",\"valueRequired\":true,\"valueName\":\"search_term_string\"}}],\"inLanguage\":\"pt-PT\"},{\"@type\":\"Organization\",\"@id\":\"https:\\\/\\\/inclusivenews.com.br\\\/#organization\",\"name\":\"Inclusive - inclus\u00e3o e cidadania\",\"url\":\"https:\\\/\\\/inclusivenews.com.br\\\/\",\"logo\":{\"@type\":\"ImageObject\",\"inLanguage\":\"pt-PT\",\"@id\":\"https:\\\/\\\/inclusivenews.com.br\\\/#\\\/schema\\\/logo\\\/image\\\/\",\"url\":\"https:\\\/\\\/inclusivenews.com.br\\\/wp-content\\\/uploads\\\/2024\\\/03\\\/@grandesite.png\",\"contentUrl\":\"https:\\\/\\\/inclusivenews.com.br\\\/wp-content\\\/uploads\\\/2024\\\/03\\\/@grandesite.png\",\"width\":1080,\"height\":1080,\"caption\":\"Inclusive - inclus\u00e3o e cidadania\"},\"image\":{\"@id\":\"https:\\\/\\\/inclusivenews.com.br\\\/#\\\/schema\\\/logo\\\/image\\\/\"},\"sameAs\":[\"https:\\\/\\\/www.facebook.com\\\/agenciainclusive\\\/\",\"https:\\\/\\\/www.instagram.com\\\/newsinclusive\\\/\"]},{\"@type\":\"Person\",\"@id\":\"https:\\\/\\\/inclusivenews.com.br\\\/#\\\/schema\\\/person\\\/ae4ec7087559b8692fb33b6fffd2273b\",\"name\":\"inclusivenews2024\",\"image\":{\"@type\":\"ImageObject\",\"inLanguage\":\"pt-PT\",\"@id\":\"https:\\\/\\\/secure.gravatar.com\\\/avatar\\\/c5a7ef84c66fa914f55bc4f7ce26cfa275a3b9a1c5568b907bd184fb4dde7b40?s=96&d=mm&r=g\",\"url\":\"https:\\\/\\\/secure.gravatar.com\\\/avatar\\\/c5a7ef84c66fa914f55bc4f7ce26cfa275a3b9a1c5568b907bd184fb4dde7b40?s=96&d=mm&r=g\",\"contentUrl\":\"https:\\\/\\\/secure.gravatar.com\\\/avatar\\\/c5a7ef84c66fa914f55bc4f7ce26cfa275a3b9a1c5568b907bd184fb4dde7b40?s=96&d=mm&r=g\",\"caption\":\"inclusivenews2024\"},\"sameAs\":[\"https:\\\/\\\/inclusivenews.com.br\"],\"url\":\"https:\\\/\\\/inclusivenews.com.br\\\/?author=1\"}]}<\/script>\n<!-- \/ Yoast SEO plugin. -->","yoast_head_json":{"title":"Educa\u00e7\u00e3o especial, uma miragem no Plano Nacional de Educa\u00e7\u00e3o? -","robots":{"index":"index","follow":"follow","max-snippet":"max-snippet:-1","max-image-preview":"max-image-preview:large","max-video-preview":"max-video-preview:-1"},"canonical":"https:\/\/inclusivenews.com.br\/?p=25265","og_locale":"pt_PT","og_type":"article","og_title":"Educa\u00e7\u00e3o especial, uma miragem no Plano Nacional de Educa\u00e7\u00e3o? -","og_description":"Se a sociedade e seus representantes se ocupassem da qualidade da educa\u00e7\u00e3o p\u00fablica e dos direitos dos outros com a mesma intensidade que defendem os pr\u00f3prios direitos, esse \u201cpreferencialmente\u201d n\u00e3o significaria absolutamente nada. Por Lucio Carvalho.","og_url":"https:\/\/inclusivenews.com.br\/?p=25265","article_publisher":"https:\/\/www.facebook.com\/agenciainclusive\/","article_published_time":"2013-09-15T20:16:24+00:00","og_image":[{"url":"http:\/\/inclusivenews.com.br\/wp-content\/uploads\/oasis.jpg","type":"","width":"","height":""}],"author":"inclusivenews2024","twitter_card":"summary_large_image","twitter_misc":{"Escrito por":"inclusivenews2024","Tempo estimado de leitura":"5 minutos"},"schema":{"@context":"https:\/\/schema.org","@graph":[{"@type":"Article","@id":"https:\/\/inclusivenews.com.br\/?p=25265#article","isPartOf":{"@id":"https:\/\/inclusivenews.com.br\/?p=25265"},"author":{"name":"inclusivenews2024","@id":"https:\/\/inclusivenews.com.br\/#\/schema\/person\/ae4ec7087559b8692fb33b6fffd2273b"},"headline":"Educa\u00e7\u00e3o especial, uma miragem no Plano Nacional de Educa\u00e7\u00e3o?","datePublished":"2013-09-15T20:16:24+00:00","mainEntityOfPage":{"@id":"https:\/\/inclusivenews.com.br\/?p=25265"},"wordCount":1028,"commentCount":3,"publisher":{"@id":"https:\/\/inclusivenews.com.br\/#organization"},"image":{"@id":"https:\/\/inclusivenews.com.br\/?p=25265#primaryimage"},"thumbnailUrl":"http:\/\/inclusivenews.com.br\/wp-content\/uploads\/oasis.jpg","keywords":["Educa\u00e7\u00e3o inclusiva","Plano Nacional de Educa\u00e7\u00e3o"],"articleSection":["+ De nossa parte","Defici\u00eancia","EDUCA\u00c7\u00c3O","INCLUS\u00c3O SOCIAL","OPINI\u00c3O"],"inLanguage":"pt-PT","potentialAction":[{"@type":"CommentAction","name":"Comment","target":["https:\/\/inclusivenews.com.br\/?p=25265#respond"]}]},{"@type":"WebPage","@id":"https:\/\/inclusivenews.com.br\/?p=25265","url":"https:\/\/inclusivenews.com.br\/?p=25265","name":"Educa\u00e7\u00e3o especial, uma miragem no Plano Nacional de Educa\u00e7\u00e3o? -","isPartOf":{"@id":"https:\/\/inclusivenews.com.br\/#website"},"primaryImageOfPage":{"@id":"https:\/\/inclusivenews.com.br\/?p=25265#primaryimage"},"image":{"@id":"https:\/\/inclusivenews.com.br\/?p=25265#primaryimage"},"thumbnailUrl":"http:\/\/inclusivenews.com.br\/wp-content\/uploads\/oasis.jpg","datePublished":"2013-09-15T20:16:24+00:00","breadcrumb":{"@id":"https:\/\/inclusivenews.com.br\/?p=25265#breadcrumb"},"inLanguage":"pt-PT","potentialAction":[{"@type":"ReadAction","target":["https:\/\/inclusivenews.com.br\/?p=25265"]}]},{"@type":"ImageObject","inLanguage":"pt-PT","@id":"https:\/\/inclusivenews.com.br\/?p=25265#primaryimage","url":"","contentUrl":""},{"@type":"BreadcrumbList","@id":"https:\/\/inclusivenews.com.br\/?p=25265#breadcrumb","itemListElement":[{"@type":"ListItem","position":1,"name":"In\u00edcio","item":"https:\/\/inclusivenews.com.br\/"},{"@type":"ListItem","position":2,"name":"Educa\u00e7\u00e3o especial, uma miragem no Plano Nacional de Educa\u00e7\u00e3o?"}]},{"@type":"WebSite","@id":"https:\/\/inclusivenews.com.br\/#website","url":"https:\/\/inclusivenews.com.br\/","name":"Inclusive News","description":"Inclusive News","publisher":{"@id":"https:\/\/inclusivenews.com.br\/#organization"},"potentialAction":[{"@type":"SearchAction","target":{"@type":"EntryPoint","urlTemplate":"https:\/\/inclusivenews.com.br\/?s={search_term_string}"},"query-input":{"@type":"PropertyValueSpecification","valueRequired":true,"valueName":"search_term_string"}}],"inLanguage":"pt-PT"},{"@type":"Organization","@id":"https:\/\/inclusivenews.com.br\/#organization","name":"Inclusive - inclus\u00e3o e cidadania","url":"https:\/\/inclusivenews.com.br\/","logo":{"@type":"ImageObject","inLanguage":"pt-PT","@id":"https:\/\/inclusivenews.com.br\/#\/schema\/logo\/image\/","url":"https:\/\/inclusivenews.com.br\/wp-content\/uploads\/2024\/03\/@grandesite.png","contentUrl":"https:\/\/inclusivenews.com.br\/wp-content\/uploads\/2024\/03\/@grandesite.png","width":1080,"height":1080,"caption":"Inclusive - inclus\u00e3o e cidadania"},"image":{"@id":"https:\/\/inclusivenews.com.br\/#\/schema\/logo\/image\/"},"sameAs":["https:\/\/www.facebook.com\/agenciainclusive\/","https:\/\/www.instagram.com\/newsinclusive\/"]},{"@type":"Person","@id":"https:\/\/inclusivenews.com.br\/#\/schema\/person\/ae4ec7087559b8692fb33b6fffd2273b","name":"inclusivenews2024","image":{"@type":"ImageObject","inLanguage":"pt-PT","@id":"https:\/\/secure.gravatar.com\/avatar\/c5a7ef84c66fa914f55bc4f7ce26cfa275a3b9a1c5568b907bd184fb4dde7b40?s=96&d=mm&r=g","url":"https:\/\/secure.gravatar.com\/avatar\/c5a7ef84c66fa914f55bc4f7ce26cfa275a3b9a1c5568b907bd184fb4dde7b40?s=96&d=mm&r=g","contentUrl":"https:\/\/secure.gravatar.com\/avatar\/c5a7ef84c66fa914f55bc4f7ce26cfa275a3b9a1c5568b907bd184fb4dde7b40?s=96&d=mm&r=g","caption":"inclusivenews2024"},"sameAs":["https:\/\/inclusivenews.com.br"],"url":"https:\/\/inclusivenews.com.br\/?author=1"}]}},"_links":{"self":[{"href":"https:\/\/inclusivenews.com.br\/index.php?rest_route=\/wp\/v2\/posts\/25265","targetHints":{"allow":["GET"]}}],"collection":[{"href":"https:\/\/inclusivenews.com.br\/index.php?rest_route=\/wp\/v2\/posts"}],"about":[{"href":"https:\/\/inclusivenews.com.br\/index.php?rest_route=\/wp\/v2\/types\/post"}],"author":[{"embeddable":true,"href":"https:\/\/inclusivenews.com.br\/index.php?rest_route=\/wp\/v2\/users\/1"}],"replies":[{"embeddable":true,"href":"https:\/\/inclusivenews.com.br\/index.php?rest_route=%2Fwp%2Fv2%2Fcomments&post=25265"}],"version-history":[{"count":0,"href":"https:\/\/inclusivenews.com.br\/index.php?rest_route=\/wp\/v2\/posts\/25265\/revisions"}],"wp:attachment":[{"href":"https:\/\/inclusivenews.com.br\/index.php?rest_route=%2Fwp%2Fv2%2Fmedia&parent=25265"}],"wp:term":[{"taxonomy":"category","embeddable":true,"href":"https:\/\/inclusivenews.com.br\/index.php?rest_route=%2Fwp%2Fv2%2Fcategories&post=25265"},{"taxonomy":"post_tag","embeddable":true,"href":"https:\/\/inclusivenews.com.br\/index.php?rest_route=%2Fwp%2Fv2%2Ftags&post=25265"}],"curies":[{"name":"wp","href":"https:\/\/api.w.org\/{rel}","templated":true}]}}