{"id":25294,"date":"2013-09-20T16:37:10","date_gmt":"2013-09-20T19:37:10","guid":{"rendered":"http:\/\/www.inclusive.org.br\/?p=25294"},"modified":"2013-09-20T16:37:10","modified_gmt":"2013-09-20T19:37:10","slug":"convite-para-a-passeata-superacao-rio-2013","status":"publish","type":"post","link":"https:\/\/inclusivenews.com.br\/?p=25294","title":{"rendered":"Convite para a Passeata Supera\u00e7\u00e3o Rio 2013"},"content":{"rendered":"<p><img loading=\"lazy\" decoding=\"async\" class=\"size-full wp-image-25295  alignnone\" title=\"Descri\u00e7\u00e3o: A imagem abaixo trata-se de cartaz nas cores amarelo e vermelho, no qual est\u00e3o inseridas as informa\u00e7\u00f5es abaixo, mas as logos do Instituto Novo Ser, Supera\u00e7\u00e3o Rio e Mais Diferen\u00e7as como realizadores, seguidas pelas logos da Funda\u00e7\u00e3o JK, IR Rogue, Comiss\u00e3o de Defesa dos Direitos da Pessoa com Defici\u00eancia da OAB\/RJ, Reatec, Febiex\/RJ, Talento Incluir e Na Luta, como apoiadores.\" src=\"http:\/\/inclusivenews.com.br\/wp-content\/uploads\/flyer1.jpg\" alt=\"Descri\u00e7\u00e3o: A imagem abaixo trata-se de cartaz nas cores amarelo e vermelho, no qual est\u00e3o inseridas as informa\u00e7\u00f5es abaixo, mas as logos do Instituto Novo Ser, Supera\u00e7\u00e3o Rio e Mais Diferen\u00e7as como realizadores, seguidas pelas logos da Funda\u00e7\u00e3o JK, IR Rogue, Comiss\u00e3o de Defesa dos Direitos da Pessoa com Defici\u00eancia da OAB\/RJ, Reatec, Febiex\/RJ, Talento Incluir e Na Luta, como apoiadores.\" width=\"512\" height=\"194\" \/><\/p>\n<p>Prezados Amigos e Parceiros,<\/p>\n<p>Pelo 6\u00ba. ano consecutivo o Instituto Novo Ser e a ONG Movimento Supera\u00e7\u00e3o ir\u00e3o promover a passeata &#8220;Supera\u00e7\u00e3o Rio&#8221; em celebra\u00e7\u00e3o ao Dia Nacional de Luta da Pessoa com Defici\u00eancia. O objetivo do evento \u00e9 despertar e mobilizar a sociedade em geral para que sejam respeitados os direitos da pessoa com defici\u00eancia e mobilidade reduzida.<\/p>\n<p>A cidade do Rio de Janeiro est\u00e1 prestes a sediar os Jogos Paral\u00edmpicos, contudo est\u00e1 aqu\u00e9m de acolher dignamente este p\u00fablico, no que diz respeito aos seus direitos fundamentais.<\/p>\n<p>O Supera\u00e7\u00e3o Rio 2013 ser\u00e1 realizado no domingo, dia 22 de setembro, \u00e0s 10h, na orla de Copacabana, em um percurso de 1,5 km, entre as Ruas Xavier da Silveira e Rodolfo Dantas.<\/p>\n<p>Contamos com a presen\u00e7a de voc\u00eas!<\/p>\n<p>Vem pra rua!!<\/p>\n<p>Supera\u00e7\u00e3o Rio 2013 &#8211; 6\u00aa edi\u00e7\u00e3o<\/p>\n<p>Domingo 22 de setembro de 2013<\/p>\n<p>Orla de Copacabana &#8211; Sa\u00edda: Av. Atl\u00e2ntica, 3264 &#8211; Alt. Hotel Rio Othon Palace &#8211; Chegada: Altura da Rua Rodolfo Dantas<\/p>\n<p>Concentra\u00e7\u00e3o: 9h &#8211; Sa\u00edda: 10h<\/p>\n<p>Realiza\u00e7\u00e3o: Instituto Novo Ser, Movimento SuperA\u00e7\u00e3o e Mais Diferen\u00e7as<\/p>\n<p>Apoio: Funda\u00e7\u00e3o JK, ROGUE, OABRJ &#8211; Comiss\u00e3o de defesa dos direitos da pessoa com defici\u00eancia da OAB-RJ, Reatech, Febiex\/Rj, Talento Incluir e Na Luta.<\/p>\n","protected":false},"excerpt":{"rendered":"<p>Pelo 6\u00ba. ano consecutivo o Instituto Novo Ser e a ONG Movimento Supera\u00e7\u00e3o ir\u00e3o promover a passeata &#8220;Supera\u00e7\u00e3o Rio&#8221; em celebra\u00e7\u00e3o ao Dia Nacional de Luta da Pessoa com Defici\u00eancia. O objetivo do evento \u00e9 despertar e mobilizar a sociedade em geral para que sejam respeitados os direitos da pessoa com defici\u00eancia e mobilidade reduzida.<\/p>\n","protected":false},"author":1,"featured_media":0,"comment_status":"open","ping_status":"open","sticky":false,"template":"","format":"standard","meta":{"site-container-style":"default","site-container-layout":"default","site-sidebar-layout":"default","disable-article-header":"default","disable-site-header":"default","disable-site-footer":"default","disable-content-area-spacing":"default","footnotes":""},"categories":[3],"tags":[],"class_list":["post-25294","post","type-post","status-publish","format-standard","hentry","category-campanhas"],"yoast_head":"<!-- This site is optimized with the Yoast SEO plugin v27.4 - https:\/\/yoast.com\/product\/yoast-seo-wordpress\/ -->\n<title>Convite para a Passeata Supera\u00e7\u00e3o Rio 2013 -<\/title>\n<meta name=\"robots\" content=\"index, follow, max-snippet:-1, max-image-preview:large, max-video-preview:-1\" \/>\n<link rel=\"canonical\" href=\"https:\/\/inclusivenews.com.br\/?p=25294\" \/>\n<meta property=\"og:locale\" content=\"pt_PT\" \/>\n<meta property=\"og:type\" content=\"article\" \/>\n<meta property=\"og:title\" content=\"Convite para a Passeata Supera\u00e7\u00e3o Rio 2013 -\" \/>\n<meta property=\"og:description\" content=\"Pelo 6\u00ba. ano consecutivo o Instituto Novo Ser e a ONG Movimento Supera\u00e7\u00e3o ir\u00e3o promover a passeata &quot;Supera\u00e7\u00e3o Rio&quot; em celebra\u00e7\u00e3o ao Dia Nacional de Luta da Pessoa com Defici\u00eancia. O objetivo do evento \u00e9 despertar e mobilizar a sociedade em geral para que sejam respeitados os direitos da pessoa com defici\u00eancia e mobilidade reduzida.\" \/>\n<meta property=\"og:url\" content=\"https:\/\/inclusivenews.com.br\/?p=25294\" \/>\n<meta property=\"article:publisher\" content=\"https:\/\/www.facebook.com\/agenciainclusive\/\" \/>\n<meta property=\"article:published_time\" content=\"2013-09-20T19:37:10+00:00\" \/>\n<meta property=\"og:image\" content=\"http:\/\/inclusivenews.com.br\/wp-content\/uploads\/flyer1.jpg\" \/>\n<meta name=\"author\" content=\"inclusivenews2024\" \/>\n<meta name=\"twitter:card\" content=\"summary_large_image\" \/>\n<meta name=\"twitter:label1\" content=\"Escrito por\" \/>\n\t<meta name=\"twitter:data1\" content=\"inclusivenews2024\" \/>\n\t<meta name=\"twitter:label2\" content=\"Tempo estimado de leitura\" \/>\n\t<meta name=\"twitter:data2\" content=\"1 minuto\" \/>\n<script type=\"application\/ld+json\" class=\"yoast-schema-graph\">{\"@context\":\"https:\\\/\\\/schema.org\",\"@graph\":[{\"@type\":\"Article\",\"@id\":\"https:\\\/\\\/inclusivenews.com.br\\\/?p=25294#article\",\"isPartOf\":{\"@id\":\"https:\\\/\\\/inclusivenews.com.br\\\/?p=25294\"},\"author\":{\"name\":\"inclusivenews2024\",\"@id\":\"https:\\\/\\\/inclusivenews.com.br\\\/#\\\/schema\\\/person\\\/ae4ec7087559b8692fb33b6fffd2273b\"},\"headline\":\"Convite para a Passeata Supera\u00e7\u00e3o Rio 2013\",\"datePublished\":\"2013-09-20T19:37:10+00:00\",\"mainEntityOfPage\":{\"@id\":\"https:\\\/\\\/inclusivenews.com.br\\\/?p=25294\"},\"wordCount\":223,\"commentCount\":0,\"publisher\":{\"@id\":\"https:\\\/\\\/inclusivenews.com.br\\\/#organization\"},\"image\":{\"@id\":\"https:\\\/\\\/inclusivenews.com.br\\\/?p=25294#primaryimage\"},\"thumbnailUrl\":\"http:\\\/\\\/inclusivenews.com.br\\\/wp-content\\\/uploads\\\/flyer1.jpg\",\"articleSection\":[\"CAMPANHAS\"],\"inLanguage\":\"pt-PT\",\"potentialAction\":[{\"@type\":\"CommentAction\",\"name\":\"Comment\",\"target\":[\"https:\\\/\\\/inclusivenews.com.br\\\/?p=25294#respond\"]}]},{\"@type\":\"WebPage\",\"@id\":\"https:\\\/\\\/inclusivenews.com.br\\\/?p=25294\",\"url\":\"https:\\\/\\\/inclusivenews.com.br\\\/?p=25294\",\"name\":\"Convite para a Passeata Supera\u00e7\u00e3o Rio 2013 -\",\"isPartOf\":{\"@id\":\"https:\\\/\\\/inclusivenews.com.br\\\/#website\"},\"primaryImageOfPage\":{\"@id\":\"https:\\\/\\\/inclusivenews.com.br\\\/?p=25294#primaryimage\"},\"image\":{\"@id\":\"https:\\\/\\\/inclusivenews.com.br\\\/?p=25294#primaryimage\"},\"thumbnailUrl\":\"http:\\\/\\\/inclusivenews.com.br\\\/wp-content\\\/uploads\\\/flyer1.jpg\",\"datePublished\":\"2013-09-20T19:37:10+00:00\",\"breadcrumb\":{\"@id\":\"https:\\\/\\\/inclusivenews.com.br\\\/?p=25294#breadcrumb\"},\"inLanguage\":\"pt-PT\",\"potentialAction\":[{\"@type\":\"ReadAction\",\"target\":[\"https:\\\/\\\/inclusivenews.com.br\\\/?p=25294\"]}]},{\"@type\":\"ImageObject\",\"inLanguage\":\"pt-PT\",\"@id\":\"https:\\\/\\\/inclusivenews.com.br\\\/?p=25294#primaryimage\",\"url\":\"\",\"contentUrl\":\"\"},{\"@type\":\"BreadcrumbList\",\"@id\":\"https:\\\/\\\/inclusivenews.com.br\\\/?p=25294#breadcrumb\",\"itemListElement\":[{\"@type\":\"ListItem\",\"position\":1,\"name\":\"In\u00edcio\",\"item\":\"https:\\\/\\\/inclusivenews.com.br\\\/\"},{\"@type\":\"ListItem\",\"position\":2,\"name\":\"Convite para a Passeata Supera\u00e7\u00e3o Rio 2013\"}]},{\"@type\":\"WebSite\",\"@id\":\"https:\\\/\\\/inclusivenews.com.br\\\/#website\",\"url\":\"https:\\\/\\\/inclusivenews.com.br\\\/\",\"name\":\"Inclusive News\",\"description\":\"Inclusive News\",\"publisher\":{\"@id\":\"https:\\\/\\\/inclusivenews.com.br\\\/#organization\"},\"potentialAction\":[{\"@type\":\"SearchAction\",\"target\":{\"@type\":\"EntryPoint\",\"urlTemplate\":\"https:\\\/\\\/inclusivenews.com.br\\\/?s={search_term_string}\"},\"query-input\":{\"@type\":\"PropertyValueSpecification\",\"valueRequired\":true,\"valueName\":\"search_term_string\"}}],\"inLanguage\":\"pt-PT\"},{\"@type\":\"Organization\",\"@id\":\"https:\\\/\\\/inclusivenews.com.br\\\/#organization\",\"name\":\"Inclusive - inclus\u00e3o e cidadania\",\"url\":\"https:\\\/\\\/inclusivenews.com.br\\\/\",\"logo\":{\"@type\":\"ImageObject\",\"inLanguage\":\"pt-PT\",\"@id\":\"https:\\\/\\\/inclusivenews.com.br\\\/#\\\/schema\\\/logo\\\/image\\\/\",\"url\":\"https:\\\/\\\/inclusivenews.com.br\\\/wp-content\\\/uploads\\\/2024\\\/03\\\/@grandesite.png\",\"contentUrl\":\"https:\\\/\\\/inclusivenews.com.br\\\/wp-content\\\/uploads\\\/2024\\\/03\\\/@grandesite.png\",\"width\":1080,\"height\":1080,\"caption\":\"Inclusive - inclus\u00e3o e cidadania\"},\"image\":{\"@id\":\"https:\\\/\\\/inclusivenews.com.br\\\/#\\\/schema\\\/logo\\\/image\\\/\"},\"sameAs\":[\"https:\\\/\\\/www.facebook.com\\\/agenciainclusive\\\/\",\"https:\\\/\\\/www.instagram.com\\\/newsinclusive\\\/\"]},{\"@type\":\"Person\",\"@id\":\"https:\\\/\\\/inclusivenews.com.br\\\/#\\\/schema\\\/person\\\/ae4ec7087559b8692fb33b6fffd2273b\",\"name\":\"inclusivenews2024\",\"image\":{\"@type\":\"ImageObject\",\"inLanguage\":\"pt-PT\",\"@id\":\"https:\\\/\\\/secure.gravatar.com\\\/avatar\\\/c5a7ef84c66fa914f55bc4f7ce26cfa275a3b9a1c5568b907bd184fb4dde7b40?s=96&d=mm&r=g\",\"url\":\"https:\\\/\\\/secure.gravatar.com\\\/avatar\\\/c5a7ef84c66fa914f55bc4f7ce26cfa275a3b9a1c5568b907bd184fb4dde7b40?s=96&d=mm&r=g\",\"contentUrl\":\"https:\\\/\\\/secure.gravatar.com\\\/avatar\\\/c5a7ef84c66fa914f55bc4f7ce26cfa275a3b9a1c5568b907bd184fb4dde7b40?s=96&d=mm&r=g\",\"caption\":\"inclusivenews2024\"},\"sameAs\":[\"https:\\\/\\\/inclusivenews.com.br\"],\"url\":\"https:\\\/\\\/inclusivenews.com.br\\\/?author=1\"}]}<\/script>\n<!-- \/ Yoast SEO plugin. -->","yoast_head_json":{"title":"Convite para a Passeata Supera\u00e7\u00e3o Rio 2013 -","robots":{"index":"index","follow":"follow","max-snippet":"max-snippet:-1","max-image-preview":"max-image-preview:large","max-video-preview":"max-video-preview:-1"},"canonical":"https:\/\/inclusivenews.com.br\/?p=25294","og_locale":"pt_PT","og_type":"article","og_title":"Convite para a Passeata Supera\u00e7\u00e3o Rio 2013 -","og_description":"Pelo 6\u00ba. ano consecutivo o Instituto Novo Ser e a ONG Movimento Supera\u00e7\u00e3o ir\u00e3o promover a passeata \"Supera\u00e7\u00e3o Rio\" em celebra\u00e7\u00e3o ao Dia Nacional de Luta da Pessoa com Defici\u00eancia. O objetivo do evento \u00e9 despertar e mobilizar a sociedade em geral para que sejam respeitados os direitos da pessoa com defici\u00eancia e mobilidade reduzida.","og_url":"https:\/\/inclusivenews.com.br\/?p=25294","article_publisher":"https:\/\/www.facebook.com\/agenciainclusive\/","article_published_time":"2013-09-20T19:37:10+00:00","og_image":[{"url":"http:\/\/inclusivenews.com.br\/wp-content\/uploads\/flyer1.jpg","type":"","width":"","height":""}],"author":"inclusivenews2024","twitter_card":"summary_large_image","twitter_misc":{"Escrito por":"inclusivenews2024","Tempo estimado de leitura":"1 minuto"},"schema":{"@context":"https:\/\/schema.org","@graph":[{"@type":"Article","@id":"https:\/\/inclusivenews.com.br\/?p=25294#article","isPartOf":{"@id":"https:\/\/inclusivenews.com.br\/?p=25294"},"author":{"name":"inclusivenews2024","@id":"https:\/\/inclusivenews.com.br\/#\/schema\/person\/ae4ec7087559b8692fb33b6fffd2273b"},"headline":"Convite para a Passeata Supera\u00e7\u00e3o Rio 2013","datePublished":"2013-09-20T19:37:10+00:00","mainEntityOfPage":{"@id":"https:\/\/inclusivenews.com.br\/?p=25294"},"wordCount":223,"commentCount":0,"publisher":{"@id":"https:\/\/inclusivenews.com.br\/#organization"},"image":{"@id":"https:\/\/inclusivenews.com.br\/?p=25294#primaryimage"},"thumbnailUrl":"http:\/\/inclusivenews.com.br\/wp-content\/uploads\/flyer1.jpg","articleSection":["CAMPANHAS"],"inLanguage":"pt-PT","potentialAction":[{"@type":"CommentAction","name":"Comment","target":["https:\/\/inclusivenews.com.br\/?p=25294#respond"]}]},{"@type":"WebPage","@id":"https:\/\/inclusivenews.com.br\/?p=25294","url":"https:\/\/inclusivenews.com.br\/?p=25294","name":"Convite para a Passeata Supera\u00e7\u00e3o Rio 2013 -","isPartOf":{"@id":"https:\/\/inclusivenews.com.br\/#website"},"primaryImageOfPage":{"@id":"https:\/\/inclusivenews.com.br\/?p=25294#primaryimage"},"image":{"@id":"https:\/\/inclusivenews.com.br\/?p=25294#primaryimage"},"thumbnailUrl":"http:\/\/inclusivenews.com.br\/wp-content\/uploads\/flyer1.jpg","datePublished":"2013-09-20T19:37:10+00:00","breadcrumb":{"@id":"https:\/\/inclusivenews.com.br\/?p=25294#breadcrumb"},"inLanguage":"pt-PT","potentialAction":[{"@type":"ReadAction","target":["https:\/\/inclusivenews.com.br\/?p=25294"]}]},{"@type":"ImageObject","inLanguage":"pt-PT","@id":"https:\/\/inclusivenews.com.br\/?p=25294#primaryimage","url":"","contentUrl":""},{"@type":"BreadcrumbList","@id":"https:\/\/inclusivenews.com.br\/?p=25294#breadcrumb","itemListElement":[{"@type":"ListItem","position":1,"name":"In\u00edcio","item":"https:\/\/inclusivenews.com.br\/"},{"@type":"ListItem","position":2,"name":"Convite para a Passeata Supera\u00e7\u00e3o Rio 2013"}]},{"@type":"WebSite","@id":"https:\/\/inclusivenews.com.br\/#website","url":"https:\/\/inclusivenews.com.br\/","name":"Inclusive News","description":"Inclusive News","publisher":{"@id":"https:\/\/inclusivenews.com.br\/#organization"},"potentialAction":[{"@type":"SearchAction","target":{"@type":"EntryPoint","urlTemplate":"https:\/\/inclusivenews.com.br\/?s={search_term_string}"},"query-input":{"@type":"PropertyValueSpecification","valueRequired":true,"valueName":"search_term_string"}}],"inLanguage":"pt-PT"},{"@type":"Organization","@id":"https:\/\/inclusivenews.com.br\/#organization","name":"Inclusive - inclus\u00e3o e cidadania","url":"https:\/\/inclusivenews.com.br\/","logo":{"@type":"ImageObject","inLanguage":"pt-PT","@id":"https:\/\/inclusivenews.com.br\/#\/schema\/logo\/image\/","url":"https:\/\/inclusivenews.com.br\/wp-content\/uploads\/2024\/03\/@grandesite.png","contentUrl":"https:\/\/inclusivenews.com.br\/wp-content\/uploads\/2024\/03\/@grandesite.png","width":1080,"height":1080,"caption":"Inclusive - inclus\u00e3o e cidadania"},"image":{"@id":"https:\/\/inclusivenews.com.br\/#\/schema\/logo\/image\/"},"sameAs":["https:\/\/www.facebook.com\/agenciainclusive\/","https:\/\/www.instagram.com\/newsinclusive\/"]},{"@type":"Person","@id":"https:\/\/inclusivenews.com.br\/#\/schema\/person\/ae4ec7087559b8692fb33b6fffd2273b","name":"inclusivenews2024","image":{"@type":"ImageObject","inLanguage":"pt-PT","@id":"https:\/\/secure.gravatar.com\/avatar\/c5a7ef84c66fa914f55bc4f7ce26cfa275a3b9a1c5568b907bd184fb4dde7b40?s=96&d=mm&r=g","url":"https:\/\/secure.gravatar.com\/avatar\/c5a7ef84c66fa914f55bc4f7ce26cfa275a3b9a1c5568b907bd184fb4dde7b40?s=96&d=mm&r=g","contentUrl":"https:\/\/secure.gravatar.com\/avatar\/c5a7ef84c66fa914f55bc4f7ce26cfa275a3b9a1c5568b907bd184fb4dde7b40?s=96&d=mm&r=g","caption":"inclusivenews2024"},"sameAs":["https:\/\/inclusivenews.com.br"],"url":"https:\/\/inclusivenews.com.br\/?author=1"}]}},"_links":{"self":[{"href":"https:\/\/inclusivenews.com.br\/index.php?rest_route=\/wp\/v2\/posts\/25294","targetHints":{"allow":["GET"]}}],"collection":[{"href":"https:\/\/inclusivenews.com.br\/index.php?rest_route=\/wp\/v2\/posts"}],"about":[{"href":"https:\/\/inclusivenews.com.br\/index.php?rest_route=\/wp\/v2\/types\/post"}],"author":[{"embeddable":true,"href":"https:\/\/inclusivenews.com.br\/index.php?rest_route=\/wp\/v2\/users\/1"}],"replies":[{"embeddable":true,"href":"https:\/\/inclusivenews.com.br\/index.php?rest_route=%2Fwp%2Fv2%2Fcomments&post=25294"}],"version-history":[{"count":0,"href":"https:\/\/inclusivenews.com.br\/index.php?rest_route=\/wp\/v2\/posts\/25294\/revisions"}],"wp:attachment":[{"href":"https:\/\/inclusivenews.com.br\/index.php?rest_route=%2Fwp%2Fv2%2Fmedia&parent=25294"}],"wp:term":[{"taxonomy":"category","embeddable":true,"href":"https:\/\/inclusivenews.com.br\/index.php?rest_route=%2Fwp%2Fv2%2Fcategories&post=25294"},{"taxonomy":"post_tag","embeddable":true,"href":"https:\/\/inclusivenews.com.br\/index.php?rest_route=%2Fwp%2Fv2%2Ftags&post=25294"}],"curies":[{"name":"wp","href":"https:\/\/api.w.org\/{rel}","templated":true}]}}