{"id":25310,"date":"2013-09-22T15:58:19","date_gmt":"2013-09-22T18:58:19","guid":{"rendered":"http:\/\/www.inclusive.org.br\/?p=25310"},"modified":"2013-09-22T15:58:19","modified_gmt":"2013-09-22T18:58:19","slug":"autismo-e-politicas-publicas-rio-239","status":"publish","type":"post","link":"https:\/\/inclusivenews.com.br\/?p=25310","title":{"rendered":"Autismo e pol\u00edticas p\u00fablicas &#8211; Rio, 23\/9"},"content":{"rendered":"<p><img loading=\"lazy\" decoding=\"async\" class=\"size-medium wp-image-16112 alignleft\" title=\"Fita feita de quebra-cabe\u00e7as coloridos - s\u00edmbolo do autismo\" src=\"http:\/\/inclusivenews.com.br\/wp-content\/uploads\/2010\/06\/autismo-fita-171x300.jpg\" alt=\"Fita feita de quebra-cabe\u00e7as coloridos - s\u00edmbolo do autismo\" width=\"171\" height=\"300\" \/><\/p>\n<p>REUNI\u00c3O PARA TRATAR DE POL\u00cdTICAS P\u00daBLICAS NAS \u00c1REAS DA SA\u00daDE E EDUCA\u00c7\u00c3O PARA OS AUTISTAS DO MUNIC\u00cdPIO DO RJ &#8211; CONVOCA\u00c7\u00c3O!<\/p>\n<p>O CONSELHO MUNICIPAL DE DEFESA DOS DIREITOS DA PESSOA COM DEFICI\u00caNCIA &#8211; COMDEF-RIO &#8211; CONVOCA OS PAIS E FAMILIARES DE PESSOAS COM AUTISMO DO MUNIC\u00cdPIO DO RJ PARA REUNI\u00c3O AMPLIADA DO COMDEF-RIO &#8211; TEMA:<\/p>\n<p>AUTISMO &#8211; ATUALIZA\u00c7\u00c3O E POL\u00cdTICAS P\u00daBLICAS<\/p>\n<p>Convidadas<br \/>\n\u25cf Dra. Eliana de Sousa Silva<br \/>\nSecretaria Municipal da Pessoa com Defici\u00eancia<br \/>\n\u25cf Professora K\u00e1tia Nunes<br \/>\nSecretaria Municipal de Educa\u00e7\u00e3o<br \/>\n\u25cf Dra. Sandra Pacheco<br \/>\nSecretaria Municipal de Sa\u00fade<\/p>\n<p>Dia: 23 de setembro de 2013<br \/>\nHor\u00e1rio: das 14 \u00e0s 17 horas<br \/>\nLocal: CIAD Mestre Candeia &#8211; Av. Presidente Vargas, 1997 &#8211; 3\u00ba andar &#8211;<br \/>\nCentro do Rio de Janeiro<\/p>\n<p>\u00c9 o momento de cobrar a implementa\u00e7\u00e3o da Lei Federal 12.764, Lei Berenice Piana.<\/p>\n<p>Fonte:\u00a0<span style=\"font-family: Helvetica; font-size: 15px; white-space: nowrap; -webkit-tap-highlight-color: rgba(26, 26, 26, 0.292969); -webkit-composition-fill-color: rgba(175, 192, 227, 0.230469); -webkit-composition-frame-color: rgba(77, 128, 180, 0.230469);\">http:\/\/jngprojetosinclusao.org.br\/web\/<\/span><\/p>\n<p><span style=\"font-family: Helvetica; font-size: 15px; white-space: nowrap; -webkit-tap-highlight-color: rgba(26, 26, 26, 0.292969); -webkit-composition-fill-color: rgba(175, 192, 227, 0.230469); -webkit-composition-frame-color: rgba(77, 128, 180, 0.230469);\"><br \/>\n<\/span><\/p>\n","protected":false},"excerpt":{"rendered":"<p>\u00c9 o momento de cobrar a implementa\u00e7\u00e3o da Lei Federal 12.764, Lei Berenice Piana.<\/p>\n","protected":false},"author":1,"featured_media":0,"comment_status":"open","ping_status":"open","sticky":false,"template":"","format":"standard","meta":{"site-container-style":"default","site-container-layout":"default","site-sidebar-layout":"default","disable-article-header":"default","disable-site-header":"default","disable-site-footer":"default","disable-content-area-spacing":"default","footnotes":""},"categories":[38,48,4,49],"tags":[34],"class_list":["post-25310","post","type-post","status-publish","format-standard","hentry","category-deficiencia","category-inclusao","category-noticias","category-politicas-publicas","tag-autismo"],"yoast_head":"<!-- This site is optimized with the Yoast SEO plugin v27.4 - https:\/\/yoast.com\/product\/yoast-seo-wordpress\/ -->\n<title>Autismo e pol\u00edticas p\u00fablicas - Rio, 23\/9 -<\/title>\n<meta name=\"robots\" content=\"index, follow, max-snippet:-1, max-image-preview:large, max-video-preview:-1\" \/>\n<link rel=\"canonical\" href=\"https:\/\/inclusivenews.com.br\/?p=25310\" \/>\n<meta property=\"og:locale\" content=\"pt_PT\" \/>\n<meta property=\"og:type\" content=\"article\" \/>\n<meta property=\"og:title\" content=\"Autismo e pol\u00edticas p\u00fablicas - Rio, 23\/9 -\" \/>\n<meta property=\"og:description\" content=\"\u00c9 o momento de cobrar a implementa\u00e7\u00e3o da Lei Federal 12.764, Lei Berenice Piana.\" \/>\n<meta property=\"og:url\" content=\"https:\/\/inclusivenews.com.br\/?p=25310\" \/>\n<meta property=\"article:publisher\" content=\"https:\/\/www.facebook.com\/agenciainclusive\/\" \/>\n<meta property=\"article:published_time\" content=\"2013-09-22T18:58:19+00:00\" \/>\n<meta property=\"og:image\" content=\"http:\/\/inclusivenews.com.br\/wp-content\/uploads\/2010\/06\/autismo-fita-171x300.jpg\" \/>\n<meta name=\"author\" content=\"inclusivenews2024\" \/>\n<meta name=\"twitter:card\" content=\"summary_large_image\" \/>\n<meta name=\"twitter:label1\" content=\"Escrito por\" \/>\n\t<meta name=\"twitter:data1\" content=\"inclusivenews2024\" \/>\n\t<meta name=\"twitter:label2\" content=\"Tempo estimado de leitura\" \/>\n\t<meta name=\"twitter:data2\" content=\"1 minuto\" \/>\n<script type=\"application\/ld+json\" class=\"yoast-schema-graph\">{\"@context\":\"https:\\\/\\\/schema.org\",\"@graph\":[{\"@type\":\"Article\",\"@id\":\"https:\\\/\\\/inclusivenews.com.br\\\/?p=25310#article\",\"isPartOf\":{\"@id\":\"https:\\\/\\\/inclusivenews.com.br\\\/?p=25310\"},\"author\":{\"name\":\"inclusivenews2024\",\"@id\":\"https:\\\/\\\/inclusivenews.com.br\\\/#\\\/schema\\\/person\\\/ae4ec7087559b8692fb33b6fffd2273b\"},\"headline\":\"Autismo e pol\u00edticas p\u00fablicas &#8211; Rio, 23\\\/9\",\"datePublished\":\"2013-09-22T18:58:19+00:00\",\"mainEntityOfPage\":{\"@id\":\"https:\\\/\\\/inclusivenews.com.br\\\/?p=25310\"},\"wordCount\":156,\"commentCount\":1,\"publisher\":{\"@id\":\"https:\\\/\\\/inclusivenews.com.br\\\/#organization\"},\"image\":{\"@id\":\"https:\\\/\\\/inclusivenews.com.br\\\/?p=25310#primaryimage\"},\"thumbnailUrl\":\"http:\\\/\\\/inclusivenews.com.br\\\/wp-content\\\/uploads\\\/2010\\\/06\\\/autismo-fita-171x300.jpg\",\"keywords\":[\"Autismo\"],\"articleSection\":[\"Defici\u00eancia\",\"INCLUS\u00c3O SOCIAL\",\"NOT\u00cdCIAS\",\"Pol\u00edticas p\u00fablicas\"],\"inLanguage\":\"pt-PT\",\"potentialAction\":[{\"@type\":\"CommentAction\",\"name\":\"Comment\",\"target\":[\"https:\\\/\\\/inclusivenews.com.br\\\/?p=25310#respond\"]}]},{\"@type\":\"WebPage\",\"@id\":\"https:\\\/\\\/inclusivenews.com.br\\\/?p=25310\",\"url\":\"https:\\\/\\\/inclusivenews.com.br\\\/?p=25310\",\"name\":\"Autismo e pol\u00edticas p\u00fablicas - Rio, 23\\\/9 -\",\"isPartOf\":{\"@id\":\"https:\\\/\\\/inclusivenews.com.br\\\/#website\"},\"primaryImageOfPage\":{\"@id\":\"https:\\\/\\\/inclusivenews.com.br\\\/?p=25310#primaryimage\"},\"image\":{\"@id\":\"https:\\\/\\\/inclusivenews.com.br\\\/?p=25310#primaryimage\"},\"thumbnailUrl\":\"http:\\\/\\\/inclusivenews.com.br\\\/wp-content\\\/uploads\\\/2010\\\/06\\\/autismo-fita-171x300.jpg\",\"datePublished\":\"2013-09-22T18:58:19+00:00\",\"breadcrumb\":{\"@id\":\"https:\\\/\\\/inclusivenews.com.br\\\/?p=25310#breadcrumb\"},\"inLanguage\":\"pt-PT\",\"potentialAction\":[{\"@type\":\"ReadAction\",\"target\":[\"https:\\\/\\\/inclusivenews.com.br\\\/?p=25310\"]}]},{\"@type\":\"ImageObject\",\"inLanguage\":\"pt-PT\",\"@id\":\"https:\\\/\\\/inclusivenews.com.br\\\/?p=25310#primaryimage\",\"url\":\"\",\"contentUrl\":\"\"},{\"@type\":\"BreadcrumbList\",\"@id\":\"https:\\\/\\\/inclusivenews.com.br\\\/?p=25310#breadcrumb\",\"itemListElement\":[{\"@type\":\"ListItem\",\"position\":1,\"name\":\"In\u00edcio\",\"item\":\"https:\\\/\\\/inclusivenews.com.br\\\/\"},{\"@type\":\"ListItem\",\"position\":2,\"name\":\"Autismo e pol\u00edticas p\u00fablicas &#8211; Rio, 23\\\/9\"}]},{\"@type\":\"WebSite\",\"@id\":\"https:\\\/\\\/inclusivenews.com.br\\\/#website\",\"url\":\"https:\\\/\\\/inclusivenews.com.br\\\/\",\"name\":\"Inclusive News\",\"description\":\"Inclusive News\",\"publisher\":{\"@id\":\"https:\\\/\\\/inclusivenews.com.br\\\/#organization\"},\"potentialAction\":[{\"@type\":\"SearchAction\",\"target\":{\"@type\":\"EntryPoint\",\"urlTemplate\":\"https:\\\/\\\/inclusivenews.com.br\\\/?s={search_term_string}\"},\"query-input\":{\"@type\":\"PropertyValueSpecification\",\"valueRequired\":true,\"valueName\":\"search_term_string\"}}],\"inLanguage\":\"pt-PT\"},{\"@type\":\"Organization\",\"@id\":\"https:\\\/\\\/inclusivenews.com.br\\\/#organization\",\"name\":\"Inclusive - inclus\u00e3o e cidadania\",\"url\":\"https:\\\/\\\/inclusivenews.com.br\\\/\",\"logo\":{\"@type\":\"ImageObject\",\"inLanguage\":\"pt-PT\",\"@id\":\"https:\\\/\\\/inclusivenews.com.br\\\/#\\\/schema\\\/logo\\\/image\\\/\",\"url\":\"https:\\\/\\\/inclusivenews.com.br\\\/wp-content\\\/uploads\\\/2024\\\/03\\\/@grandesite.png\",\"contentUrl\":\"https:\\\/\\\/inclusivenews.com.br\\\/wp-content\\\/uploads\\\/2024\\\/03\\\/@grandesite.png\",\"width\":1080,\"height\":1080,\"caption\":\"Inclusive - inclus\u00e3o e cidadania\"},\"image\":{\"@id\":\"https:\\\/\\\/inclusivenews.com.br\\\/#\\\/schema\\\/logo\\\/image\\\/\"},\"sameAs\":[\"https:\\\/\\\/www.facebook.com\\\/agenciainclusive\\\/\",\"https:\\\/\\\/www.instagram.com\\\/newsinclusive\\\/\"]},{\"@type\":\"Person\",\"@id\":\"https:\\\/\\\/inclusivenews.com.br\\\/#\\\/schema\\\/person\\\/ae4ec7087559b8692fb33b6fffd2273b\",\"name\":\"inclusivenews2024\",\"image\":{\"@type\":\"ImageObject\",\"inLanguage\":\"pt-PT\",\"@id\":\"https:\\\/\\\/secure.gravatar.com\\\/avatar\\\/c5a7ef84c66fa914f55bc4f7ce26cfa275a3b9a1c5568b907bd184fb4dde7b40?s=96&d=mm&r=g\",\"url\":\"https:\\\/\\\/secure.gravatar.com\\\/avatar\\\/c5a7ef84c66fa914f55bc4f7ce26cfa275a3b9a1c5568b907bd184fb4dde7b40?s=96&d=mm&r=g\",\"contentUrl\":\"https:\\\/\\\/secure.gravatar.com\\\/avatar\\\/c5a7ef84c66fa914f55bc4f7ce26cfa275a3b9a1c5568b907bd184fb4dde7b40?s=96&d=mm&r=g\",\"caption\":\"inclusivenews2024\"},\"sameAs\":[\"https:\\\/\\\/inclusivenews.com.br\"],\"url\":\"https:\\\/\\\/inclusivenews.com.br\\\/?author=1\"}]}<\/script>\n<!-- \/ Yoast SEO plugin. -->","yoast_head_json":{"title":"Autismo e pol\u00edticas p\u00fablicas - Rio, 23\/9 -","robots":{"index":"index","follow":"follow","max-snippet":"max-snippet:-1","max-image-preview":"max-image-preview:large","max-video-preview":"max-video-preview:-1"},"canonical":"https:\/\/inclusivenews.com.br\/?p=25310","og_locale":"pt_PT","og_type":"article","og_title":"Autismo e pol\u00edticas p\u00fablicas - Rio, 23\/9 -","og_description":"\u00c9 o momento de cobrar a implementa\u00e7\u00e3o da Lei Federal 12.764, Lei Berenice Piana.","og_url":"https:\/\/inclusivenews.com.br\/?p=25310","article_publisher":"https:\/\/www.facebook.com\/agenciainclusive\/","article_published_time":"2013-09-22T18:58:19+00:00","og_image":[{"url":"http:\/\/inclusivenews.com.br\/wp-content\/uploads\/2010\/06\/autismo-fita-171x300.jpg","type":"","width":"","height":""}],"author":"inclusivenews2024","twitter_card":"summary_large_image","twitter_misc":{"Escrito por":"inclusivenews2024","Tempo estimado de leitura":"1 minuto"},"schema":{"@context":"https:\/\/schema.org","@graph":[{"@type":"Article","@id":"https:\/\/inclusivenews.com.br\/?p=25310#article","isPartOf":{"@id":"https:\/\/inclusivenews.com.br\/?p=25310"},"author":{"name":"inclusivenews2024","@id":"https:\/\/inclusivenews.com.br\/#\/schema\/person\/ae4ec7087559b8692fb33b6fffd2273b"},"headline":"Autismo e pol\u00edticas p\u00fablicas &#8211; Rio, 23\/9","datePublished":"2013-09-22T18:58:19+00:00","mainEntityOfPage":{"@id":"https:\/\/inclusivenews.com.br\/?p=25310"},"wordCount":156,"commentCount":1,"publisher":{"@id":"https:\/\/inclusivenews.com.br\/#organization"},"image":{"@id":"https:\/\/inclusivenews.com.br\/?p=25310#primaryimage"},"thumbnailUrl":"http:\/\/inclusivenews.com.br\/wp-content\/uploads\/2010\/06\/autismo-fita-171x300.jpg","keywords":["Autismo"],"articleSection":["Defici\u00eancia","INCLUS\u00c3O SOCIAL","NOT\u00cdCIAS","Pol\u00edticas p\u00fablicas"],"inLanguage":"pt-PT","potentialAction":[{"@type":"CommentAction","name":"Comment","target":["https:\/\/inclusivenews.com.br\/?p=25310#respond"]}]},{"@type":"WebPage","@id":"https:\/\/inclusivenews.com.br\/?p=25310","url":"https:\/\/inclusivenews.com.br\/?p=25310","name":"Autismo e pol\u00edticas p\u00fablicas - Rio, 23\/9 -","isPartOf":{"@id":"https:\/\/inclusivenews.com.br\/#website"},"primaryImageOfPage":{"@id":"https:\/\/inclusivenews.com.br\/?p=25310#primaryimage"},"image":{"@id":"https:\/\/inclusivenews.com.br\/?p=25310#primaryimage"},"thumbnailUrl":"http:\/\/inclusivenews.com.br\/wp-content\/uploads\/2010\/06\/autismo-fita-171x300.jpg","datePublished":"2013-09-22T18:58:19+00:00","breadcrumb":{"@id":"https:\/\/inclusivenews.com.br\/?p=25310#breadcrumb"},"inLanguage":"pt-PT","potentialAction":[{"@type":"ReadAction","target":["https:\/\/inclusivenews.com.br\/?p=25310"]}]},{"@type":"ImageObject","inLanguage":"pt-PT","@id":"https:\/\/inclusivenews.com.br\/?p=25310#primaryimage","url":"","contentUrl":""},{"@type":"BreadcrumbList","@id":"https:\/\/inclusivenews.com.br\/?p=25310#breadcrumb","itemListElement":[{"@type":"ListItem","position":1,"name":"In\u00edcio","item":"https:\/\/inclusivenews.com.br\/"},{"@type":"ListItem","position":2,"name":"Autismo e pol\u00edticas p\u00fablicas &#8211; Rio, 23\/9"}]},{"@type":"WebSite","@id":"https:\/\/inclusivenews.com.br\/#website","url":"https:\/\/inclusivenews.com.br\/","name":"Inclusive News","description":"Inclusive News","publisher":{"@id":"https:\/\/inclusivenews.com.br\/#organization"},"potentialAction":[{"@type":"SearchAction","target":{"@type":"EntryPoint","urlTemplate":"https:\/\/inclusivenews.com.br\/?s={search_term_string}"},"query-input":{"@type":"PropertyValueSpecification","valueRequired":true,"valueName":"search_term_string"}}],"inLanguage":"pt-PT"},{"@type":"Organization","@id":"https:\/\/inclusivenews.com.br\/#organization","name":"Inclusive - inclus\u00e3o e cidadania","url":"https:\/\/inclusivenews.com.br\/","logo":{"@type":"ImageObject","inLanguage":"pt-PT","@id":"https:\/\/inclusivenews.com.br\/#\/schema\/logo\/image\/","url":"https:\/\/inclusivenews.com.br\/wp-content\/uploads\/2024\/03\/@grandesite.png","contentUrl":"https:\/\/inclusivenews.com.br\/wp-content\/uploads\/2024\/03\/@grandesite.png","width":1080,"height":1080,"caption":"Inclusive - inclus\u00e3o e cidadania"},"image":{"@id":"https:\/\/inclusivenews.com.br\/#\/schema\/logo\/image\/"},"sameAs":["https:\/\/www.facebook.com\/agenciainclusive\/","https:\/\/www.instagram.com\/newsinclusive\/"]},{"@type":"Person","@id":"https:\/\/inclusivenews.com.br\/#\/schema\/person\/ae4ec7087559b8692fb33b6fffd2273b","name":"inclusivenews2024","image":{"@type":"ImageObject","inLanguage":"pt-PT","@id":"https:\/\/secure.gravatar.com\/avatar\/c5a7ef84c66fa914f55bc4f7ce26cfa275a3b9a1c5568b907bd184fb4dde7b40?s=96&d=mm&r=g","url":"https:\/\/secure.gravatar.com\/avatar\/c5a7ef84c66fa914f55bc4f7ce26cfa275a3b9a1c5568b907bd184fb4dde7b40?s=96&d=mm&r=g","contentUrl":"https:\/\/secure.gravatar.com\/avatar\/c5a7ef84c66fa914f55bc4f7ce26cfa275a3b9a1c5568b907bd184fb4dde7b40?s=96&d=mm&r=g","caption":"inclusivenews2024"},"sameAs":["https:\/\/inclusivenews.com.br"],"url":"https:\/\/inclusivenews.com.br\/?author=1"}]}},"_links":{"self":[{"href":"https:\/\/inclusivenews.com.br\/index.php?rest_route=\/wp\/v2\/posts\/25310","targetHints":{"allow":["GET"]}}],"collection":[{"href":"https:\/\/inclusivenews.com.br\/index.php?rest_route=\/wp\/v2\/posts"}],"about":[{"href":"https:\/\/inclusivenews.com.br\/index.php?rest_route=\/wp\/v2\/types\/post"}],"author":[{"embeddable":true,"href":"https:\/\/inclusivenews.com.br\/index.php?rest_route=\/wp\/v2\/users\/1"}],"replies":[{"embeddable":true,"href":"https:\/\/inclusivenews.com.br\/index.php?rest_route=%2Fwp%2Fv2%2Fcomments&post=25310"}],"version-history":[{"count":0,"href":"https:\/\/inclusivenews.com.br\/index.php?rest_route=\/wp\/v2\/posts\/25310\/revisions"}],"wp:attachment":[{"href":"https:\/\/inclusivenews.com.br\/index.php?rest_route=%2Fwp%2Fv2%2Fmedia&parent=25310"}],"wp:term":[{"taxonomy":"category","embeddable":true,"href":"https:\/\/inclusivenews.com.br\/index.php?rest_route=%2Fwp%2Fv2%2Fcategories&post=25310"},{"taxonomy":"post_tag","embeddable":true,"href":"https:\/\/inclusivenews.com.br\/index.php?rest_route=%2Fwp%2Fv2%2Ftags&post=25310"}],"curies":[{"name":"wp","href":"https:\/\/api.w.org\/{rel}","templated":true}]}}