{"id":25328,"date":"2013-09-24T01:10:16","date_gmt":"2013-09-24T04:10:16","guid":{"rendered":"http:\/\/www.inclusive.org.br\/?p=25328"},"modified":"2013-09-24T01:10:16","modified_gmt":"2013-09-24T04:10:16","slug":"cidadaos-com-deficiencia-finalmente-sao-incluidos-na-agenda-global","status":"publish","type":"post","link":"https:\/\/inclusivenews.com.br\/?p=25328","title":{"rendered":"Cidad\u00e3os com defici\u00eancia finalmente s\u00e3o inclu\u00eddos na agenda global"},"content":{"rendered":"<figure id=\"attachment_25337\" aria-describedby=\"caption-attachment-25337\" style=\"width: 300px\" class=\"wp-caption alignleft\"><img loading=\"lazy\" decoding=\"async\" class=\"size-medium wp-image-25337 \" src=\"http:\/\/inclusivenews.com.br\/wp-content\/uploads\/cred-300x225.jpg\" alt=\"Em frente ao pr\u00e9dio da ONU, os brasileiros Marco Antonio Pellegrino, Secret\u00e1rio Adjunto da Pessoa com Defici\u00eancia de S\u00e3o Paulo, o Desembargador Ricardo Thadeu e Regina Atalla, presidente da Riadis, esperam o credenciamento ao lado de duas irm\u00e3s Telma e Ana, companheiras de luta do Panam\u00e1. Ao fundo a faixa laranja e amarela diz, em ingl\u00eas Um bilh\u00e3o de pessoas com defici\u00eancia no Mundo. Inclua todas nas metas do desenvolvimento.\" width=\"300\" height=\"225\" \/><figcaption id=\"caption-attachment-25337\" class=\"wp-caption-text\">Em frente ao pr\u00e9dio da ONU, os brasileiros Marco Antonio Pellegrino, Secret\u00e1rio Adjunto da Pessoa com Defici\u00eancia de S\u00e3o Paulo, o Desembargador Ricardo Thadeu e Regina Atalla, presidente da Riadis, esperam o credenciamento ao lado de duas irm\u00e3s Telma e Ana, companheiras de luta do Panam\u00e1. Ao fundo a faixa laranja e amarela diz, em ingl\u00eas Um bilh\u00e3o de pessoas com defici\u00eancia no Mundo. Inclua todas nas metas do desenvolvimento.<\/figcaption><\/figure>\n<p><em>Por Patricia Almeida<\/em><\/p>\n<p>Na v\u00e9spera da abertura da 68\u00aa Assembleia Geral da ONU, Nova York \u00e9 tomada por militantes que lutam h\u00e1 s\u00e9culos para sair da invisibilidade. S\u00e3o 1 bilh\u00e3o de pessoas com defici\u00eancia no mundo, pelas contas da Organiza\u00e7\u00e3o Mundial de Sa\u00fade. E pela<span style=\"font-size: 13px;\"> primeira vez elas chegam ao centro das discuss\u00f5es de pol\u00edticas globais. N\u00e3o mais como coitadinhos, esmolando migalhas, mas pela porta da frente, como cidad\u00e3os dignos de direitos e protagonistas de suas hist\u00f3rias. <\/span> <span style=\"font-size: 13px;\">Cerca de 800 delegados entre miss\u00f5es oficiais dos 193 pa\u00edses das Na\u00e7\u00f5es Unidas e ONGs ocuparam o novo pr\u00e9dio da organiza\u00e7\u00e3o, que vem sendo reformado de acordo com as regras de acessibilidade e desenho universal. <\/span> <span style=\"font-size: 13px;\">Em 2000 os Objetivos do Mil\u00eanio foram tra\u00e7ados pela ONU, mas&#8230;. surpresa! Esqueceram de incluir as pessoas com defici\u00eancia nos planos&#8230; S\u00f3 13 anos mais tarde esse &#8220;pequeno detalhe&#8221; que n\u00e3o deixava os \u00edndices almejados serem alcan\u00e7ados, come\u00e7a a ser levado em conta.<\/span> <span style=\"font-size: 13px;\">Foi necess\u00e1rio um tratado internacional que ressaltasse o que a Declara\u00e7\u00e3o dos Direitos Humanos j\u00e1 dizia, mas parecia que ningu\u00e9m queria entender. &#8220;Todas as pessoas nascem livres e iguais em dignidade e direitos.&#8221; Em 2006 veio a Conven\u00e7\u00e3o sobre os Direitos das Pessoas com Defici\u00eancia, que no Brasil foi aprovada como emenda constitucional.<\/span> <span style=\"font-size: 13px;\">Hoje, ativistas de todo mundo participaram da primeira reuni\u00e3o de gente grande que discutiu as quest\u00f5es ligadas \u00e0 defici\u00eancia, e a Assembleia Geral aprovou uma resolu\u00e7\u00e3o recomendando que todas as pol\u00edticas p\u00fablicas daqui para diante incluam as pessoas com defici\u00eancia. Nada de programas especiais. <\/span><\/p>\n<figure id=\"attachment_25340\" aria-describedby=\"caption-attachment-25340\" style=\"width: 300px\" class=\"wp-caption alignright\"><img loading=\"lazy\" decoding=\"async\" class=\"size-medium wp-image-25340 \" src=\"http:\/\/inclusivenews.com.br\/wp-content\/uploads\/regina-300x225.jpg\" alt=\"Marco Antonio Pellegrino, Regina Atalla, Ricardo Tadeu, Moises Bauer e Marcia Pellegrino.\" width=\"300\" height=\"225\" \/><figcaption id=\"caption-attachment-25340\" class=\"wp-caption-text\">Marco Antonio Pellegrino, Regina Atalla, Ricardo Tadeu, Moises Bauer e Marcia Pellegrino.<\/figcaption><\/figure>\n<p>Pelo Brasil, compareceram Regina Atalla, Vice-Presidente da Riadis, Rede Latino-Americana de Organiza\u00e7\u00f5es N\u00e3o Governamentais das Pessoas com Defici\u00eancia e suas Fam\u00edlias, que re\u00fane 46 organiza\u00e7\u00f5es de pessoas com defici\u00eancia na Am\u00e9rica Latina e no Caribe, Marco Antonio Pellegrino, Secret\u00e1rio de Estado Adjunto dos Direitos da Pessoa com Defici\u00eancia do Estado de S\u00e3o Paulo, o desembargador Ricardo Tadeu Marques Fonseca, Moises Bauer, da ONCB, Joelson Dias, da OAB e o Secret\u00e1rio Nacional de Promo\u00e7\u00e3o dos Direitos das Pessoas com Defici\u00eancia, Antonio Jos\u00e9 Ferreira, entre outros.  <span style=\"font-size: 13px;\">O Instituto MetaSocial foi representado por Patricia Heiderich, Barbara Kirchner e as jovens Tathiana Piancastelli e Paula Werneck. Compenetradas, as duas fazem parte de uma gera\u00e7\u00e3o que j\u00e1 est\u00e1 colhendo os frutos dos pioneiros que lutaram para que tivessem uma voz e encontrassem as portas j\u00e1 meio abertas. Um bilh\u00e3o de pessoas come\u00e7am a passar por essas portas. Tathiana resumiu em uma frase o significado de sua presen\u00e7a nesse momento hist\u00f3rico: &#8220;Foi importante. &#8221; <\/span><\/p>\n<p><span style=\"font-size: 13px;\"><em>Fotos de Marco Antonio Pellegrino e Tathiana Piancastelli<\/em><\/span><\/p>\n<figure id=\"attachment_25341\" aria-describedby=\"caption-attachment-25341\" style=\"width: 300px\" class=\"wp-caption alignnone\"><img loading=\"lazy\" decoding=\"async\" class=\"size-medium wp-image-25341 \" src=\"http:\/\/inclusivenews.com.br\/wp-content\/uploads\/tat1-300x225.jpg\" alt=\"Paula Werneck e Tathiana Heiderich participam de reuniao na ONU.\" width=\"300\" height=\"225\" \/><figcaption id=\"caption-attachment-25341\" class=\"wp-caption-text\">Paula Werneck e Tathiana Heiderich participam de reuniao na ONU.<\/figcaption><\/figure>\n","protected":false},"excerpt":{"rendered":"<p>N\u00e3o mais como coitadinhos, esmolando migalhas, mas pela porta da frente, como cidad\u00e3os dignos de direitos e protagonistas de suas hist\u00f3rias. E o Brasil esteve fortemente representado no evento.<\/p>\n","protected":false},"author":1,"featured_media":0,"comment_status":"open","ping_status":"open","sticky":false,"template":"","format":"standard","meta":{"site-container-style":"default","site-container-layout":"default","site-sidebar-layout":"default","disable-article-header":"default","disable-site-header":"default","disable-site-footer":"default","disable-content-area-spacing":"default","footnotes":""},"categories":[5,38,48,4],"tags":[],"class_list":["post-25328","post","type-post","status-publish","format-standard","hentry","category-convencao","category-deficiencia","category-inclusao","category-noticias"],"yoast_head":"<!-- This site is optimized with the Yoast SEO plugin v27.4 - https:\/\/yoast.com\/product\/yoast-seo-wordpress\/ -->\n<title>Cidad\u00e3os com defici\u00eancia finalmente s\u00e3o inclu\u00eddos na agenda global -<\/title>\n<meta name=\"robots\" content=\"index, follow, max-snippet:-1, max-image-preview:large, max-video-preview:-1\" \/>\n<link rel=\"canonical\" href=\"https:\/\/inclusivenews.com.br\/?p=25328\" \/>\n<meta property=\"og:locale\" content=\"pt_PT\" \/>\n<meta property=\"og:type\" content=\"article\" \/>\n<meta property=\"og:title\" content=\"Cidad\u00e3os com defici\u00eancia finalmente s\u00e3o inclu\u00eddos na agenda global -\" \/>\n<meta property=\"og:description\" content=\"N\u00e3o mais como coitadinhos, esmolando migalhas, mas pela porta da frente, como cidad\u00e3os dignos de direitos e protagonistas de suas hist\u00f3rias. E o Brasil esteve fortemente representado no evento.\" \/>\n<meta property=\"og:url\" content=\"https:\/\/inclusivenews.com.br\/?p=25328\" \/>\n<meta property=\"article:publisher\" content=\"https:\/\/www.facebook.com\/agenciainclusive\/\" \/>\n<meta property=\"article:published_time\" content=\"2013-09-24T04:10:16+00:00\" \/>\n<meta property=\"og:image\" content=\"http:\/\/inclusivenews.com.br\/wp-content\/uploads\/cred-300x225.jpg\" \/>\n<meta name=\"author\" content=\"inclusivenews2024\" \/>\n<meta name=\"twitter:card\" content=\"summary_large_image\" \/>\n<meta name=\"twitter:label1\" content=\"Escrito por\" \/>\n\t<meta name=\"twitter:data1\" content=\"inclusivenews2024\" \/>\n\t<meta name=\"twitter:label2\" content=\"Tempo estimado de leitura\" \/>\n\t<meta name=\"twitter:data2\" content=\"3 minutos\" \/>\n<script type=\"application\/ld+json\" class=\"yoast-schema-graph\">{\"@context\":\"https:\\\/\\\/schema.org\",\"@graph\":[{\"@type\":\"Article\",\"@id\":\"https:\\\/\\\/inclusivenews.com.br\\\/?p=25328#article\",\"isPartOf\":{\"@id\":\"https:\\\/\\\/inclusivenews.com.br\\\/?p=25328\"},\"author\":{\"name\":\"inclusivenews2024\",\"@id\":\"https:\\\/\\\/inclusivenews.com.br\\\/#\\\/schema\\\/person\\\/ae4ec7087559b8692fb33b6fffd2273b\"},\"headline\":\"Cidad\u00e3os com defici\u00eancia finalmente s\u00e3o inclu\u00eddos na agenda global\",\"datePublished\":\"2013-09-24T04:10:16+00:00\",\"mainEntityOfPage\":{\"@id\":\"https:\\\/\\\/inclusivenews.com.br\\\/?p=25328\"},\"wordCount\":598,\"commentCount\":1,\"publisher\":{\"@id\":\"https:\\\/\\\/inclusivenews.com.br\\\/#organization\"},\"image\":{\"@id\":\"https:\\\/\\\/inclusivenews.com.br\\\/?p=25328#primaryimage\"},\"thumbnailUrl\":\"http:\\\/\\\/inclusivenews.com.br\\\/wp-content\\\/uploads\\\/cred-300x225.jpg\",\"articleSection\":[\"Conven\u00e7\u00e3o\",\"Defici\u00eancia\",\"INCLUS\u00c3O SOCIAL\",\"NOT\u00cdCIAS\"],\"inLanguage\":\"pt-PT\",\"potentialAction\":[{\"@type\":\"CommentAction\",\"name\":\"Comment\",\"target\":[\"https:\\\/\\\/inclusivenews.com.br\\\/?p=25328#respond\"]}]},{\"@type\":\"WebPage\",\"@id\":\"https:\\\/\\\/inclusivenews.com.br\\\/?p=25328\",\"url\":\"https:\\\/\\\/inclusivenews.com.br\\\/?p=25328\",\"name\":\"Cidad\u00e3os com defici\u00eancia finalmente s\u00e3o inclu\u00eddos na agenda global -\",\"isPartOf\":{\"@id\":\"https:\\\/\\\/inclusivenews.com.br\\\/#website\"},\"primaryImageOfPage\":{\"@id\":\"https:\\\/\\\/inclusivenews.com.br\\\/?p=25328#primaryimage\"},\"image\":{\"@id\":\"https:\\\/\\\/inclusivenews.com.br\\\/?p=25328#primaryimage\"},\"thumbnailUrl\":\"http:\\\/\\\/inclusivenews.com.br\\\/wp-content\\\/uploads\\\/cred-300x225.jpg\",\"datePublished\":\"2013-09-24T04:10:16+00:00\",\"breadcrumb\":{\"@id\":\"https:\\\/\\\/inclusivenews.com.br\\\/?p=25328#breadcrumb\"},\"inLanguage\":\"pt-PT\",\"potentialAction\":[{\"@type\":\"ReadAction\",\"target\":[\"https:\\\/\\\/inclusivenews.com.br\\\/?p=25328\"]}]},{\"@type\":\"ImageObject\",\"inLanguage\":\"pt-PT\",\"@id\":\"https:\\\/\\\/inclusivenews.com.br\\\/?p=25328#primaryimage\",\"url\":\"\",\"contentUrl\":\"\"},{\"@type\":\"BreadcrumbList\",\"@id\":\"https:\\\/\\\/inclusivenews.com.br\\\/?p=25328#breadcrumb\",\"itemListElement\":[{\"@type\":\"ListItem\",\"position\":1,\"name\":\"In\u00edcio\",\"item\":\"https:\\\/\\\/inclusivenews.com.br\\\/\"},{\"@type\":\"ListItem\",\"position\":2,\"name\":\"Cidad\u00e3os com defici\u00eancia finalmente s\u00e3o inclu\u00eddos na agenda global\"}]},{\"@type\":\"WebSite\",\"@id\":\"https:\\\/\\\/inclusivenews.com.br\\\/#website\",\"url\":\"https:\\\/\\\/inclusivenews.com.br\\\/\",\"name\":\"Inclusive News\",\"description\":\"Inclusive News\",\"publisher\":{\"@id\":\"https:\\\/\\\/inclusivenews.com.br\\\/#organization\"},\"potentialAction\":[{\"@type\":\"SearchAction\",\"target\":{\"@type\":\"EntryPoint\",\"urlTemplate\":\"https:\\\/\\\/inclusivenews.com.br\\\/?s={search_term_string}\"},\"query-input\":{\"@type\":\"PropertyValueSpecification\",\"valueRequired\":true,\"valueName\":\"search_term_string\"}}],\"inLanguage\":\"pt-PT\"},{\"@type\":\"Organization\",\"@id\":\"https:\\\/\\\/inclusivenews.com.br\\\/#organization\",\"name\":\"Inclusive - inclus\u00e3o e cidadania\",\"url\":\"https:\\\/\\\/inclusivenews.com.br\\\/\",\"logo\":{\"@type\":\"ImageObject\",\"inLanguage\":\"pt-PT\",\"@id\":\"https:\\\/\\\/inclusivenews.com.br\\\/#\\\/schema\\\/logo\\\/image\\\/\",\"url\":\"https:\\\/\\\/inclusivenews.com.br\\\/wp-content\\\/uploads\\\/2024\\\/03\\\/@grandesite.png\",\"contentUrl\":\"https:\\\/\\\/inclusivenews.com.br\\\/wp-content\\\/uploads\\\/2024\\\/03\\\/@grandesite.png\",\"width\":1080,\"height\":1080,\"caption\":\"Inclusive - inclus\u00e3o e cidadania\"},\"image\":{\"@id\":\"https:\\\/\\\/inclusivenews.com.br\\\/#\\\/schema\\\/logo\\\/image\\\/\"},\"sameAs\":[\"https:\\\/\\\/www.facebook.com\\\/agenciainclusive\\\/\",\"https:\\\/\\\/www.instagram.com\\\/newsinclusive\\\/\"]},{\"@type\":\"Person\",\"@id\":\"https:\\\/\\\/inclusivenews.com.br\\\/#\\\/schema\\\/person\\\/ae4ec7087559b8692fb33b6fffd2273b\",\"name\":\"inclusivenews2024\",\"image\":{\"@type\":\"ImageObject\",\"inLanguage\":\"pt-PT\",\"@id\":\"https:\\\/\\\/secure.gravatar.com\\\/avatar\\\/c5a7ef84c66fa914f55bc4f7ce26cfa275a3b9a1c5568b907bd184fb4dde7b40?s=96&d=mm&r=g\",\"url\":\"https:\\\/\\\/secure.gravatar.com\\\/avatar\\\/c5a7ef84c66fa914f55bc4f7ce26cfa275a3b9a1c5568b907bd184fb4dde7b40?s=96&d=mm&r=g\",\"contentUrl\":\"https:\\\/\\\/secure.gravatar.com\\\/avatar\\\/c5a7ef84c66fa914f55bc4f7ce26cfa275a3b9a1c5568b907bd184fb4dde7b40?s=96&d=mm&r=g\",\"caption\":\"inclusivenews2024\"},\"sameAs\":[\"https:\\\/\\\/inclusivenews.com.br\"],\"url\":\"https:\\\/\\\/inclusivenews.com.br\\\/?author=1\"}]}<\/script>\n<!-- \/ Yoast SEO plugin. -->","yoast_head_json":{"title":"Cidad\u00e3os com defici\u00eancia finalmente s\u00e3o inclu\u00eddos na agenda global -","robots":{"index":"index","follow":"follow","max-snippet":"max-snippet:-1","max-image-preview":"max-image-preview:large","max-video-preview":"max-video-preview:-1"},"canonical":"https:\/\/inclusivenews.com.br\/?p=25328","og_locale":"pt_PT","og_type":"article","og_title":"Cidad\u00e3os com defici\u00eancia finalmente s\u00e3o inclu\u00eddos na agenda global -","og_description":"N\u00e3o mais como coitadinhos, esmolando migalhas, mas pela porta da frente, como cidad\u00e3os dignos de direitos e protagonistas de suas hist\u00f3rias. E o Brasil esteve fortemente representado no evento.","og_url":"https:\/\/inclusivenews.com.br\/?p=25328","article_publisher":"https:\/\/www.facebook.com\/agenciainclusive\/","article_published_time":"2013-09-24T04:10:16+00:00","og_image":[{"url":"http:\/\/inclusivenews.com.br\/wp-content\/uploads\/cred-300x225.jpg","type":"","width":"","height":""}],"author":"inclusivenews2024","twitter_card":"summary_large_image","twitter_misc":{"Escrito por":"inclusivenews2024","Tempo estimado de leitura":"3 minutos"},"schema":{"@context":"https:\/\/schema.org","@graph":[{"@type":"Article","@id":"https:\/\/inclusivenews.com.br\/?p=25328#article","isPartOf":{"@id":"https:\/\/inclusivenews.com.br\/?p=25328"},"author":{"name":"inclusivenews2024","@id":"https:\/\/inclusivenews.com.br\/#\/schema\/person\/ae4ec7087559b8692fb33b6fffd2273b"},"headline":"Cidad\u00e3os com defici\u00eancia finalmente s\u00e3o inclu\u00eddos na agenda global","datePublished":"2013-09-24T04:10:16+00:00","mainEntityOfPage":{"@id":"https:\/\/inclusivenews.com.br\/?p=25328"},"wordCount":598,"commentCount":1,"publisher":{"@id":"https:\/\/inclusivenews.com.br\/#organization"},"image":{"@id":"https:\/\/inclusivenews.com.br\/?p=25328#primaryimage"},"thumbnailUrl":"http:\/\/inclusivenews.com.br\/wp-content\/uploads\/cred-300x225.jpg","articleSection":["Conven\u00e7\u00e3o","Defici\u00eancia","INCLUS\u00c3O SOCIAL","NOT\u00cdCIAS"],"inLanguage":"pt-PT","potentialAction":[{"@type":"CommentAction","name":"Comment","target":["https:\/\/inclusivenews.com.br\/?p=25328#respond"]}]},{"@type":"WebPage","@id":"https:\/\/inclusivenews.com.br\/?p=25328","url":"https:\/\/inclusivenews.com.br\/?p=25328","name":"Cidad\u00e3os com defici\u00eancia finalmente s\u00e3o inclu\u00eddos na agenda global -","isPartOf":{"@id":"https:\/\/inclusivenews.com.br\/#website"},"primaryImageOfPage":{"@id":"https:\/\/inclusivenews.com.br\/?p=25328#primaryimage"},"image":{"@id":"https:\/\/inclusivenews.com.br\/?p=25328#primaryimage"},"thumbnailUrl":"http:\/\/inclusivenews.com.br\/wp-content\/uploads\/cred-300x225.jpg","datePublished":"2013-09-24T04:10:16+00:00","breadcrumb":{"@id":"https:\/\/inclusivenews.com.br\/?p=25328#breadcrumb"},"inLanguage":"pt-PT","potentialAction":[{"@type":"ReadAction","target":["https:\/\/inclusivenews.com.br\/?p=25328"]}]},{"@type":"ImageObject","inLanguage":"pt-PT","@id":"https:\/\/inclusivenews.com.br\/?p=25328#primaryimage","url":"","contentUrl":""},{"@type":"BreadcrumbList","@id":"https:\/\/inclusivenews.com.br\/?p=25328#breadcrumb","itemListElement":[{"@type":"ListItem","position":1,"name":"In\u00edcio","item":"https:\/\/inclusivenews.com.br\/"},{"@type":"ListItem","position":2,"name":"Cidad\u00e3os com defici\u00eancia finalmente s\u00e3o inclu\u00eddos na agenda global"}]},{"@type":"WebSite","@id":"https:\/\/inclusivenews.com.br\/#website","url":"https:\/\/inclusivenews.com.br\/","name":"Inclusive News","description":"Inclusive News","publisher":{"@id":"https:\/\/inclusivenews.com.br\/#organization"},"potentialAction":[{"@type":"SearchAction","target":{"@type":"EntryPoint","urlTemplate":"https:\/\/inclusivenews.com.br\/?s={search_term_string}"},"query-input":{"@type":"PropertyValueSpecification","valueRequired":true,"valueName":"search_term_string"}}],"inLanguage":"pt-PT"},{"@type":"Organization","@id":"https:\/\/inclusivenews.com.br\/#organization","name":"Inclusive - inclus\u00e3o e cidadania","url":"https:\/\/inclusivenews.com.br\/","logo":{"@type":"ImageObject","inLanguage":"pt-PT","@id":"https:\/\/inclusivenews.com.br\/#\/schema\/logo\/image\/","url":"https:\/\/inclusivenews.com.br\/wp-content\/uploads\/2024\/03\/@grandesite.png","contentUrl":"https:\/\/inclusivenews.com.br\/wp-content\/uploads\/2024\/03\/@grandesite.png","width":1080,"height":1080,"caption":"Inclusive - inclus\u00e3o e cidadania"},"image":{"@id":"https:\/\/inclusivenews.com.br\/#\/schema\/logo\/image\/"},"sameAs":["https:\/\/www.facebook.com\/agenciainclusive\/","https:\/\/www.instagram.com\/newsinclusive\/"]},{"@type":"Person","@id":"https:\/\/inclusivenews.com.br\/#\/schema\/person\/ae4ec7087559b8692fb33b6fffd2273b","name":"inclusivenews2024","image":{"@type":"ImageObject","inLanguage":"pt-PT","@id":"https:\/\/secure.gravatar.com\/avatar\/c5a7ef84c66fa914f55bc4f7ce26cfa275a3b9a1c5568b907bd184fb4dde7b40?s=96&d=mm&r=g","url":"https:\/\/secure.gravatar.com\/avatar\/c5a7ef84c66fa914f55bc4f7ce26cfa275a3b9a1c5568b907bd184fb4dde7b40?s=96&d=mm&r=g","contentUrl":"https:\/\/secure.gravatar.com\/avatar\/c5a7ef84c66fa914f55bc4f7ce26cfa275a3b9a1c5568b907bd184fb4dde7b40?s=96&d=mm&r=g","caption":"inclusivenews2024"},"sameAs":["https:\/\/inclusivenews.com.br"],"url":"https:\/\/inclusivenews.com.br\/?author=1"}]}},"_links":{"self":[{"href":"https:\/\/inclusivenews.com.br\/index.php?rest_route=\/wp\/v2\/posts\/25328","targetHints":{"allow":["GET"]}}],"collection":[{"href":"https:\/\/inclusivenews.com.br\/index.php?rest_route=\/wp\/v2\/posts"}],"about":[{"href":"https:\/\/inclusivenews.com.br\/index.php?rest_route=\/wp\/v2\/types\/post"}],"author":[{"embeddable":true,"href":"https:\/\/inclusivenews.com.br\/index.php?rest_route=\/wp\/v2\/users\/1"}],"replies":[{"embeddable":true,"href":"https:\/\/inclusivenews.com.br\/index.php?rest_route=%2Fwp%2Fv2%2Fcomments&post=25328"}],"version-history":[{"count":0,"href":"https:\/\/inclusivenews.com.br\/index.php?rest_route=\/wp\/v2\/posts\/25328\/revisions"}],"wp:attachment":[{"href":"https:\/\/inclusivenews.com.br\/index.php?rest_route=%2Fwp%2Fv2%2Fmedia&parent=25328"}],"wp:term":[{"taxonomy":"category","embeddable":true,"href":"https:\/\/inclusivenews.com.br\/index.php?rest_route=%2Fwp%2Fv2%2Fcategories&post=25328"},{"taxonomy":"post_tag","embeddable":true,"href":"https:\/\/inclusivenews.com.br\/index.php?rest_route=%2Fwp%2Fv2%2Ftags&post=25328"}],"curies":[{"name":"wp","href":"https:\/\/api.w.org\/{rel}","templated":true}]}}