{"id":25332,"date":"2013-09-23T22:59:58","date_gmt":"2013-09-24T01:59:58","guid":{"rendered":"http:\/\/www.inclusive.org.br\/?p=25332"},"modified":"2013-09-23T22:59:58","modified_gmt":"2013-09-24T01:59:58","slug":"por-que-incluir-as-pessoas-com-deficiencia-na-agenda-do-desenvolvimento","status":"publish","type":"post","link":"https:\/\/inclusivenews.com.br\/?p=25332","title":{"rendered":"Por qu\u00ea incluir as pessoas com defici\u00eancia na agenda do desenvolvimento"},"content":{"rendered":"<div id=\"_mcePaste\"><span style=\"font-size: 13px;\"><img loading=\"lazy\" decoding=\"async\" class=\"alignleft size-medium wp-image-25334\" title=\"Rosangela Berman Bieler, Daniela Bas e Jacob Kumaresan sentados a mesa da coletiva de imprensa.\" src=\"http:\/\/inclusivenews.com.br\/wp-content\/uploads\/ro-300x225.jpg\" alt=\"\" width=\"300\" height=\"225\" \/>Durante muito tempo as pessoas com defici\u00eancia foram exclu\u00eddas dos planejamentos de pol\u00edticas dedesenvolvimento global. Chegou a hora de reconhecer o seu enorme potencial para contribuir para a cria\u00e7\u00e3o de um mundo mais inclusivo e equitativo. Pela primeira vez, altos funcion\u00e1rios dos 193 pa\u00edses das Na\u00e7\u00f5es Unidas se reuniram em um evento sem precedentes, destinado a derrubar as barreiras para sua plena participa\u00e7\u00e3o na sociedade.<\/span><\/div>\n<div><span style=\"font-size: 13px;\"><br \/>\n<\/span><\/div>\n<div id=\"_mcePaste\"><span style=\"font-size: 13px;\">A Assembleia Geral da ONU realizou hoje (23) Reuni\u00e3o de Alto N\u00edvel sobre Defici\u00eancia e Desenvolvimento com o tema &#8220;O caminho a seguir : por uma a<\/span><span style=\"font-size: 13px;\">genda de desenvolvimento<\/span><span style=\"font-size: 13px;\"> que inclua as pessoas com <\/span><span style=\"font-size: 13px;\">defici\u00eancia rumo a 2015 e al\u00e9m&#8221; . Chefes de Estado e de Governo aprovaram um documento hist\u00f3rico, resultado de extensivas negocia\u00e7\u00f5es ao longo do \u00faltimo ano, produzido atrav\u00e9s de consultas informais , on-line e regionais ao redor do mundo. <\/span><\/div>\n<div><span style=\"font-size: 13px;\">Em coletiva de imprensa, Daniela Bas, Diretora da Divis\u00e3o de Pol\u00edtica Social e Desenvolvimento do Departamento de Assuntos Econ\u00f4micos e Sociais ( DESA ) , \u00f3rg\u00e3o da ONU respons\u00e1vel pelo tema, <\/span><span style=\"font-size: 13px;\">disse que as pessoas com defici\u00eancia formam a maior minoria do mundo &#8211; composta por 1 bilh\u00e3o da popula\u00e7\u00e3o mundial de 7 bilh\u00f5es de pessoas, 80 por cento delas vivendo em pa\u00edses em desenvolvimento e 20 por cento nos pa\u00edses desenvolvidos. &#8221; Mas o que importa <\/span><span style=\"font-size: 13px;\">isso<\/span><span style=\"font-size: 13px;\"> <\/span><span style=\"font-size: 13px;\">? &#8220;, perguntou . &#8221; Estamos falando de pessoas. &#8221; Muitas foram exclu\u00eddos do acesso equitativo \u00e0 educa\u00e7\u00e3o , emprego, cuidados de sa\u00fade e apoio social. Como resultado desta exclus\u00e3o, apresentam taxas de pobreza <\/span><span style=\"font-size: 13px;\">altas<\/span><span style=\"font-size: 13px;\"> e <\/span><span style=\"font-size: 13px;\">desproporcionas<\/span><span style=\"font-size: 13px;\">.<\/span><\/div>\n<div>De acordo com Bas, a Reuni\u00e3o de Alto N\u00edvel<span style=\"font-size: 13px;\"> \u00e9 uma oportunidade perfeita para promover uma vis\u00e3o de mundo inclusiva, uma vez que<\/span><span style=\"font-size: 13px;\"> uma agenda de desenvolvimento sustent\u00e1vel j\u00e1 vem sendo formulada<\/span><span style=\"font-size: 13px;\"> para o cumprir os Objetivos de Desenvolvimento do Mil\u00eanio at\u00e9 2015.<\/span><span style=\"font-size: 13px;\"> <\/span><span style=\"font-size: 13px;\"> O evento marcar\u00e1 &#8220;o in\u00edcio de uma maior e mais focada&#8221; coopera\u00e7\u00e3o internacional para promover uma agenda de desenvolvimento que inclua a defici\u00eancia.<\/span><\/div>\n<div><span style=\"font-size: 13px;\"><br \/>\n<\/span><\/div>\n<div id=\"_mcePaste\">Rosangela Berman Bieler , conselheira s\u00eanior em crian\u00e7as com defici\u00eancia, do Fundo das Na\u00e7\u00f5es Unidas para a Inf\u00e2ncia (UNICEF), disse que o foco da ag\u00eancia foi trazer<span style=\"font-size: 13px;\"> as crian\u00e7as com defici\u00eancia para a frente para o topo da fi\u00e7a de prioridades. O UNICEF \u00a0dedicou inclusive o relat\u00f3rio anual sobre O Estado das Crian\u00e7as do Mundo a esse t\u00f3pico. O estudo revelou que as crian\u00e7as com defici\u00eancia t\u00eam menos acesso \u00e0 informa\u00e7\u00e3o e \u00e0 educa\u00e7\u00e3o. A conselheira do UNICEF, que \u00e9 brasileira e cadeirante, contou v\u00e1rias hist\u00f3rias para estressar a import\u00e2ncia de investir no ciclo de vida de uma pessoa desde o in\u00edcio. Rosangela exemplificou como as discrimina\u00e7\u00f5es podem se acumular, como no caso por exemplo, de uma menina, com defici\u00eancia, ind\u00edgena, na Am\u00e9rica Latina, o que afeta as oportunidades da crian\u00e7a em todas as esferas.<\/span><\/div>\n<div><span style=\"font-size: 13px;\"><br \/>\n<\/span><\/div>\n<div id=\"_mcePaste\">&#8220;Nosso papel \u00e9 ver crian\u00e7as com defici\u00eancia a partir da perspectiva de uma abordagem baseada nos direitos humanos para o desenvolvimento&#8221;, disse ela . Lembrando que as crian\u00e7as foram deixadas de fora das Metas de Desenvolvimento do Mil\u00eanio, ela questionou como seria poss\u00edvel alcan\u00e7ar a meta de educa\u00e7\u00e3o universal, por exemplo, se um ter\u00e7o das crian\u00e7as que est\u00e3o fora da escola t\u00eam defici\u00eancia.<\/div>\n<div>Jacob Kumaresan, Diretor Executivo da Organiza\u00e7\u00e3o Mundial da Sa\u00fade (OMS), nas Na\u00e7\u00f5es Unidas explicou<span style=\"font-size: 13px;\"> que as necessidades de cuidados de sa\u00fade<\/span><span style=\"font-size: 13px;\"> entre as pessoas com e sem defici\u00eancia s\u00e3o<\/span><span style=\"font-size: 13px;\"> os mesmos. No entanto, as pessoas com defici\u00eancia enfrentam barreiras no acesso aos servi\u00e7os adequados, seja por estigma, discrimina\u00e7\u00e3o ou incapacidade de pagar pelos servi\u00e7os, entre outras raz\u00f5es. Pessoas com defici\u00eancia t\u00eam <\/span><span style=\"font-size: 13px;\">2 vezes mais <\/span><span style=\"font-size: 13px;\">probabilidade de encontrar servi\u00e7os de sa\u00fade inadequados e tr\u00eas vezes mais chances de ter o tratamento adequado negado. Cinquenta por cento delas contraem despesas de sa\u00fade catastr\u00f3ficas , o que pode lev\u00e1-las \u00e0 pobreza<\/span><\/div>\n<div>&#8220;Essas barreiras s\u00e3o evit\u00e1veis \u200b\u200b&#8221;, frisou. Citando exemplos, ele observou que a Mong\u00f3lia introduziu centros de sa\u00fade para quem tem defici\u00eancia motora. As Ilhas Salom\u00e3o oferecem cadeiras de rodas para quem precisa . Nos Estados Unidos, estudantes de medicina do terceiro ano aprenderam a interagir com pessoas com defici\u00eancia.<\/div>\n<div>De acordo com Kumaresan, h\u00e1 uma urgente necessidade de garantir os direito \u00e0 sa\u00fade das pessoas com defici\u00eancia. Com isso em mente, a OMS est\u00e1 elaborando um plano de a\u00e7\u00e3o global de sete anos, que ficar\u00e1 pronto para ser apresentado aos esados Partes em maio de 2014 . Na agenda p\u00f3s- 2015, &#8220;ningu\u00e9m deve ser deixado para tr\u00e1s.&#8221;<\/div>\n<div id=\"_mcePaste\">Em resposta a uma pergunta sobre como as pessoas com defici\u00eancia podem contribuir para a sociedade, a Sra. Bas descreveu sua experi\u00eancia de tornar-se parapl\u00e9gica aos seis anos de idade. N\u00e3o existiam leis na \u00e9poca que permitissem uma crian\u00e7a com defici\u00eancia a frequentar escolas normais. Foram seus pais que a ajudaram a manter-se saud\u00e1vel e a integrar-se com o meio social.<\/div>\n<div id=\"_mcePaste\">Kumaresan descreveu um trabalhador da constru\u00e7\u00e3o civil de 25 anos nas Filipinas, que, em 1995,\u00a0<span style=\"font-size: 13px;\">perdeu a perna no trabalho e <\/span><span style=\"font-size: 13px;\">n\u00e3o recebeu os servi\u00e7os de reabilita\u00e7\u00e3o. Em 2012, quando o pa\u00eds mudou sua pol\u00edtica de seguro de sa\u00fade, o homem conseguiu uma pr\u00f3tese e voltou a trabalhar . &#8220;Essa \u00e9 a forma como os governos podem ajudar um indiv\u00edduo e a sociedade se tornarem produtivos &#8220;, disse ele .<\/span><\/div>\n<div>Bieler acrescentou que os custos econ\u00f4micos e sociais de exclus\u00e3o s\u00e3o maiores do que investir em um servi\u00e7o para uma pessoa. &#8220;Esta \u00e9 a nossa responsabilidade&#8221;, frisou.<\/div>\n<div>Bieler afirmou que o UNICEF participou em todas as consultas com os Estados-Membros, fornecendo apoio t\u00e9cnico e ajudou os pa\u00edses localmente a desenvolver e implementar as suas posi\u00e7\u00f5es. O Fundo tamb\u00e9m coordenar a intera\u00e7\u00e3o com outras ag\u00eancias da ONU e trabalhou junto com a sociedade civil para garantir que a sua voz fosse ouvida. Com isso, todos os parceiros se reunir\u00e3o em 24 de setembro para pedir a implementa\u00e7\u00e3o do documento final por todos os interessados \u200b\u200b.<\/div>\n<div id=\"_mcePaste\">A uma pergunta final sobre o percentual de pessoas com defici\u00eancia que t\u00eam um emprego, Bas citou o grande problema da &#8220;invisibilidade&#8221;, devido \u00e0 falta de dados. &#8221; N\u00e3o sabemos quantas pessoas com defici\u00eancia trabalham. &#8221; Outro problema \u00e9 que cada pa\u00eds tinha uma defini\u00e7\u00e3o diferente de defici\u00eancia. Ela disse que era urgente que os Estados promovam a coleta de dados e os usem para projetar pol\u00edticas sociais e para implementar essas pol\u00edticas.<\/div>\n<div id=\"_mcePaste\">Bieler observou que muitos n\u00e3o t\u00eam acesso ao emprego porque tudo os impedia de entrar no mercado de trabalho: transporte, uma cadeira de rodas ou acesso \u00e0 educa\u00e7\u00e3o. &#8220;O sistema n\u00e3o \u00e9 para eles &#8220;, concluiu .<\/div>\n<p>Fonte<span style=\"font-size: 13px;\">:<\/span><span style=\"font-size: 13px;\"> http:\/\/www.un.org\/News\/briefings\/docs\/\/2013\/130920_Disabilities.doc.htm<\/span><\/p>\n<p>Tradu\u00e7\u00e3o e edi\u00e7\u00e3o para a Inclusive<span style=\"font-size: 13px;\">:<\/span><span style=\"font-size: 13px;\"> Patricia Almeida<\/span><\/p>\n","protected":false},"excerpt":{"rendered":"<p>Chegou a hora de reconhecer o seu enorme potencial para contribuir para a cria\u00e7\u00e3o de um mundo mais inclusivo e equitativo. <\/p>\n","protected":false},"author":1,"featured_media":0,"comment_status":"open","ping_status":"open","sticky":false,"template":"","format":"standard","meta":{"site-container-style":"default","site-container-layout":"default","site-sidebar-layout":"default","disable-article-header":"default","disable-site-header":"default","disable-site-footer":"default","disable-content-area-spacing":"default","footnotes":""},"categories":[4],"tags":[],"class_list":["post-25332","post","type-post","status-publish","format-standard","hentry","category-noticias"],"yoast_head":"<!-- This site is optimized with the Yoast SEO plugin v27.5 - https:\/\/yoast.com\/product\/yoast-seo-wordpress\/ -->\n<title>Por qu\u00ea incluir as pessoas com defici\u00eancia na agenda do desenvolvimento -<\/title>\n<meta name=\"robots\" content=\"index, follow, max-snippet:-1, max-image-preview:large, max-video-preview:-1\" \/>\n<link rel=\"canonical\" href=\"https:\/\/inclusivenews.com.br\/?p=25332\" \/>\n<meta property=\"og:locale\" content=\"pt_PT\" \/>\n<meta property=\"og:type\" content=\"article\" \/>\n<meta property=\"og:title\" content=\"Por qu\u00ea incluir as pessoas com defici\u00eancia na agenda do desenvolvimento -\" \/>\n<meta property=\"og:description\" content=\"Chegou a hora de reconhecer o seu enorme potencial para contribuir para a cria\u00e7\u00e3o de um mundo mais inclusivo e equitativo.\" \/>\n<meta property=\"og:url\" content=\"https:\/\/inclusivenews.com.br\/?p=25332\" \/>\n<meta property=\"article:publisher\" content=\"https:\/\/www.facebook.com\/agenciainclusive\/\" \/>\n<meta property=\"article:published_time\" content=\"2013-09-24T01:59:58+00:00\" \/>\n<meta property=\"og:image\" content=\"http:\/\/inclusivenews.com.br\/wp-content\/uploads\/ro-300x225.jpg\" \/>\n<meta name=\"author\" content=\"inclusivenews2024\" \/>\n<meta name=\"twitter:card\" content=\"summary_large_image\" \/>\n<meta name=\"twitter:label1\" content=\"Escrito por\" \/>\n\t<meta name=\"twitter:data1\" content=\"inclusivenews2024\" \/>\n\t<meta name=\"twitter:label2\" content=\"Tempo estimado de leitura\" \/>\n\t<meta name=\"twitter:data2\" content=\"6 minutos\" \/>\n<script type=\"application\/ld+json\" class=\"yoast-schema-graph\">{\"@context\":\"https:\\\/\\\/schema.org\",\"@graph\":[{\"@type\":\"Article\",\"@id\":\"https:\\\/\\\/inclusivenews.com.br\\\/?p=25332#article\",\"isPartOf\":{\"@id\":\"https:\\\/\\\/inclusivenews.com.br\\\/?p=25332\"},\"author\":{\"name\":\"inclusivenews2024\",\"@id\":\"https:\\\/\\\/inclusivenews.com.br\\\/#\\\/schema\\\/person\\\/ae4ec7087559b8692fb33b6fffd2273b\"},\"headline\":\"Por qu\u00ea incluir as pessoas com defici\u00eancia na agenda do desenvolvimento\",\"datePublished\":\"2013-09-24T01:59:58+00:00\",\"mainEntityOfPage\":{\"@id\":\"https:\\\/\\\/inclusivenews.com.br\\\/?p=25332\"},\"wordCount\":1195,\"commentCount\":1,\"publisher\":{\"@id\":\"https:\\\/\\\/inclusivenews.com.br\\\/#organization\"},\"image\":{\"@id\":\"https:\\\/\\\/inclusivenews.com.br\\\/?p=25332#primaryimage\"},\"thumbnailUrl\":\"http:\\\/\\\/inclusivenews.com.br\\\/wp-content\\\/uploads\\\/ro-300x225.jpg\",\"articleSection\":[\"NOT\u00cdCIAS\"],\"inLanguage\":\"pt-PT\",\"potentialAction\":[{\"@type\":\"CommentAction\",\"name\":\"Comment\",\"target\":[\"https:\\\/\\\/inclusivenews.com.br\\\/?p=25332#respond\"]}]},{\"@type\":\"WebPage\",\"@id\":\"https:\\\/\\\/inclusivenews.com.br\\\/?p=25332\",\"url\":\"https:\\\/\\\/inclusivenews.com.br\\\/?p=25332\",\"name\":\"Por qu\u00ea incluir as pessoas com defici\u00eancia na agenda do desenvolvimento -\",\"isPartOf\":{\"@id\":\"https:\\\/\\\/inclusivenews.com.br\\\/#website\"},\"primaryImageOfPage\":{\"@id\":\"https:\\\/\\\/inclusivenews.com.br\\\/?p=25332#primaryimage\"},\"image\":{\"@id\":\"https:\\\/\\\/inclusivenews.com.br\\\/?p=25332#primaryimage\"},\"thumbnailUrl\":\"http:\\\/\\\/inclusivenews.com.br\\\/wp-content\\\/uploads\\\/ro-300x225.jpg\",\"datePublished\":\"2013-09-24T01:59:58+00:00\",\"breadcrumb\":{\"@id\":\"https:\\\/\\\/inclusivenews.com.br\\\/?p=25332#breadcrumb\"},\"inLanguage\":\"pt-PT\",\"potentialAction\":[{\"@type\":\"ReadAction\",\"target\":[\"https:\\\/\\\/inclusivenews.com.br\\\/?p=25332\"]}]},{\"@type\":\"ImageObject\",\"inLanguage\":\"pt-PT\",\"@id\":\"https:\\\/\\\/inclusivenews.com.br\\\/?p=25332#primaryimage\",\"url\":\"\",\"contentUrl\":\"\"},{\"@type\":\"BreadcrumbList\",\"@id\":\"https:\\\/\\\/inclusivenews.com.br\\\/?p=25332#breadcrumb\",\"itemListElement\":[{\"@type\":\"ListItem\",\"position\":1,\"name\":\"In\u00edcio\",\"item\":\"https:\\\/\\\/inclusivenews.com.br\\\/\"},{\"@type\":\"ListItem\",\"position\":2,\"name\":\"Por qu\u00ea incluir as pessoas com defici\u00eancia na agenda do desenvolvimento\"}]},{\"@type\":\"WebSite\",\"@id\":\"https:\\\/\\\/inclusivenews.com.br\\\/#website\",\"url\":\"https:\\\/\\\/inclusivenews.com.br\\\/\",\"name\":\"Inclusive News\",\"description\":\"Inclusive News\",\"publisher\":{\"@id\":\"https:\\\/\\\/inclusivenews.com.br\\\/#organization\"},\"potentialAction\":[{\"@type\":\"SearchAction\",\"target\":{\"@type\":\"EntryPoint\",\"urlTemplate\":\"https:\\\/\\\/inclusivenews.com.br\\\/?s={search_term_string}\"},\"query-input\":{\"@type\":\"PropertyValueSpecification\",\"valueRequired\":true,\"valueName\":\"search_term_string\"}}],\"inLanguage\":\"pt-PT\"},{\"@type\":\"Organization\",\"@id\":\"https:\\\/\\\/inclusivenews.com.br\\\/#organization\",\"name\":\"Inclusive - inclus\u00e3o e cidadania\",\"url\":\"https:\\\/\\\/inclusivenews.com.br\\\/\",\"logo\":{\"@type\":\"ImageObject\",\"inLanguage\":\"pt-PT\",\"@id\":\"https:\\\/\\\/inclusivenews.com.br\\\/#\\\/schema\\\/logo\\\/image\\\/\",\"url\":\"https:\\\/\\\/inclusivenews.com.br\\\/wp-content\\\/uploads\\\/2024\\\/03\\\/@grandesite.png\",\"contentUrl\":\"https:\\\/\\\/inclusivenews.com.br\\\/wp-content\\\/uploads\\\/2024\\\/03\\\/@grandesite.png\",\"width\":1080,\"height\":1080,\"caption\":\"Inclusive - inclus\u00e3o e cidadania\"},\"image\":{\"@id\":\"https:\\\/\\\/inclusivenews.com.br\\\/#\\\/schema\\\/logo\\\/image\\\/\"},\"sameAs\":[\"https:\\\/\\\/www.facebook.com\\\/agenciainclusive\\\/\",\"https:\\\/\\\/www.instagram.com\\\/newsinclusive\\\/\"]},{\"@type\":\"Person\",\"@id\":\"https:\\\/\\\/inclusivenews.com.br\\\/#\\\/schema\\\/person\\\/ae4ec7087559b8692fb33b6fffd2273b\",\"name\":\"inclusivenews2024\",\"image\":{\"@type\":\"ImageObject\",\"inLanguage\":\"pt-PT\",\"@id\":\"https:\\\/\\\/secure.gravatar.com\\\/avatar\\\/c5a7ef84c66fa914f55bc4f7ce26cfa275a3b9a1c5568b907bd184fb4dde7b40?s=96&d=mm&r=g\",\"url\":\"https:\\\/\\\/secure.gravatar.com\\\/avatar\\\/c5a7ef84c66fa914f55bc4f7ce26cfa275a3b9a1c5568b907bd184fb4dde7b40?s=96&d=mm&r=g\",\"contentUrl\":\"https:\\\/\\\/secure.gravatar.com\\\/avatar\\\/c5a7ef84c66fa914f55bc4f7ce26cfa275a3b9a1c5568b907bd184fb4dde7b40?s=96&d=mm&r=g\",\"caption\":\"inclusivenews2024\"},\"sameAs\":[\"https:\\\/\\\/inclusivenews.com.br\"],\"url\":\"https:\\\/\\\/inclusivenews.com.br\\\/?author=1\"}]}<\/script>\n<!-- \/ Yoast SEO plugin. -->","yoast_head_json":{"title":"Por qu\u00ea incluir as pessoas com defici\u00eancia na agenda do desenvolvimento -","robots":{"index":"index","follow":"follow","max-snippet":"max-snippet:-1","max-image-preview":"max-image-preview:large","max-video-preview":"max-video-preview:-1"},"canonical":"https:\/\/inclusivenews.com.br\/?p=25332","og_locale":"pt_PT","og_type":"article","og_title":"Por qu\u00ea incluir as pessoas com defici\u00eancia na agenda do desenvolvimento -","og_description":"Chegou a hora de reconhecer o seu enorme potencial para contribuir para a cria\u00e7\u00e3o de um mundo mais inclusivo e equitativo.","og_url":"https:\/\/inclusivenews.com.br\/?p=25332","article_publisher":"https:\/\/www.facebook.com\/agenciainclusive\/","article_published_time":"2013-09-24T01:59:58+00:00","og_image":[{"url":"http:\/\/inclusivenews.com.br\/wp-content\/uploads\/ro-300x225.jpg","type":"","width":"","height":""}],"author":"inclusivenews2024","twitter_card":"summary_large_image","twitter_misc":{"Escrito por":"inclusivenews2024","Tempo estimado de leitura":"6 minutos"},"schema":{"@context":"https:\/\/schema.org","@graph":[{"@type":"Article","@id":"https:\/\/inclusivenews.com.br\/?p=25332#article","isPartOf":{"@id":"https:\/\/inclusivenews.com.br\/?p=25332"},"author":{"name":"inclusivenews2024","@id":"https:\/\/inclusivenews.com.br\/#\/schema\/person\/ae4ec7087559b8692fb33b6fffd2273b"},"headline":"Por qu\u00ea incluir as pessoas com defici\u00eancia na agenda do desenvolvimento","datePublished":"2013-09-24T01:59:58+00:00","mainEntityOfPage":{"@id":"https:\/\/inclusivenews.com.br\/?p=25332"},"wordCount":1195,"commentCount":1,"publisher":{"@id":"https:\/\/inclusivenews.com.br\/#organization"},"image":{"@id":"https:\/\/inclusivenews.com.br\/?p=25332#primaryimage"},"thumbnailUrl":"http:\/\/inclusivenews.com.br\/wp-content\/uploads\/ro-300x225.jpg","articleSection":["NOT\u00cdCIAS"],"inLanguage":"pt-PT","potentialAction":[{"@type":"CommentAction","name":"Comment","target":["https:\/\/inclusivenews.com.br\/?p=25332#respond"]}]},{"@type":"WebPage","@id":"https:\/\/inclusivenews.com.br\/?p=25332","url":"https:\/\/inclusivenews.com.br\/?p=25332","name":"Por qu\u00ea incluir as pessoas com defici\u00eancia na agenda do desenvolvimento -","isPartOf":{"@id":"https:\/\/inclusivenews.com.br\/#website"},"primaryImageOfPage":{"@id":"https:\/\/inclusivenews.com.br\/?p=25332#primaryimage"},"image":{"@id":"https:\/\/inclusivenews.com.br\/?p=25332#primaryimage"},"thumbnailUrl":"http:\/\/inclusivenews.com.br\/wp-content\/uploads\/ro-300x225.jpg","datePublished":"2013-09-24T01:59:58+00:00","breadcrumb":{"@id":"https:\/\/inclusivenews.com.br\/?p=25332#breadcrumb"},"inLanguage":"pt-PT","potentialAction":[{"@type":"ReadAction","target":["https:\/\/inclusivenews.com.br\/?p=25332"]}]},{"@type":"ImageObject","inLanguage":"pt-PT","@id":"https:\/\/inclusivenews.com.br\/?p=25332#primaryimage","url":"","contentUrl":""},{"@type":"BreadcrumbList","@id":"https:\/\/inclusivenews.com.br\/?p=25332#breadcrumb","itemListElement":[{"@type":"ListItem","position":1,"name":"In\u00edcio","item":"https:\/\/inclusivenews.com.br\/"},{"@type":"ListItem","position":2,"name":"Por qu\u00ea incluir as pessoas com defici\u00eancia na agenda do desenvolvimento"}]},{"@type":"WebSite","@id":"https:\/\/inclusivenews.com.br\/#website","url":"https:\/\/inclusivenews.com.br\/","name":"Inclusive News","description":"Inclusive News","publisher":{"@id":"https:\/\/inclusivenews.com.br\/#organization"},"potentialAction":[{"@type":"SearchAction","target":{"@type":"EntryPoint","urlTemplate":"https:\/\/inclusivenews.com.br\/?s={search_term_string}"},"query-input":{"@type":"PropertyValueSpecification","valueRequired":true,"valueName":"search_term_string"}}],"inLanguage":"pt-PT"},{"@type":"Organization","@id":"https:\/\/inclusivenews.com.br\/#organization","name":"Inclusive - inclus\u00e3o e cidadania","url":"https:\/\/inclusivenews.com.br\/","logo":{"@type":"ImageObject","inLanguage":"pt-PT","@id":"https:\/\/inclusivenews.com.br\/#\/schema\/logo\/image\/","url":"https:\/\/inclusivenews.com.br\/wp-content\/uploads\/2024\/03\/@grandesite.png","contentUrl":"https:\/\/inclusivenews.com.br\/wp-content\/uploads\/2024\/03\/@grandesite.png","width":1080,"height":1080,"caption":"Inclusive - inclus\u00e3o e cidadania"},"image":{"@id":"https:\/\/inclusivenews.com.br\/#\/schema\/logo\/image\/"},"sameAs":["https:\/\/www.facebook.com\/agenciainclusive\/","https:\/\/www.instagram.com\/newsinclusive\/"]},{"@type":"Person","@id":"https:\/\/inclusivenews.com.br\/#\/schema\/person\/ae4ec7087559b8692fb33b6fffd2273b","name":"inclusivenews2024","image":{"@type":"ImageObject","inLanguage":"pt-PT","@id":"https:\/\/secure.gravatar.com\/avatar\/c5a7ef84c66fa914f55bc4f7ce26cfa275a3b9a1c5568b907bd184fb4dde7b40?s=96&d=mm&r=g","url":"https:\/\/secure.gravatar.com\/avatar\/c5a7ef84c66fa914f55bc4f7ce26cfa275a3b9a1c5568b907bd184fb4dde7b40?s=96&d=mm&r=g","contentUrl":"https:\/\/secure.gravatar.com\/avatar\/c5a7ef84c66fa914f55bc4f7ce26cfa275a3b9a1c5568b907bd184fb4dde7b40?s=96&d=mm&r=g","caption":"inclusivenews2024"},"sameAs":["https:\/\/inclusivenews.com.br"],"url":"https:\/\/inclusivenews.com.br\/?author=1"}]}},"_links":{"self":[{"href":"https:\/\/inclusivenews.com.br\/index.php?rest_route=\/wp\/v2\/posts\/25332","targetHints":{"allow":["GET"]}}],"collection":[{"href":"https:\/\/inclusivenews.com.br\/index.php?rest_route=\/wp\/v2\/posts"}],"about":[{"href":"https:\/\/inclusivenews.com.br\/index.php?rest_route=\/wp\/v2\/types\/post"}],"author":[{"embeddable":true,"href":"https:\/\/inclusivenews.com.br\/index.php?rest_route=\/wp\/v2\/users\/1"}],"replies":[{"embeddable":true,"href":"https:\/\/inclusivenews.com.br\/index.php?rest_route=%2Fwp%2Fv2%2Fcomments&post=25332"}],"version-history":[{"count":0,"href":"https:\/\/inclusivenews.com.br\/index.php?rest_route=\/wp\/v2\/posts\/25332\/revisions"}],"wp:attachment":[{"href":"https:\/\/inclusivenews.com.br\/index.php?rest_route=%2Fwp%2Fv2%2Fmedia&parent=25332"}],"wp:term":[{"taxonomy":"category","embeddable":true,"href":"https:\/\/inclusivenews.com.br\/index.php?rest_route=%2Fwp%2Fv2%2Fcategories&post=25332"},{"taxonomy":"post_tag","embeddable":true,"href":"https:\/\/inclusivenews.com.br\/index.php?rest_route=%2Fwp%2Fv2%2Ftags&post=25332"}],"curies":[{"name":"wp","href":"https:\/\/api.w.org\/{rel}","templated":true}]}}