{"id":25349,"date":"2013-09-24T01:17:56","date_gmt":"2013-09-24T04:17:56","guid":{"rendered":"http:\/\/www.inclusive.org.br\/?p=25349"},"modified":"2013-09-24T01:17:56","modified_gmt":"2013-09-24T04:17:56","slug":"ban-juntos-estamos-aqui-para-quebrar-barreiras-e-abrir-portas","status":"publish","type":"post","link":"https:\/\/inclusivenews.com.br\/?p=25349","title":{"rendered":"Ban: &quot;Juntos, estamos aqui para quebrar barreiras e abrir portas&quot;"},"content":{"rendered":"<h1><span style=\"font-size: 13px; font-weight: normal;\">Secret\u00e1rio-Geral pediu ajuda global para criar plano de desenvolvimento inclusivo para pessoas com defici\u00eancia para a agenda p\u00f3s-2015; declara\u00e7\u00e3o foi feita na reuni\u00e3o de alto n\u00edvel sobre o assunto na Assembleia Geral.<\/span><\/h1>\n<p><em>Edgard J\u00fanior, da R\u00e1dio ONU em Nova York<\/em>.<\/p>\n<p>O Secret\u00e1rio-Geral da ONU, Ban Ki-moon, afirmou que os l\u00edderes mundiais est\u00e3o reunidos na Assembleia Geral para &#8220;quebrar barreiras e abrir portas&#8221; para as pessoas com defici\u00eancias.<\/p>\n<p>Ban fez a declara\u00e7\u00e3o durante a reuni\u00e3o de alto n\u00edvel sobre pessoas com defici\u00eancia e desenvolvimento, que est\u00e1 sendo realizada nas Na\u00e7\u00f5es Unidas.<\/p>\n<p><strong>Agenda Desenvolvimento<\/strong><\/p>\n<p>O chefe da ONU pediu ajuda da comunidade internacional para criar e avan\u00e7ar com uma agenda de desenvolvimento inclusiva para as pessoas que sofrem de algum tipo de defici\u00eancia.<\/p>\n<p>Ban Ki-moon afirmou que defici\u00eancia n\u00e3o \u00e9 incapacidade. Ele fez um apelo para que os pa\u00edses ratifiquem a Conven\u00e7\u00e3o sobre os Direitos das Pessoas com Defici\u00eancia.<\/p>\n<p><strong>Dificuldades<\/strong><\/p>\n<p>Participando da reuni\u00e3o na Assembleia Geral, o Secret\u00e1rio brasileiro de Promo\u00e7\u00e3o dos Direitos da Pessoa com Defici\u00eancia, Antonio Jos\u00e9 Ferreira, falou \u00e0 R\u00e1dio ONU, sobre as<\/p>\n<div id=\"attachment_247449\"><a rel=\"attachment wp-att-247449\" href=\"http:\/\/www.inclusive.org.br\/?attachment_id=247449\"><img loading=\"lazy\" decoding=\"async\" title=\"Antonio\" src=\"http:\/\/www.unmultimedia.org\/radio\/portuguese\/wp-content\/uploads\/2013\/09\/Antonio.jpg\" alt=\"\" width=\"350\" height=\"300\" \/><\/a>Antonio Jos\u00e9 Ferreira<\/p>\n<\/div>\n<p>dificuldades enfrentadas pelo grupo.<\/p>\n<p>&#8220;As pessoas com defici\u00eancia padecem ainda da necessidade de que a sociedade possa v\u00ea-las sob um aspecto de mais igualdade e autonomia. E que garanta a essas pessoas plena inclus\u00e3o. A equipara\u00e7\u00e3o de oportunidades \u00e0s demais pessoas \u00e9 uma luta das pessoas com defici\u00eancia mundialmente, mas<\/p>\n<p>avaliamos que temos avan\u00e7ado pouco a pouco.&#8221;<\/p>\n<p><strong>Leis<\/strong><\/p>\n<p>O observador da Miss\u00e3o do Brasil na ONU, na condi\u00e7\u00e3o de representante do Conselho Federal da OAB, Joelson Dias, conversou tamb\u00e9m com a R\u00e1dio ONU sobre a implementa\u00e7\u00e3o das leis que protegem essas pessoas.<\/p>\n<div id=\"attachment_247450\"><a rel=\"attachment wp-att-247450\" href=\"http:\/\/www.inclusive.org.br\/?attachment_id=247450\"><img loading=\"lazy\" decoding=\"async\" title=\"Joelson\" src=\"http:\/\/www.unmultimedia.org\/radio\/portuguese\/wp-content\/uploads\/2013\/09\/Joelson.jpg\" alt=\"\" width=\"350\" height=\"302\" \/><\/a>Joelson Dias<\/p>\n<\/div>\n<p>&#8220;Lamentavelmente o desafio que \u00e9 a implementa\u00e7\u00e3o da legisla\u00e7\u00e3o. N\u00e3o somente no Brasil, como hoje j\u00e1 podemos dizer na maioria dos pa\u00edses, h\u00e1 evidente preocupa\u00e7\u00e3o em se adotar medidas administrativas, em se adotar leis, buscando a afirma\u00e7\u00e3o desses direitos das pessoas com defici\u00eancia.&#8221;<\/p>\n<p><strong>Minoria<\/strong><\/p>\n<p>O Secret\u00e1rio-Geral disse ainda que as pessoas com defici\u00eancia formam o maior grupo de minorias do mundo, com mais de 1 bilh\u00e3o vivendo nessas condi\u00e7\u00f5es.<\/p>\n<p>Segundo Ban, a defici\u00eancia faz parte da condi\u00e7\u00e3o humana. Ele afirmou que quase todos ficar\u00e3o temporariamente ou permanentemente impossibilitados de fazer alguma coisa em um determinado momento da vida.<\/p>\n<p>O chefe da ONU disse que todos devem agir agora para acabar n\u00e3o s\u00f3 com a barreira f\u00edsica, mas tamb\u00e9m com as barreiras de atitude, entre o estigma e a discrimina\u00e7\u00e3o.<\/p>\n<p>Fonte<a href=\"http:\/\/www.unmultimedia.org\/radio\/portuguese\/2013\/09\/ban-juntos-estamos-aqui-para-quebrar-barreiras-e-abrir-portas\/\">:<\/a> <a href=\"http:\/\/www.unmultimedia.org\/radio\/portuguese\/2013\/09\/ban-juntos-estamos-aqui-para-quebrar-barreiras-e-abrir-portas\/\">http:\/\/www.unmultimedia.org\/radio\/portuguese\/2013\/09\/ban-juntos-estamos-aqui-para-quebrar-barreiras-e-abrir-portas\/<\/a><\/p>\n","protected":false},"excerpt":{"rendered":"<p>Secret\u00e1rio-Geral pediu ajuda global para criar plano de desenvolvimento inclusivo para pessoas com defici\u00eancia para a agenda p\u00f3s-2015; declara\u00e7\u00e3o foi feita na reuni\u00e3o de alto n\u00edvel sobre o assunto na Assembleia Geral. Edgard J\u00fanior, da R\u00e1dio ONU em Nova York. O Secret\u00e1rio-Geral da ONU, Ban Ki-moon, afirmou que os l\u00edderes mundiais est\u00e3o reunidos na Assembleia [&hellip;]<\/p>\n","protected":false},"author":1,"featured_media":0,"comment_status":"open","ping_status":"open","sticky":false,"template":"","format":"standard","meta":{"site-container-style":"default","site-container-layout":"default","site-sidebar-layout":"default","disable-article-header":"default","disable-site-header":"default","disable-site-footer":"default","disable-content-area-spacing":"default","footnotes":""},"categories":[5,38,48,26],"tags":[],"class_list":["post-25349","post","type-post","status-publish","format-standard","hentry","category-convencao","category-deficiencia","category-inclusao","category-legislacao"],"yoast_head":"<!-- This site is optimized with the Yoast SEO plugin v27.4 - https:\/\/yoast.com\/product\/yoast-seo-wordpress\/ -->\n<title>Ban: &quot;Juntos, estamos aqui para quebrar barreiras e abrir portas&quot; -<\/title>\n<meta name=\"robots\" content=\"index, follow, max-snippet:-1, max-image-preview:large, max-video-preview:-1\" \/>\n<link rel=\"canonical\" href=\"https:\/\/inclusivenews.com.br\/?p=25349\" \/>\n<meta property=\"og:locale\" content=\"pt_PT\" \/>\n<meta property=\"og:type\" content=\"article\" \/>\n<meta property=\"og:title\" content=\"Ban: &quot;Juntos, estamos aqui para quebrar barreiras e abrir portas&quot; -\" \/>\n<meta property=\"og:description\" content=\"Secret\u00e1rio-Geral pediu ajuda global para criar plano de desenvolvimento inclusivo para pessoas com defici\u00eancia para a agenda p\u00f3s-2015; declara\u00e7\u00e3o foi feita na reuni\u00e3o de alto n\u00edvel sobre o assunto na Assembleia Geral. Edgard J\u00fanior, da R\u00e1dio ONU em Nova York. O Secret\u00e1rio-Geral da ONU, Ban Ki-moon, afirmou que os l\u00edderes mundiais est\u00e3o reunidos na Assembleia [&hellip;]\" \/>\n<meta property=\"og:url\" content=\"https:\/\/inclusivenews.com.br\/?p=25349\" \/>\n<meta property=\"article:publisher\" content=\"https:\/\/www.facebook.com\/agenciainclusive\/\" \/>\n<meta property=\"article:published_time\" content=\"2013-09-24T04:17:56+00:00\" \/>\n<meta property=\"og:image\" content=\"http:\/\/www.unmultimedia.org\/radio\/portuguese\/wp-content\/uploads\/2013\/09\/Antonio.jpg\" \/>\n<meta name=\"author\" content=\"inclusivenews2024\" \/>\n<meta name=\"twitter:card\" content=\"summary_large_image\" \/>\n<meta name=\"twitter:label1\" content=\"Escrito por\" \/>\n\t<meta name=\"twitter:data1\" content=\"inclusivenews2024\" \/>\n\t<meta name=\"twitter:label2\" content=\"Tempo estimado de leitura\" \/>\n\t<meta name=\"twitter:data2\" content=\"2 minutos\" \/>\n<script type=\"application\/ld+json\" class=\"yoast-schema-graph\">{\"@context\":\"https:\\\/\\\/schema.org\",\"@graph\":[{\"@type\":\"Article\",\"@id\":\"https:\\\/\\\/inclusivenews.com.br\\\/?p=25349#article\",\"isPartOf\":{\"@id\":\"https:\\\/\\\/inclusivenews.com.br\\\/?p=25349\"},\"author\":{\"name\":\"inclusivenews2024\",\"@id\":\"https:\\\/\\\/inclusivenews.com.br\\\/#\\\/schema\\\/person\\\/ae4ec7087559b8692fb33b6fffd2273b\"},\"headline\":\"Ban: &quot;Juntos, estamos aqui para quebrar barreiras e abrir portas&quot;\",\"datePublished\":\"2013-09-24T04:17:56+00:00\",\"mainEntityOfPage\":{\"@id\":\"https:\\\/\\\/inclusivenews.com.br\\\/?p=25349\"},\"wordCount\":473,\"commentCount\":0,\"publisher\":{\"@id\":\"https:\\\/\\\/inclusivenews.com.br\\\/#organization\"},\"image\":{\"@id\":\"https:\\\/\\\/inclusivenews.com.br\\\/?p=25349#primaryimage\"},\"thumbnailUrl\":\"http:\\\/\\\/www.unmultimedia.org\\\/radio\\\/portuguese\\\/wp-content\\\/uploads\\\/2013\\\/09\\\/Antonio.jpg\",\"articleSection\":[\"Conven\u00e7\u00e3o\",\"Defici\u00eancia\",\"INCLUS\u00c3O SOCIAL\",\"Legisla\u00e7\u00e3o ...\"],\"inLanguage\":\"pt-PT\",\"potentialAction\":[{\"@type\":\"CommentAction\",\"name\":\"Comment\",\"target\":[\"https:\\\/\\\/inclusivenews.com.br\\\/?p=25349#respond\"]}]},{\"@type\":\"WebPage\",\"@id\":\"https:\\\/\\\/inclusivenews.com.br\\\/?p=25349\",\"url\":\"https:\\\/\\\/inclusivenews.com.br\\\/?p=25349\",\"name\":\"Ban: &quot;Juntos, estamos aqui para quebrar barreiras e abrir portas&quot; -\",\"isPartOf\":{\"@id\":\"https:\\\/\\\/inclusivenews.com.br\\\/#website\"},\"primaryImageOfPage\":{\"@id\":\"https:\\\/\\\/inclusivenews.com.br\\\/?p=25349#primaryimage\"},\"image\":{\"@id\":\"https:\\\/\\\/inclusivenews.com.br\\\/?p=25349#primaryimage\"},\"thumbnailUrl\":\"http:\\\/\\\/www.unmultimedia.org\\\/radio\\\/portuguese\\\/wp-content\\\/uploads\\\/2013\\\/09\\\/Antonio.jpg\",\"datePublished\":\"2013-09-24T04:17:56+00:00\",\"breadcrumb\":{\"@id\":\"https:\\\/\\\/inclusivenews.com.br\\\/?p=25349#breadcrumb\"},\"inLanguage\":\"pt-PT\",\"potentialAction\":[{\"@type\":\"ReadAction\",\"target\":[\"https:\\\/\\\/inclusivenews.com.br\\\/?p=25349\"]}]},{\"@type\":\"ImageObject\",\"inLanguage\":\"pt-PT\",\"@id\":\"https:\\\/\\\/inclusivenews.com.br\\\/?p=25349#primaryimage\",\"url\":\"http:\\\/\\\/www.unmultimedia.org\\\/radio\\\/portuguese\\\/wp-content\\\/uploads\\\/2013\\\/09\\\/Antonio.jpg\",\"contentUrl\":\"http:\\\/\\\/www.unmultimedia.org\\\/radio\\\/portuguese\\\/wp-content\\\/uploads\\\/2013\\\/09\\\/Antonio.jpg\"},{\"@type\":\"BreadcrumbList\",\"@id\":\"https:\\\/\\\/inclusivenews.com.br\\\/?p=25349#breadcrumb\",\"itemListElement\":[{\"@type\":\"ListItem\",\"position\":1,\"name\":\"In\u00edcio\",\"item\":\"https:\\\/\\\/inclusivenews.com.br\\\/\"},{\"@type\":\"ListItem\",\"position\":2,\"name\":\"Ban: &quot;Juntos, estamos aqui para quebrar barreiras e abrir portas&quot;\"}]},{\"@type\":\"WebSite\",\"@id\":\"https:\\\/\\\/inclusivenews.com.br\\\/#website\",\"url\":\"https:\\\/\\\/inclusivenews.com.br\\\/\",\"name\":\"Inclusive News\",\"description\":\"Inclusive News\",\"publisher\":{\"@id\":\"https:\\\/\\\/inclusivenews.com.br\\\/#organization\"},\"potentialAction\":[{\"@type\":\"SearchAction\",\"target\":{\"@type\":\"EntryPoint\",\"urlTemplate\":\"https:\\\/\\\/inclusivenews.com.br\\\/?s={search_term_string}\"},\"query-input\":{\"@type\":\"PropertyValueSpecification\",\"valueRequired\":true,\"valueName\":\"search_term_string\"}}],\"inLanguage\":\"pt-PT\"},{\"@type\":\"Organization\",\"@id\":\"https:\\\/\\\/inclusivenews.com.br\\\/#organization\",\"name\":\"Inclusive - inclus\u00e3o e cidadania\",\"url\":\"https:\\\/\\\/inclusivenews.com.br\\\/\",\"logo\":{\"@type\":\"ImageObject\",\"inLanguage\":\"pt-PT\",\"@id\":\"https:\\\/\\\/inclusivenews.com.br\\\/#\\\/schema\\\/logo\\\/image\\\/\",\"url\":\"https:\\\/\\\/inclusivenews.com.br\\\/wp-content\\\/uploads\\\/2024\\\/03\\\/@grandesite.png\",\"contentUrl\":\"https:\\\/\\\/inclusivenews.com.br\\\/wp-content\\\/uploads\\\/2024\\\/03\\\/@grandesite.png\",\"width\":1080,\"height\":1080,\"caption\":\"Inclusive - inclus\u00e3o e cidadania\"},\"image\":{\"@id\":\"https:\\\/\\\/inclusivenews.com.br\\\/#\\\/schema\\\/logo\\\/image\\\/\"},\"sameAs\":[\"https:\\\/\\\/www.facebook.com\\\/agenciainclusive\\\/\",\"https:\\\/\\\/www.instagram.com\\\/newsinclusive\\\/\"]},{\"@type\":\"Person\",\"@id\":\"https:\\\/\\\/inclusivenews.com.br\\\/#\\\/schema\\\/person\\\/ae4ec7087559b8692fb33b6fffd2273b\",\"name\":\"inclusivenews2024\",\"image\":{\"@type\":\"ImageObject\",\"inLanguage\":\"pt-PT\",\"@id\":\"https:\\\/\\\/secure.gravatar.com\\\/avatar\\\/c5a7ef84c66fa914f55bc4f7ce26cfa275a3b9a1c5568b907bd184fb4dde7b40?s=96&d=mm&r=g\",\"url\":\"https:\\\/\\\/secure.gravatar.com\\\/avatar\\\/c5a7ef84c66fa914f55bc4f7ce26cfa275a3b9a1c5568b907bd184fb4dde7b40?s=96&d=mm&r=g\",\"contentUrl\":\"https:\\\/\\\/secure.gravatar.com\\\/avatar\\\/c5a7ef84c66fa914f55bc4f7ce26cfa275a3b9a1c5568b907bd184fb4dde7b40?s=96&d=mm&r=g\",\"caption\":\"inclusivenews2024\"},\"sameAs\":[\"https:\\\/\\\/inclusivenews.com.br\"],\"url\":\"https:\\\/\\\/inclusivenews.com.br\\\/?author=1\"}]}<\/script>\n<!-- \/ Yoast SEO plugin. -->","yoast_head_json":{"title":"Ban: &quot;Juntos, estamos aqui para quebrar barreiras e abrir portas&quot; -","robots":{"index":"index","follow":"follow","max-snippet":"max-snippet:-1","max-image-preview":"max-image-preview:large","max-video-preview":"max-video-preview:-1"},"canonical":"https:\/\/inclusivenews.com.br\/?p=25349","og_locale":"pt_PT","og_type":"article","og_title":"Ban: &quot;Juntos, estamos aqui para quebrar barreiras e abrir portas&quot; -","og_description":"Secret\u00e1rio-Geral pediu ajuda global para criar plano de desenvolvimento inclusivo para pessoas com defici\u00eancia para a agenda p\u00f3s-2015; declara\u00e7\u00e3o foi feita na reuni\u00e3o de alto n\u00edvel sobre o assunto na Assembleia Geral. Edgard J\u00fanior, da R\u00e1dio ONU em Nova York. O Secret\u00e1rio-Geral da ONU, Ban Ki-moon, afirmou que os l\u00edderes mundiais est\u00e3o reunidos na Assembleia [&hellip;]","og_url":"https:\/\/inclusivenews.com.br\/?p=25349","article_publisher":"https:\/\/www.facebook.com\/agenciainclusive\/","article_published_time":"2013-09-24T04:17:56+00:00","og_image":[{"url":"http:\/\/www.unmultimedia.org\/radio\/portuguese\/wp-content\/uploads\/2013\/09\/Antonio.jpg","type":"","width":"","height":""}],"author":"inclusivenews2024","twitter_card":"summary_large_image","twitter_misc":{"Escrito por":"inclusivenews2024","Tempo estimado de leitura":"2 minutos"},"schema":{"@context":"https:\/\/schema.org","@graph":[{"@type":"Article","@id":"https:\/\/inclusivenews.com.br\/?p=25349#article","isPartOf":{"@id":"https:\/\/inclusivenews.com.br\/?p=25349"},"author":{"name":"inclusivenews2024","@id":"https:\/\/inclusivenews.com.br\/#\/schema\/person\/ae4ec7087559b8692fb33b6fffd2273b"},"headline":"Ban: &quot;Juntos, estamos aqui para quebrar barreiras e abrir portas&quot;","datePublished":"2013-09-24T04:17:56+00:00","mainEntityOfPage":{"@id":"https:\/\/inclusivenews.com.br\/?p=25349"},"wordCount":473,"commentCount":0,"publisher":{"@id":"https:\/\/inclusivenews.com.br\/#organization"},"image":{"@id":"https:\/\/inclusivenews.com.br\/?p=25349#primaryimage"},"thumbnailUrl":"http:\/\/www.unmultimedia.org\/radio\/portuguese\/wp-content\/uploads\/2013\/09\/Antonio.jpg","articleSection":["Conven\u00e7\u00e3o","Defici\u00eancia","INCLUS\u00c3O SOCIAL","Legisla\u00e7\u00e3o ..."],"inLanguage":"pt-PT","potentialAction":[{"@type":"CommentAction","name":"Comment","target":["https:\/\/inclusivenews.com.br\/?p=25349#respond"]}]},{"@type":"WebPage","@id":"https:\/\/inclusivenews.com.br\/?p=25349","url":"https:\/\/inclusivenews.com.br\/?p=25349","name":"Ban: &quot;Juntos, estamos aqui para quebrar barreiras e abrir portas&quot; -","isPartOf":{"@id":"https:\/\/inclusivenews.com.br\/#website"},"primaryImageOfPage":{"@id":"https:\/\/inclusivenews.com.br\/?p=25349#primaryimage"},"image":{"@id":"https:\/\/inclusivenews.com.br\/?p=25349#primaryimage"},"thumbnailUrl":"http:\/\/www.unmultimedia.org\/radio\/portuguese\/wp-content\/uploads\/2013\/09\/Antonio.jpg","datePublished":"2013-09-24T04:17:56+00:00","breadcrumb":{"@id":"https:\/\/inclusivenews.com.br\/?p=25349#breadcrumb"},"inLanguage":"pt-PT","potentialAction":[{"@type":"ReadAction","target":["https:\/\/inclusivenews.com.br\/?p=25349"]}]},{"@type":"ImageObject","inLanguage":"pt-PT","@id":"https:\/\/inclusivenews.com.br\/?p=25349#primaryimage","url":"http:\/\/www.unmultimedia.org\/radio\/portuguese\/wp-content\/uploads\/2013\/09\/Antonio.jpg","contentUrl":"http:\/\/www.unmultimedia.org\/radio\/portuguese\/wp-content\/uploads\/2013\/09\/Antonio.jpg"},{"@type":"BreadcrumbList","@id":"https:\/\/inclusivenews.com.br\/?p=25349#breadcrumb","itemListElement":[{"@type":"ListItem","position":1,"name":"In\u00edcio","item":"https:\/\/inclusivenews.com.br\/"},{"@type":"ListItem","position":2,"name":"Ban: &quot;Juntos, estamos aqui para quebrar barreiras e abrir portas&quot;"}]},{"@type":"WebSite","@id":"https:\/\/inclusivenews.com.br\/#website","url":"https:\/\/inclusivenews.com.br\/","name":"Inclusive News","description":"Inclusive News","publisher":{"@id":"https:\/\/inclusivenews.com.br\/#organization"},"potentialAction":[{"@type":"SearchAction","target":{"@type":"EntryPoint","urlTemplate":"https:\/\/inclusivenews.com.br\/?s={search_term_string}"},"query-input":{"@type":"PropertyValueSpecification","valueRequired":true,"valueName":"search_term_string"}}],"inLanguage":"pt-PT"},{"@type":"Organization","@id":"https:\/\/inclusivenews.com.br\/#organization","name":"Inclusive - inclus\u00e3o e cidadania","url":"https:\/\/inclusivenews.com.br\/","logo":{"@type":"ImageObject","inLanguage":"pt-PT","@id":"https:\/\/inclusivenews.com.br\/#\/schema\/logo\/image\/","url":"https:\/\/inclusivenews.com.br\/wp-content\/uploads\/2024\/03\/@grandesite.png","contentUrl":"https:\/\/inclusivenews.com.br\/wp-content\/uploads\/2024\/03\/@grandesite.png","width":1080,"height":1080,"caption":"Inclusive - inclus\u00e3o e cidadania"},"image":{"@id":"https:\/\/inclusivenews.com.br\/#\/schema\/logo\/image\/"},"sameAs":["https:\/\/www.facebook.com\/agenciainclusive\/","https:\/\/www.instagram.com\/newsinclusive\/"]},{"@type":"Person","@id":"https:\/\/inclusivenews.com.br\/#\/schema\/person\/ae4ec7087559b8692fb33b6fffd2273b","name":"inclusivenews2024","image":{"@type":"ImageObject","inLanguage":"pt-PT","@id":"https:\/\/secure.gravatar.com\/avatar\/c5a7ef84c66fa914f55bc4f7ce26cfa275a3b9a1c5568b907bd184fb4dde7b40?s=96&d=mm&r=g","url":"https:\/\/secure.gravatar.com\/avatar\/c5a7ef84c66fa914f55bc4f7ce26cfa275a3b9a1c5568b907bd184fb4dde7b40?s=96&d=mm&r=g","contentUrl":"https:\/\/secure.gravatar.com\/avatar\/c5a7ef84c66fa914f55bc4f7ce26cfa275a3b9a1c5568b907bd184fb4dde7b40?s=96&d=mm&r=g","caption":"inclusivenews2024"},"sameAs":["https:\/\/inclusivenews.com.br"],"url":"https:\/\/inclusivenews.com.br\/?author=1"}]}},"_links":{"self":[{"href":"https:\/\/inclusivenews.com.br\/index.php?rest_route=\/wp\/v2\/posts\/25349","targetHints":{"allow":["GET"]}}],"collection":[{"href":"https:\/\/inclusivenews.com.br\/index.php?rest_route=\/wp\/v2\/posts"}],"about":[{"href":"https:\/\/inclusivenews.com.br\/index.php?rest_route=\/wp\/v2\/types\/post"}],"author":[{"embeddable":true,"href":"https:\/\/inclusivenews.com.br\/index.php?rest_route=\/wp\/v2\/users\/1"}],"replies":[{"embeddable":true,"href":"https:\/\/inclusivenews.com.br\/index.php?rest_route=%2Fwp%2Fv2%2Fcomments&post=25349"}],"version-history":[{"count":0,"href":"https:\/\/inclusivenews.com.br\/index.php?rest_route=\/wp\/v2\/posts\/25349\/revisions"}],"wp:attachment":[{"href":"https:\/\/inclusivenews.com.br\/index.php?rest_route=%2Fwp%2Fv2%2Fmedia&parent=25349"}],"wp:term":[{"taxonomy":"category","embeddable":true,"href":"https:\/\/inclusivenews.com.br\/index.php?rest_route=%2Fwp%2Fv2%2Fcategories&post=25349"},{"taxonomy":"post_tag","embeddable":true,"href":"https:\/\/inclusivenews.com.br\/index.php?rest_route=%2Fwp%2Fv2%2Ftags&post=25349"}],"curies":[{"name":"wp","href":"https:\/\/api.w.org\/{rel}","templated":true}]}}