{"id":25358,"date":"2013-09-24T01:26:51","date_gmt":"2013-09-24T04:26:51","guid":{"rendered":"http:\/\/www.inclusive.org.br\/?p=25358"},"modified":"2013-09-24T01:26:51","modified_gmt":"2013-09-24T04:26:51","slug":"objetivos-de-desenvolvimento-devem-incluir-pessoas-com-deficiencia-afirmam-lideres-mundiais-na-onu","status":"publish","type":"post","link":"https:\/\/inclusivenews.com.br\/?p=25358","title":{"rendered":"Objetivos de desenvolvimento devem incluir pessoas com defici\u00eancia, afirmam l\u00edderes mundiais na ONU"},"content":{"rendered":"<h1><img loading=\"lazy\" decoding=\"async\" class=\"alignleft size-medium wp-image-25329\" title=\"stevie\" src=\"http:\/\/inclusivenews.com.br\/wp-content\/uploads\/stevie-300x224.jpg\" alt=\"O cantor Stevie Wonder falando na reuni\u00e3o de altas autoridades na ONU\" width=\"300\" height=\"224\" \/><\/h1>\n<div><span style=\"font-size: 13px;\">L\u00edderes mundiais, reunidos nesta segunda-feira (23) em uma <\/span><a style=\"font-size: 13px;\" href=\"http:\/\/www.un.org\/en\/ga\/68\/meetings\/disability\/\" target=\"_blank\" rel=\"noopener\">Reuni\u00e3o de Alto N\u00edvel sobre Defici\u00eancia e Desenvolvimento<\/a><span style=\"font-size: 13px;\"> na sede das Na\u00e7\u00f5es Unidas, em Nova York, devem adotar uma <\/span><a style=\"font-size: 13px;\" href=\"http:\/\/www.un.org\/disabilities\/documents\/hlmdd\/a_68_l.1.doc\" target=\"_blank\" rel=\"noopener\">resolu\u00e7\u00e3o<\/a><span style=\"font-size: 13px;\"> que apela para um desenvolvimento que seja <\/span><a style=\"font-size: 13px;\" href=\"http:\/\/www.un.org\/apps\/news\/story.asp?NewsID=45905&amp;Cr=disability&amp;Cr1=#.UkBucNJwrZl\" target=\"_blank\" rel=\"noopener\">inclusivo<\/a><span style=\"font-size: 13px;\"> para as <\/span><a style=\"font-size: 13px;\" href=\"http:\/\/www.un.org\/disabilities\/\" target=\"_blank\" rel=\"noopener\">pessoas com defici\u00eancia<\/a><span style=\"font-size: 13px;\"> e que ofere\u00e7a oportunidades para que elas tenham acesso ao emprego pleno e produtivo, ao trabalho digno e a servi\u00e7os sociais b\u00e1sicos.<\/span><br \/>\nAl\u00e9m de l\u00edderes mundiais, mais de 800 representantes de organiza\u00e7\u00f5es de pessoas com defici\u00eancia participam do encontro. Stevie Wonder, que \u00e9 um Mensageiro da Paz da ONU para defender as quest\u00f5es de defici\u00eancia, abriu o encontro.<\/p>\n<p>O secret\u00e1rio-geral da ONU, Ban Ki-moon, afirmou na abertura que \u201cum mundo que reconhe\u00e7a os direitos das pessoas com defici\u00eancia, garanta que as pessoas com defici\u00eancia sejam membros produtivos de suas comunidades e na\u00e7\u00f5es, e forne\u00e7a um ambiente inclusivo e acess\u00edvel, \u00e9 um mundo que beneficiar\u00e1 a todos n\u00f3s \u2014 com ou sem defici\u00eancia\u201d.<\/p>\n<p>No documento final \u2014\u00a0<a href=\"http:\/\/www.un.org\/disabilities\/documents\/gadocs\/a_68_95.doc\" target=\"_blank\" rel=\"noopener\">\u201cO caminho a seguir: uma agenda para o desenvolvimento com inclus\u00e3o da defici\u00eancia, para 2015 e al\u00e9m\u201d<\/a> \u2013, os pa\u00edses reafirmam sua vontade de trabalhar juntos para o avan\u00e7o dos direitos de todas as pessoas com defici\u00eancia, que est\u00e3o profundamente enraizados nos objetivos da Carta das Na\u00e7\u00f5es Unidas e na Declara\u00e7\u00e3o Universal dos Direitos Humanos.<\/p>\n<p>Estima-se que 15% da popula\u00e7\u00e3o mundial, equivalente a 1 bilh\u00e3o de pessoas, vivem com uma defici\u00eancia, 80% dos quais morando em pa\u00edses em desenvolvimento. Reconhecendo que os direitos das pessoas com defici\u00eancia \u201cainda n\u00e3o foram inclu\u00eddos em metas de desenvolvimento acordadas internacionalmente\u201d, o documento final destaca a import\u00e2ncia de garantir a acessibilidade e a inclus\u00e3o das pessoas com defici\u00eancia em todos os aspectos do desenvolvimento.<\/p>\n<p>Assista as discuss\u00f5es ao vivo\u00a0<a href=\"http:\/\/webtv.un.org\/#full-text\" target=\"_blank\" rel=\"noopener\">clicando aqui<\/a>.<\/p>\n<p>Fonte <a href=\"http:\/\/www.onu.org.br\/objetivos-de-desenvolvimento-global-devem-incluir-pessoas-com-deficiencia-afirmam-lideres-mundiais-na-onu\/\">http:\/\/www.onu.org.br\/objetivos-de-desenvolvimento-global-devem-incluir-pessoas-com-deficiencia-afirmam-lideres-mundiais-na-onu\/<\/a><\/p>\n<\/div>\n","protected":false},"excerpt":{"rendered":"<p>Stevie Wonder, que \u00e9 um Mensageiro da Paz da ONU para defender as quest\u00f5es de defici\u00eancia, abriu o encontro.<\/p>\n","protected":false},"author":1,"featured_media":0,"comment_status":"open","ping_status":"open","sticky":false,"template":"","format":"standard","meta":{"site-container-style":"default","site-container-layout":"default","site-sidebar-layout":"default","disable-article-header":"default","disable-site-header":"default","disable-site-footer":"default","disable-content-area-spacing":"default","footnotes":""},"categories":[5,38,48],"tags":[],"class_list":["post-25358","post","type-post","status-publish","format-standard","hentry","category-convencao","category-deficiencia","category-inclusao"],"yoast_head":"<!-- This site is optimized with the Yoast SEO plugin v27.4 - https:\/\/yoast.com\/product\/yoast-seo-wordpress\/ -->\n<title>Objetivos de desenvolvimento devem incluir pessoas com defici\u00eancia, afirmam l\u00edderes mundiais na ONU -<\/title>\n<meta name=\"robots\" content=\"index, follow, max-snippet:-1, max-image-preview:large, max-video-preview:-1\" \/>\n<link rel=\"canonical\" href=\"https:\/\/inclusivenews.com.br\/?p=25358\" \/>\n<meta property=\"og:locale\" content=\"pt_PT\" \/>\n<meta property=\"og:type\" content=\"article\" \/>\n<meta property=\"og:title\" content=\"Objetivos de desenvolvimento devem incluir pessoas com defici\u00eancia, afirmam l\u00edderes mundiais na ONU -\" \/>\n<meta property=\"og:description\" content=\"Stevie Wonder, que \u00e9 um Mensageiro da Paz da ONU para defender as quest\u00f5es de defici\u00eancia, abriu o encontro.\" \/>\n<meta property=\"og:url\" content=\"https:\/\/inclusivenews.com.br\/?p=25358\" \/>\n<meta property=\"article:publisher\" content=\"https:\/\/www.facebook.com\/agenciainclusive\/\" \/>\n<meta property=\"article:published_time\" content=\"2013-09-24T04:26:51+00:00\" \/>\n<meta property=\"og:image\" content=\"http:\/\/inclusivenews.com.br\/wp-content\/uploads\/stevie-300x224.jpg\" \/>\n<meta name=\"author\" content=\"inclusivenews2024\" \/>\n<meta name=\"twitter:card\" content=\"summary_large_image\" \/>\n<meta name=\"twitter:label1\" content=\"Escrito por\" \/>\n\t<meta name=\"twitter:data1\" content=\"inclusivenews2024\" \/>\n\t<meta name=\"twitter:label2\" content=\"Tempo estimado de leitura\" \/>\n\t<meta name=\"twitter:data2\" content=\"2 minutos\" \/>\n<script type=\"application\/ld+json\" class=\"yoast-schema-graph\">{\"@context\":\"https:\\\/\\\/schema.org\",\"@graph\":[{\"@type\":\"Article\",\"@id\":\"https:\\\/\\\/inclusivenews.com.br\\\/?p=25358#article\",\"isPartOf\":{\"@id\":\"https:\\\/\\\/inclusivenews.com.br\\\/?p=25358\"},\"author\":{\"name\":\"inclusivenews2024\",\"@id\":\"https:\\\/\\\/inclusivenews.com.br\\\/#\\\/schema\\\/person\\\/ae4ec7087559b8692fb33b6fffd2273b\"},\"headline\":\"Objetivos de desenvolvimento devem incluir pessoas com defici\u00eancia, afirmam l\u00edderes mundiais na ONU\",\"datePublished\":\"2013-09-24T04:26:51+00:00\",\"mainEntityOfPage\":{\"@id\":\"https:\\\/\\\/inclusivenews.com.br\\\/?p=25358\"},\"wordCount\":340,\"commentCount\":0,\"publisher\":{\"@id\":\"https:\\\/\\\/inclusivenews.com.br\\\/#organization\"},\"image\":{\"@id\":\"https:\\\/\\\/inclusivenews.com.br\\\/?p=25358#primaryimage\"},\"thumbnailUrl\":\"http:\\\/\\\/inclusivenews.com.br\\\/wp-content\\\/uploads\\\/stevie-300x224.jpg\",\"articleSection\":[\"Conven\u00e7\u00e3o\",\"Defici\u00eancia\",\"INCLUS\u00c3O SOCIAL\"],\"inLanguage\":\"pt-PT\",\"potentialAction\":[{\"@type\":\"CommentAction\",\"name\":\"Comment\",\"target\":[\"https:\\\/\\\/inclusivenews.com.br\\\/?p=25358#respond\"]}]},{\"@type\":\"WebPage\",\"@id\":\"https:\\\/\\\/inclusivenews.com.br\\\/?p=25358\",\"url\":\"https:\\\/\\\/inclusivenews.com.br\\\/?p=25358\",\"name\":\"Objetivos de desenvolvimento devem incluir pessoas com defici\u00eancia, afirmam l\u00edderes mundiais na ONU -\",\"isPartOf\":{\"@id\":\"https:\\\/\\\/inclusivenews.com.br\\\/#website\"},\"primaryImageOfPage\":{\"@id\":\"https:\\\/\\\/inclusivenews.com.br\\\/?p=25358#primaryimage\"},\"image\":{\"@id\":\"https:\\\/\\\/inclusivenews.com.br\\\/?p=25358#primaryimage\"},\"thumbnailUrl\":\"http:\\\/\\\/inclusivenews.com.br\\\/wp-content\\\/uploads\\\/stevie-300x224.jpg\",\"datePublished\":\"2013-09-24T04:26:51+00:00\",\"breadcrumb\":{\"@id\":\"https:\\\/\\\/inclusivenews.com.br\\\/?p=25358#breadcrumb\"},\"inLanguage\":\"pt-PT\",\"potentialAction\":[{\"@type\":\"ReadAction\",\"target\":[\"https:\\\/\\\/inclusivenews.com.br\\\/?p=25358\"]}]},{\"@type\":\"ImageObject\",\"inLanguage\":\"pt-PT\",\"@id\":\"https:\\\/\\\/inclusivenews.com.br\\\/?p=25358#primaryimage\",\"url\":\"\",\"contentUrl\":\"\"},{\"@type\":\"BreadcrumbList\",\"@id\":\"https:\\\/\\\/inclusivenews.com.br\\\/?p=25358#breadcrumb\",\"itemListElement\":[{\"@type\":\"ListItem\",\"position\":1,\"name\":\"In\u00edcio\",\"item\":\"https:\\\/\\\/inclusivenews.com.br\\\/\"},{\"@type\":\"ListItem\",\"position\":2,\"name\":\"Objetivos de desenvolvimento devem incluir pessoas com defici\u00eancia, afirmam l\u00edderes mundiais na ONU\"}]},{\"@type\":\"WebSite\",\"@id\":\"https:\\\/\\\/inclusivenews.com.br\\\/#website\",\"url\":\"https:\\\/\\\/inclusivenews.com.br\\\/\",\"name\":\"Inclusive News\",\"description\":\"Inclusive News\",\"publisher\":{\"@id\":\"https:\\\/\\\/inclusivenews.com.br\\\/#organization\"},\"potentialAction\":[{\"@type\":\"SearchAction\",\"target\":{\"@type\":\"EntryPoint\",\"urlTemplate\":\"https:\\\/\\\/inclusivenews.com.br\\\/?s={search_term_string}\"},\"query-input\":{\"@type\":\"PropertyValueSpecification\",\"valueRequired\":true,\"valueName\":\"search_term_string\"}}],\"inLanguage\":\"pt-PT\"},{\"@type\":\"Organization\",\"@id\":\"https:\\\/\\\/inclusivenews.com.br\\\/#organization\",\"name\":\"Inclusive - inclus\u00e3o e cidadania\",\"url\":\"https:\\\/\\\/inclusivenews.com.br\\\/\",\"logo\":{\"@type\":\"ImageObject\",\"inLanguage\":\"pt-PT\",\"@id\":\"https:\\\/\\\/inclusivenews.com.br\\\/#\\\/schema\\\/logo\\\/image\\\/\",\"url\":\"https:\\\/\\\/inclusivenews.com.br\\\/wp-content\\\/uploads\\\/2024\\\/03\\\/@grandesite.png\",\"contentUrl\":\"https:\\\/\\\/inclusivenews.com.br\\\/wp-content\\\/uploads\\\/2024\\\/03\\\/@grandesite.png\",\"width\":1080,\"height\":1080,\"caption\":\"Inclusive - inclus\u00e3o e cidadania\"},\"image\":{\"@id\":\"https:\\\/\\\/inclusivenews.com.br\\\/#\\\/schema\\\/logo\\\/image\\\/\"},\"sameAs\":[\"https:\\\/\\\/www.facebook.com\\\/agenciainclusive\\\/\",\"https:\\\/\\\/www.instagram.com\\\/newsinclusive\\\/\"]},{\"@type\":\"Person\",\"@id\":\"https:\\\/\\\/inclusivenews.com.br\\\/#\\\/schema\\\/person\\\/ae4ec7087559b8692fb33b6fffd2273b\",\"name\":\"inclusivenews2024\",\"image\":{\"@type\":\"ImageObject\",\"inLanguage\":\"pt-PT\",\"@id\":\"https:\\\/\\\/secure.gravatar.com\\\/avatar\\\/c5a7ef84c66fa914f55bc4f7ce26cfa275a3b9a1c5568b907bd184fb4dde7b40?s=96&d=mm&r=g\",\"url\":\"https:\\\/\\\/secure.gravatar.com\\\/avatar\\\/c5a7ef84c66fa914f55bc4f7ce26cfa275a3b9a1c5568b907bd184fb4dde7b40?s=96&d=mm&r=g\",\"contentUrl\":\"https:\\\/\\\/secure.gravatar.com\\\/avatar\\\/c5a7ef84c66fa914f55bc4f7ce26cfa275a3b9a1c5568b907bd184fb4dde7b40?s=96&d=mm&r=g\",\"caption\":\"inclusivenews2024\"},\"sameAs\":[\"https:\\\/\\\/inclusivenews.com.br\"],\"url\":\"https:\\\/\\\/inclusivenews.com.br\\\/?author=1\"}]}<\/script>\n<!-- \/ Yoast SEO plugin. -->","yoast_head_json":{"title":"Objetivos de desenvolvimento devem incluir pessoas com defici\u00eancia, afirmam l\u00edderes mundiais na ONU -","robots":{"index":"index","follow":"follow","max-snippet":"max-snippet:-1","max-image-preview":"max-image-preview:large","max-video-preview":"max-video-preview:-1"},"canonical":"https:\/\/inclusivenews.com.br\/?p=25358","og_locale":"pt_PT","og_type":"article","og_title":"Objetivos de desenvolvimento devem incluir pessoas com defici\u00eancia, afirmam l\u00edderes mundiais na ONU -","og_description":"Stevie Wonder, que \u00e9 um Mensageiro da Paz da ONU para defender as quest\u00f5es de defici\u00eancia, abriu o encontro.","og_url":"https:\/\/inclusivenews.com.br\/?p=25358","article_publisher":"https:\/\/www.facebook.com\/agenciainclusive\/","article_published_time":"2013-09-24T04:26:51+00:00","og_image":[{"url":"http:\/\/inclusivenews.com.br\/wp-content\/uploads\/stevie-300x224.jpg","type":"","width":"","height":""}],"author":"inclusivenews2024","twitter_card":"summary_large_image","twitter_misc":{"Escrito por":"inclusivenews2024","Tempo estimado de leitura":"2 minutos"},"schema":{"@context":"https:\/\/schema.org","@graph":[{"@type":"Article","@id":"https:\/\/inclusivenews.com.br\/?p=25358#article","isPartOf":{"@id":"https:\/\/inclusivenews.com.br\/?p=25358"},"author":{"name":"inclusivenews2024","@id":"https:\/\/inclusivenews.com.br\/#\/schema\/person\/ae4ec7087559b8692fb33b6fffd2273b"},"headline":"Objetivos de desenvolvimento devem incluir pessoas com defici\u00eancia, afirmam l\u00edderes mundiais na ONU","datePublished":"2013-09-24T04:26:51+00:00","mainEntityOfPage":{"@id":"https:\/\/inclusivenews.com.br\/?p=25358"},"wordCount":340,"commentCount":0,"publisher":{"@id":"https:\/\/inclusivenews.com.br\/#organization"},"image":{"@id":"https:\/\/inclusivenews.com.br\/?p=25358#primaryimage"},"thumbnailUrl":"http:\/\/inclusivenews.com.br\/wp-content\/uploads\/stevie-300x224.jpg","articleSection":["Conven\u00e7\u00e3o","Defici\u00eancia","INCLUS\u00c3O SOCIAL"],"inLanguage":"pt-PT","potentialAction":[{"@type":"CommentAction","name":"Comment","target":["https:\/\/inclusivenews.com.br\/?p=25358#respond"]}]},{"@type":"WebPage","@id":"https:\/\/inclusivenews.com.br\/?p=25358","url":"https:\/\/inclusivenews.com.br\/?p=25358","name":"Objetivos de desenvolvimento devem incluir pessoas com defici\u00eancia, afirmam l\u00edderes mundiais na ONU -","isPartOf":{"@id":"https:\/\/inclusivenews.com.br\/#website"},"primaryImageOfPage":{"@id":"https:\/\/inclusivenews.com.br\/?p=25358#primaryimage"},"image":{"@id":"https:\/\/inclusivenews.com.br\/?p=25358#primaryimage"},"thumbnailUrl":"http:\/\/inclusivenews.com.br\/wp-content\/uploads\/stevie-300x224.jpg","datePublished":"2013-09-24T04:26:51+00:00","breadcrumb":{"@id":"https:\/\/inclusivenews.com.br\/?p=25358#breadcrumb"},"inLanguage":"pt-PT","potentialAction":[{"@type":"ReadAction","target":["https:\/\/inclusivenews.com.br\/?p=25358"]}]},{"@type":"ImageObject","inLanguage":"pt-PT","@id":"https:\/\/inclusivenews.com.br\/?p=25358#primaryimage","url":"","contentUrl":""},{"@type":"BreadcrumbList","@id":"https:\/\/inclusivenews.com.br\/?p=25358#breadcrumb","itemListElement":[{"@type":"ListItem","position":1,"name":"In\u00edcio","item":"https:\/\/inclusivenews.com.br\/"},{"@type":"ListItem","position":2,"name":"Objetivos de desenvolvimento devem incluir pessoas com defici\u00eancia, afirmam l\u00edderes mundiais na ONU"}]},{"@type":"WebSite","@id":"https:\/\/inclusivenews.com.br\/#website","url":"https:\/\/inclusivenews.com.br\/","name":"Inclusive News","description":"Inclusive News","publisher":{"@id":"https:\/\/inclusivenews.com.br\/#organization"},"potentialAction":[{"@type":"SearchAction","target":{"@type":"EntryPoint","urlTemplate":"https:\/\/inclusivenews.com.br\/?s={search_term_string}"},"query-input":{"@type":"PropertyValueSpecification","valueRequired":true,"valueName":"search_term_string"}}],"inLanguage":"pt-PT"},{"@type":"Organization","@id":"https:\/\/inclusivenews.com.br\/#organization","name":"Inclusive - inclus\u00e3o e cidadania","url":"https:\/\/inclusivenews.com.br\/","logo":{"@type":"ImageObject","inLanguage":"pt-PT","@id":"https:\/\/inclusivenews.com.br\/#\/schema\/logo\/image\/","url":"https:\/\/inclusivenews.com.br\/wp-content\/uploads\/2024\/03\/@grandesite.png","contentUrl":"https:\/\/inclusivenews.com.br\/wp-content\/uploads\/2024\/03\/@grandesite.png","width":1080,"height":1080,"caption":"Inclusive - inclus\u00e3o e cidadania"},"image":{"@id":"https:\/\/inclusivenews.com.br\/#\/schema\/logo\/image\/"},"sameAs":["https:\/\/www.facebook.com\/agenciainclusive\/","https:\/\/www.instagram.com\/newsinclusive\/"]},{"@type":"Person","@id":"https:\/\/inclusivenews.com.br\/#\/schema\/person\/ae4ec7087559b8692fb33b6fffd2273b","name":"inclusivenews2024","image":{"@type":"ImageObject","inLanguage":"pt-PT","@id":"https:\/\/secure.gravatar.com\/avatar\/c5a7ef84c66fa914f55bc4f7ce26cfa275a3b9a1c5568b907bd184fb4dde7b40?s=96&d=mm&r=g","url":"https:\/\/secure.gravatar.com\/avatar\/c5a7ef84c66fa914f55bc4f7ce26cfa275a3b9a1c5568b907bd184fb4dde7b40?s=96&d=mm&r=g","contentUrl":"https:\/\/secure.gravatar.com\/avatar\/c5a7ef84c66fa914f55bc4f7ce26cfa275a3b9a1c5568b907bd184fb4dde7b40?s=96&d=mm&r=g","caption":"inclusivenews2024"},"sameAs":["https:\/\/inclusivenews.com.br"],"url":"https:\/\/inclusivenews.com.br\/?author=1"}]}},"_links":{"self":[{"href":"https:\/\/inclusivenews.com.br\/index.php?rest_route=\/wp\/v2\/posts\/25358","targetHints":{"allow":["GET"]}}],"collection":[{"href":"https:\/\/inclusivenews.com.br\/index.php?rest_route=\/wp\/v2\/posts"}],"about":[{"href":"https:\/\/inclusivenews.com.br\/index.php?rest_route=\/wp\/v2\/types\/post"}],"author":[{"embeddable":true,"href":"https:\/\/inclusivenews.com.br\/index.php?rest_route=\/wp\/v2\/users\/1"}],"replies":[{"embeddable":true,"href":"https:\/\/inclusivenews.com.br\/index.php?rest_route=%2Fwp%2Fv2%2Fcomments&post=25358"}],"version-history":[{"count":0,"href":"https:\/\/inclusivenews.com.br\/index.php?rest_route=\/wp\/v2\/posts\/25358\/revisions"}],"wp:attachment":[{"href":"https:\/\/inclusivenews.com.br\/index.php?rest_route=%2Fwp%2Fv2%2Fmedia&parent=25358"}],"wp:term":[{"taxonomy":"category","embeddable":true,"href":"https:\/\/inclusivenews.com.br\/index.php?rest_route=%2Fwp%2Fv2%2Fcategories&post=25358"},{"taxonomy":"post_tag","embeddable":true,"href":"https:\/\/inclusivenews.com.br\/index.php?rest_route=%2Fwp%2Fv2%2Ftags&post=25358"}],"curies":[{"name":"wp","href":"https:\/\/api.w.org\/{rel}","templated":true}]}}