{"id":25407,"date":"2013-09-29T23:55:31","date_gmt":"2013-09-30T02:55:31","guid":{"rendered":"http:\/\/www.inclusive.org.br\/?p=25407"},"modified":"2013-09-29T23:55:31","modified_gmt":"2013-09-30T02:55:31","slug":"sabor-e-acessibilidade-primeiro-almoco","status":"publish","type":"post","link":"https:\/\/inclusivenews.com.br\/?p=25407","title":{"rendered":"Sabor e Acesso &#8211; Primeiro Almo\u00e7o &#8211; Bar d&#039;Hotel"},"content":{"rendered":"<figure id=\"attachment_25408\" aria-describedby=\"caption-attachment-25408\" style=\"width: 246px\" class=\"wp-caption alignleft\"><img loading=\"lazy\" decoding=\"async\" class=\"size-full wp-image-25408\" title=\"Marina\" src=\"http:\/\/inclusivenews.com.br\/wp-content\/uploads\/Marina.png\" alt=\"Descri\u00e7\u00e3o da Imagem - Eu e meu andador, na porta do hotel Marina All suites. Ao fundo, 3 degraus intranspon\u00edveis para mim.\" width=\"246\" height=\"343\" \/><figcaption id=\"caption-attachment-25408\" class=\"wp-caption-text\">Descri\u00e7\u00e3o da Imagem - Eu e meu andador, na porta do hotel Marina All suites. Ao fundo, 3 degraus intranspon\u00edveis para mim.<\/figcaption><\/figure>\n<p><span style=\"font-size: 13px;\">Era a primeira vez que est\u00e1vamos saindo sem as crian\u00e7as. Queria um lugar especial pra curtir o marido. Passei por poucas e boas nos \u00faltimos dias, achei que merecia uma extravag\u00e2ncia. Examinamos as op\u00e7\u00f5es &#8220;walking distance&#8221; (no meu caso, andando de andador), e optei pelo Bar D&#8217;Hotel, do Marina All Suites. J\u00e1 tinha estado l\u00e1 duas vezes recentemente e tinha gostado tanto da comida quanto dos drinks. Depois, normalmente o restaurante fica vazio durante o dia. E em se tratando de um hotel, certamente seria acess\u00edvel&#8230;. S\u00f3 que n\u00e3o!!!!<\/span><\/p>\n<p>Puxei meu andador duas quadras e chegamos bravamente ao Maria All Suites. \u00d3tima primeira impress\u00e3o &#8211; portas autom\u00e1ticas e nada de escada na entrada&#8230; mas voil\u00e1 &#8211; 3 degraus para pegar o elevador e ir pro restaurante&#8230;<\/p>\n<p>_ Tem outra entrada? N\u00e3o.<\/p>\n<p>_ Tem uma rampa m\u00f3vel? Tem sim, mas a senhora tem que esperar eu pegar l\u00e1 no terceiro andar.<\/p>\n<p>_ Ah, que bom, eu espero. N\u00e3o estou com pressa.<\/p>\n<p>Enquanto espero&#8230;<\/p>\n<p>_ Voc\u00eas nunca tiveram cadeirante aqui no hotel n\u00e3o?<\/p>\n<p>_ Tivemos, mas a\u00ed a gente usa a rampa. Mas pra senhora acho que n\u00e3o vai dar n\u00e3o porque ela \u00e9 muito inclinada.\u00a0 Al\u00e9m do mais, o restaurante est\u00e1 fechado porque vai ter um evento l\u00e1 e est\u00e3o arrumando. Olha aqui na programa\u00e7\u00e3o. N\u00e3o estou mandando a senhora embora porque n\u00e3o d\u00e1 pra entrar&#8230;.<\/p>\n<p>_ Ah \u00e9? Que tal terem dito isso antes???<\/p>\n<p>Marina All Suites &#8211; Bar D&#8217;Hotel<\/p>\n<p>Acessibilidade 0 (n\u00e3o consegui entrar)<\/p>\n<p>Comida 0 (n\u00e3o consegui provar)<\/p>\n<p>Atendimento ao Cliente &#8211; 1 (foram educados, mas n\u00e3o ajudaram)<\/p>\n<p>M\u00e9dia &#8211; 0,33<\/p>\n","protected":false},"excerpt":{"rendered":"<p>Em se tratando de um hotel, certamente seria acess\u00edvel&#8230;. S\u00f3 que n\u00e3o!!!!<\/p>\n","protected":false},"author":1,"featured_media":0,"comment_status":"open","ping_status":"open","sticky":false,"template":"","format":"standard","meta":{"site-container-style":"default","site-container-layout":"default","site-sidebar-layout":"default","disable-article-header":"default","disable-site-header":"default","disable-site-footer":"default","disable-content-area-spacing":"default","footnotes":""},"categories":[44,38,216],"tags":[],"class_list":["post-25407","post","type-post","status-publish","format-standard","hentry","category-acessibilidade","category-deficiencia","category-sabor-e-acessibilidade"],"yoast_head":"<!-- This site is optimized with the Yoast SEO plugin v27.4 - https:\/\/yoast.com\/product\/yoast-seo-wordpress\/ -->\n<title>Sabor e Acesso - Primeiro Almo\u00e7o - Bar d&#039;Hotel -<\/title>\n<meta name=\"robots\" content=\"index, follow, max-snippet:-1, max-image-preview:large, max-video-preview:-1\" \/>\n<link rel=\"canonical\" href=\"https:\/\/inclusivenews.com.br\/?p=25407\" \/>\n<meta property=\"og:locale\" content=\"pt_PT\" \/>\n<meta property=\"og:type\" content=\"article\" \/>\n<meta property=\"og:title\" content=\"Sabor e Acesso - Primeiro Almo\u00e7o - Bar d&#039;Hotel -\" \/>\n<meta property=\"og:description\" content=\"Em se tratando de um hotel, certamente seria acess\u00edvel.... S\u00f3 que n\u00e3o!!!!\" \/>\n<meta property=\"og:url\" content=\"https:\/\/inclusivenews.com.br\/?p=25407\" \/>\n<meta property=\"article:publisher\" content=\"https:\/\/www.facebook.com\/agenciainclusive\/\" \/>\n<meta property=\"article:published_time\" content=\"2013-09-30T02:55:31+00:00\" \/>\n<meta property=\"og:image\" content=\"http:\/\/inclusivenews.com.br\/wp-content\/uploads\/Marina.png\" \/>\n<meta name=\"author\" content=\"inclusivenews2024\" \/>\n<meta name=\"twitter:card\" content=\"summary_large_image\" \/>\n<meta name=\"twitter:label1\" content=\"Escrito por\" \/>\n\t<meta name=\"twitter:data1\" content=\"inclusivenews2024\" \/>\n\t<meta name=\"twitter:label2\" content=\"Tempo estimado de leitura\" \/>\n\t<meta name=\"twitter:data2\" content=\"2 minutos\" \/>\n<script type=\"application\/ld+json\" class=\"yoast-schema-graph\">{\"@context\":\"https:\\\/\\\/schema.org\",\"@graph\":[{\"@type\":\"Article\",\"@id\":\"https:\\\/\\\/inclusivenews.com.br\\\/?p=25407#article\",\"isPartOf\":{\"@id\":\"https:\\\/\\\/inclusivenews.com.br\\\/?p=25407\"},\"author\":{\"name\":\"inclusivenews2024\",\"@id\":\"https:\\\/\\\/inclusivenews.com.br\\\/#\\\/schema\\\/person\\\/ae4ec7087559b8692fb33b6fffd2273b\"},\"headline\":\"Sabor e Acesso &#8211; Primeiro Almo\u00e7o &#8211; Bar d&#039;Hotel\",\"datePublished\":\"2013-09-30T02:55:31+00:00\",\"mainEntityOfPage\":{\"@id\":\"https:\\\/\\\/inclusivenews.com.br\\\/?p=25407\"},\"wordCount\":318,\"commentCount\":1,\"publisher\":{\"@id\":\"https:\\\/\\\/inclusivenews.com.br\\\/#organization\"},\"image\":{\"@id\":\"https:\\\/\\\/inclusivenews.com.br\\\/?p=25407#primaryimage\"},\"thumbnailUrl\":\"http:\\\/\\\/inclusivenews.com.br\\\/wp-content\\\/uploads\\\/Marina.png\",\"articleSection\":[\"ACESSIBILIDADE\",\"Defici\u00eancia\",\"Sabor e Acessibilidade\"],\"inLanguage\":\"pt-PT\",\"potentialAction\":[{\"@type\":\"CommentAction\",\"name\":\"Comment\",\"target\":[\"https:\\\/\\\/inclusivenews.com.br\\\/?p=25407#respond\"]}]},{\"@type\":\"WebPage\",\"@id\":\"https:\\\/\\\/inclusivenews.com.br\\\/?p=25407\",\"url\":\"https:\\\/\\\/inclusivenews.com.br\\\/?p=25407\",\"name\":\"Sabor e Acesso - Primeiro Almo\u00e7o - Bar d&#039;Hotel -\",\"isPartOf\":{\"@id\":\"https:\\\/\\\/inclusivenews.com.br\\\/#website\"},\"primaryImageOfPage\":{\"@id\":\"https:\\\/\\\/inclusivenews.com.br\\\/?p=25407#primaryimage\"},\"image\":{\"@id\":\"https:\\\/\\\/inclusivenews.com.br\\\/?p=25407#primaryimage\"},\"thumbnailUrl\":\"http:\\\/\\\/inclusivenews.com.br\\\/wp-content\\\/uploads\\\/Marina.png\",\"datePublished\":\"2013-09-30T02:55:31+00:00\",\"breadcrumb\":{\"@id\":\"https:\\\/\\\/inclusivenews.com.br\\\/?p=25407#breadcrumb\"},\"inLanguage\":\"pt-PT\",\"potentialAction\":[{\"@type\":\"ReadAction\",\"target\":[\"https:\\\/\\\/inclusivenews.com.br\\\/?p=25407\"]}]},{\"@type\":\"ImageObject\",\"inLanguage\":\"pt-PT\",\"@id\":\"https:\\\/\\\/inclusivenews.com.br\\\/?p=25407#primaryimage\",\"url\":\"\",\"contentUrl\":\"\"},{\"@type\":\"BreadcrumbList\",\"@id\":\"https:\\\/\\\/inclusivenews.com.br\\\/?p=25407#breadcrumb\",\"itemListElement\":[{\"@type\":\"ListItem\",\"position\":1,\"name\":\"In\u00edcio\",\"item\":\"https:\\\/\\\/inclusivenews.com.br\\\/\"},{\"@type\":\"ListItem\",\"position\":2,\"name\":\"Sabor e Acesso &#8211; Primeiro Almo\u00e7o &#8211; Bar d&#039;Hotel\"}]},{\"@type\":\"WebSite\",\"@id\":\"https:\\\/\\\/inclusivenews.com.br\\\/#website\",\"url\":\"https:\\\/\\\/inclusivenews.com.br\\\/\",\"name\":\"Inclusive News\",\"description\":\"Inclusive News\",\"publisher\":{\"@id\":\"https:\\\/\\\/inclusivenews.com.br\\\/#organization\"},\"potentialAction\":[{\"@type\":\"SearchAction\",\"target\":{\"@type\":\"EntryPoint\",\"urlTemplate\":\"https:\\\/\\\/inclusivenews.com.br\\\/?s={search_term_string}\"},\"query-input\":{\"@type\":\"PropertyValueSpecification\",\"valueRequired\":true,\"valueName\":\"search_term_string\"}}],\"inLanguage\":\"pt-PT\"},{\"@type\":\"Organization\",\"@id\":\"https:\\\/\\\/inclusivenews.com.br\\\/#organization\",\"name\":\"Inclusive - inclus\u00e3o e cidadania\",\"url\":\"https:\\\/\\\/inclusivenews.com.br\\\/\",\"logo\":{\"@type\":\"ImageObject\",\"inLanguage\":\"pt-PT\",\"@id\":\"https:\\\/\\\/inclusivenews.com.br\\\/#\\\/schema\\\/logo\\\/image\\\/\",\"url\":\"https:\\\/\\\/inclusivenews.com.br\\\/wp-content\\\/uploads\\\/2024\\\/03\\\/@grandesite.png\",\"contentUrl\":\"https:\\\/\\\/inclusivenews.com.br\\\/wp-content\\\/uploads\\\/2024\\\/03\\\/@grandesite.png\",\"width\":1080,\"height\":1080,\"caption\":\"Inclusive - inclus\u00e3o e cidadania\"},\"image\":{\"@id\":\"https:\\\/\\\/inclusivenews.com.br\\\/#\\\/schema\\\/logo\\\/image\\\/\"},\"sameAs\":[\"https:\\\/\\\/www.facebook.com\\\/agenciainclusive\\\/\",\"https:\\\/\\\/www.instagram.com\\\/newsinclusive\\\/\"]},{\"@type\":\"Person\",\"@id\":\"https:\\\/\\\/inclusivenews.com.br\\\/#\\\/schema\\\/person\\\/ae4ec7087559b8692fb33b6fffd2273b\",\"name\":\"inclusivenews2024\",\"image\":{\"@type\":\"ImageObject\",\"inLanguage\":\"pt-PT\",\"@id\":\"https:\\\/\\\/secure.gravatar.com\\\/avatar\\\/c5a7ef84c66fa914f55bc4f7ce26cfa275a3b9a1c5568b907bd184fb4dde7b40?s=96&d=mm&r=g\",\"url\":\"https:\\\/\\\/secure.gravatar.com\\\/avatar\\\/c5a7ef84c66fa914f55bc4f7ce26cfa275a3b9a1c5568b907bd184fb4dde7b40?s=96&d=mm&r=g\",\"contentUrl\":\"https:\\\/\\\/secure.gravatar.com\\\/avatar\\\/c5a7ef84c66fa914f55bc4f7ce26cfa275a3b9a1c5568b907bd184fb4dde7b40?s=96&d=mm&r=g\",\"caption\":\"inclusivenews2024\"},\"sameAs\":[\"https:\\\/\\\/inclusivenews.com.br\"],\"url\":\"https:\\\/\\\/inclusivenews.com.br\\\/?author=1\"}]}<\/script>\n<!-- \/ Yoast SEO plugin. -->","yoast_head_json":{"title":"Sabor e Acesso - Primeiro Almo\u00e7o - Bar d&#039;Hotel -","robots":{"index":"index","follow":"follow","max-snippet":"max-snippet:-1","max-image-preview":"max-image-preview:large","max-video-preview":"max-video-preview:-1"},"canonical":"https:\/\/inclusivenews.com.br\/?p=25407","og_locale":"pt_PT","og_type":"article","og_title":"Sabor e Acesso - Primeiro Almo\u00e7o - Bar d&#039;Hotel -","og_description":"Em se tratando de um hotel, certamente seria acess\u00edvel.... S\u00f3 que n\u00e3o!!!!","og_url":"https:\/\/inclusivenews.com.br\/?p=25407","article_publisher":"https:\/\/www.facebook.com\/agenciainclusive\/","article_published_time":"2013-09-30T02:55:31+00:00","og_image":[{"url":"http:\/\/inclusivenews.com.br\/wp-content\/uploads\/Marina.png","type":"","width":"","height":""}],"author":"inclusivenews2024","twitter_card":"summary_large_image","twitter_misc":{"Escrito por":"inclusivenews2024","Tempo estimado de leitura":"2 minutos"},"schema":{"@context":"https:\/\/schema.org","@graph":[{"@type":"Article","@id":"https:\/\/inclusivenews.com.br\/?p=25407#article","isPartOf":{"@id":"https:\/\/inclusivenews.com.br\/?p=25407"},"author":{"name":"inclusivenews2024","@id":"https:\/\/inclusivenews.com.br\/#\/schema\/person\/ae4ec7087559b8692fb33b6fffd2273b"},"headline":"Sabor e Acesso &#8211; Primeiro Almo\u00e7o &#8211; Bar d&#039;Hotel","datePublished":"2013-09-30T02:55:31+00:00","mainEntityOfPage":{"@id":"https:\/\/inclusivenews.com.br\/?p=25407"},"wordCount":318,"commentCount":1,"publisher":{"@id":"https:\/\/inclusivenews.com.br\/#organization"},"image":{"@id":"https:\/\/inclusivenews.com.br\/?p=25407#primaryimage"},"thumbnailUrl":"http:\/\/inclusivenews.com.br\/wp-content\/uploads\/Marina.png","articleSection":["ACESSIBILIDADE","Defici\u00eancia","Sabor e Acessibilidade"],"inLanguage":"pt-PT","potentialAction":[{"@type":"CommentAction","name":"Comment","target":["https:\/\/inclusivenews.com.br\/?p=25407#respond"]}]},{"@type":"WebPage","@id":"https:\/\/inclusivenews.com.br\/?p=25407","url":"https:\/\/inclusivenews.com.br\/?p=25407","name":"Sabor e Acesso - Primeiro Almo\u00e7o - Bar d&#039;Hotel -","isPartOf":{"@id":"https:\/\/inclusivenews.com.br\/#website"},"primaryImageOfPage":{"@id":"https:\/\/inclusivenews.com.br\/?p=25407#primaryimage"},"image":{"@id":"https:\/\/inclusivenews.com.br\/?p=25407#primaryimage"},"thumbnailUrl":"http:\/\/inclusivenews.com.br\/wp-content\/uploads\/Marina.png","datePublished":"2013-09-30T02:55:31+00:00","breadcrumb":{"@id":"https:\/\/inclusivenews.com.br\/?p=25407#breadcrumb"},"inLanguage":"pt-PT","potentialAction":[{"@type":"ReadAction","target":["https:\/\/inclusivenews.com.br\/?p=25407"]}]},{"@type":"ImageObject","inLanguage":"pt-PT","@id":"https:\/\/inclusivenews.com.br\/?p=25407#primaryimage","url":"","contentUrl":""},{"@type":"BreadcrumbList","@id":"https:\/\/inclusivenews.com.br\/?p=25407#breadcrumb","itemListElement":[{"@type":"ListItem","position":1,"name":"In\u00edcio","item":"https:\/\/inclusivenews.com.br\/"},{"@type":"ListItem","position":2,"name":"Sabor e Acesso &#8211; Primeiro Almo\u00e7o &#8211; Bar d&#039;Hotel"}]},{"@type":"WebSite","@id":"https:\/\/inclusivenews.com.br\/#website","url":"https:\/\/inclusivenews.com.br\/","name":"Inclusive News","description":"Inclusive News","publisher":{"@id":"https:\/\/inclusivenews.com.br\/#organization"},"potentialAction":[{"@type":"SearchAction","target":{"@type":"EntryPoint","urlTemplate":"https:\/\/inclusivenews.com.br\/?s={search_term_string}"},"query-input":{"@type":"PropertyValueSpecification","valueRequired":true,"valueName":"search_term_string"}}],"inLanguage":"pt-PT"},{"@type":"Organization","@id":"https:\/\/inclusivenews.com.br\/#organization","name":"Inclusive - inclus\u00e3o e cidadania","url":"https:\/\/inclusivenews.com.br\/","logo":{"@type":"ImageObject","inLanguage":"pt-PT","@id":"https:\/\/inclusivenews.com.br\/#\/schema\/logo\/image\/","url":"https:\/\/inclusivenews.com.br\/wp-content\/uploads\/2024\/03\/@grandesite.png","contentUrl":"https:\/\/inclusivenews.com.br\/wp-content\/uploads\/2024\/03\/@grandesite.png","width":1080,"height":1080,"caption":"Inclusive - inclus\u00e3o e cidadania"},"image":{"@id":"https:\/\/inclusivenews.com.br\/#\/schema\/logo\/image\/"},"sameAs":["https:\/\/www.facebook.com\/agenciainclusive\/","https:\/\/www.instagram.com\/newsinclusive\/"]},{"@type":"Person","@id":"https:\/\/inclusivenews.com.br\/#\/schema\/person\/ae4ec7087559b8692fb33b6fffd2273b","name":"inclusivenews2024","image":{"@type":"ImageObject","inLanguage":"pt-PT","@id":"https:\/\/secure.gravatar.com\/avatar\/c5a7ef84c66fa914f55bc4f7ce26cfa275a3b9a1c5568b907bd184fb4dde7b40?s=96&d=mm&r=g","url":"https:\/\/secure.gravatar.com\/avatar\/c5a7ef84c66fa914f55bc4f7ce26cfa275a3b9a1c5568b907bd184fb4dde7b40?s=96&d=mm&r=g","contentUrl":"https:\/\/secure.gravatar.com\/avatar\/c5a7ef84c66fa914f55bc4f7ce26cfa275a3b9a1c5568b907bd184fb4dde7b40?s=96&d=mm&r=g","caption":"inclusivenews2024"},"sameAs":["https:\/\/inclusivenews.com.br"],"url":"https:\/\/inclusivenews.com.br\/?author=1"}]}},"_links":{"self":[{"href":"https:\/\/inclusivenews.com.br\/index.php?rest_route=\/wp\/v2\/posts\/25407","targetHints":{"allow":["GET"]}}],"collection":[{"href":"https:\/\/inclusivenews.com.br\/index.php?rest_route=\/wp\/v2\/posts"}],"about":[{"href":"https:\/\/inclusivenews.com.br\/index.php?rest_route=\/wp\/v2\/types\/post"}],"author":[{"embeddable":true,"href":"https:\/\/inclusivenews.com.br\/index.php?rest_route=\/wp\/v2\/users\/1"}],"replies":[{"embeddable":true,"href":"https:\/\/inclusivenews.com.br\/index.php?rest_route=%2Fwp%2Fv2%2Fcomments&post=25407"}],"version-history":[{"count":0,"href":"https:\/\/inclusivenews.com.br\/index.php?rest_route=\/wp\/v2\/posts\/25407\/revisions"}],"wp:attachment":[{"href":"https:\/\/inclusivenews.com.br\/index.php?rest_route=%2Fwp%2Fv2%2Fmedia&parent=25407"}],"wp:term":[{"taxonomy":"category","embeddable":true,"href":"https:\/\/inclusivenews.com.br\/index.php?rest_route=%2Fwp%2Fv2%2Fcategories&post=25407"},{"taxonomy":"post_tag","embeddable":true,"href":"https:\/\/inclusivenews.com.br\/index.php?rest_route=%2Fwp%2Fv2%2Ftags&post=25407"}],"curies":[{"name":"wp","href":"https:\/\/api.w.org\/{rel}","templated":true}]}}