{"id":25444,"date":"2013-10-01T14:06:28","date_gmt":"2013-10-01T17:06:28","guid":{"rendered":"http:\/\/www.inclusive.org.br\/?p=25444"},"modified":"2013-10-01T14:06:28","modified_gmt":"2013-10-01T17:06:28","slug":"reabilitacao-cognitiva-para-adultos-com-deficiencia-intelectual-teoria-e-estrategias-de-intervencao","status":"publish","type":"post","link":"https:\/\/inclusivenews.com.br\/?p=25444","title":{"rendered":"Reabilita\u00e7\u00e3o cognitiva para adultos com defici\u00eancia intelectual: teoria e estrat\u00e9gias de interven\u00e7\u00e3o"},"content":{"rendered":"<figure id=\"attachment_20262\" aria-describedby=\"caption-attachment-20262\" style=\"width: 82px\" class=\"wp-caption alignleft\"><img loading=\"lazy\" decoding=\"async\" class=\"size-full wp-image-20262\" title=\"Logo da APAE de SP - Desenho em azul, mostrando duas m\u00e3os protegendo uma flor.\" src=\"http:\/\/inclusivenews.com.br\/wp-content\/uploads\/apaesp.jpg\" alt=\"Logo da APAE de SP - Desenho em azul, mostrando duas m\u00e3os protegendo uma flor.\" width=\"82\" height=\"109\" \/><figcaption id=\"caption-attachment-20262\" class=\"wp-caption-text\"> <\/figcaption><\/figure>\n<p><strong>Modalidade EaD: <\/strong>sala de aula colaborativa, ambiente virtual de aprendizagem  din\u00e2mico. As intera\u00e7\u00f5es ocorrer\u00e3o em sala aula ass\u00edncrona e mediadas por  um docente. A metodologia privilegia o di\u00e1logo, a colabora\u00e7\u00e3o, a  intera\u00e7\u00e3o, a autonomia, a autoria e coautoria dos alunos.  A avalia\u00e7\u00e3o ser\u00e1 multidimesional (diagn\u00f3stica, formativa e somativa),  ocorrendo durante todo o per\u00edodo do curso. Como recursos did\u00e1ticos ser\u00e3o  utilizados textos, v\u00eddeos, \u00e1udios, f\u00f3runs de discuss\u00e3o, biblioteca e  outras interfaces de colabora\u00e7\u00e3o.<\/p>\n<p><strong>Per\u00edodo: <\/strong>30\/10\/13 a 04\/12\/13<\/p>\n<p><strong> Dura\u00e7\u00e3o: <\/strong>5 semanas \u00a0\u00a0\u00a0\u00a0\u00a0\u00a0\u00a0\u00a0\u00a0\u00a0\u00a0\u00a0\u00a0\u00a0\u00a0\u00a0\u00a0\u00a0\u00a0\u00a0\u00a0\u00a0\u00a0\u00a0\u00a0\u00a0\u00a0\u00a0\u00a0\u00a0\u00a0\u00a0\u00a0\u00a0\u00a0\u00a0\u00a0\u00a0\u00a0\u00a0\u00a0\u00a0\u00a0\u00a0\u00a0\u00a0 <strong> <\/strong><\/p>\n<p><strong>Institui\u00e7\u00e3o Certificadora: <\/strong>INSTITUTO APAE DE S\u00c3O PAULO<\/p>\n<p><strong> Carga hor\u00e1ria:<\/strong> 40 horas<\/p>\n<p><strong>Objetivo:<\/strong> capacitar o profissional para a pratica da reabilita\u00e7\u00e3o cognitiva do adulto com defici\u00eancia intelectual.<\/p>\n<p><strong>P\u00fablico-alvo:<\/strong> profissionais da \u00e1rea da sa\u00fade, da assist\u00eancia social, cuidadores, profissionais de APAEs e estudantes.<\/p>\n<p><strong>Conte\u00fado:<\/strong><\/p>\n<p><strong>M\u00f3dulo 1 \u2013 <\/strong>Introdu\u00e7\u00e3o \u00e0 Reabilita\u00e7\u00e3o Cognitiva<\/p>\n<p><strong>M\u00f3dulo 2- <\/strong>Aspectos da Reabilita\u00e7\u00e3o em Pessoas com Defici\u00eancia Intelectual<\/p>\n<p><strong>M\u00f3dulo 3- <\/strong>Pr\u00e1tica Profissional da Reabilita\u00e7\u00e3o Cognitiva<\/p>\n<p><strong>M\u00f3dulo 4- <\/strong>Estrat\u00e9gias de Interven\u00e7\u00e3o na Reabilita\u00e7\u00e3o da pessoa adulta com Defici\u00eancia Intelectual<\/p>\n<p><strong>M\u00f3dulo 5- <\/strong>Reabilita\u00e7\u00e3o durante o Envelhecimento<\/p>\n<p><strong>M\u00f3dulo 1 \u2013 Introdu\u00e7\u00e3o \u00e0 Reabilita\u00e7\u00e3o Cognitiva<\/strong><\/p>\n<p>1.1\u00a0Reabilita\u00e7\u00e3o Cognitiva- Conceito e Desafios<\/p>\n<p>1.2\u00a0Contextualiza\u00e7\u00e3o: Reabilita\u00e7\u00e3o Neuropsicol\u00f3gica, Reabilita\u00e7\u00e3o Cognitiva, Estimula\u00e7\u00e3o Cognitiva e Treino Cognitivo<\/p>\n<p>1.3\u00a0Equipe Interdisciplinar: a Reabilita\u00e7\u00e3o Cognitiva Hol\u00edstica<\/p>\n<p>1.4\u00a0Neuroplasticidade e Reserva Cognitiva<\/p>\n<p>(+ Apresenta\u00e7\u00e3o dos alunos, Discuss\u00e3o em F\u00f3rum de Debate, Leitura Complementar)<\/p>\n<p><strong>M\u00f3dulo 2- Aspectos da Reabilita\u00e7\u00e3o em Pessoas com Defici\u00eancia Intelectual<\/strong><\/p>\n<p>2.1\u00a0Fun\u00e7\u00f5es Cognitivas<\/p>\n<p>2.2\u00a0Funcionalidade<\/p>\n<p>2.3\u00a0Aspectos Emocionais<\/p>\n<p>2.4\u00a0Reabilita\u00e7\u00e3o Ecol\u00f3gica<\/p>\n<p>(+ Discuss\u00e3o em F\u00f3rum de Debate, Leitura Complementar)<\/p>\n<p><strong> M\u00f3dulo 3- Pr\u00e1tica Profissional da Reabilita\u00e7\u00e3o Cognitiva<\/strong><\/p>\n<p>3.1-Import\u00e2ncia de Avaliar para Reabilitar<\/p>\n<p>3.2-Planejamento e Defini\u00e7\u00e3o de Metas<\/p>\n<p>3.3-Medidas Evolutivas e Avalia\u00e7\u00e3o dos Resultados<\/p>\n<p>3.4-Materiais de Uso Profissional e Criatividade<\/p>\n<p>(+ Discuss\u00e3o em F\u00f3rum de Debate, Leitura Complementar, Tarefa Escrita e Chat)<\/p>\n<p>CHAT (Intera\u00e7\u00e3o sobre o conte\u00fado estudado)<\/p>\n<p><strong> M\u00f3dulo 4- Estrat\u00e9gias de Interven\u00e7\u00e3o na Reabilita\u00e7\u00e3o da pessoa adulta com Defici\u00eancia Intelectual<\/strong><\/p>\n<p>4.1\u00a0Reabilita\u00e7\u00e3o atrav\u00e9s do perfil neuropsicol\u00f3gico<\/p>\n<p>4.2\u00a0Reabilita\u00e7\u00e3o de base etiol\u00f3gica<\/p>\n<p>4.3\u00a0Especificidades da S\u00edndrome de Down<\/p>\n<p>4.4\u00a0Interven\u00e7\u00e3o em Grupo<\/p>\n<p>(+ Discuss\u00e3o em F\u00f3rum de Debate e Leitura Complementar)<\/p>\n<p><strong>M\u00f3dulo 5- Reabilita\u00e7\u00e3o durante o Envelhecimento<\/strong><\/p>\n<p>5.1 Processo de Envelhecimento da Pessoa com Defici\u00eancia Intelectual<\/p>\n<p>5.2\u00a0Interven\u00e7\u00e3o em casos com Decl\u00ednio Cognitivo e Dem\u00eancia<\/p>\n<p>5.3\u00a0Adapta\u00e7\u00e3o ao Processo Patol\u00f3gico Degenerativo<\/p>\n<p>5.4\u00a0Discuss\u00e3o de Caso<\/p>\n<p>(+ Discuss\u00e3o em F\u00f3rum de Finaliza\u00e7\u00e3o, Leitura Complementar, Chat e Avalia\u00e7\u00e3o do Curso)<\/p>\n<p>CHAT de Finaliza\u00e7\u00e3o (Intera\u00e7\u00e3o sobre o conte\u00fado estudado)<\/p>\n<p><strong>Professor: <\/strong><\/p>\n<p>Luciana Mascarenhas Fonseca. Psic\u00f3loga graduada  pela PUC-SP, com forma\u00e7\u00e3o em Psicogerontologia pela Universidade de  Barcelona, Espanha, e pela PUC-SP. Mestrado em Tanatologia pela  Universidade de Padova, It\u00e1lia. Especializanda em Reabilita\u00e7\u00e3o  Neuropsicol\u00f3gica pela USP.\u00a0 Atualmente \u00e9 membro do PROTER (Projeto  Terceira Idade) do Instituto de Psiquiatria da Faculdade de Medicina da  USP, onde atua em interven\u00e7\u00f5es e pesquisa nas \u00e1reas do  Envelhecimento e da Reabilita\u00e7\u00e3o Neuropsicol\u00f3gica. J\u00e1 trabalhou com  Dem\u00eancia e Decl\u00ednio Cognitivo pelo HU- FMUSP; em Unidade de Cuidados  Paliativos (Hospice) e foi Psic\u00f3loga do Servi\u00e7o de Apoio ao  Envelhecimento da APAE de S\u00e3o Paulo.<\/p>\n<p><strong>INFORMA\u00c7\u00d5ES:<\/strong><\/p>\n<p><a href=\"http:\/\/mail.uol.com.br\/compose?to=instituto@apaesp.org.br\" target=\"_blank\" rel=\"noopener\">instituto@apaesp.org.br<\/a><\/p>\n<p>(11) 5080-7186 ou 5080-7007<\/p>\n","protected":false},"excerpt":{"rendered":"<p>Com o objetivo de capacitar o profissional para a pratica da reabilita\u00e7\u00e3o cognitiva do adulto com defici\u00eancia intelectual a APAE de SP est\u00e1 oferecendo curso na modalidade EaD.<\/p>\n","protected":false},"author":1,"featured_media":0,"comment_status":"open","ping_status":"open","sticky":false,"template":"","format":"standard","meta":{"site-container-style":"default","site-container-layout":"default","site-sidebar-layout":"default","disable-article-header":"default","disable-site-header":"default","disable-site-footer":"default","disable-content-area-spacing":"default","footnotes":""},"categories":[38,48,4],"tags":[],"class_list":["post-25444","post","type-post","status-publish","format-standard","hentry","category-deficiencia","category-inclusao","category-noticias"],"yoast_head":"<!-- This site is optimized with the Yoast SEO plugin v27.4 - https:\/\/yoast.com\/product\/yoast-seo-wordpress\/ -->\n<title>Reabilita\u00e7\u00e3o cognitiva para adultos com defici\u00eancia intelectual: teoria e estrat\u00e9gias de interven\u00e7\u00e3o -<\/title>\n<meta name=\"robots\" content=\"index, follow, max-snippet:-1, max-image-preview:large, max-video-preview:-1\" \/>\n<link rel=\"canonical\" href=\"https:\/\/inclusivenews.com.br\/?p=25444\" \/>\n<meta property=\"og:locale\" content=\"pt_PT\" \/>\n<meta property=\"og:type\" content=\"article\" \/>\n<meta property=\"og:title\" content=\"Reabilita\u00e7\u00e3o cognitiva para adultos com defici\u00eancia intelectual: teoria e estrat\u00e9gias de interven\u00e7\u00e3o -\" \/>\n<meta property=\"og:description\" content=\"Com o objetivo de capacitar o profissional para a pratica da reabilita\u00e7\u00e3o cognitiva do adulto com defici\u00eancia intelectual a APAE de SP est\u00e1 oferecendo curso na modalidade EaD.\" \/>\n<meta property=\"og:url\" content=\"https:\/\/inclusivenews.com.br\/?p=25444\" \/>\n<meta property=\"article:publisher\" content=\"https:\/\/www.facebook.com\/agenciainclusive\/\" \/>\n<meta property=\"article:published_time\" content=\"2013-10-01T17:06:28+00:00\" \/>\n<meta property=\"og:image\" content=\"http:\/\/inclusivenews.com.br\/wp-content\/uploads\/apaesp.jpg\" \/>\n<meta name=\"author\" content=\"inclusivenews2024\" \/>\n<meta name=\"twitter:card\" content=\"summary_large_image\" \/>\n<meta name=\"twitter:label1\" content=\"Escrito por\" \/>\n\t<meta name=\"twitter:data1\" content=\"inclusivenews2024\" \/>\n\t<meta name=\"twitter:label2\" content=\"Tempo estimado de leitura\" \/>\n\t<meta name=\"twitter:data2\" content=\"3 minutos\" \/>\n<script type=\"application\/ld+json\" class=\"yoast-schema-graph\">{\"@context\":\"https:\\\/\\\/schema.org\",\"@graph\":[{\"@type\":\"Article\",\"@id\":\"https:\\\/\\\/inclusivenews.com.br\\\/?p=25444#article\",\"isPartOf\":{\"@id\":\"https:\\\/\\\/inclusivenews.com.br\\\/?p=25444\"},\"author\":{\"name\":\"inclusivenews2024\",\"@id\":\"https:\\\/\\\/inclusivenews.com.br\\\/#\\\/schema\\\/person\\\/ae4ec7087559b8692fb33b6fffd2273b\"},\"headline\":\"Reabilita\u00e7\u00e3o cognitiva para adultos com defici\u00eancia intelectual: teoria e estrat\u00e9gias de interven\u00e7\u00e3o\",\"datePublished\":\"2013-10-01T17:06:28+00:00\",\"mainEntityOfPage\":{\"@id\":\"https:\\\/\\\/inclusivenews.com.br\\\/?p=25444\"},\"wordCount\":600,\"commentCount\":1,\"publisher\":{\"@id\":\"https:\\\/\\\/inclusivenews.com.br\\\/#organization\"},\"image\":{\"@id\":\"https:\\\/\\\/inclusivenews.com.br\\\/?p=25444#primaryimage\"},\"thumbnailUrl\":\"http:\\\/\\\/inclusivenews.com.br\\\/wp-content\\\/uploads\\\/apaesp.jpg\",\"articleSection\":[\"Defici\u00eancia\",\"INCLUS\u00c3O SOCIAL\",\"NOT\u00cdCIAS\"],\"inLanguage\":\"pt-PT\",\"potentialAction\":[{\"@type\":\"CommentAction\",\"name\":\"Comment\",\"target\":[\"https:\\\/\\\/inclusivenews.com.br\\\/?p=25444#respond\"]}]},{\"@type\":\"WebPage\",\"@id\":\"https:\\\/\\\/inclusivenews.com.br\\\/?p=25444\",\"url\":\"https:\\\/\\\/inclusivenews.com.br\\\/?p=25444\",\"name\":\"Reabilita\u00e7\u00e3o cognitiva para adultos com defici\u00eancia intelectual: teoria e estrat\u00e9gias de interven\u00e7\u00e3o -\",\"isPartOf\":{\"@id\":\"https:\\\/\\\/inclusivenews.com.br\\\/#website\"},\"primaryImageOfPage\":{\"@id\":\"https:\\\/\\\/inclusivenews.com.br\\\/?p=25444#primaryimage\"},\"image\":{\"@id\":\"https:\\\/\\\/inclusivenews.com.br\\\/?p=25444#primaryimage\"},\"thumbnailUrl\":\"http:\\\/\\\/inclusivenews.com.br\\\/wp-content\\\/uploads\\\/apaesp.jpg\",\"datePublished\":\"2013-10-01T17:06:28+00:00\",\"breadcrumb\":{\"@id\":\"https:\\\/\\\/inclusivenews.com.br\\\/?p=25444#breadcrumb\"},\"inLanguage\":\"pt-PT\",\"potentialAction\":[{\"@type\":\"ReadAction\",\"target\":[\"https:\\\/\\\/inclusivenews.com.br\\\/?p=25444\"]}]},{\"@type\":\"ImageObject\",\"inLanguage\":\"pt-PT\",\"@id\":\"https:\\\/\\\/inclusivenews.com.br\\\/?p=25444#primaryimage\",\"url\":\"\",\"contentUrl\":\"\"},{\"@type\":\"BreadcrumbList\",\"@id\":\"https:\\\/\\\/inclusivenews.com.br\\\/?p=25444#breadcrumb\",\"itemListElement\":[{\"@type\":\"ListItem\",\"position\":1,\"name\":\"In\u00edcio\",\"item\":\"https:\\\/\\\/inclusivenews.com.br\\\/\"},{\"@type\":\"ListItem\",\"position\":2,\"name\":\"Reabilita\u00e7\u00e3o cognitiva para adultos com defici\u00eancia intelectual: teoria e estrat\u00e9gias de interven\u00e7\u00e3o\"}]},{\"@type\":\"WebSite\",\"@id\":\"https:\\\/\\\/inclusivenews.com.br\\\/#website\",\"url\":\"https:\\\/\\\/inclusivenews.com.br\\\/\",\"name\":\"Inclusive News\",\"description\":\"Inclusive News\",\"publisher\":{\"@id\":\"https:\\\/\\\/inclusivenews.com.br\\\/#organization\"},\"potentialAction\":[{\"@type\":\"SearchAction\",\"target\":{\"@type\":\"EntryPoint\",\"urlTemplate\":\"https:\\\/\\\/inclusivenews.com.br\\\/?s={search_term_string}\"},\"query-input\":{\"@type\":\"PropertyValueSpecification\",\"valueRequired\":true,\"valueName\":\"search_term_string\"}}],\"inLanguage\":\"pt-PT\"},{\"@type\":\"Organization\",\"@id\":\"https:\\\/\\\/inclusivenews.com.br\\\/#organization\",\"name\":\"Inclusive - inclus\u00e3o e cidadania\",\"url\":\"https:\\\/\\\/inclusivenews.com.br\\\/\",\"logo\":{\"@type\":\"ImageObject\",\"inLanguage\":\"pt-PT\",\"@id\":\"https:\\\/\\\/inclusivenews.com.br\\\/#\\\/schema\\\/logo\\\/image\\\/\",\"url\":\"https:\\\/\\\/inclusivenews.com.br\\\/wp-content\\\/uploads\\\/2024\\\/03\\\/@grandesite.png\",\"contentUrl\":\"https:\\\/\\\/inclusivenews.com.br\\\/wp-content\\\/uploads\\\/2024\\\/03\\\/@grandesite.png\",\"width\":1080,\"height\":1080,\"caption\":\"Inclusive - inclus\u00e3o e cidadania\"},\"image\":{\"@id\":\"https:\\\/\\\/inclusivenews.com.br\\\/#\\\/schema\\\/logo\\\/image\\\/\"},\"sameAs\":[\"https:\\\/\\\/www.facebook.com\\\/agenciainclusive\\\/\",\"https:\\\/\\\/www.instagram.com\\\/newsinclusive\\\/\"]},{\"@type\":\"Person\",\"@id\":\"https:\\\/\\\/inclusivenews.com.br\\\/#\\\/schema\\\/person\\\/ae4ec7087559b8692fb33b6fffd2273b\",\"name\":\"inclusivenews2024\",\"image\":{\"@type\":\"ImageObject\",\"inLanguage\":\"pt-PT\",\"@id\":\"https:\\\/\\\/secure.gravatar.com\\\/avatar\\\/c5a7ef84c66fa914f55bc4f7ce26cfa275a3b9a1c5568b907bd184fb4dde7b40?s=96&d=mm&r=g\",\"url\":\"https:\\\/\\\/secure.gravatar.com\\\/avatar\\\/c5a7ef84c66fa914f55bc4f7ce26cfa275a3b9a1c5568b907bd184fb4dde7b40?s=96&d=mm&r=g\",\"contentUrl\":\"https:\\\/\\\/secure.gravatar.com\\\/avatar\\\/c5a7ef84c66fa914f55bc4f7ce26cfa275a3b9a1c5568b907bd184fb4dde7b40?s=96&d=mm&r=g\",\"caption\":\"inclusivenews2024\"},\"sameAs\":[\"https:\\\/\\\/inclusivenews.com.br\"],\"url\":\"https:\\\/\\\/inclusivenews.com.br\\\/?author=1\"}]}<\/script>\n<!-- \/ Yoast SEO plugin. -->","yoast_head_json":{"title":"Reabilita\u00e7\u00e3o cognitiva para adultos com defici\u00eancia intelectual: teoria e estrat\u00e9gias de interven\u00e7\u00e3o -","robots":{"index":"index","follow":"follow","max-snippet":"max-snippet:-1","max-image-preview":"max-image-preview:large","max-video-preview":"max-video-preview:-1"},"canonical":"https:\/\/inclusivenews.com.br\/?p=25444","og_locale":"pt_PT","og_type":"article","og_title":"Reabilita\u00e7\u00e3o cognitiva para adultos com defici\u00eancia intelectual: teoria e estrat\u00e9gias de interven\u00e7\u00e3o -","og_description":"Com o objetivo de capacitar o profissional para a pratica da reabilita\u00e7\u00e3o cognitiva do adulto com defici\u00eancia intelectual a APAE de SP est\u00e1 oferecendo curso na modalidade EaD.","og_url":"https:\/\/inclusivenews.com.br\/?p=25444","article_publisher":"https:\/\/www.facebook.com\/agenciainclusive\/","article_published_time":"2013-10-01T17:06:28+00:00","og_image":[{"url":"http:\/\/inclusivenews.com.br\/wp-content\/uploads\/apaesp.jpg","type":"","width":"","height":""}],"author":"inclusivenews2024","twitter_card":"summary_large_image","twitter_misc":{"Escrito por":"inclusivenews2024","Tempo estimado de leitura":"3 minutos"},"schema":{"@context":"https:\/\/schema.org","@graph":[{"@type":"Article","@id":"https:\/\/inclusivenews.com.br\/?p=25444#article","isPartOf":{"@id":"https:\/\/inclusivenews.com.br\/?p=25444"},"author":{"name":"inclusivenews2024","@id":"https:\/\/inclusivenews.com.br\/#\/schema\/person\/ae4ec7087559b8692fb33b6fffd2273b"},"headline":"Reabilita\u00e7\u00e3o cognitiva para adultos com defici\u00eancia intelectual: teoria e estrat\u00e9gias de interven\u00e7\u00e3o","datePublished":"2013-10-01T17:06:28+00:00","mainEntityOfPage":{"@id":"https:\/\/inclusivenews.com.br\/?p=25444"},"wordCount":600,"commentCount":1,"publisher":{"@id":"https:\/\/inclusivenews.com.br\/#organization"},"image":{"@id":"https:\/\/inclusivenews.com.br\/?p=25444#primaryimage"},"thumbnailUrl":"http:\/\/inclusivenews.com.br\/wp-content\/uploads\/apaesp.jpg","articleSection":["Defici\u00eancia","INCLUS\u00c3O SOCIAL","NOT\u00cdCIAS"],"inLanguage":"pt-PT","potentialAction":[{"@type":"CommentAction","name":"Comment","target":["https:\/\/inclusivenews.com.br\/?p=25444#respond"]}]},{"@type":"WebPage","@id":"https:\/\/inclusivenews.com.br\/?p=25444","url":"https:\/\/inclusivenews.com.br\/?p=25444","name":"Reabilita\u00e7\u00e3o cognitiva para adultos com defici\u00eancia intelectual: teoria e estrat\u00e9gias de interven\u00e7\u00e3o -","isPartOf":{"@id":"https:\/\/inclusivenews.com.br\/#website"},"primaryImageOfPage":{"@id":"https:\/\/inclusivenews.com.br\/?p=25444#primaryimage"},"image":{"@id":"https:\/\/inclusivenews.com.br\/?p=25444#primaryimage"},"thumbnailUrl":"http:\/\/inclusivenews.com.br\/wp-content\/uploads\/apaesp.jpg","datePublished":"2013-10-01T17:06:28+00:00","breadcrumb":{"@id":"https:\/\/inclusivenews.com.br\/?p=25444#breadcrumb"},"inLanguage":"pt-PT","potentialAction":[{"@type":"ReadAction","target":["https:\/\/inclusivenews.com.br\/?p=25444"]}]},{"@type":"ImageObject","inLanguage":"pt-PT","@id":"https:\/\/inclusivenews.com.br\/?p=25444#primaryimage","url":"","contentUrl":""},{"@type":"BreadcrumbList","@id":"https:\/\/inclusivenews.com.br\/?p=25444#breadcrumb","itemListElement":[{"@type":"ListItem","position":1,"name":"In\u00edcio","item":"https:\/\/inclusivenews.com.br\/"},{"@type":"ListItem","position":2,"name":"Reabilita\u00e7\u00e3o cognitiva para adultos com defici\u00eancia intelectual: teoria e estrat\u00e9gias de interven\u00e7\u00e3o"}]},{"@type":"WebSite","@id":"https:\/\/inclusivenews.com.br\/#website","url":"https:\/\/inclusivenews.com.br\/","name":"Inclusive News","description":"Inclusive News","publisher":{"@id":"https:\/\/inclusivenews.com.br\/#organization"},"potentialAction":[{"@type":"SearchAction","target":{"@type":"EntryPoint","urlTemplate":"https:\/\/inclusivenews.com.br\/?s={search_term_string}"},"query-input":{"@type":"PropertyValueSpecification","valueRequired":true,"valueName":"search_term_string"}}],"inLanguage":"pt-PT"},{"@type":"Organization","@id":"https:\/\/inclusivenews.com.br\/#organization","name":"Inclusive - inclus\u00e3o e cidadania","url":"https:\/\/inclusivenews.com.br\/","logo":{"@type":"ImageObject","inLanguage":"pt-PT","@id":"https:\/\/inclusivenews.com.br\/#\/schema\/logo\/image\/","url":"https:\/\/inclusivenews.com.br\/wp-content\/uploads\/2024\/03\/@grandesite.png","contentUrl":"https:\/\/inclusivenews.com.br\/wp-content\/uploads\/2024\/03\/@grandesite.png","width":1080,"height":1080,"caption":"Inclusive - inclus\u00e3o e cidadania"},"image":{"@id":"https:\/\/inclusivenews.com.br\/#\/schema\/logo\/image\/"},"sameAs":["https:\/\/www.facebook.com\/agenciainclusive\/","https:\/\/www.instagram.com\/newsinclusive\/"]},{"@type":"Person","@id":"https:\/\/inclusivenews.com.br\/#\/schema\/person\/ae4ec7087559b8692fb33b6fffd2273b","name":"inclusivenews2024","image":{"@type":"ImageObject","inLanguage":"pt-PT","@id":"https:\/\/secure.gravatar.com\/avatar\/c5a7ef84c66fa914f55bc4f7ce26cfa275a3b9a1c5568b907bd184fb4dde7b40?s=96&d=mm&r=g","url":"https:\/\/secure.gravatar.com\/avatar\/c5a7ef84c66fa914f55bc4f7ce26cfa275a3b9a1c5568b907bd184fb4dde7b40?s=96&d=mm&r=g","contentUrl":"https:\/\/secure.gravatar.com\/avatar\/c5a7ef84c66fa914f55bc4f7ce26cfa275a3b9a1c5568b907bd184fb4dde7b40?s=96&d=mm&r=g","caption":"inclusivenews2024"},"sameAs":["https:\/\/inclusivenews.com.br"],"url":"https:\/\/inclusivenews.com.br\/?author=1"}]}},"_links":{"self":[{"href":"https:\/\/inclusivenews.com.br\/index.php?rest_route=\/wp\/v2\/posts\/25444","targetHints":{"allow":["GET"]}}],"collection":[{"href":"https:\/\/inclusivenews.com.br\/index.php?rest_route=\/wp\/v2\/posts"}],"about":[{"href":"https:\/\/inclusivenews.com.br\/index.php?rest_route=\/wp\/v2\/types\/post"}],"author":[{"embeddable":true,"href":"https:\/\/inclusivenews.com.br\/index.php?rest_route=\/wp\/v2\/users\/1"}],"replies":[{"embeddable":true,"href":"https:\/\/inclusivenews.com.br\/index.php?rest_route=%2Fwp%2Fv2%2Fcomments&post=25444"}],"version-history":[{"count":0,"href":"https:\/\/inclusivenews.com.br\/index.php?rest_route=\/wp\/v2\/posts\/25444\/revisions"}],"wp:attachment":[{"href":"https:\/\/inclusivenews.com.br\/index.php?rest_route=%2Fwp%2Fv2%2Fmedia&parent=25444"}],"wp:term":[{"taxonomy":"category","embeddable":true,"href":"https:\/\/inclusivenews.com.br\/index.php?rest_route=%2Fwp%2Fv2%2Fcategories&post=25444"},{"taxonomy":"post_tag","embeddable":true,"href":"https:\/\/inclusivenews.com.br\/index.php?rest_route=%2Fwp%2Fv2%2Ftags&post=25444"}],"curies":[{"name":"wp","href":"https:\/\/api.w.org\/{rel}","templated":true}]}}