{"id":25446,"date":"2013-10-01T12:02:21","date_gmt":"2013-10-01T15:02:21","guid":{"rendered":"http:\/\/www.inclusive.org.br\/?p=25446"},"modified":"2013-10-01T12:02:21","modified_gmt":"2013-10-01T15:02:21","slug":"para-que-serve-o-dia-internacional-do-idoso","status":"publish","type":"post","link":"https:\/\/inclusivenews.com.br\/?p=25446","title":{"rendered":"Para que serve o Dia Internacional do Idoso?"},"content":{"rendered":"<figure id=\"attachment_21248\" aria-describedby=\"caption-attachment-21248\" style=\"width: 220px\" class=\"wp-caption alignleft\"><img loading=\"lazy\" decoding=\"async\" class=\"size-full wp-image-21248\" title=\"Ilustra\u00e7\u00e3o de casal de idosos sorridentes\" src=\"http:\/\/inclusivenews.com.br\/wp-content\/uploads\/idosos1.jpg\" alt=\"Ilustra\u00e7\u00e3o de casal de idosos sorridentes\" width=\"220\" height=\"296\" \/><figcaption id=\"caption-attachment-21248\" class=\"wp-caption-text\"> <\/figcaption><\/figure>\n<p><em>Por Elisandra Vilella G. S\u00e9<\/em><\/p>\n<p>1\u00ba de outubro \u00e9 o Dia              Internacional do Idoso. \u00c9 importante ressaltar que o idoso              tem um papel importante em todas as sociedades. Eles s\u00e3o l\u00edderes,              trabalhadores, aposentados, detentores de sabedoria, av\u00f3s,              cuidadores e volunt\u00e1rios.<\/p>\n<p>O n\u00famero e a propor\u00e7\u00e3o de idosos cresce rapidamente.          Nas \u00faltimas tr\u00eas d\u00e9cadas, o n\u00famero dobrou.          Em 2050, a popula\u00e7\u00e3o mundial de pessoas com idade superior          a 60 anos chegar\u00e1 a um total de dois bilh\u00f5es, o que significar\u00e1          uma importante mudan\u00e7a no perfil demogr\u00e1fico do mundo, com          consequ\u00eancias para todos.<\/p>\n<p>Trata-se de um fen\u00f4meno extraordin\u00e1rio com consequ\u00eancias          para cada comunidade, cada institui\u00e7\u00e3o e cada pessoa, jovem          ou velha. Com o aumento da popula\u00e7\u00e3o idosa, multiplicam-se          os desafios, tais como: acesso \u00e0 educa\u00e7\u00e3o; desfrutar          de uma boa longevidade e boa sa\u00fade f\u00edsica e mental; participa\u00e7\u00e3o          ativa dos idosos na sociedade; combate ao abuso, \u00e0 neglig\u00eancia,          viol\u00eancia e maus tratos, combate \u00e0 falta de respeito e discrimina\u00e7\u00e3o          de que s\u00e3o v\u00edtimas os idosos; inser\u00e7\u00e3o do          idoso no mercado de trabalho, etc&#8230;<\/p>\n<p>A ONU \u2013 Organiza\u00e7\u00e3o das Na\u00e7\u00f5es Unidas          \u2013 vem lutando pelos direitos e bem-estar das pessoas idosas com          um Plano de A\u00e7\u00e3o sobre o Envelhecimento.  Este          ano a ONU celebra as conquistas do Desenvolvimento do Mil\u00eanio,          um plano b\u00e1sico para melhorar as vidas das pessoas que tem como          objetivo maior o bem-estar da popula\u00e7\u00e3o idosa em todo o          mundo. Em muitos pa\u00edses, os idosos t\u00eam se beneficiado de          menores taxas de pobreza e de fome, maior acesso a medicamentos e servi\u00e7os          de sa\u00fade e de ensino superior e oportunidades de emprego.<\/p>\n<p>No entanto, o progresso tem sido irregular com rela\u00e7\u00e3o ao          Plano B\u00e1sico do Desenvolvimento do Mil\u00eanio em todos          os pa\u00edses e regi\u00f5es. Por exemplo, nos pa\u00edses em que          as pessoas idosas s\u00e3o mais afetadas pelo HIV s\u00e3o os av\u00f3s          que t\u00eam de lidar com o cuidado de seus netos \u00f3rf\u00e3os.          J\u00e1 na \u00c1frica, 20% das mulheres rurais com mais de 60 anos          s\u00e3o as \u00fanicas fornecedoras para seus netos. Essas pessoas          que assumem outras responsabilidades, al\u00e9m de terem de cuidar de          sua pr\u00f3pria sa\u00fade, muitas vezes por motivos n\u00e3o normativos,          ou seja de forma n\u00e3o prevista, inesperada e geralmente sem muitos          recursos e apoio, quanto muito contando com suas pens\u00f5es, conseguem          pelo menos a mera sobreviv\u00eancia.<\/p>\n<p>Quanto \u00e0 inser\u00e7\u00e3o do idoso no mercado de trabalho,          a ONU prop\u00f5e uma mudan\u00e7a de paradigma para resolver o grave          problema de envelhecimento da popula\u00e7\u00e3o e evitar a quebra          dos sistemas de previd\u00eancia nos pa\u00edses mais pobres. Essa          recomenda\u00e7\u00e3o consta no Plano de A\u00e7\u00e3o Internacional,          aprovado pela ONU durante uma confer\u00eancia que discutiu exclusivamente          os problemas relacionados aos idosos do mundo. O plano estabelece a necessidade          de promover uma abordagem positiva do envelhecimento e de superar os estere\u00f3tipos          que est\u00e3o associados aos idosos.<\/p>\n<p>Assim o Dia Internacional do Idoso serve para:<\/p>\n<p>&#8211; homenagear as pessoas idosas, comemorar as conquistas;<\/p>\n<p>&#8211; conscientizar todas as popula\u00e7\u00f5es sobre a import\u00e2ncia          das mudan\u00e7as de atitudes para com os idosos;<\/p>\n<p>&#8211; instituir reflex\u00f5es acerca das necessidades dos idosos e buscar          formular estrat\u00e9gias, pol\u00edticas e pr\u00e1ticas em todos          os setores, buscando concretizar as enormes potencialidades do envelhecimento          no s\u00e9culo XXI;<\/p>\n<p>&#8211; que os idosos se realizem plenamente em seus direitos, consigam envelhecer          com seguran\u00e7a e dignidade, participando na vida econ\u00f4mica,          pol\u00edtica e social tendo a oportunidade de se desenvolver at\u00e9          nos \u00faltimos anos de vida.<\/p>\n<p>Os idosos n\u00e3o s\u00e3o uma categoria \u00e0 parte, todos n\u00f3s          continuamos a nos desenvolver, envelhecemos dia a ap\u00f3s dia e aos          jovens cabe saber que devemos oferecer o carinho e aten\u00e7\u00e3o          aos mais velhos. O mundo est\u00e1 pronto para os jovens, porque existiram          outros jovens que hoje est\u00e3o em outra fase da vida, a velhice.          E ela uma dia nos ter\u00e1. \u00c9 inevit\u00e1vel o curso da vida.<\/p>\n<p>Fonte: <a href=\"http:\/\/www2.uol.com.br\/vyaestelar\/dia_do_idoso.htm\" target=\"_blank\" rel=\"noopener\">Vya Estelar<\/a><\/p>\n","protected":false},"excerpt":{"rendered":"<p>O mundo est\u00e1 pronto para os jovens, porque existiram outros jovens que hoje est\u00e3o em outra fase da vida, a velhice. E ela uma dia nos ter\u00e1. \u00c9 inevit\u00e1vel o curso da vida. Por Elisandra Vilella G. S\u00e9.<\/p>\n","protected":false},"author":1,"featured_media":0,"comment_status":"open","ping_status":"open","sticky":false,"template":"","format":"standard","meta":{"site-container-style":"default","site-container-layout":"default","site-sidebar-layout":"default","disable-article-header":"default","disable-site-header":"default","disable-site-footer":"default","disable-content-area-spacing":"default","footnotes":""},"categories":[48,4],"tags":[],"class_list":["post-25446","post","type-post","status-publish","format-standard","hentry","category-inclusao","category-noticias"],"yoast_head":"<!-- This site is optimized with the Yoast SEO plugin v27.4 - https:\/\/yoast.com\/product\/yoast-seo-wordpress\/ -->\n<title>Para que serve o Dia Internacional do Idoso? -<\/title>\n<meta name=\"robots\" content=\"index, follow, max-snippet:-1, max-image-preview:large, max-video-preview:-1\" \/>\n<link rel=\"canonical\" href=\"https:\/\/inclusivenews.com.br\/?p=25446\" \/>\n<meta property=\"og:locale\" content=\"pt_PT\" \/>\n<meta property=\"og:type\" content=\"article\" \/>\n<meta property=\"og:title\" content=\"Para que serve o Dia Internacional do Idoso? -\" \/>\n<meta property=\"og:description\" content=\"O mundo est\u00e1 pronto para os jovens, porque existiram outros jovens que hoje est\u00e3o em outra fase da vida, a velhice. E ela uma dia nos ter\u00e1. \u00c9 inevit\u00e1vel o curso da vida. Por Elisandra Vilella G. S\u00e9.\" \/>\n<meta property=\"og:url\" content=\"https:\/\/inclusivenews.com.br\/?p=25446\" \/>\n<meta property=\"article:publisher\" content=\"https:\/\/www.facebook.com\/agenciainclusive\/\" \/>\n<meta property=\"article:published_time\" content=\"2013-10-01T15:02:21+00:00\" \/>\n<meta property=\"og:image\" content=\"http:\/\/inclusivenews.com.br\/wp-content\/uploads\/idosos1.jpg\" \/>\n<meta name=\"author\" content=\"inclusivenews2024\" \/>\n<meta name=\"twitter:card\" content=\"summary_large_image\" \/>\n<meta name=\"twitter:label1\" content=\"Escrito por\" \/>\n\t<meta name=\"twitter:data1\" content=\"inclusivenews2024\" \/>\n\t<meta name=\"twitter:label2\" content=\"Tempo estimado de leitura\" \/>\n\t<meta name=\"twitter:data2\" content=\"4 minutos\" \/>\n<script type=\"application\/ld+json\" class=\"yoast-schema-graph\">{\"@context\":\"https:\\\/\\\/schema.org\",\"@graph\":[{\"@type\":\"Article\",\"@id\":\"https:\\\/\\\/inclusivenews.com.br\\\/?p=25446#article\",\"isPartOf\":{\"@id\":\"https:\\\/\\\/inclusivenews.com.br\\\/?p=25446\"},\"author\":{\"name\":\"inclusivenews2024\",\"@id\":\"https:\\\/\\\/inclusivenews.com.br\\\/#\\\/schema\\\/person\\\/ae4ec7087559b8692fb33b6fffd2273b\"},\"headline\":\"Para que serve o Dia Internacional do Idoso?\",\"datePublished\":\"2013-10-01T15:02:21+00:00\",\"mainEntityOfPage\":{\"@id\":\"https:\\\/\\\/inclusivenews.com.br\\\/?p=25446\"},\"wordCount\":714,\"commentCount\":0,\"publisher\":{\"@id\":\"https:\\\/\\\/inclusivenews.com.br\\\/#organization\"},\"image\":{\"@id\":\"https:\\\/\\\/inclusivenews.com.br\\\/?p=25446#primaryimage\"},\"thumbnailUrl\":\"http:\\\/\\\/inclusivenews.com.br\\\/wp-content\\\/uploads\\\/idosos1.jpg\",\"articleSection\":[\"INCLUS\u00c3O SOCIAL\",\"NOT\u00cdCIAS\"],\"inLanguage\":\"pt-PT\",\"potentialAction\":[{\"@type\":\"CommentAction\",\"name\":\"Comment\",\"target\":[\"https:\\\/\\\/inclusivenews.com.br\\\/?p=25446#respond\"]}]},{\"@type\":\"WebPage\",\"@id\":\"https:\\\/\\\/inclusivenews.com.br\\\/?p=25446\",\"url\":\"https:\\\/\\\/inclusivenews.com.br\\\/?p=25446\",\"name\":\"Para que serve o Dia Internacional do Idoso? -\",\"isPartOf\":{\"@id\":\"https:\\\/\\\/inclusivenews.com.br\\\/#website\"},\"primaryImageOfPage\":{\"@id\":\"https:\\\/\\\/inclusivenews.com.br\\\/?p=25446#primaryimage\"},\"image\":{\"@id\":\"https:\\\/\\\/inclusivenews.com.br\\\/?p=25446#primaryimage\"},\"thumbnailUrl\":\"http:\\\/\\\/inclusivenews.com.br\\\/wp-content\\\/uploads\\\/idosos1.jpg\",\"datePublished\":\"2013-10-01T15:02:21+00:00\",\"breadcrumb\":{\"@id\":\"https:\\\/\\\/inclusivenews.com.br\\\/?p=25446#breadcrumb\"},\"inLanguage\":\"pt-PT\",\"potentialAction\":[{\"@type\":\"ReadAction\",\"target\":[\"https:\\\/\\\/inclusivenews.com.br\\\/?p=25446\"]}]},{\"@type\":\"ImageObject\",\"inLanguage\":\"pt-PT\",\"@id\":\"https:\\\/\\\/inclusivenews.com.br\\\/?p=25446#primaryimage\",\"url\":\"\",\"contentUrl\":\"\"},{\"@type\":\"BreadcrumbList\",\"@id\":\"https:\\\/\\\/inclusivenews.com.br\\\/?p=25446#breadcrumb\",\"itemListElement\":[{\"@type\":\"ListItem\",\"position\":1,\"name\":\"In\u00edcio\",\"item\":\"https:\\\/\\\/inclusivenews.com.br\\\/\"},{\"@type\":\"ListItem\",\"position\":2,\"name\":\"Para que serve o Dia Internacional do Idoso?\"}]},{\"@type\":\"WebSite\",\"@id\":\"https:\\\/\\\/inclusivenews.com.br\\\/#website\",\"url\":\"https:\\\/\\\/inclusivenews.com.br\\\/\",\"name\":\"Inclusive News\",\"description\":\"Inclusive News\",\"publisher\":{\"@id\":\"https:\\\/\\\/inclusivenews.com.br\\\/#organization\"},\"potentialAction\":[{\"@type\":\"SearchAction\",\"target\":{\"@type\":\"EntryPoint\",\"urlTemplate\":\"https:\\\/\\\/inclusivenews.com.br\\\/?s={search_term_string}\"},\"query-input\":{\"@type\":\"PropertyValueSpecification\",\"valueRequired\":true,\"valueName\":\"search_term_string\"}}],\"inLanguage\":\"pt-PT\"},{\"@type\":\"Organization\",\"@id\":\"https:\\\/\\\/inclusivenews.com.br\\\/#organization\",\"name\":\"Inclusive - inclus\u00e3o e cidadania\",\"url\":\"https:\\\/\\\/inclusivenews.com.br\\\/\",\"logo\":{\"@type\":\"ImageObject\",\"inLanguage\":\"pt-PT\",\"@id\":\"https:\\\/\\\/inclusivenews.com.br\\\/#\\\/schema\\\/logo\\\/image\\\/\",\"url\":\"https:\\\/\\\/inclusivenews.com.br\\\/wp-content\\\/uploads\\\/2024\\\/03\\\/@grandesite.png\",\"contentUrl\":\"https:\\\/\\\/inclusivenews.com.br\\\/wp-content\\\/uploads\\\/2024\\\/03\\\/@grandesite.png\",\"width\":1080,\"height\":1080,\"caption\":\"Inclusive - inclus\u00e3o e cidadania\"},\"image\":{\"@id\":\"https:\\\/\\\/inclusivenews.com.br\\\/#\\\/schema\\\/logo\\\/image\\\/\"},\"sameAs\":[\"https:\\\/\\\/www.facebook.com\\\/agenciainclusive\\\/\",\"https:\\\/\\\/www.instagram.com\\\/newsinclusive\\\/\"]},{\"@type\":\"Person\",\"@id\":\"https:\\\/\\\/inclusivenews.com.br\\\/#\\\/schema\\\/person\\\/ae4ec7087559b8692fb33b6fffd2273b\",\"name\":\"inclusivenews2024\",\"image\":{\"@type\":\"ImageObject\",\"inLanguage\":\"pt-PT\",\"@id\":\"https:\\\/\\\/secure.gravatar.com\\\/avatar\\\/c5a7ef84c66fa914f55bc4f7ce26cfa275a3b9a1c5568b907bd184fb4dde7b40?s=96&d=mm&r=g\",\"url\":\"https:\\\/\\\/secure.gravatar.com\\\/avatar\\\/c5a7ef84c66fa914f55bc4f7ce26cfa275a3b9a1c5568b907bd184fb4dde7b40?s=96&d=mm&r=g\",\"contentUrl\":\"https:\\\/\\\/secure.gravatar.com\\\/avatar\\\/c5a7ef84c66fa914f55bc4f7ce26cfa275a3b9a1c5568b907bd184fb4dde7b40?s=96&d=mm&r=g\",\"caption\":\"inclusivenews2024\"},\"sameAs\":[\"https:\\\/\\\/inclusivenews.com.br\"],\"url\":\"https:\\\/\\\/inclusivenews.com.br\\\/?author=1\"}]}<\/script>\n<!-- \/ Yoast SEO plugin. -->","yoast_head_json":{"title":"Para que serve o Dia Internacional do Idoso? -","robots":{"index":"index","follow":"follow","max-snippet":"max-snippet:-1","max-image-preview":"max-image-preview:large","max-video-preview":"max-video-preview:-1"},"canonical":"https:\/\/inclusivenews.com.br\/?p=25446","og_locale":"pt_PT","og_type":"article","og_title":"Para que serve o Dia Internacional do Idoso? -","og_description":"O mundo est\u00e1 pronto para os jovens, porque existiram outros jovens que hoje est\u00e3o em outra fase da vida, a velhice. E ela uma dia nos ter\u00e1. \u00c9 inevit\u00e1vel o curso da vida. Por Elisandra Vilella G. S\u00e9.","og_url":"https:\/\/inclusivenews.com.br\/?p=25446","article_publisher":"https:\/\/www.facebook.com\/agenciainclusive\/","article_published_time":"2013-10-01T15:02:21+00:00","og_image":[{"url":"http:\/\/inclusivenews.com.br\/wp-content\/uploads\/idosos1.jpg","type":"","width":"","height":""}],"author":"inclusivenews2024","twitter_card":"summary_large_image","twitter_misc":{"Escrito por":"inclusivenews2024","Tempo estimado de leitura":"4 minutos"},"schema":{"@context":"https:\/\/schema.org","@graph":[{"@type":"Article","@id":"https:\/\/inclusivenews.com.br\/?p=25446#article","isPartOf":{"@id":"https:\/\/inclusivenews.com.br\/?p=25446"},"author":{"name":"inclusivenews2024","@id":"https:\/\/inclusivenews.com.br\/#\/schema\/person\/ae4ec7087559b8692fb33b6fffd2273b"},"headline":"Para que serve o Dia Internacional do Idoso?","datePublished":"2013-10-01T15:02:21+00:00","mainEntityOfPage":{"@id":"https:\/\/inclusivenews.com.br\/?p=25446"},"wordCount":714,"commentCount":0,"publisher":{"@id":"https:\/\/inclusivenews.com.br\/#organization"},"image":{"@id":"https:\/\/inclusivenews.com.br\/?p=25446#primaryimage"},"thumbnailUrl":"http:\/\/inclusivenews.com.br\/wp-content\/uploads\/idosos1.jpg","articleSection":["INCLUS\u00c3O SOCIAL","NOT\u00cdCIAS"],"inLanguage":"pt-PT","potentialAction":[{"@type":"CommentAction","name":"Comment","target":["https:\/\/inclusivenews.com.br\/?p=25446#respond"]}]},{"@type":"WebPage","@id":"https:\/\/inclusivenews.com.br\/?p=25446","url":"https:\/\/inclusivenews.com.br\/?p=25446","name":"Para que serve o Dia Internacional do Idoso? -","isPartOf":{"@id":"https:\/\/inclusivenews.com.br\/#website"},"primaryImageOfPage":{"@id":"https:\/\/inclusivenews.com.br\/?p=25446#primaryimage"},"image":{"@id":"https:\/\/inclusivenews.com.br\/?p=25446#primaryimage"},"thumbnailUrl":"http:\/\/inclusivenews.com.br\/wp-content\/uploads\/idosos1.jpg","datePublished":"2013-10-01T15:02:21+00:00","breadcrumb":{"@id":"https:\/\/inclusivenews.com.br\/?p=25446#breadcrumb"},"inLanguage":"pt-PT","potentialAction":[{"@type":"ReadAction","target":["https:\/\/inclusivenews.com.br\/?p=25446"]}]},{"@type":"ImageObject","inLanguage":"pt-PT","@id":"https:\/\/inclusivenews.com.br\/?p=25446#primaryimage","url":"","contentUrl":""},{"@type":"BreadcrumbList","@id":"https:\/\/inclusivenews.com.br\/?p=25446#breadcrumb","itemListElement":[{"@type":"ListItem","position":1,"name":"In\u00edcio","item":"https:\/\/inclusivenews.com.br\/"},{"@type":"ListItem","position":2,"name":"Para que serve o Dia Internacional do Idoso?"}]},{"@type":"WebSite","@id":"https:\/\/inclusivenews.com.br\/#website","url":"https:\/\/inclusivenews.com.br\/","name":"Inclusive News","description":"Inclusive News","publisher":{"@id":"https:\/\/inclusivenews.com.br\/#organization"},"potentialAction":[{"@type":"SearchAction","target":{"@type":"EntryPoint","urlTemplate":"https:\/\/inclusivenews.com.br\/?s={search_term_string}"},"query-input":{"@type":"PropertyValueSpecification","valueRequired":true,"valueName":"search_term_string"}}],"inLanguage":"pt-PT"},{"@type":"Organization","@id":"https:\/\/inclusivenews.com.br\/#organization","name":"Inclusive - inclus\u00e3o e cidadania","url":"https:\/\/inclusivenews.com.br\/","logo":{"@type":"ImageObject","inLanguage":"pt-PT","@id":"https:\/\/inclusivenews.com.br\/#\/schema\/logo\/image\/","url":"https:\/\/inclusivenews.com.br\/wp-content\/uploads\/2024\/03\/@grandesite.png","contentUrl":"https:\/\/inclusivenews.com.br\/wp-content\/uploads\/2024\/03\/@grandesite.png","width":1080,"height":1080,"caption":"Inclusive - inclus\u00e3o e cidadania"},"image":{"@id":"https:\/\/inclusivenews.com.br\/#\/schema\/logo\/image\/"},"sameAs":["https:\/\/www.facebook.com\/agenciainclusive\/","https:\/\/www.instagram.com\/newsinclusive\/"]},{"@type":"Person","@id":"https:\/\/inclusivenews.com.br\/#\/schema\/person\/ae4ec7087559b8692fb33b6fffd2273b","name":"inclusivenews2024","image":{"@type":"ImageObject","inLanguage":"pt-PT","@id":"https:\/\/secure.gravatar.com\/avatar\/c5a7ef84c66fa914f55bc4f7ce26cfa275a3b9a1c5568b907bd184fb4dde7b40?s=96&d=mm&r=g","url":"https:\/\/secure.gravatar.com\/avatar\/c5a7ef84c66fa914f55bc4f7ce26cfa275a3b9a1c5568b907bd184fb4dde7b40?s=96&d=mm&r=g","contentUrl":"https:\/\/secure.gravatar.com\/avatar\/c5a7ef84c66fa914f55bc4f7ce26cfa275a3b9a1c5568b907bd184fb4dde7b40?s=96&d=mm&r=g","caption":"inclusivenews2024"},"sameAs":["https:\/\/inclusivenews.com.br"],"url":"https:\/\/inclusivenews.com.br\/?author=1"}]}},"_links":{"self":[{"href":"https:\/\/inclusivenews.com.br\/index.php?rest_route=\/wp\/v2\/posts\/25446","targetHints":{"allow":["GET"]}}],"collection":[{"href":"https:\/\/inclusivenews.com.br\/index.php?rest_route=\/wp\/v2\/posts"}],"about":[{"href":"https:\/\/inclusivenews.com.br\/index.php?rest_route=\/wp\/v2\/types\/post"}],"author":[{"embeddable":true,"href":"https:\/\/inclusivenews.com.br\/index.php?rest_route=\/wp\/v2\/users\/1"}],"replies":[{"embeddable":true,"href":"https:\/\/inclusivenews.com.br\/index.php?rest_route=%2Fwp%2Fv2%2Fcomments&post=25446"}],"version-history":[{"count":0,"href":"https:\/\/inclusivenews.com.br\/index.php?rest_route=\/wp\/v2\/posts\/25446\/revisions"}],"wp:attachment":[{"href":"https:\/\/inclusivenews.com.br\/index.php?rest_route=%2Fwp%2Fv2%2Fmedia&parent=25446"}],"wp:term":[{"taxonomy":"category","embeddable":true,"href":"https:\/\/inclusivenews.com.br\/index.php?rest_route=%2Fwp%2Fv2%2Fcategories&post=25446"},{"taxonomy":"post_tag","embeddable":true,"href":"https:\/\/inclusivenews.com.br\/index.php?rest_route=%2Fwp%2Fv2%2Ftags&post=25446"}],"curies":[{"name":"wp","href":"https:\/\/api.w.org\/{rel}","templated":true}]}}