{"id":25568,"date":"2013-10-13T10:37:17","date_gmt":"2013-10-13T13:37:17","guid":{"rendered":"http:\/\/www.inclusive.org.br\/?p=25568"},"modified":"2013-10-13T10:37:17","modified_gmt":"2013-10-13T13:37:17","slug":"inclusao-como-a-escola-publica-recebe-os-portadores-de-autismo","status":"publish","type":"post","link":"https:\/\/inclusivenews.com.br\/?p=25568","title":{"rendered":"Inclus\u00e3o: como a escola p\u00fablica recebe os portadores de autismo"},"content":{"rendered":"<figure style=\"width: 300px\" class=\"wp-caption alignleft\"><img loading=\"lazy\" decoding=\"async\" title=\"Menino lendo gibi.\" src=\"http:\/\/www.engeplus.com.br\/fotos\/67982\/noticia_67982g.jpg\" alt=\"Menino lendo gibi.\" width=\"300\" height=\"224\" \/><figcaption class=\"wp-caption-text\"> <\/figcaption><\/figure>\n<p><em>Por Douglas Saviato<br \/>\n<a href=\"http:\/\/www.engeplus.com.br\/0,,67982,inclusao-como-a-escola-publica-recebe-os-portadores-de-autismo.html\" target=\"_blank\" rel=\"noopener\">Engeplus<\/a><\/em><\/p>\n<p>As dificuldades em identificar o autismo trazem preju\u00edzos ao desenvolvimento educacional da crian\u00e7a. No in\u00edcio de 2013, Felipe com 7 anos foi matriculado na Escola de Educa\u00e7\u00e3o B\u00e1sica Jacinto Machado, por\u00e9m, por ser agressivo e por chorar muito, n\u00e3o conseguiu continuar frequentando as aulas. Foi quando a professora da turma, Emiliane Borges, que j\u00e1 desconfiava que o menino poderia ter autismo, conversou com a m\u00e3e e constatou que ele nunca havia se consultado com especialistas. \u201cEle havia se consultado somente com pediatra e com m\u00e9dicos locais. Sugeri ent\u00e3o um psiquiatra infantil, a m\u00e3e o levou e, ap\u00f3s exames e muitas conversas, o autismo foi diagnosticado. O m\u00e9dico prescreveu a medica\u00e7\u00e3o adequada, e a melhora foi muito r\u00e1pida\u201d, explica.<\/p>\n<p>Ap\u00f3s o diagn\u00f3stico, o menino passou a frequentar o Servi\u00e7o de Atendimento Educacional Especializado em Transtornos Globais do Desenvolvimento (Saede), na pr\u00f3pria escola. Felipe frequenta o programa duas vezes por semana, com uma hora e meia de atendimento. \u201cNa sala de aula com outros alunos, ele n\u00e3o conseguia se habituar ao barulho, tinha que ficar com a m\u00e3e presente. Comigo ele fica sozinho, \u00e9 educado, j\u00e1 conhece todo o alfabeto, escreve seu nome, os n\u00fameros at\u00e9 15 e \u00e9 fera em computador. Al\u00e9m disso, adora gibis e livros\u201d, conta a professora orgulhosa.<\/p>\n<p>No Saede, o menino faz todas as atividades, \u00e9 extremamente inteligente, por\u00e9m, apresenta dificuldades na fala e na coordena\u00e7\u00e3o motora, pois nunca tinha frequentado nenhum ambiente escolar. Emiliane ainda informa que o psiquiatra indicou que a m\u00e3e deixasse o menino decidir quanto tempo queria passar na escola, para n\u00e3o for\u00e7\u00e1-lo.<\/p>\n<p>Despreparo \u00e9 principal barreira enfrentada pelos professores &#8211; Para a professora, o grande agravante da inclus\u00e3o das crian\u00e7as com transtornos de desenvolvimento \u00e9 a n\u00e3o prepara\u00e7\u00e3o dos profissionais. \u201cO governo n\u00e3o disponibiliza aperfei\u00e7oamentos nessa \u00e1rea e os professores n\u00e3o tem conhecimento de muitas das defici\u00eancias encontradas na escola. N\u00f3s do Saede \u00e9 quem fazemos esse tipo de trabalho, fazendo reuni\u00f5es para explicar as v\u00e1rias defici\u00eancias encontradas em nossa escola e sociedade, tirando as d\u00favidas dos professores, prestando assessorias\u201d, informa.<\/p>\n<p>Al\u00e9m disso, Emiliane ainda explica que avalia\u00e7\u00e3o do menino \u00e9 descritiva, por isso, ele n\u00e3o pode reprovar, mesmo n\u00e3o tendo a porcentagem de frequ\u00eancia exigida. \u201cPor estar no primeiro ano, as atividades s\u00e3o l\u00fadicas, n\u00e3o havendo notas\u201d, destaca. Como melhoria, ela acredita que o governo deve investir na qualifica\u00e7\u00e3o dos profissionais. \u201cA cada dia o ensino regular recebe alunos com v\u00e1rias s\u00edndromes, deixando o professor angustiado por n\u00e3o saber como lidar com essas situa\u00e7\u00f5es. H\u00e1 muitos pontos a serem melhorados, caminhamos em passos lentos, mas, caminhamos. Em nossa escola a inclus\u00e3o ainda causa medo, mas ela est\u00e1 acontecendo e melhorando a cada ano\u201d, ressalta.<\/p>\n<p>Para a professora, o trabalho com Felipe est\u00e1 sendo uma experi\u00eancia \u00fanica. \u201cLer sobre o assunto \u00e9 uma coisa, vivenciar \u00e9 outra totalmente diferente e gratificante. Quando olho pro menino ali comigo, conversando, passeando pela escola, participando das atividades extraescolares fico muito feliz e realizada, pois sei que tem um pouquinho de mim, do meu conhecimento, da minha ajuda prestada a fam\u00edlia\u201d. Para ela, o sorriso da m\u00e3e quando leva Felipe de uniforme para o Saede, confirma a sua import\u00e2ncia no processo de aprendizagem e s\u00f3 faz aumentar o amor pela profiss\u00e3o.<\/p>\n<p>Felipe &#8211; nome fict\u00edcio usado para preservar a identidade da crian\u00e7a.<\/p>\n<p><em>Colabora\u00e7\u00e3o: T\u00e2nia Giusti<\/em><\/p>\n","protected":false},"excerpt":{"rendered":"<p>Para a professora, o grande agravante da inclus\u00e3o das crian\u00e7as com transtornos de desenvolvimento \u00e9 a n\u00e3o prepara\u00e7\u00e3o dos profissionais. <\/p>\n","protected":false},"author":1,"featured_media":0,"comment_status":"open","ping_status":"open","sticky":false,"template":"","format":"standard","meta":{"site-container-style":"default","site-container-layout":"default","site-sidebar-layout":"default","disable-article-header":"default","disable-site-header":"default","disable-site-footer":"default","disable-content-area-spacing":"default","footnotes":""},"categories":[6,48],"tags":[34],"class_list":["post-25568","post","type-post","status-publish","format-standard","hentry","category-educacao","category-inclusao","tag-autismo"],"yoast_head":"<!-- This site is optimized with the Yoast SEO plugin v27.4 - https:\/\/yoast.com\/product\/yoast-seo-wordpress\/ -->\n<title>Inclus\u00e3o: como a escola p\u00fablica recebe os portadores de autismo -<\/title>\n<meta name=\"robots\" content=\"index, follow, max-snippet:-1, max-image-preview:large, max-video-preview:-1\" \/>\n<link rel=\"canonical\" href=\"https:\/\/inclusivenews.com.br\/?p=25568\" \/>\n<meta property=\"og:locale\" content=\"pt_PT\" \/>\n<meta property=\"og:type\" content=\"article\" \/>\n<meta property=\"og:title\" content=\"Inclus\u00e3o: como a escola p\u00fablica recebe os portadores de autismo -\" \/>\n<meta property=\"og:description\" content=\"Para a professora, o grande agravante da inclus\u00e3o das crian\u00e7as com transtornos de desenvolvimento \u00e9 a n\u00e3o prepara\u00e7\u00e3o dos profissionais.\" \/>\n<meta property=\"og:url\" content=\"https:\/\/inclusivenews.com.br\/?p=25568\" \/>\n<meta property=\"article:publisher\" content=\"https:\/\/www.facebook.com\/agenciainclusive\/\" \/>\n<meta property=\"article:published_time\" content=\"2013-10-13T13:37:17+00:00\" \/>\n<meta property=\"og:image\" content=\"http:\/\/www.engeplus.com.br\/fotos\/67982\/noticia_67982g.jpg\" \/>\n<meta name=\"author\" content=\"inclusivenews2024\" \/>\n<meta name=\"twitter:card\" content=\"summary_large_image\" \/>\n<meta name=\"twitter:label1\" content=\"Escrito por\" \/>\n\t<meta name=\"twitter:data1\" content=\"inclusivenews2024\" \/>\n\t<meta name=\"twitter:label2\" content=\"Tempo estimado de leitura\" \/>\n\t<meta name=\"twitter:data2\" content=\"3 minutos\" \/>\n<script type=\"application\/ld+json\" class=\"yoast-schema-graph\">{\"@context\":\"https:\\\/\\\/schema.org\",\"@graph\":[{\"@type\":\"Article\",\"@id\":\"https:\\\/\\\/inclusivenews.com.br\\\/?p=25568#article\",\"isPartOf\":{\"@id\":\"https:\\\/\\\/inclusivenews.com.br\\\/?p=25568\"},\"author\":{\"name\":\"inclusivenews2024\",\"@id\":\"https:\\\/\\\/inclusivenews.com.br\\\/#\\\/schema\\\/person\\\/ae4ec7087559b8692fb33b6fffd2273b\"},\"headline\":\"Inclus\u00e3o: como a escola p\u00fablica recebe os portadores de autismo\",\"datePublished\":\"2013-10-13T13:37:17+00:00\",\"mainEntityOfPage\":{\"@id\":\"https:\\\/\\\/inclusivenews.com.br\\\/?p=25568\"},\"wordCount\":624,\"commentCount\":0,\"publisher\":{\"@id\":\"https:\\\/\\\/inclusivenews.com.br\\\/#organization\"},\"image\":{\"@id\":\"https:\\\/\\\/inclusivenews.com.br\\\/?p=25568#primaryimage\"},\"thumbnailUrl\":\"http:\\\/\\\/www.engeplus.com.br\\\/fotos\\\/67982\\\/noticia_67982g.jpg\",\"keywords\":[\"Autismo\"],\"articleSection\":[\"EDUCA\u00c7\u00c3O\",\"INCLUS\u00c3O SOCIAL\"],\"inLanguage\":\"pt-PT\",\"potentialAction\":[{\"@type\":\"CommentAction\",\"name\":\"Comment\",\"target\":[\"https:\\\/\\\/inclusivenews.com.br\\\/?p=25568#respond\"]}]},{\"@type\":\"WebPage\",\"@id\":\"https:\\\/\\\/inclusivenews.com.br\\\/?p=25568\",\"url\":\"https:\\\/\\\/inclusivenews.com.br\\\/?p=25568\",\"name\":\"Inclus\u00e3o: como a escola p\u00fablica recebe os portadores de autismo -\",\"isPartOf\":{\"@id\":\"https:\\\/\\\/inclusivenews.com.br\\\/#website\"},\"primaryImageOfPage\":{\"@id\":\"https:\\\/\\\/inclusivenews.com.br\\\/?p=25568#primaryimage\"},\"image\":{\"@id\":\"https:\\\/\\\/inclusivenews.com.br\\\/?p=25568#primaryimage\"},\"thumbnailUrl\":\"http:\\\/\\\/www.engeplus.com.br\\\/fotos\\\/67982\\\/noticia_67982g.jpg\",\"datePublished\":\"2013-10-13T13:37:17+00:00\",\"breadcrumb\":{\"@id\":\"https:\\\/\\\/inclusivenews.com.br\\\/?p=25568#breadcrumb\"},\"inLanguage\":\"pt-PT\",\"potentialAction\":[{\"@type\":\"ReadAction\",\"target\":[\"https:\\\/\\\/inclusivenews.com.br\\\/?p=25568\"]}]},{\"@type\":\"ImageObject\",\"inLanguage\":\"pt-PT\",\"@id\":\"https:\\\/\\\/inclusivenews.com.br\\\/?p=25568#primaryimage\",\"url\":\"http:\\\/\\\/www.engeplus.com.br\\\/fotos\\\/67982\\\/noticia_67982g.jpg\",\"contentUrl\":\"http:\\\/\\\/www.engeplus.com.br\\\/fotos\\\/67982\\\/noticia_67982g.jpg\"},{\"@type\":\"BreadcrumbList\",\"@id\":\"https:\\\/\\\/inclusivenews.com.br\\\/?p=25568#breadcrumb\",\"itemListElement\":[{\"@type\":\"ListItem\",\"position\":1,\"name\":\"In\u00edcio\",\"item\":\"https:\\\/\\\/inclusivenews.com.br\\\/\"},{\"@type\":\"ListItem\",\"position\":2,\"name\":\"Inclus\u00e3o: como a escola p\u00fablica recebe os portadores de autismo\"}]},{\"@type\":\"WebSite\",\"@id\":\"https:\\\/\\\/inclusivenews.com.br\\\/#website\",\"url\":\"https:\\\/\\\/inclusivenews.com.br\\\/\",\"name\":\"Inclusive News\",\"description\":\"Inclusive News\",\"publisher\":{\"@id\":\"https:\\\/\\\/inclusivenews.com.br\\\/#organization\"},\"potentialAction\":[{\"@type\":\"SearchAction\",\"target\":{\"@type\":\"EntryPoint\",\"urlTemplate\":\"https:\\\/\\\/inclusivenews.com.br\\\/?s={search_term_string}\"},\"query-input\":{\"@type\":\"PropertyValueSpecification\",\"valueRequired\":true,\"valueName\":\"search_term_string\"}}],\"inLanguage\":\"pt-PT\"},{\"@type\":\"Organization\",\"@id\":\"https:\\\/\\\/inclusivenews.com.br\\\/#organization\",\"name\":\"Inclusive - inclus\u00e3o e cidadania\",\"url\":\"https:\\\/\\\/inclusivenews.com.br\\\/\",\"logo\":{\"@type\":\"ImageObject\",\"inLanguage\":\"pt-PT\",\"@id\":\"https:\\\/\\\/inclusivenews.com.br\\\/#\\\/schema\\\/logo\\\/image\\\/\",\"url\":\"https:\\\/\\\/inclusivenews.com.br\\\/wp-content\\\/uploads\\\/2024\\\/03\\\/@grandesite.png\",\"contentUrl\":\"https:\\\/\\\/inclusivenews.com.br\\\/wp-content\\\/uploads\\\/2024\\\/03\\\/@grandesite.png\",\"width\":1080,\"height\":1080,\"caption\":\"Inclusive - inclus\u00e3o e cidadania\"},\"image\":{\"@id\":\"https:\\\/\\\/inclusivenews.com.br\\\/#\\\/schema\\\/logo\\\/image\\\/\"},\"sameAs\":[\"https:\\\/\\\/www.facebook.com\\\/agenciainclusive\\\/\",\"https:\\\/\\\/www.instagram.com\\\/newsinclusive\\\/\"]},{\"@type\":\"Person\",\"@id\":\"https:\\\/\\\/inclusivenews.com.br\\\/#\\\/schema\\\/person\\\/ae4ec7087559b8692fb33b6fffd2273b\",\"name\":\"inclusivenews2024\",\"image\":{\"@type\":\"ImageObject\",\"inLanguage\":\"pt-PT\",\"@id\":\"https:\\\/\\\/secure.gravatar.com\\\/avatar\\\/c5a7ef84c66fa914f55bc4f7ce26cfa275a3b9a1c5568b907bd184fb4dde7b40?s=96&d=mm&r=g\",\"url\":\"https:\\\/\\\/secure.gravatar.com\\\/avatar\\\/c5a7ef84c66fa914f55bc4f7ce26cfa275a3b9a1c5568b907bd184fb4dde7b40?s=96&d=mm&r=g\",\"contentUrl\":\"https:\\\/\\\/secure.gravatar.com\\\/avatar\\\/c5a7ef84c66fa914f55bc4f7ce26cfa275a3b9a1c5568b907bd184fb4dde7b40?s=96&d=mm&r=g\",\"caption\":\"inclusivenews2024\"},\"sameAs\":[\"https:\\\/\\\/inclusivenews.com.br\"],\"url\":\"https:\\\/\\\/inclusivenews.com.br\\\/?author=1\"}]}<\/script>\n<!-- \/ Yoast SEO plugin. -->","yoast_head_json":{"title":"Inclus\u00e3o: como a escola p\u00fablica recebe os portadores de autismo -","robots":{"index":"index","follow":"follow","max-snippet":"max-snippet:-1","max-image-preview":"max-image-preview:large","max-video-preview":"max-video-preview:-1"},"canonical":"https:\/\/inclusivenews.com.br\/?p=25568","og_locale":"pt_PT","og_type":"article","og_title":"Inclus\u00e3o: como a escola p\u00fablica recebe os portadores de autismo -","og_description":"Para a professora, o grande agravante da inclus\u00e3o das crian\u00e7as com transtornos de desenvolvimento \u00e9 a n\u00e3o prepara\u00e7\u00e3o dos profissionais.","og_url":"https:\/\/inclusivenews.com.br\/?p=25568","article_publisher":"https:\/\/www.facebook.com\/agenciainclusive\/","article_published_time":"2013-10-13T13:37:17+00:00","og_image":[{"url":"http:\/\/www.engeplus.com.br\/fotos\/67982\/noticia_67982g.jpg","type":"","width":"","height":""}],"author":"inclusivenews2024","twitter_card":"summary_large_image","twitter_misc":{"Escrito por":"inclusivenews2024","Tempo estimado de leitura":"3 minutos"},"schema":{"@context":"https:\/\/schema.org","@graph":[{"@type":"Article","@id":"https:\/\/inclusivenews.com.br\/?p=25568#article","isPartOf":{"@id":"https:\/\/inclusivenews.com.br\/?p=25568"},"author":{"name":"inclusivenews2024","@id":"https:\/\/inclusivenews.com.br\/#\/schema\/person\/ae4ec7087559b8692fb33b6fffd2273b"},"headline":"Inclus\u00e3o: como a escola p\u00fablica recebe os portadores de autismo","datePublished":"2013-10-13T13:37:17+00:00","mainEntityOfPage":{"@id":"https:\/\/inclusivenews.com.br\/?p=25568"},"wordCount":624,"commentCount":0,"publisher":{"@id":"https:\/\/inclusivenews.com.br\/#organization"},"image":{"@id":"https:\/\/inclusivenews.com.br\/?p=25568#primaryimage"},"thumbnailUrl":"http:\/\/www.engeplus.com.br\/fotos\/67982\/noticia_67982g.jpg","keywords":["Autismo"],"articleSection":["EDUCA\u00c7\u00c3O","INCLUS\u00c3O SOCIAL"],"inLanguage":"pt-PT","potentialAction":[{"@type":"CommentAction","name":"Comment","target":["https:\/\/inclusivenews.com.br\/?p=25568#respond"]}]},{"@type":"WebPage","@id":"https:\/\/inclusivenews.com.br\/?p=25568","url":"https:\/\/inclusivenews.com.br\/?p=25568","name":"Inclus\u00e3o: como a escola p\u00fablica recebe os portadores de autismo -","isPartOf":{"@id":"https:\/\/inclusivenews.com.br\/#website"},"primaryImageOfPage":{"@id":"https:\/\/inclusivenews.com.br\/?p=25568#primaryimage"},"image":{"@id":"https:\/\/inclusivenews.com.br\/?p=25568#primaryimage"},"thumbnailUrl":"http:\/\/www.engeplus.com.br\/fotos\/67982\/noticia_67982g.jpg","datePublished":"2013-10-13T13:37:17+00:00","breadcrumb":{"@id":"https:\/\/inclusivenews.com.br\/?p=25568#breadcrumb"},"inLanguage":"pt-PT","potentialAction":[{"@type":"ReadAction","target":["https:\/\/inclusivenews.com.br\/?p=25568"]}]},{"@type":"ImageObject","inLanguage":"pt-PT","@id":"https:\/\/inclusivenews.com.br\/?p=25568#primaryimage","url":"http:\/\/www.engeplus.com.br\/fotos\/67982\/noticia_67982g.jpg","contentUrl":"http:\/\/www.engeplus.com.br\/fotos\/67982\/noticia_67982g.jpg"},{"@type":"BreadcrumbList","@id":"https:\/\/inclusivenews.com.br\/?p=25568#breadcrumb","itemListElement":[{"@type":"ListItem","position":1,"name":"In\u00edcio","item":"https:\/\/inclusivenews.com.br\/"},{"@type":"ListItem","position":2,"name":"Inclus\u00e3o: como a escola p\u00fablica recebe os portadores de autismo"}]},{"@type":"WebSite","@id":"https:\/\/inclusivenews.com.br\/#website","url":"https:\/\/inclusivenews.com.br\/","name":"Inclusive News","description":"Inclusive News","publisher":{"@id":"https:\/\/inclusivenews.com.br\/#organization"},"potentialAction":[{"@type":"SearchAction","target":{"@type":"EntryPoint","urlTemplate":"https:\/\/inclusivenews.com.br\/?s={search_term_string}"},"query-input":{"@type":"PropertyValueSpecification","valueRequired":true,"valueName":"search_term_string"}}],"inLanguage":"pt-PT"},{"@type":"Organization","@id":"https:\/\/inclusivenews.com.br\/#organization","name":"Inclusive - inclus\u00e3o e cidadania","url":"https:\/\/inclusivenews.com.br\/","logo":{"@type":"ImageObject","inLanguage":"pt-PT","@id":"https:\/\/inclusivenews.com.br\/#\/schema\/logo\/image\/","url":"https:\/\/inclusivenews.com.br\/wp-content\/uploads\/2024\/03\/@grandesite.png","contentUrl":"https:\/\/inclusivenews.com.br\/wp-content\/uploads\/2024\/03\/@grandesite.png","width":1080,"height":1080,"caption":"Inclusive - inclus\u00e3o e cidadania"},"image":{"@id":"https:\/\/inclusivenews.com.br\/#\/schema\/logo\/image\/"},"sameAs":["https:\/\/www.facebook.com\/agenciainclusive\/","https:\/\/www.instagram.com\/newsinclusive\/"]},{"@type":"Person","@id":"https:\/\/inclusivenews.com.br\/#\/schema\/person\/ae4ec7087559b8692fb33b6fffd2273b","name":"inclusivenews2024","image":{"@type":"ImageObject","inLanguage":"pt-PT","@id":"https:\/\/secure.gravatar.com\/avatar\/c5a7ef84c66fa914f55bc4f7ce26cfa275a3b9a1c5568b907bd184fb4dde7b40?s=96&d=mm&r=g","url":"https:\/\/secure.gravatar.com\/avatar\/c5a7ef84c66fa914f55bc4f7ce26cfa275a3b9a1c5568b907bd184fb4dde7b40?s=96&d=mm&r=g","contentUrl":"https:\/\/secure.gravatar.com\/avatar\/c5a7ef84c66fa914f55bc4f7ce26cfa275a3b9a1c5568b907bd184fb4dde7b40?s=96&d=mm&r=g","caption":"inclusivenews2024"},"sameAs":["https:\/\/inclusivenews.com.br"],"url":"https:\/\/inclusivenews.com.br\/?author=1"}]}},"_links":{"self":[{"href":"https:\/\/inclusivenews.com.br\/index.php?rest_route=\/wp\/v2\/posts\/25568","targetHints":{"allow":["GET"]}}],"collection":[{"href":"https:\/\/inclusivenews.com.br\/index.php?rest_route=\/wp\/v2\/posts"}],"about":[{"href":"https:\/\/inclusivenews.com.br\/index.php?rest_route=\/wp\/v2\/types\/post"}],"author":[{"embeddable":true,"href":"https:\/\/inclusivenews.com.br\/index.php?rest_route=\/wp\/v2\/users\/1"}],"replies":[{"embeddable":true,"href":"https:\/\/inclusivenews.com.br\/index.php?rest_route=%2Fwp%2Fv2%2Fcomments&post=25568"}],"version-history":[{"count":0,"href":"https:\/\/inclusivenews.com.br\/index.php?rest_route=\/wp\/v2\/posts\/25568\/revisions"}],"wp:attachment":[{"href":"https:\/\/inclusivenews.com.br\/index.php?rest_route=%2Fwp%2Fv2%2Fmedia&parent=25568"}],"wp:term":[{"taxonomy":"category","embeddable":true,"href":"https:\/\/inclusivenews.com.br\/index.php?rest_route=%2Fwp%2Fv2%2Fcategories&post=25568"},{"taxonomy":"post_tag","embeddable":true,"href":"https:\/\/inclusivenews.com.br\/index.php?rest_route=%2Fwp%2Fv2%2Ftags&post=25568"}],"curies":[{"name":"wp","href":"https:\/\/api.w.org\/{rel}","templated":true}]}}