{"id":25578,"date":"2013-10-14T20:18:35","date_gmt":"2013-10-14T23:18:35","guid":{"rendered":"http:\/\/www.inclusive.org.br\/?p=25578"},"modified":"2013-10-14T20:18:35","modified_gmt":"2013-10-14T23:18:35","slug":"profissional-da-andamento-a-educacao-inclusiva","status":"publish","type":"post","link":"https:\/\/inclusivenews.com.br\/?p=25578","title":{"rendered":"Profissional d\u00e1 andamento \u00e0 educa\u00e7\u00e3o inclusiva"},"content":{"rendered":"<figure style=\"width: 350px\" class=\"wp-caption alignnone\"><img loading=\"lazy\" decoding=\"async\" title=\"Ang\u00e9lica e seu aluno\" src=\"http:\/\/www.adjorisc.com.br\/polopoly_fs\/1.1361873.1381749121!\/image\/1345308942.jpg_gen\/derivatives\/horizontal_w500\/1345308942.jpg\" alt=\"Ang\u00e9lica e seu aluno\" width=\"350\" height=\"255\" \/><figcaption class=\"wp-caption-text\"> <\/figcaption><\/figure>\n<p><em>Por\u00a0Franciele Gasparini<br \/>\nem <a href=\"http:\/\/www.adjorisc.com.br\/jornais\/asemana\/curitibanos\/profissional-da-andamento-a-educac-o-inclusiva-1.1361853#.Ulxz50DzOSp\" target=\"_blank\" rel=\"noopener\">A Semana<\/a><\/em><\/p>\n<p>A morte de um menino de 11 anos, em S\u00e3o Paulo, ap\u00f3s uma queda na escola onde estudava trouxe \u00e0 tona a import\u00e2ncia do segundo professor, como \u00e9 conhecido esse profissional da educa\u00e7\u00e3o em Santa Catarina.<\/p>\n<p>O garoto, que anterior ao incidente contava com o aux\u00edlio de um professor-cuidador, sofria de um tipo de distrofia muscular, mas precisava de cuidados espec\u00edficos na escola que n\u00e3o contava com o profissional habilitado quando ocorreu o acidente.<\/p>\n<p>Em Curitibanos, diferente do problema enfrentado por crian\u00e7as paulistas, h\u00e1 profissionais dispon\u00edveis que s\u00e3o designados mediante diagn\u00f3stico m\u00e9dico. De acordo com a gerente de Educa\u00e7\u00e3o Cristina Ehrhardt, cada segundo professor pode atender at\u00e9 tr\u00eas alunos portadores de alguma defici\u00eancia, dependendo do n\u00edvel de defici\u00eancia de cada educando. \u201cQuando temos matr\u00edculas de alunos com defici\u00eancia, automaticamente este estudante passar\u00e1 por uma avalia\u00e7\u00e3o m\u00e9dica, feita em parceria com a Apae, que vai designar a necessidade do segundo professor, que ent\u00e3o \u00e9 disponibilizado\u201d, informou Cristina.<\/p>\n<p>Atualmente, conforme dados da Gered de Curitibanos, existem 68 profissionais que atuam como segundo professor, estes promovem a educa\u00e7\u00e3o de 118 crian\u00e7as portadoras de defici\u00eancia, sendo que 92 delas s\u00e3o portadoras de defici\u00eancia intelectual. \u201cO segundo professor \u00e9 um pedagogo formado ou em forma\u00e7\u00e3o que muitas vezes \u00e9 mais que um professor tamb\u00e9m \u00e9 cuidador\u201d, afirmou Cristina.<\/p>\n<p>A gerente de Educa\u00e7\u00e3o salientou que a educa\u00e7\u00e3o inclusiva \u00e9 lei no Brasil desde 2004, e que desde ent\u00e3o vem quebrando barreiras e trazendo novidades para as unidades, com novas maneiras de educar, pois al\u00e9m das barreiras f\u00edsicas, como as quest\u00f5es arquitet\u00f4nicas, tamb\u00e9m h\u00e1 barreiras n\u00e3o palp\u00e1veis, como a media\u00e7\u00e3o do conhecimento. \u201c\u00c9 um profissional novo, em uma nova modalidade de trabalho, onde o que mais nos preocupa \u00e9 a segrega\u00e7\u00e3o, pois deve haver uma aten\u00e7\u00e3o volta \u00e0 educa\u00e7\u00e3o inclusiva para que sempre aconte\u00e7a com qualidade\u201d, salientou Cristina.<\/p>\n<p>Al\u00e9m do segundo professor, as escolas da rede estadual tamb\u00e9m contam com programas, como o Saed, que d\u00e3o apoio espec\u00edfico \u00e0s a\u00e7\u00f5es de educa\u00e7\u00e3o inclusiva, promovendo orienta\u00e7\u00f5es did\u00e1ticas e o desenvolvimento de atividades com a utiliza\u00e7\u00e3o da tecnologia assistiva. Atualmente, sete escola da regi\u00e3o contam o Saed e a Gered est\u00e1 buscando a inclus\u00e3o das demais no programa do governo do E Educa\u00e7\u00e3o especial na perspectiva da educa\u00e7\u00e3o inclusiva<br \/>\nEstado.<\/p>\n<p>Para atender \u00e0s necessidades da educa\u00e7\u00e3o inclusiva, a Ger\u00eancia de Educa\u00e7\u00e3o do munic\u00edpio tamb\u00e9m est\u00e1 promovendo capacita\u00e7\u00f5es e cursos de especializa\u00e7\u00e3o para os profissionais que trabalham como segundo professor. \u201cNa \u00faltima semana tivemos uma profissional em forma\u00e7\u00e3o na Secretaria de Educa\u00e7\u00e3o do estado e estamos promovendo encontros de forma\u00e7\u00e3o para segundo professor para cada tipo de defici\u00eancia\u201d, revelou Cristina.<\/p>\n<p>Trabalhando a inclus\u00e3o<\/p>\n<p>Quem sabe bem que a profiss\u00e3o de segundo professor ainda est\u00e1 em adapta\u00e7\u00e3o no pa\u00eds \u00e9 a segunda professora Ang\u00e9lica da Silva carvalho, 29 anos.<\/p>\n<p>Ang\u00e9lica \u00e9 segunda professora h\u00e1 cerca de sete meses e garante que ainda h\u00e1 muito ch\u00e3o pela frente. \u201cTenho 600 horas em cursos relacionados \u00e0 Educa\u00e7\u00e3o Especial e percebo que ainda h\u00e1 muito que aprender a respeito\u201d, destaca Ang\u00e9lica.<\/p>\n<p>Para a segunda professora a import\u00e2ncia do educar est\u00e1 muito al\u00e9m de um cuidado espec\u00edfico. Ang\u00e9lica salienta que no acompanhamento que realiza com alunos na EEB Francisco de Campos, em Curitibanos, percebeu a evolu\u00e7\u00e3o das crian\u00e7as na aprendizagem. \u201cTenho alunos que n\u00e3o reconheciam as letras e, hoje, conseguem ler\u201d, avalia Ang\u00e9lica.<\/p>\n<p>O aprender \u00e9 da crian\u00e7a, os m\u00e9todos e a aplica\u00e7\u00e3o do conhecimento s\u00e3o do professor. Assim define a segunda professora, garantindo que o desenvolvimento da crian\u00e7a depende do profissional e, sem d\u00favida, um professor espec\u00edfico conseguir\u00e1 envolver o estudante e fazer com que ele esteja e se sinta inclu\u00eddo em sala de aula.<\/p>\n","protected":false},"excerpt":{"rendered":"<p>Quando temos matr\u00edculas de alunos com defici\u00eancia, automaticamente este estudante passar\u00e1 por uma avalia\u00e7\u00e3o m\u00e9dica, feita em parceria com a Apae, que vai designar a necessidade do segundo professor, que ent\u00e3o \u00e9 disponibilizado.<\/p>\n","protected":false},"author":1,"featured_media":0,"comment_status":"open","ping_status":"open","sticky":false,"template":"","format":"standard","meta":{"site-container-style":"default","site-container-layout":"default","site-sidebar-layout":"default","disable-article-header":"default","disable-site-header":"default","disable-site-footer":"default","disable-content-area-spacing":"default","footnotes":""},"categories":[38,6,48],"tags":[],"class_list":["post-25578","post","type-post","status-publish","format-standard","hentry","category-deficiencia","category-educacao","category-inclusao"],"yoast_head":"<!-- This site is optimized with the Yoast SEO plugin v27.4 - https:\/\/yoast.com\/product\/yoast-seo-wordpress\/ -->\n<title>Profissional d\u00e1 andamento \u00e0 educa\u00e7\u00e3o inclusiva -<\/title>\n<meta name=\"robots\" content=\"index, follow, max-snippet:-1, max-image-preview:large, max-video-preview:-1\" \/>\n<link rel=\"canonical\" href=\"https:\/\/inclusivenews.com.br\/?p=25578\" \/>\n<meta property=\"og:locale\" content=\"pt_PT\" \/>\n<meta property=\"og:type\" content=\"article\" \/>\n<meta property=\"og:title\" content=\"Profissional d\u00e1 andamento \u00e0 educa\u00e7\u00e3o inclusiva -\" \/>\n<meta property=\"og:description\" content=\"Quando temos matr\u00edculas de alunos com defici\u00eancia, automaticamente este estudante passar\u00e1 por uma avalia\u00e7\u00e3o m\u00e9dica, feita em parceria com a Apae, que vai designar a necessidade do segundo professor, que ent\u00e3o \u00e9 disponibilizado.\" \/>\n<meta property=\"og:url\" content=\"https:\/\/inclusivenews.com.br\/?p=25578\" \/>\n<meta property=\"article:publisher\" content=\"https:\/\/www.facebook.com\/agenciainclusive\/\" \/>\n<meta property=\"article:published_time\" content=\"2013-10-14T23:18:35+00:00\" \/>\n<meta property=\"og:image\" content=\"http:\/\/www.adjorisc.com.br\/polopoly_fs\/1.1361873.1381749121!\/image\/1345308942.jpg_gen\/derivatives\/horizontal_w500\/1345308942.jpg\" \/>\n<meta name=\"author\" content=\"inclusivenews2024\" \/>\n<meta name=\"twitter:card\" content=\"summary_large_image\" \/>\n<meta name=\"twitter:label1\" content=\"Escrito por\" \/>\n\t<meta name=\"twitter:data1\" content=\"inclusivenews2024\" \/>\n\t<meta name=\"twitter:label2\" content=\"Tempo estimado de leitura\" \/>\n\t<meta name=\"twitter:data2\" content=\"3 minutos\" \/>\n<script type=\"application\/ld+json\" class=\"yoast-schema-graph\">{\"@context\":\"https:\\\/\\\/schema.org\",\"@graph\":[{\"@type\":\"Article\",\"@id\":\"https:\\\/\\\/inclusivenews.com.br\\\/?p=25578#article\",\"isPartOf\":{\"@id\":\"https:\\\/\\\/inclusivenews.com.br\\\/?p=25578\"},\"author\":{\"name\":\"inclusivenews2024\",\"@id\":\"https:\\\/\\\/inclusivenews.com.br\\\/#\\\/schema\\\/person\\\/ae4ec7087559b8692fb33b6fffd2273b\"},\"headline\":\"Profissional d\u00e1 andamento \u00e0 educa\u00e7\u00e3o inclusiva\",\"datePublished\":\"2013-10-14T23:18:35+00:00\",\"mainEntityOfPage\":{\"@id\":\"https:\\\/\\\/inclusivenews.com.br\\\/?p=25578\"},\"wordCount\":692,\"commentCount\":0,\"publisher\":{\"@id\":\"https:\\\/\\\/inclusivenews.com.br\\\/#organization\"},\"image\":{\"@id\":\"https:\\\/\\\/inclusivenews.com.br\\\/?p=25578#primaryimage\"},\"thumbnailUrl\":\"http:\\\/\\\/www.adjorisc.com.br\\\/polopoly_fs\\\/1.1361873.1381749121!\\\/image\\\/1345308942.jpg_gen\\\/derivatives\\\/horizontal_w500\\\/1345308942.jpg\",\"articleSection\":[\"Defici\u00eancia\",\"EDUCA\u00c7\u00c3O\",\"INCLUS\u00c3O SOCIAL\"],\"inLanguage\":\"pt-PT\",\"potentialAction\":[{\"@type\":\"CommentAction\",\"name\":\"Comment\",\"target\":[\"https:\\\/\\\/inclusivenews.com.br\\\/?p=25578#respond\"]}]},{\"@type\":\"WebPage\",\"@id\":\"https:\\\/\\\/inclusivenews.com.br\\\/?p=25578\",\"url\":\"https:\\\/\\\/inclusivenews.com.br\\\/?p=25578\",\"name\":\"Profissional d\u00e1 andamento \u00e0 educa\u00e7\u00e3o inclusiva -\",\"isPartOf\":{\"@id\":\"https:\\\/\\\/inclusivenews.com.br\\\/#website\"},\"primaryImageOfPage\":{\"@id\":\"https:\\\/\\\/inclusivenews.com.br\\\/?p=25578#primaryimage\"},\"image\":{\"@id\":\"https:\\\/\\\/inclusivenews.com.br\\\/?p=25578#primaryimage\"},\"thumbnailUrl\":\"http:\\\/\\\/www.adjorisc.com.br\\\/polopoly_fs\\\/1.1361873.1381749121!\\\/image\\\/1345308942.jpg_gen\\\/derivatives\\\/horizontal_w500\\\/1345308942.jpg\",\"datePublished\":\"2013-10-14T23:18:35+00:00\",\"breadcrumb\":{\"@id\":\"https:\\\/\\\/inclusivenews.com.br\\\/?p=25578#breadcrumb\"},\"inLanguage\":\"pt-PT\",\"potentialAction\":[{\"@type\":\"ReadAction\",\"target\":[\"https:\\\/\\\/inclusivenews.com.br\\\/?p=25578\"]}]},{\"@type\":\"ImageObject\",\"inLanguage\":\"pt-PT\",\"@id\":\"https:\\\/\\\/inclusivenews.com.br\\\/?p=25578#primaryimage\",\"url\":\"http:\\\/\\\/www.adjorisc.com.br\\\/polopoly_fs\\\/1.1361873.1381749121!\\\/image\\\/1345308942.jpg_gen\\\/derivatives\\\/horizontal_w500\\\/1345308942.jpg\",\"contentUrl\":\"http:\\\/\\\/www.adjorisc.com.br\\\/polopoly_fs\\\/1.1361873.1381749121!\\\/image\\\/1345308942.jpg_gen\\\/derivatives\\\/horizontal_w500\\\/1345308942.jpg\"},{\"@type\":\"BreadcrumbList\",\"@id\":\"https:\\\/\\\/inclusivenews.com.br\\\/?p=25578#breadcrumb\",\"itemListElement\":[{\"@type\":\"ListItem\",\"position\":1,\"name\":\"In\u00edcio\",\"item\":\"https:\\\/\\\/inclusivenews.com.br\\\/\"},{\"@type\":\"ListItem\",\"position\":2,\"name\":\"Profissional d\u00e1 andamento \u00e0 educa\u00e7\u00e3o inclusiva\"}]},{\"@type\":\"WebSite\",\"@id\":\"https:\\\/\\\/inclusivenews.com.br\\\/#website\",\"url\":\"https:\\\/\\\/inclusivenews.com.br\\\/\",\"name\":\"Inclusive News\",\"description\":\"Inclusive News\",\"publisher\":{\"@id\":\"https:\\\/\\\/inclusivenews.com.br\\\/#organization\"},\"potentialAction\":[{\"@type\":\"SearchAction\",\"target\":{\"@type\":\"EntryPoint\",\"urlTemplate\":\"https:\\\/\\\/inclusivenews.com.br\\\/?s={search_term_string}\"},\"query-input\":{\"@type\":\"PropertyValueSpecification\",\"valueRequired\":true,\"valueName\":\"search_term_string\"}}],\"inLanguage\":\"pt-PT\"},{\"@type\":\"Organization\",\"@id\":\"https:\\\/\\\/inclusivenews.com.br\\\/#organization\",\"name\":\"Inclusive - inclus\u00e3o e cidadania\",\"url\":\"https:\\\/\\\/inclusivenews.com.br\\\/\",\"logo\":{\"@type\":\"ImageObject\",\"inLanguage\":\"pt-PT\",\"@id\":\"https:\\\/\\\/inclusivenews.com.br\\\/#\\\/schema\\\/logo\\\/image\\\/\",\"url\":\"https:\\\/\\\/inclusivenews.com.br\\\/wp-content\\\/uploads\\\/2024\\\/03\\\/@grandesite.png\",\"contentUrl\":\"https:\\\/\\\/inclusivenews.com.br\\\/wp-content\\\/uploads\\\/2024\\\/03\\\/@grandesite.png\",\"width\":1080,\"height\":1080,\"caption\":\"Inclusive - inclus\u00e3o e cidadania\"},\"image\":{\"@id\":\"https:\\\/\\\/inclusivenews.com.br\\\/#\\\/schema\\\/logo\\\/image\\\/\"},\"sameAs\":[\"https:\\\/\\\/www.facebook.com\\\/agenciainclusive\\\/\",\"https:\\\/\\\/www.instagram.com\\\/newsinclusive\\\/\"]},{\"@type\":\"Person\",\"@id\":\"https:\\\/\\\/inclusivenews.com.br\\\/#\\\/schema\\\/person\\\/ae4ec7087559b8692fb33b6fffd2273b\",\"name\":\"inclusivenews2024\",\"image\":{\"@type\":\"ImageObject\",\"inLanguage\":\"pt-PT\",\"@id\":\"https:\\\/\\\/secure.gravatar.com\\\/avatar\\\/c5a7ef84c66fa914f55bc4f7ce26cfa275a3b9a1c5568b907bd184fb4dde7b40?s=96&d=mm&r=g\",\"url\":\"https:\\\/\\\/secure.gravatar.com\\\/avatar\\\/c5a7ef84c66fa914f55bc4f7ce26cfa275a3b9a1c5568b907bd184fb4dde7b40?s=96&d=mm&r=g\",\"contentUrl\":\"https:\\\/\\\/secure.gravatar.com\\\/avatar\\\/c5a7ef84c66fa914f55bc4f7ce26cfa275a3b9a1c5568b907bd184fb4dde7b40?s=96&d=mm&r=g\",\"caption\":\"inclusivenews2024\"},\"sameAs\":[\"https:\\\/\\\/inclusivenews.com.br\"],\"url\":\"https:\\\/\\\/inclusivenews.com.br\\\/?author=1\"}]}<\/script>\n<!-- \/ Yoast SEO plugin. -->","yoast_head_json":{"title":"Profissional d\u00e1 andamento \u00e0 educa\u00e7\u00e3o inclusiva -","robots":{"index":"index","follow":"follow","max-snippet":"max-snippet:-1","max-image-preview":"max-image-preview:large","max-video-preview":"max-video-preview:-1"},"canonical":"https:\/\/inclusivenews.com.br\/?p=25578","og_locale":"pt_PT","og_type":"article","og_title":"Profissional d\u00e1 andamento \u00e0 educa\u00e7\u00e3o inclusiva -","og_description":"Quando temos matr\u00edculas de alunos com defici\u00eancia, automaticamente este estudante passar\u00e1 por uma avalia\u00e7\u00e3o m\u00e9dica, feita em parceria com a Apae, que vai designar a necessidade do segundo professor, que ent\u00e3o \u00e9 disponibilizado.","og_url":"https:\/\/inclusivenews.com.br\/?p=25578","article_publisher":"https:\/\/www.facebook.com\/agenciainclusive\/","article_published_time":"2013-10-14T23:18:35+00:00","og_image":[{"url":"http:\/\/www.adjorisc.com.br\/polopoly_fs\/1.1361873.1381749121!\/image\/1345308942.jpg_gen\/derivatives\/horizontal_w500\/1345308942.jpg","type":"","width":"","height":""}],"author":"inclusivenews2024","twitter_card":"summary_large_image","twitter_misc":{"Escrito por":"inclusivenews2024","Tempo estimado de leitura":"3 minutos"},"schema":{"@context":"https:\/\/schema.org","@graph":[{"@type":"Article","@id":"https:\/\/inclusivenews.com.br\/?p=25578#article","isPartOf":{"@id":"https:\/\/inclusivenews.com.br\/?p=25578"},"author":{"name":"inclusivenews2024","@id":"https:\/\/inclusivenews.com.br\/#\/schema\/person\/ae4ec7087559b8692fb33b6fffd2273b"},"headline":"Profissional d\u00e1 andamento \u00e0 educa\u00e7\u00e3o inclusiva","datePublished":"2013-10-14T23:18:35+00:00","mainEntityOfPage":{"@id":"https:\/\/inclusivenews.com.br\/?p=25578"},"wordCount":692,"commentCount":0,"publisher":{"@id":"https:\/\/inclusivenews.com.br\/#organization"},"image":{"@id":"https:\/\/inclusivenews.com.br\/?p=25578#primaryimage"},"thumbnailUrl":"http:\/\/www.adjorisc.com.br\/polopoly_fs\/1.1361873.1381749121!\/image\/1345308942.jpg_gen\/derivatives\/horizontal_w500\/1345308942.jpg","articleSection":["Defici\u00eancia","EDUCA\u00c7\u00c3O","INCLUS\u00c3O SOCIAL"],"inLanguage":"pt-PT","potentialAction":[{"@type":"CommentAction","name":"Comment","target":["https:\/\/inclusivenews.com.br\/?p=25578#respond"]}]},{"@type":"WebPage","@id":"https:\/\/inclusivenews.com.br\/?p=25578","url":"https:\/\/inclusivenews.com.br\/?p=25578","name":"Profissional d\u00e1 andamento \u00e0 educa\u00e7\u00e3o inclusiva -","isPartOf":{"@id":"https:\/\/inclusivenews.com.br\/#website"},"primaryImageOfPage":{"@id":"https:\/\/inclusivenews.com.br\/?p=25578#primaryimage"},"image":{"@id":"https:\/\/inclusivenews.com.br\/?p=25578#primaryimage"},"thumbnailUrl":"http:\/\/www.adjorisc.com.br\/polopoly_fs\/1.1361873.1381749121!\/image\/1345308942.jpg_gen\/derivatives\/horizontal_w500\/1345308942.jpg","datePublished":"2013-10-14T23:18:35+00:00","breadcrumb":{"@id":"https:\/\/inclusivenews.com.br\/?p=25578#breadcrumb"},"inLanguage":"pt-PT","potentialAction":[{"@type":"ReadAction","target":["https:\/\/inclusivenews.com.br\/?p=25578"]}]},{"@type":"ImageObject","inLanguage":"pt-PT","@id":"https:\/\/inclusivenews.com.br\/?p=25578#primaryimage","url":"http:\/\/www.adjorisc.com.br\/polopoly_fs\/1.1361873.1381749121!\/image\/1345308942.jpg_gen\/derivatives\/horizontal_w500\/1345308942.jpg","contentUrl":"http:\/\/www.adjorisc.com.br\/polopoly_fs\/1.1361873.1381749121!\/image\/1345308942.jpg_gen\/derivatives\/horizontal_w500\/1345308942.jpg"},{"@type":"BreadcrumbList","@id":"https:\/\/inclusivenews.com.br\/?p=25578#breadcrumb","itemListElement":[{"@type":"ListItem","position":1,"name":"In\u00edcio","item":"https:\/\/inclusivenews.com.br\/"},{"@type":"ListItem","position":2,"name":"Profissional d\u00e1 andamento \u00e0 educa\u00e7\u00e3o inclusiva"}]},{"@type":"WebSite","@id":"https:\/\/inclusivenews.com.br\/#website","url":"https:\/\/inclusivenews.com.br\/","name":"Inclusive News","description":"Inclusive News","publisher":{"@id":"https:\/\/inclusivenews.com.br\/#organization"},"potentialAction":[{"@type":"SearchAction","target":{"@type":"EntryPoint","urlTemplate":"https:\/\/inclusivenews.com.br\/?s={search_term_string}"},"query-input":{"@type":"PropertyValueSpecification","valueRequired":true,"valueName":"search_term_string"}}],"inLanguage":"pt-PT"},{"@type":"Organization","@id":"https:\/\/inclusivenews.com.br\/#organization","name":"Inclusive - inclus\u00e3o e cidadania","url":"https:\/\/inclusivenews.com.br\/","logo":{"@type":"ImageObject","inLanguage":"pt-PT","@id":"https:\/\/inclusivenews.com.br\/#\/schema\/logo\/image\/","url":"https:\/\/inclusivenews.com.br\/wp-content\/uploads\/2024\/03\/@grandesite.png","contentUrl":"https:\/\/inclusivenews.com.br\/wp-content\/uploads\/2024\/03\/@grandesite.png","width":1080,"height":1080,"caption":"Inclusive - inclus\u00e3o e cidadania"},"image":{"@id":"https:\/\/inclusivenews.com.br\/#\/schema\/logo\/image\/"},"sameAs":["https:\/\/www.facebook.com\/agenciainclusive\/","https:\/\/www.instagram.com\/newsinclusive\/"]},{"@type":"Person","@id":"https:\/\/inclusivenews.com.br\/#\/schema\/person\/ae4ec7087559b8692fb33b6fffd2273b","name":"inclusivenews2024","image":{"@type":"ImageObject","inLanguage":"pt-PT","@id":"https:\/\/secure.gravatar.com\/avatar\/c5a7ef84c66fa914f55bc4f7ce26cfa275a3b9a1c5568b907bd184fb4dde7b40?s=96&d=mm&r=g","url":"https:\/\/secure.gravatar.com\/avatar\/c5a7ef84c66fa914f55bc4f7ce26cfa275a3b9a1c5568b907bd184fb4dde7b40?s=96&d=mm&r=g","contentUrl":"https:\/\/secure.gravatar.com\/avatar\/c5a7ef84c66fa914f55bc4f7ce26cfa275a3b9a1c5568b907bd184fb4dde7b40?s=96&d=mm&r=g","caption":"inclusivenews2024"},"sameAs":["https:\/\/inclusivenews.com.br"],"url":"https:\/\/inclusivenews.com.br\/?author=1"}]}},"_links":{"self":[{"href":"https:\/\/inclusivenews.com.br\/index.php?rest_route=\/wp\/v2\/posts\/25578","targetHints":{"allow":["GET"]}}],"collection":[{"href":"https:\/\/inclusivenews.com.br\/index.php?rest_route=\/wp\/v2\/posts"}],"about":[{"href":"https:\/\/inclusivenews.com.br\/index.php?rest_route=\/wp\/v2\/types\/post"}],"author":[{"embeddable":true,"href":"https:\/\/inclusivenews.com.br\/index.php?rest_route=\/wp\/v2\/users\/1"}],"replies":[{"embeddable":true,"href":"https:\/\/inclusivenews.com.br\/index.php?rest_route=%2Fwp%2Fv2%2Fcomments&post=25578"}],"version-history":[{"count":0,"href":"https:\/\/inclusivenews.com.br\/index.php?rest_route=\/wp\/v2\/posts\/25578\/revisions"}],"wp:attachment":[{"href":"https:\/\/inclusivenews.com.br\/index.php?rest_route=%2Fwp%2Fv2%2Fmedia&parent=25578"}],"wp:term":[{"taxonomy":"category","embeddable":true,"href":"https:\/\/inclusivenews.com.br\/index.php?rest_route=%2Fwp%2Fv2%2Fcategories&post=25578"},{"taxonomy":"post_tag","embeddable":true,"href":"https:\/\/inclusivenews.com.br\/index.php?rest_route=%2Fwp%2Fv2%2Ftags&post=25578"}],"curies":[{"name":"wp","href":"https:\/\/api.w.org\/{rel}","templated":true}]}}