{"id":25610,"date":"2013-10-16T13:51:00","date_gmt":"2013-10-16T16:51:00","guid":{"rendered":"http:\/\/www.inclusive.org.br\/?p=25610"},"modified":"2013-10-16T13:51:00","modified_gmt":"2013-10-16T16:51:00","slug":"pessoas-com-deficiencia-sao-ignoradas-em-desastres-mostra-estudo-da-onu","status":"publish","type":"post","link":"https:\/\/inclusivenews.com.br\/?p=25610","title":{"rendered":"Pessoas com defici\u00eancia s\u00e3o ignoradas em desastres, mostra estudo da ONU"},"content":{"rendered":"<p><img loading=\"lazy\" decoding=\"async\" class=\"alignleft size-full wp-image-25611\" title=\"desastre\" src=\"http:\/\/inclusivenews.com.br\/wp-content\/uploads\/desastre.jpg\" alt=\"Dois homens em cadeira de rodas, de costas, entre grupo sentado em cadeiras. Um dos homens com o braco no ombro do outro. \" width=\"368\" height=\"223\" \/>Uma\u00a0<a href=\"http:\/\/www.un.org\/apps\/news\/story.asp?NewsID=46238&amp;Cr=&amp;Cr1=#.UlcIKdJwots\" target=\"_blank\" rel=\"noopener\">alta propor\u00e7\u00e3o de pessoas com defici\u00eancia morre ou sofre les\u00f5es<\/a> durante desastres porque raramente s\u00e3o consultadas sobre suas necessidades e Governos n\u00e3o t\u00eam infraestrutura adequada para supri-las. A conclus\u00e3o \u00e9 de uma pesquisa produzida pela Estrat\u00e9gia Internacional das Na\u00e7\u00f5es Unidas para a Redu\u00e7\u00e3o de Desastres (<a href=\"http:\/\/www.unisdr.org\/\" target=\"_blank\" rel=\"noopener\">UNISDR<\/a>) e parceiros.<\/p>\n<p>O estudo divulgado nesta quinta-feira (10) consultou cerca de\u00a0<a href=\"http:\/\/www.unisdr.org\/archive\/35032\" target=\"_blank\" rel=\"noopener\">6 mil pessoas com defici\u00eancia em 126 pa\u00edses<\/a> sobre como lidar e se preparar para as cat\u00e1strofes. Os resultados mostram que nos casos em que as pessoas precisam ser retiradas, como em inunda\u00e7\u00f5es ou terremotos,\u00a0<a href=\"http:\/\/www.unisdr.org\/files\/35032_20131004infographicoverview.pdf\" target=\"_blank\" rel=\"noopener\">apenas 20% dos entrevistados poderia deixar o local imediatamente sem dificuldades<\/a>; 6% n\u00e3o seria capaz de abandonar a \u00e1rea e o restante teria condi\u00e7\u00f5es de sair com um certo grau de dificuldade.<\/p>\n<p>Um dos entrevistados, por exemplo, relatou que n\u00e3o tem como receber os sinais de alerta por n\u00e3o escutar as sirenes.<\/p>\n<p>\u201cOs resultados desta pesquisa s\u00e3o chocantes. Eles revelam que a principal raz\u00e3o pela qual um n\u00famero desproporcional de pessoas com defici\u00eancia sofre e morre em desastres \u00e9 porque, na maioria das situa\u00e7\u00f5es, as suas necessidades s\u00e3o ignoradas e negligenciadas pelo processo de planejamento oficial\u201d, disse a chefe da UNISDR, Margareta Wahlstr\u00f6m.<\/p>\n<p>Wahlstr\u00f6m disse que as pessoas com defici\u00eancia tamb\u00e9m enfrentam dificuldades p\u00f3s-desastres porque os sistemas de emerg\u00eancia e assist\u00eancia n\u00e3o est\u00e3o preparados para receber quem depende de ajuda ou tem alguma defici\u00eancia.<\/p>\n<p>\u00c0s v\u00e9speras do\u00a0<a href=\"http:\/\/www.un.org\/en\/events\/disasterreductionday\/\" target=\"_blank\" rel=\"noopener\">Dia Internacional para a Redu\u00e7\u00e3o de Desastre (13 de outubro)<\/a>, a UNISDR acrescentou que os conhecimentos e experi\u00eancias dos entrevitados ser\u00e3o debatidos na Confer\u00eancia Mundial sobre Redu\u00e7\u00e3o de Riscos de Desastres em 2015, no Jap\u00e3o, quando um novo quadro de a\u00e7\u00e3o deve ser adotado.<\/p>\n<p>Fonte: <a href=\"http:\/\/www.onu.org.br\/pessoas-com-deficiencia-sao-ignoradas-em-desastres-mostra-estudo-da-onu\/\">http:\/\/www.onu.org.br\/pessoas-com-deficiencia-sao-ignoradas-em-desastres-mostra-estudo-da-onu\/<\/a><\/p>\n","protected":false},"excerpt":{"rendered":"<p>Apenas 20% dos entrevistados poderia deixar o local imediatamente sem dificuldades; 6% n\u00e3o seria capaz de abandonar a \u00e1rea e o restante teria condi\u00e7\u00f5es de sair com um certo grau de dificuldade.<\/p>\n","protected":false},"author":1,"featured_media":0,"comment_status":"open","ping_status":"open","sticky":false,"template":"","format":"standard","meta":{"site-container-style":"default","site-container-layout":"default","site-sidebar-layout":"default","disable-article-header":"default","disable-site-header":"default","disable-site-footer":"default","disable-content-area-spacing":"default","footnotes":""},"categories":[44,38,11,48,4],"tags":[],"class_list":["post-25610","post","type-post","status-publish","format-standard","hentry","category-acessibilidade","category-deficiencia","category-direitos-humanos","category-inclusao","category-noticias"],"yoast_head":"<!-- This site is optimized with the Yoast SEO plugin v27.4 - https:\/\/yoast.com\/product\/yoast-seo-wordpress\/ -->\n<title>Pessoas com defici\u00eancia s\u00e3o ignoradas em desastres, mostra estudo da ONU -<\/title>\n<meta name=\"robots\" content=\"index, follow, max-snippet:-1, max-image-preview:large, max-video-preview:-1\" \/>\n<link rel=\"canonical\" href=\"https:\/\/inclusivenews.com.br\/?p=25610\" \/>\n<meta property=\"og:locale\" content=\"pt_PT\" \/>\n<meta property=\"og:type\" content=\"article\" \/>\n<meta property=\"og:title\" content=\"Pessoas com defici\u00eancia s\u00e3o ignoradas em desastres, mostra estudo da ONU -\" \/>\n<meta property=\"og:description\" content=\"Apenas 20% dos entrevistados poderia deixar o local imediatamente sem dificuldades; 6% n\u00e3o seria capaz de abandonar a \u00e1rea e o restante teria condi\u00e7\u00f5es de sair com um certo grau de dificuldade.\" \/>\n<meta property=\"og:url\" content=\"https:\/\/inclusivenews.com.br\/?p=25610\" \/>\n<meta property=\"article:publisher\" content=\"https:\/\/www.facebook.com\/agenciainclusive\/\" \/>\n<meta property=\"article:published_time\" content=\"2013-10-16T16:51:00+00:00\" \/>\n<meta property=\"og:image\" content=\"http:\/\/inclusivenews.com.br\/wp-content\/uploads\/desastre.jpg\" \/>\n<meta name=\"author\" content=\"inclusivenews2024\" \/>\n<meta name=\"twitter:card\" content=\"summary_large_image\" \/>\n<meta name=\"twitter:label1\" content=\"Escrito por\" \/>\n\t<meta name=\"twitter:data1\" content=\"inclusivenews2024\" \/>\n\t<meta name=\"twitter:label2\" content=\"Tempo estimado de leitura\" \/>\n\t<meta name=\"twitter:data2\" content=\"2 minutos\" \/>\n<script type=\"application\/ld+json\" class=\"yoast-schema-graph\">{\"@context\":\"https:\\\/\\\/schema.org\",\"@graph\":[{\"@type\":\"Article\",\"@id\":\"https:\\\/\\\/inclusivenews.com.br\\\/?p=25610#article\",\"isPartOf\":{\"@id\":\"https:\\\/\\\/inclusivenews.com.br\\\/?p=25610\"},\"author\":{\"name\":\"inclusivenews2024\",\"@id\":\"https:\\\/\\\/inclusivenews.com.br\\\/#\\\/schema\\\/person\\\/ae4ec7087559b8692fb33b6fffd2273b\"},\"headline\":\"Pessoas com defici\u00eancia s\u00e3o ignoradas em desastres, mostra estudo da ONU\",\"datePublished\":\"2013-10-16T16:51:00+00:00\",\"mainEntityOfPage\":{\"@id\":\"https:\\\/\\\/inclusivenews.com.br\\\/?p=25610\"},\"wordCount\":327,\"commentCount\":0,\"publisher\":{\"@id\":\"https:\\\/\\\/inclusivenews.com.br\\\/#organization\"},\"image\":{\"@id\":\"https:\\\/\\\/inclusivenews.com.br\\\/?p=25610#primaryimage\"},\"thumbnailUrl\":\"http:\\\/\\\/inclusivenews.com.br\\\/wp-content\\\/uploads\\\/desastre.jpg\",\"articleSection\":[\"ACESSIBILIDADE\",\"Defici\u00eancia\",\"DIREITOS HUMANOS\",\"INCLUS\u00c3O SOCIAL\",\"NOT\u00cdCIAS\"],\"inLanguage\":\"pt-PT\",\"potentialAction\":[{\"@type\":\"CommentAction\",\"name\":\"Comment\",\"target\":[\"https:\\\/\\\/inclusivenews.com.br\\\/?p=25610#respond\"]}]},{\"@type\":\"WebPage\",\"@id\":\"https:\\\/\\\/inclusivenews.com.br\\\/?p=25610\",\"url\":\"https:\\\/\\\/inclusivenews.com.br\\\/?p=25610\",\"name\":\"Pessoas com defici\u00eancia s\u00e3o ignoradas em desastres, mostra estudo da ONU -\",\"isPartOf\":{\"@id\":\"https:\\\/\\\/inclusivenews.com.br\\\/#website\"},\"primaryImageOfPage\":{\"@id\":\"https:\\\/\\\/inclusivenews.com.br\\\/?p=25610#primaryimage\"},\"image\":{\"@id\":\"https:\\\/\\\/inclusivenews.com.br\\\/?p=25610#primaryimage\"},\"thumbnailUrl\":\"http:\\\/\\\/inclusivenews.com.br\\\/wp-content\\\/uploads\\\/desastre.jpg\",\"datePublished\":\"2013-10-16T16:51:00+00:00\",\"breadcrumb\":{\"@id\":\"https:\\\/\\\/inclusivenews.com.br\\\/?p=25610#breadcrumb\"},\"inLanguage\":\"pt-PT\",\"potentialAction\":[{\"@type\":\"ReadAction\",\"target\":[\"https:\\\/\\\/inclusivenews.com.br\\\/?p=25610\"]}]},{\"@type\":\"ImageObject\",\"inLanguage\":\"pt-PT\",\"@id\":\"https:\\\/\\\/inclusivenews.com.br\\\/?p=25610#primaryimage\",\"url\":\"\",\"contentUrl\":\"\"},{\"@type\":\"BreadcrumbList\",\"@id\":\"https:\\\/\\\/inclusivenews.com.br\\\/?p=25610#breadcrumb\",\"itemListElement\":[{\"@type\":\"ListItem\",\"position\":1,\"name\":\"In\u00edcio\",\"item\":\"https:\\\/\\\/inclusivenews.com.br\\\/\"},{\"@type\":\"ListItem\",\"position\":2,\"name\":\"Pessoas com defici\u00eancia s\u00e3o ignoradas em desastres, mostra estudo da ONU\"}]},{\"@type\":\"WebSite\",\"@id\":\"https:\\\/\\\/inclusivenews.com.br\\\/#website\",\"url\":\"https:\\\/\\\/inclusivenews.com.br\\\/\",\"name\":\"Inclusive News\",\"description\":\"Inclusive News\",\"publisher\":{\"@id\":\"https:\\\/\\\/inclusivenews.com.br\\\/#organization\"},\"potentialAction\":[{\"@type\":\"SearchAction\",\"target\":{\"@type\":\"EntryPoint\",\"urlTemplate\":\"https:\\\/\\\/inclusivenews.com.br\\\/?s={search_term_string}\"},\"query-input\":{\"@type\":\"PropertyValueSpecification\",\"valueRequired\":true,\"valueName\":\"search_term_string\"}}],\"inLanguage\":\"pt-PT\"},{\"@type\":\"Organization\",\"@id\":\"https:\\\/\\\/inclusivenews.com.br\\\/#organization\",\"name\":\"Inclusive - inclus\u00e3o e cidadania\",\"url\":\"https:\\\/\\\/inclusivenews.com.br\\\/\",\"logo\":{\"@type\":\"ImageObject\",\"inLanguage\":\"pt-PT\",\"@id\":\"https:\\\/\\\/inclusivenews.com.br\\\/#\\\/schema\\\/logo\\\/image\\\/\",\"url\":\"https:\\\/\\\/inclusivenews.com.br\\\/wp-content\\\/uploads\\\/2024\\\/03\\\/@grandesite.png\",\"contentUrl\":\"https:\\\/\\\/inclusivenews.com.br\\\/wp-content\\\/uploads\\\/2024\\\/03\\\/@grandesite.png\",\"width\":1080,\"height\":1080,\"caption\":\"Inclusive - inclus\u00e3o e cidadania\"},\"image\":{\"@id\":\"https:\\\/\\\/inclusivenews.com.br\\\/#\\\/schema\\\/logo\\\/image\\\/\"},\"sameAs\":[\"https:\\\/\\\/www.facebook.com\\\/agenciainclusive\\\/\",\"https:\\\/\\\/www.instagram.com\\\/newsinclusive\\\/\"]},{\"@type\":\"Person\",\"@id\":\"https:\\\/\\\/inclusivenews.com.br\\\/#\\\/schema\\\/person\\\/ae4ec7087559b8692fb33b6fffd2273b\",\"name\":\"inclusivenews2024\",\"image\":{\"@type\":\"ImageObject\",\"inLanguage\":\"pt-PT\",\"@id\":\"https:\\\/\\\/secure.gravatar.com\\\/avatar\\\/c5a7ef84c66fa914f55bc4f7ce26cfa275a3b9a1c5568b907bd184fb4dde7b40?s=96&d=mm&r=g\",\"url\":\"https:\\\/\\\/secure.gravatar.com\\\/avatar\\\/c5a7ef84c66fa914f55bc4f7ce26cfa275a3b9a1c5568b907bd184fb4dde7b40?s=96&d=mm&r=g\",\"contentUrl\":\"https:\\\/\\\/secure.gravatar.com\\\/avatar\\\/c5a7ef84c66fa914f55bc4f7ce26cfa275a3b9a1c5568b907bd184fb4dde7b40?s=96&d=mm&r=g\",\"caption\":\"inclusivenews2024\"},\"sameAs\":[\"https:\\\/\\\/inclusivenews.com.br\"],\"url\":\"https:\\\/\\\/inclusivenews.com.br\\\/?author=1\"}]}<\/script>\n<!-- \/ Yoast SEO plugin. -->","yoast_head_json":{"title":"Pessoas com defici\u00eancia s\u00e3o ignoradas em desastres, mostra estudo da ONU -","robots":{"index":"index","follow":"follow","max-snippet":"max-snippet:-1","max-image-preview":"max-image-preview:large","max-video-preview":"max-video-preview:-1"},"canonical":"https:\/\/inclusivenews.com.br\/?p=25610","og_locale":"pt_PT","og_type":"article","og_title":"Pessoas com defici\u00eancia s\u00e3o ignoradas em desastres, mostra estudo da ONU -","og_description":"Apenas 20% dos entrevistados poderia deixar o local imediatamente sem dificuldades; 6% n\u00e3o seria capaz de abandonar a \u00e1rea e o restante teria condi\u00e7\u00f5es de sair com um certo grau de dificuldade.","og_url":"https:\/\/inclusivenews.com.br\/?p=25610","article_publisher":"https:\/\/www.facebook.com\/agenciainclusive\/","article_published_time":"2013-10-16T16:51:00+00:00","og_image":[{"url":"http:\/\/inclusivenews.com.br\/wp-content\/uploads\/desastre.jpg","type":"","width":"","height":""}],"author":"inclusivenews2024","twitter_card":"summary_large_image","twitter_misc":{"Escrito por":"inclusivenews2024","Tempo estimado de leitura":"2 minutos"},"schema":{"@context":"https:\/\/schema.org","@graph":[{"@type":"Article","@id":"https:\/\/inclusivenews.com.br\/?p=25610#article","isPartOf":{"@id":"https:\/\/inclusivenews.com.br\/?p=25610"},"author":{"name":"inclusivenews2024","@id":"https:\/\/inclusivenews.com.br\/#\/schema\/person\/ae4ec7087559b8692fb33b6fffd2273b"},"headline":"Pessoas com defici\u00eancia s\u00e3o ignoradas em desastres, mostra estudo da ONU","datePublished":"2013-10-16T16:51:00+00:00","mainEntityOfPage":{"@id":"https:\/\/inclusivenews.com.br\/?p=25610"},"wordCount":327,"commentCount":0,"publisher":{"@id":"https:\/\/inclusivenews.com.br\/#organization"},"image":{"@id":"https:\/\/inclusivenews.com.br\/?p=25610#primaryimage"},"thumbnailUrl":"http:\/\/inclusivenews.com.br\/wp-content\/uploads\/desastre.jpg","articleSection":["ACESSIBILIDADE","Defici\u00eancia","DIREITOS HUMANOS","INCLUS\u00c3O SOCIAL","NOT\u00cdCIAS"],"inLanguage":"pt-PT","potentialAction":[{"@type":"CommentAction","name":"Comment","target":["https:\/\/inclusivenews.com.br\/?p=25610#respond"]}]},{"@type":"WebPage","@id":"https:\/\/inclusivenews.com.br\/?p=25610","url":"https:\/\/inclusivenews.com.br\/?p=25610","name":"Pessoas com defici\u00eancia s\u00e3o ignoradas em desastres, mostra estudo da ONU -","isPartOf":{"@id":"https:\/\/inclusivenews.com.br\/#website"},"primaryImageOfPage":{"@id":"https:\/\/inclusivenews.com.br\/?p=25610#primaryimage"},"image":{"@id":"https:\/\/inclusivenews.com.br\/?p=25610#primaryimage"},"thumbnailUrl":"http:\/\/inclusivenews.com.br\/wp-content\/uploads\/desastre.jpg","datePublished":"2013-10-16T16:51:00+00:00","breadcrumb":{"@id":"https:\/\/inclusivenews.com.br\/?p=25610#breadcrumb"},"inLanguage":"pt-PT","potentialAction":[{"@type":"ReadAction","target":["https:\/\/inclusivenews.com.br\/?p=25610"]}]},{"@type":"ImageObject","inLanguage":"pt-PT","@id":"https:\/\/inclusivenews.com.br\/?p=25610#primaryimage","url":"","contentUrl":""},{"@type":"BreadcrumbList","@id":"https:\/\/inclusivenews.com.br\/?p=25610#breadcrumb","itemListElement":[{"@type":"ListItem","position":1,"name":"In\u00edcio","item":"https:\/\/inclusivenews.com.br\/"},{"@type":"ListItem","position":2,"name":"Pessoas com defici\u00eancia s\u00e3o ignoradas em desastres, mostra estudo da ONU"}]},{"@type":"WebSite","@id":"https:\/\/inclusivenews.com.br\/#website","url":"https:\/\/inclusivenews.com.br\/","name":"Inclusive News","description":"Inclusive News","publisher":{"@id":"https:\/\/inclusivenews.com.br\/#organization"},"potentialAction":[{"@type":"SearchAction","target":{"@type":"EntryPoint","urlTemplate":"https:\/\/inclusivenews.com.br\/?s={search_term_string}"},"query-input":{"@type":"PropertyValueSpecification","valueRequired":true,"valueName":"search_term_string"}}],"inLanguage":"pt-PT"},{"@type":"Organization","@id":"https:\/\/inclusivenews.com.br\/#organization","name":"Inclusive - inclus\u00e3o e cidadania","url":"https:\/\/inclusivenews.com.br\/","logo":{"@type":"ImageObject","inLanguage":"pt-PT","@id":"https:\/\/inclusivenews.com.br\/#\/schema\/logo\/image\/","url":"https:\/\/inclusivenews.com.br\/wp-content\/uploads\/2024\/03\/@grandesite.png","contentUrl":"https:\/\/inclusivenews.com.br\/wp-content\/uploads\/2024\/03\/@grandesite.png","width":1080,"height":1080,"caption":"Inclusive - inclus\u00e3o e cidadania"},"image":{"@id":"https:\/\/inclusivenews.com.br\/#\/schema\/logo\/image\/"},"sameAs":["https:\/\/www.facebook.com\/agenciainclusive\/","https:\/\/www.instagram.com\/newsinclusive\/"]},{"@type":"Person","@id":"https:\/\/inclusivenews.com.br\/#\/schema\/person\/ae4ec7087559b8692fb33b6fffd2273b","name":"inclusivenews2024","image":{"@type":"ImageObject","inLanguage":"pt-PT","@id":"https:\/\/secure.gravatar.com\/avatar\/c5a7ef84c66fa914f55bc4f7ce26cfa275a3b9a1c5568b907bd184fb4dde7b40?s=96&d=mm&r=g","url":"https:\/\/secure.gravatar.com\/avatar\/c5a7ef84c66fa914f55bc4f7ce26cfa275a3b9a1c5568b907bd184fb4dde7b40?s=96&d=mm&r=g","contentUrl":"https:\/\/secure.gravatar.com\/avatar\/c5a7ef84c66fa914f55bc4f7ce26cfa275a3b9a1c5568b907bd184fb4dde7b40?s=96&d=mm&r=g","caption":"inclusivenews2024"},"sameAs":["https:\/\/inclusivenews.com.br"],"url":"https:\/\/inclusivenews.com.br\/?author=1"}]}},"_links":{"self":[{"href":"https:\/\/inclusivenews.com.br\/index.php?rest_route=\/wp\/v2\/posts\/25610","targetHints":{"allow":["GET"]}}],"collection":[{"href":"https:\/\/inclusivenews.com.br\/index.php?rest_route=\/wp\/v2\/posts"}],"about":[{"href":"https:\/\/inclusivenews.com.br\/index.php?rest_route=\/wp\/v2\/types\/post"}],"author":[{"embeddable":true,"href":"https:\/\/inclusivenews.com.br\/index.php?rest_route=\/wp\/v2\/users\/1"}],"replies":[{"embeddable":true,"href":"https:\/\/inclusivenews.com.br\/index.php?rest_route=%2Fwp%2Fv2%2Fcomments&post=25610"}],"version-history":[{"count":0,"href":"https:\/\/inclusivenews.com.br\/index.php?rest_route=\/wp\/v2\/posts\/25610\/revisions"}],"wp:attachment":[{"href":"https:\/\/inclusivenews.com.br\/index.php?rest_route=%2Fwp%2Fv2%2Fmedia&parent=25610"}],"wp:term":[{"taxonomy":"category","embeddable":true,"href":"https:\/\/inclusivenews.com.br\/index.php?rest_route=%2Fwp%2Fv2%2Fcategories&post=25610"},{"taxonomy":"post_tag","embeddable":true,"href":"https:\/\/inclusivenews.com.br\/index.php?rest_route=%2Fwp%2Fv2%2Ftags&post=25610"}],"curies":[{"name":"wp","href":"https:\/\/api.w.org\/{rel}","templated":true}]}}