{"id":25627,"date":"2013-10-17T17:19:02","date_gmt":"2013-10-17T20:19:02","guid":{"rendered":"http:\/\/www.inclusive.org.br\/?p=25627"},"modified":"2013-10-17T17:19:02","modified_gmt":"2013-10-17T20:19:02","slug":"empresas-de-ti-descobrem-potencial-dos-autistas","status":"publish","type":"post","link":"https:\/\/inclusivenews.com.br\/?p=25627","title":{"rendered":"Empresas de TI descobrem potencial dos autistas"},"content":{"rendered":"<p><img loading=\"lazy\" decoding=\"async\" class=\"alignleft size-full wp-image-25628\" title=\"autism\" src=\"http:\/\/inclusivenews.com.br\/wp-content\/uploads\/autism.jpg\" alt=\"Rapaz com blusao verde, sentado a uma mesa, mexe em laptop com capa amarela, enquanto uma mulher coloca a mao na cabeca dele. Ao lado, um senhor observa a tela do laptop. Espalhadas na mesa estao figuras de aboboras de Jalloween.\" width=\"354\" height=\"266\" \/><\/p>\n<p>Frankfurt &#8211; As empresas do setor de\u00a0<strong><a href=\"http:\/\/www.exame.com.br\/topicos\/tecnologia-da-informacao\">tecnologia da informa\u00e7\u00e3o<\/a><\/strong> descobriram o enorme potencial de pessoas autistas, como o personagem imortalizado por Dustin Hoffman em &#8220;Rain Man&#8221; h\u00e1 25 anos.<\/p>\n<p>O fabricante alem\u00e3o de\u00a0<strong><a href=\"http:\/\/www.exame.com.br\/topicos\/sofware\">software<\/a><\/strong> para empresas\u00a0<strong><a href=\"http:\/\/www.exame.com.br\/topicos\/sap\">SAP<\/a><\/strong>decidiu em maio empregar nos pr\u00f3ximos anos centenas de autistas para form\u00e1-las em testes de software e programa\u00e7\u00e3o, e em setembro come\u00e7ou a sele\u00e7\u00e3o na cidade alem\u00e3 de Walldorf.<\/p>\n<p>A SAP j\u00e1 selecionou oito autistas para serem treinados nos pr\u00f3ximos meses e que come\u00e7ar\u00e3o a trabalhar em janeiro de 2014 na Alemanha.<\/p>\n<p>Os autistas se destacam pela excepcional habilidade de buscar e reconhecer erros porque s\u00e3o pessoas muito perfeccionistas, ligadas em detalhes e podem ficar concentradas durante muitas horas.<\/p>\n<p>Os autistas t\u00eam habilidades l\u00f3gicas e anal\u00edticas muito desenvolvidas, assim como seriedade e toler\u00e2ncia zero aos erros.<\/p>\n<p>A SAP quer que at\u00e9 2020 1% dos 65 mil empregados da companhia sejam autistas, a mesma propor\u00e7\u00e3o de autistas em rela\u00e7\u00e3o \u00e0 popula\u00e7\u00e3o.<\/p>\n<p>A diretora de Diversidade e Integra\u00e7\u00e3o da empresa, Anka Wittenberg disse \u00e0 Ag\u00eancia Efe que come\u00e7aram em 2011 um projeto similar na \u00cdndia, onde trabalharam com autistas e comprovaram que o autismo e a tecnologia de informa\u00e7\u00e3o se d\u00e3o bem, especialmente em testes e controles de garantia de qualidade.<\/p>\n<p>&#8220;Tamb\u00e9m nos demos conta que essa medida tem um efeito muito positivo em nossa cultura porque os autistas n\u00e3o entendem o sarcasmo, sempre dizem a verdade e se concentram muito bem em processos que se repetem&#8221;, acrescentou Wittenberg.<\/p>\n<p>Ap\u00f3s o sucesso da experi\u00eancia na \u00cdndia, a empresa decidiu fazer o mesmo na Irlanda em dezembro de 2012 e este ano no Canad\u00e1 e nos Estados Unidos.<\/p>\n<p>Dustin Hoffman foi o primeiro a falar do mundo dos autistas atrav\u00e9s do cinema ao protagonizar &#8220;Rain Man&#8221; em 1988, e, dez anos depois, Miko Hughes interpretou um autista em &#8220;C\u00f3digo Para o Inferno&#8221;.<\/p>\n<p>O autismo \u00e9 um comportamento, qualificado como transtornos de espectro, que afeta de maneira e grau diferentes cada pessoa e \u00e9 caracterizado por dificuldades na intera\u00e7\u00e3o social e nas habilidades de comunica\u00e7\u00e3o.<\/p>\n<p>A SAP trabalha com Specialisterne, uma iniciativa dinamarquesa cujo objetivo \u00e9 integrar no mercado de trabalho um milh\u00e3o de autistas que n\u00e3o s\u00e3o limitados intelectualmente.<\/p>\n<p>A Specialisterne, fundada por Thorkil Sonne, pai de uma crian\u00e7a autista, oferece consultores em tecnologia da informa\u00e7\u00e3o que t\u00eam um diagn\u00f3stico no espectro do autismo ou similares, como autismo, S\u00edndrome de Asperger, TDA, TDAH ou S\u00edndrome de Tourette.<\/p>\n<p>Sonne ganhou o pr\u00eamio de empres\u00e1rio social em 2012 no F\u00f3rum Econ\u00f4mico de Davos.<\/p>\n<p>Entre os clientes de Specialisterne est\u00e3o Microsoft, Siemens, a empresa sueca de servi\u00e7os financeiros Nordea e a empresa dinamarquesa de telecomunica\u00e7\u00f5es TDC.<\/p>\n<p>A empresa berlinense Auticon \u00e9 a primeira na Alemanha a empregar exclusivamente autistas como consultores no setor de tecnologia da informa\u00e7\u00e3o.<\/p>\n<p>Fonte: <a href=\"http:\/\/exame.abril.com.br\/tecnologia\/noticias\/empresas-de-ti-descobrem-potencial-dos-autistas?page=1\">http:\/\/exame.abril.com.br\/tecnologia\/noticias\/empresas-de-ti-descobrem-potencial-dos-autistas?page=1<\/a><\/p>\n","protected":false},"excerpt":{"rendered":"<p>Empresas do setor de tecnologia da informa\u00e7\u00e3o descobriram o potencial de pessoas autistas, como o personagem imortalizado por Dustin Hoffman em &#8220;Rain Man&#8221;.<\/p>\n","protected":false},"author":1,"featured_media":0,"comment_status":"open","ping_status":"open","sticky":false,"template":"","format":"standard","meta":{"site-container-style":"default","site-container-layout":"default","site-sidebar-layout":"default","disable-article-header":"default","disable-site-header":"default","disable-site-footer":"default","disable-content-area-spacing":"default","footnotes":""},"categories":[38,48,46],"tags":[],"class_list":["post-25627","post","type-post","status-publish","format-standard","hentry","category-deficiencia","category-inclusao","category-mercado-de-trabalho"],"yoast_head":"<!-- This site is optimized with the Yoast SEO plugin v27.4 - https:\/\/yoast.com\/product\/yoast-seo-wordpress\/ -->\n<title>Empresas de TI descobrem potencial dos autistas -<\/title>\n<meta name=\"robots\" content=\"index, follow, max-snippet:-1, max-image-preview:large, max-video-preview:-1\" \/>\n<link rel=\"canonical\" href=\"https:\/\/inclusivenews.com.br\/?p=25627\" \/>\n<meta property=\"og:locale\" content=\"pt_PT\" \/>\n<meta property=\"og:type\" content=\"article\" \/>\n<meta property=\"og:title\" content=\"Empresas de TI descobrem potencial dos autistas -\" \/>\n<meta property=\"og:description\" content=\"Empresas do setor de tecnologia da informa\u00e7\u00e3o descobriram o potencial de pessoas autistas, como o personagem imortalizado por Dustin Hoffman em &quot;Rain Man&quot;.\" \/>\n<meta property=\"og:url\" content=\"https:\/\/inclusivenews.com.br\/?p=25627\" \/>\n<meta property=\"article:publisher\" content=\"https:\/\/www.facebook.com\/agenciainclusive\/\" \/>\n<meta property=\"article:published_time\" content=\"2013-10-17T20:19:02+00:00\" \/>\n<meta property=\"og:image\" content=\"http:\/\/inclusivenews.com.br\/wp-content\/uploads\/autism.jpg\" \/>\n<meta name=\"author\" content=\"inclusivenews2024\" \/>\n<meta name=\"twitter:card\" content=\"summary_large_image\" \/>\n<meta name=\"twitter:label1\" content=\"Escrito por\" \/>\n\t<meta name=\"twitter:data1\" content=\"inclusivenews2024\" \/>\n\t<meta name=\"twitter:label2\" content=\"Tempo estimado de leitura\" \/>\n\t<meta name=\"twitter:data2\" content=\"3 minutos\" \/>\n<script type=\"application\/ld+json\" class=\"yoast-schema-graph\">{\"@context\":\"https:\\\/\\\/schema.org\",\"@graph\":[{\"@type\":\"Article\",\"@id\":\"https:\\\/\\\/inclusivenews.com.br\\\/?p=25627#article\",\"isPartOf\":{\"@id\":\"https:\\\/\\\/inclusivenews.com.br\\\/?p=25627\"},\"author\":{\"name\":\"inclusivenews2024\",\"@id\":\"https:\\\/\\\/inclusivenews.com.br\\\/#\\\/schema\\\/person\\\/ae4ec7087559b8692fb33b6fffd2273b\"},\"headline\":\"Empresas de TI descobrem potencial dos autistas\",\"datePublished\":\"2013-10-17T20:19:02+00:00\",\"mainEntityOfPage\":{\"@id\":\"https:\\\/\\\/inclusivenews.com.br\\\/?p=25627\"},\"wordCount\":509,\"commentCount\":0,\"publisher\":{\"@id\":\"https:\\\/\\\/inclusivenews.com.br\\\/#organization\"},\"image\":{\"@id\":\"https:\\\/\\\/inclusivenews.com.br\\\/?p=25627#primaryimage\"},\"thumbnailUrl\":\"http:\\\/\\\/inclusivenews.com.br\\\/wp-content\\\/uploads\\\/autism.jpg\",\"articleSection\":[\"Defici\u00eancia\",\"INCLUS\u00c3O SOCIAL\",\"Mercado de Trabalho\"],\"inLanguage\":\"pt-PT\",\"potentialAction\":[{\"@type\":\"CommentAction\",\"name\":\"Comment\",\"target\":[\"https:\\\/\\\/inclusivenews.com.br\\\/?p=25627#respond\"]}]},{\"@type\":\"WebPage\",\"@id\":\"https:\\\/\\\/inclusivenews.com.br\\\/?p=25627\",\"url\":\"https:\\\/\\\/inclusivenews.com.br\\\/?p=25627\",\"name\":\"Empresas de TI descobrem potencial dos autistas -\",\"isPartOf\":{\"@id\":\"https:\\\/\\\/inclusivenews.com.br\\\/#website\"},\"primaryImageOfPage\":{\"@id\":\"https:\\\/\\\/inclusivenews.com.br\\\/?p=25627#primaryimage\"},\"image\":{\"@id\":\"https:\\\/\\\/inclusivenews.com.br\\\/?p=25627#primaryimage\"},\"thumbnailUrl\":\"http:\\\/\\\/inclusivenews.com.br\\\/wp-content\\\/uploads\\\/autism.jpg\",\"datePublished\":\"2013-10-17T20:19:02+00:00\",\"breadcrumb\":{\"@id\":\"https:\\\/\\\/inclusivenews.com.br\\\/?p=25627#breadcrumb\"},\"inLanguage\":\"pt-PT\",\"potentialAction\":[{\"@type\":\"ReadAction\",\"target\":[\"https:\\\/\\\/inclusivenews.com.br\\\/?p=25627\"]}]},{\"@type\":\"ImageObject\",\"inLanguage\":\"pt-PT\",\"@id\":\"https:\\\/\\\/inclusivenews.com.br\\\/?p=25627#primaryimage\",\"url\":\"\",\"contentUrl\":\"\"},{\"@type\":\"BreadcrumbList\",\"@id\":\"https:\\\/\\\/inclusivenews.com.br\\\/?p=25627#breadcrumb\",\"itemListElement\":[{\"@type\":\"ListItem\",\"position\":1,\"name\":\"In\u00edcio\",\"item\":\"https:\\\/\\\/inclusivenews.com.br\\\/\"},{\"@type\":\"ListItem\",\"position\":2,\"name\":\"Empresas de TI descobrem potencial dos autistas\"}]},{\"@type\":\"WebSite\",\"@id\":\"https:\\\/\\\/inclusivenews.com.br\\\/#website\",\"url\":\"https:\\\/\\\/inclusivenews.com.br\\\/\",\"name\":\"Inclusive News\",\"description\":\"Inclusive News\",\"publisher\":{\"@id\":\"https:\\\/\\\/inclusivenews.com.br\\\/#organization\"},\"potentialAction\":[{\"@type\":\"SearchAction\",\"target\":{\"@type\":\"EntryPoint\",\"urlTemplate\":\"https:\\\/\\\/inclusivenews.com.br\\\/?s={search_term_string}\"},\"query-input\":{\"@type\":\"PropertyValueSpecification\",\"valueRequired\":true,\"valueName\":\"search_term_string\"}}],\"inLanguage\":\"pt-PT\"},{\"@type\":\"Organization\",\"@id\":\"https:\\\/\\\/inclusivenews.com.br\\\/#organization\",\"name\":\"Inclusive - inclus\u00e3o e cidadania\",\"url\":\"https:\\\/\\\/inclusivenews.com.br\\\/\",\"logo\":{\"@type\":\"ImageObject\",\"inLanguage\":\"pt-PT\",\"@id\":\"https:\\\/\\\/inclusivenews.com.br\\\/#\\\/schema\\\/logo\\\/image\\\/\",\"url\":\"https:\\\/\\\/inclusivenews.com.br\\\/wp-content\\\/uploads\\\/2024\\\/03\\\/@grandesite.png\",\"contentUrl\":\"https:\\\/\\\/inclusivenews.com.br\\\/wp-content\\\/uploads\\\/2024\\\/03\\\/@grandesite.png\",\"width\":1080,\"height\":1080,\"caption\":\"Inclusive - inclus\u00e3o e cidadania\"},\"image\":{\"@id\":\"https:\\\/\\\/inclusivenews.com.br\\\/#\\\/schema\\\/logo\\\/image\\\/\"},\"sameAs\":[\"https:\\\/\\\/www.facebook.com\\\/agenciainclusive\\\/\",\"https:\\\/\\\/www.instagram.com\\\/newsinclusive\\\/\"]},{\"@type\":\"Person\",\"@id\":\"https:\\\/\\\/inclusivenews.com.br\\\/#\\\/schema\\\/person\\\/ae4ec7087559b8692fb33b6fffd2273b\",\"name\":\"inclusivenews2024\",\"image\":{\"@type\":\"ImageObject\",\"inLanguage\":\"pt-PT\",\"@id\":\"https:\\\/\\\/secure.gravatar.com\\\/avatar\\\/c5a7ef84c66fa914f55bc4f7ce26cfa275a3b9a1c5568b907bd184fb4dde7b40?s=96&d=mm&r=g\",\"url\":\"https:\\\/\\\/secure.gravatar.com\\\/avatar\\\/c5a7ef84c66fa914f55bc4f7ce26cfa275a3b9a1c5568b907bd184fb4dde7b40?s=96&d=mm&r=g\",\"contentUrl\":\"https:\\\/\\\/secure.gravatar.com\\\/avatar\\\/c5a7ef84c66fa914f55bc4f7ce26cfa275a3b9a1c5568b907bd184fb4dde7b40?s=96&d=mm&r=g\",\"caption\":\"inclusivenews2024\"},\"sameAs\":[\"https:\\\/\\\/inclusivenews.com.br\"],\"url\":\"https:\\\/\\\/inclusivenews.com.br\\\/?author=1\"}]}<\/script>\n<!-- \/ Yoast SEO plugin. -->","yoast_head_json":{"title":"Empresas de TI descobrem potencial dos autistas -","robots":{"index":"index","follow":"follow","max-snippet":"max-snippet:-1","max-image-preview":"max-image-preview:large","max-video-preview":"max-video-preview:-1"},"canonical":"https:\/\/inclusivenews.com.br\/?p=25627","og_locale":"pt_PT","og_type":"article","og_title":"Empresas de TI descobrem potencial dos autistas -","og_description":"Empresas do setor de tecnologia da informa\u00e7\u00e3o descobriram o potencial de pessoas autistas, como o personagem imortalizado por Dustin Hoffman em \"Rain Man\".","og_url":"https:\/\/inclusivenews.com.br\/?p=25627","article_publisher":"https:\/\/www.facebook.com\/agenciainclusive\/","article_published_time":"2013-10-17T20:19:02+00:00","og_image":[{"url":"http:\/\/inclusivenews.com.br\/wp-content\/uploads\/autism.jpg","type":"","width":"","height":""}],"author":"inclusivenews2024","twitter_card":"summary_large_image","twitter_misc":{"Escrito por":"inclusivenews2024","Tempo estimado de leitura":"3 minutos"},"schema":{"@context":"https:\/\/schema.org","@graph":[{"@type":"Article","@id":"https:\/\/inclusivenews.com.br\/?p=25627#article","isPartOf":{"@id":"https:\/\/inclusivenews.com.br\/?p=25627"},"author":{"name":"inclusivenews2024","@id":"https:\/\/inclusivenews.com.br\/#\/schema\/person\/ae4ec7087559b8692fb33b6fffd2273b"},"headline":"Empresas de TI descobrem potencial dos autistas","datePublished":"2013-10-17T20:19:02+00:00","mainEntityOfPage":{"@id":"https:\/\/inclusivenews.com.br\/?p=25627"},"wordCount":509,"commentCount":0,"publisher":{"@id":"https:\/\/inclusivenews.com.br\/#organization"},"image":{"@id":"https:\/\/inclusivenews.com.br\/?p=25627#primaryimage"},"thumbnailUrl":"http:\/\/inclusivenews.com.br\/wp-content\/uploads\/autism.jpg","articleSection":["Defici\u00eancia","INCLUS\u00c3O SOCIAL","Mercado de Trabalho"],"inLanguage":"pt-PT","potentialAction":[{"@type":"CommentAction","name":"Comment","target":["https:\/\/inclusivenews.com.br\/?p=25627#respond"]}]},{"@type":"WebPage","@id":"https:\/\/inclusivenews.com.br\/?p=25627","url":"https:\/\/inclusivenews.com.br\/?p=25627","name":"Empresas de TI descobrem potencial dos autistas -","isPartOf":{"@id":"https:\/\/inclusivenews.com.br\/#website"},"primaryImageOfPage":{"@id":"https:\/\/inclusivenews.com.br\/?p=25627#primaryimage"},"image":{"@id":"https:\/\/inclusivenews.com.br\/?p=25627#primaryimage"},"thumbnailUrl":"http:\/\/inclusivenews.com.br\/wp-content\/uploads\/autism.jpg","datePublished":"2013-10-17T20:19:02+00:00","breadcrumb":{"@id":"https:\/\/inclusivenews.com.br\/?p=25627#breadcrumb"},"inLanguage":"pt-PT","potentialAction":[{"@type":"ReadAction","target":["https:\/\/inclusivenews.com.br\/?p=25627"]}]},{"@type":"ImageObject","inLanguage":"pt-PT","@id":"https:\/\/inclusivenews.com.br\/?p=25627#primaryimage","url":"","contentUrl":""},{"@type":"BreadcrumbList","@id":"https:\/\/inclusivenews.com.br\/?p=25627#breadcrumb","itemListElement":[{"@type":"ListItem","position":1,"name":"In\u00edcio","item":"https:\/\/inclusivenews.com.br\/"},{"@type":"ListItem","position":2,"name":"Empresas de TI descobrem potencial dos autistas"}]},{"@type":"WebSite","@id":"https:\/\/inclusivenews.com.br\/#website","url":"https:\/\/inclusivenews.com.br\/","name":"Inclusive News","description":"Inclusive News","publisher":{"@id":"https:\/\/inclusivenews.com.br\/#organization"},"potentialAction":[{"@type":"SearchAction","target":{"@type":"EntryPoint","urlTemplate":"https:\/\/inclusivenews.com.br\/?s={search_term_string}"},"query-input":{"@type":"PropertyValueSpecification","valueRequired":true,"valueName":"search_term_string"}}],"inLanguage":"pt-PT"},{"@type":"Organization","@id":"https:\/\/inclusivenews.com.br\/#organization","name":"Inclusive - inclus\u00e3o e cidadania","url":"https:\/\/inclusivenews.com.br\/","logo":{"@type":"ImageObject","inLanguage":"pt-PT","@id":"https:\/\/inclusivenews.com.br\/#\/schema\/logo\/image\/","url":"https:\/\/inclusivenews.com.br\/wp-content\/uploads\/2024\/03\/@grandesite.png","contentUrl":"https:\/\/inclusivenews.com.br\/wp-content\/uploads\/2024\/03\/@grandesite.png","width":1080,"height":1080,"caption":"Inclusive - inclus\u00e3o e cidadania"},"image":{"@id":"https:\/\/inclusivenews.com.br\/#\/schema\/logo\/image\/"},"sameAs":["https:\/\/www.facebook.com\/agenciainclusive\/","https:\/\/www.instagram.com\/newsinclusive\/"]},{"@type":"Person","@id":"https:\/\/inclusivenews.com.br\/#\/schema\/person\/ae4ec7087559b8692fb33b6fffd2273b","name":"inclusivenews2024","image":{"@type":"ImageObject","inLanguage":"pt-PT","@id":"https:\/\/secure.gravatar.com\/avatar\/c5a7ef84c66fa914f55bc4f7ce26cfa275a3b9a1c5568b907bd184fb4dde7b40?s=96&d=mm&r=g","url":"https:\/\/secure.gravatar.com\/avatar\/c5a7ef84c66fa914f55bc4f7ce26cfa275a3b9a1c5568b907bd184fb4dde7b40?s=96&d=mm&r=g","contentUrl":"https:\/\/secure.gravatar.com\/avatar\/c5a7ef84c66fa914f55bc4f7ce26cfa275a3b9a1c5568b907bd184fb4dde7b40?s=96&d=mm&r=g","caption":"inclusivenews2024"},"sameAs":["https:\/\/inclusivenews.com.br"],"url":"https:\/\/inclusivenews.com.br\/?author=1"}]}},"_links":{"self":[{"href":"https:\/\/inclusivenews.com.br\/index.php?rest_route=\/wp\/v2\/posts\/25627","targetHints":{"allow":["GET"]}}],"collection":[{"href":"https:\/\/inclusivenews.com.br\/index.php?rest_route=\/wp\/v2\/posts"}],"about":[{"href":"https:\/\/inclusivenews.com.br\/index.php?rest_route=\/wp\/v2\/types\/post"}],"author":[{"embeddable":true,"href":"https:\/\/inclusivenews.com.br\/index.php?rest_route=\/wp\/v2\/users\/1"}],"replies":[{"embeddable":true,"href":"https:\/\/inclusivenews.com.br\/index.php?rest_route=%2Fwp%2Fv2%2Fcomments&post=25627"}],"version-history":[{"count":0,"href":"https:\/\/inclusivenews.com.br\/index.php?rest_route=\/wp\/v2\/posts\/25627\/revisions"}],"wp:attachment":[{"href":"https:\/\/inclusivenews.com.br\/index.php?rest_route=%2Fwp%2Fv2%2Fmedia&parent=25627"}],"wp:term":[{"taxonomy":"category","embeddable":true,"href":"https:\/\/inclusivenews.com.br\/index.php?rest_route=%2Fwp%2Fv2%2Fcategories&post=25627"},{"taxonomy":"post_tag","embeddable":true,"href":"https:\/\/inclusivenews.com.br\/index.php?rest_route=%2Fwp%2Fv2%2Ftags&post=25627"}],"curies":[{"name":"wp","href":"https:\/\/api.w.org\/{rel}","templated":true}]}}