{"id":25631,"date":"2013-10-17T18:54:13","date_gmt":"2013-10-17T21:54:13","guid":{"rendered":"http:\/\/www.inclusive.org.br\/?p=25631"},"modified":"2013-10-17T18:54:13","modified_gmt":"2013-10-17T21:54:13","slug":"izabel-maior-recebe-titulo-de-cidada-da-cidade-de-salvador","status":"publish","type":"post","link":"https:\/\/inclusivenews.com.br\/?p=25631","title":{"rendered":"Izabel Maior recebe t\u00edtulo de Cidad\u00e3 da cidade de Salvador"},"content":{"rendered":"<h2><span style=\"font-size: 13px; font-weight: normal;\"><img loading=\"lazy\" decoding=\"async\" class=\"alignleft size-full wp-image-25632\" title=\"izabel\" src=\"http:\/\/inclusivenews.com.br\/wp-content\/uploads\/izabel.jpg\" alt=\"A Dra Izabel Maior, sorridente, entre duas amigas em Salvador.\" width=\"346\" height=\"259\" \/>A Doutora Izabel Maria de Loureiro Maior, recebeu esta manh\u00e3 o t\u00edtulo de cidad\u00e3 soteropolitana, outorgado por uma vida dedicada aos direitos das pessoas com defici\u00eancia. O Vereador Leo Prates, respons\u00e1vel pela homenagem, destacou que Izabel Maior foi a primeira pessoa com defici\u00eancia a exercer cargos federais de coordena\u00e7\u00e3o interministerial da pol\u00edtica para inclus\u00e3o das pessoas com defici\u00eancia e, entre 2007 e 2010, esteve \u00e0 frente da elabora\u00e7\u00e3o do Decreto n\u00ba\u00a0<a title=\"Decreto n\u00ba 5.296 de 2 de dezembro de 2004.\" rel=\"10943564\" href=\"http:\/\/www.jusbrasil.com\/legislacao\/97181\/decreto-5296-04\">5.296<\/a>\/2004, referente \u00e0 acessibilidade. Em sua gest\u00e3o, foram elaborados ainda os decretos do C\u00e3o-Guia e da Pens\u00e3o vital\u00edcia das pessoas atingidas pela hansen\u00edase e a Agenda Social de inclus\u00e3o das Pessoas com Defici\u00eancia.<\/span><\/h2>\n<h2><span style=\"font-size: 13px; font-weight: normal;\">Confira a entrevista realizada pela Rede SACI com Izabel, antes de receber o pr\u00eamio, em que <\/span><span style=\"font-size: 13px; font-weight: normal;\">comenta um pouco sobre sua rela\u00e7\u00e3o com a Cidade de Salvador, a import\u00e2ncia pessoal desse t\u00edtulo, e as a\u00e7\u00f5es que a fizeram receb\u00ea-lo.<\/span><\/h2>\n<p><strong>Rede SACI:<\/strong> Qual \u00e9 o seu v\u00ednculo com a Cidade de Salvador?<\/p>\n<p><strong>Izabel:<\/strong> A Cidade de Salvador faz parte da consci\u00eancia hist\u00f3rica e cultural de todos os brasileiros e \u00e9 assim que aprendi a valorizar a cidade e o povo que t\u00e3o bem representa a nossa origem. Por essa raz\u00e3o, sempre tive vontade de visitar Salvador e me aproximei definitivamente da cidade quando conheci Claudio e sua fam\u00edlia, os Loureiro Maior, baianos de Salvador. Meu sogro, Walfredo Barretto de Loureiro Maior, formou-se em 1939 na Faculdade de Medicina da Bahia e, com ele, aprendi a import\u00e2ncia da dedica\u00e7\u00e3o do m\u00e9dico aos seus pacientes. Assim, Loureiro Maior \u00e9 o nome pelo qual sou conhecida, e sempre ressalto a minha liga\u00e7\u00e3o afetiva com Salvador.<br \/>\nSalvador tamb\u00e9m representa um importante marco profissional, j\u00e1 que em 1981 participei do Congresso da Sociedade Brasileira de Medicina F\u00edsica e Reabilita\u00e7\u00e3o e, pela primeira vez, fiz parte da programa\u00e7\u00e3o cient\u00edfica oficial do evento. A partir de Salvador minha carreira de fisiatra ganhou repercuss\u00e3o nacional.<\/p>\n<p><strong>Rede SACI:<\/strong> Qual a import\u00e2ncia desse t\u00edtulo para voc\u00ea?<\/p>\n<p><strong>Izabel:<\/strong> \u00c9 uma honra receber o t\u00edtulo de Cidad\u00e3 de Salvador e a not\u00edcia foi uma grande surpresa, fruto da generosidade de muitas pessoas. O t\u00edtulo \u00e9 igualmente um presente em reconhecimento ao meu trabalho como m\u00e9dica especialista na reabilita\u00e7\u00e3o de pessoas com defici\u00eancia e como gestora p\u00fablica, tanto na \u00e1rea da sa\u00fade como na \u00e1rea de direitos humanos. Acredito que esse t\u00edtulo espelha as parcerias de sucesso entre os \u00f3rg\u00e3os federais que coordenei (no \u00e2mbito da Assist\u00eancia Social e da Secretaria de Direitos Humanos), e as institui\u00e7\u00f5es governamentais e n\u00e3o-governamentais de Salvador e da Bahia. Estou muito feliz, pois sei que esse t\u00edtulo demonstra os fortes la\u00e7os de amizade que tenho em Salvador. Agrade\u00e7o aos amigos e colaboradores a gra\u00e7a de receber a cidadania Soteropolitana.<\/p>\n<p><strong>Rede SACI:<\/strong> Quais das suas a\u00e7\u00f5es fizeram com que voc\u00ea recebesse o t\u00edtulo?<\/p>\n<p><strong>Izabel:<\/strong> Na d\u00e9cada dos anos noventa, como m\u00e9dica do Minist\u00e9rio da Sa\u00fade e professora de Medicina da UFRJ, participei diretamente de reuni\u00f5es e eventos que auxiliaram gestores e t\u00e9cnicos de Salvador e da Bahia a elaborar e implantar sua rede de servi\u00e7os de reabilita\u00e7\u00e3o. Orientei o primeiro estudo multic\u00eantrico de levantamento epidemiol\u00f3gico das defici\u00eancias, no qual a Bahia foi inclu\u00edda. Com especialistas da Bahia, os quais conhecia de grupos de trabalho em Bras\u00edlia, desenvolvi estudos e a\u00e7\u00f5es que culminaram na pol\u00edtica de sa\u00fade da pessoa com defici\u00eancia e na concess\u00e3o de \u00f3rteses e pr\u00f3teses pelo SUS.<br \/>\nEntre 2002 e 2010, \u00e0 frente da Coordenadoria Nacional para a Integra\u00e7\u00e3o da Pessoa com Defici\u00eancia \u2013 CORDE e da Secretaria Nacional de Promo\u00e7\u00e3o dos Direitos da Pessoa com Defici\u00eancia, foram apoiados diversos projetos de capacita\u00e7\u00e3o, acessibilidade e inclus\u00e3o social, desenvolvidos em Salvador. Participei de eventos e congressos para aprimorar equipes de reabilita\u00e7\u00e3o e gestores das pol\u00edticas p\u00fablicas de inclus\u00e3o. Dei apoio pessoal a grupos organizados do movimento de pessoas com defici\u00eancia de Salvador. A coordena\u00e7\u00e3o do decreto da acessibilidade \u00e9 outra iniciativa que posso citar.<br \/>\nAcredito que meu trabalho na elabora\u00e7\u00e3o, no processo de ratifica\u00e7\u00e3o e na divulga\u00e7\u00e3o da Conven\u00e7\u00e3o sobre os Direitos das Pessoas com Defici\u00eancia tenha sido uma das a\u00e7\u00f5es que mais contribu\u00edram para merecer o t\u00edtulo de Cidad\u00e3 de Salvador.<br \/>\nMeu desejo \u00e9 seguir contribuindo para eliminar as diferentes barreiras e criar condi\u00e7\u00f5es para a emancipa\u00e7\u00e3o e a igualdade de oportunidades de soteropolitanos e baianos com defici\u00eancia.<\/p>\n<p>Izabel \u00e9 engajada em projetos que buscam acessibilidade para pessoas com defici\u00eancia, tanto no Brasil, como no exterior. Ela j\u00e1 atuou na Associa\u00e7\u00e3o dos Deficientes F\u00edsicos do Estado do Rio de Janeiro (ADEFERJ), foi coordenadora do Programa Sa\u00fade Integral da Pessoa Portadora de Defici\u00eancia (SIADE), da Secretaria de Estado de Sa\u00fade do Rio de Janeiro, fez parte da ONG Rehabilitation International, da qual foi vice-presidente para a Am\u00e9rica Latina de 1996 a 2000, e coordenou a Subsecretaria Nacional de Promo\u00e7\u00e3o dos Direitos da Pessoa com Defici\u00eancia, da Secretaria de Direitos Humanos da Presid\u00eancia da Rep\u00fablica. Participou intensamente na constru\u00e7\u00e3o dos momentos mais importantes de avan\u00e7o na dire\u00e7\u00e3o dos direitos das Pessoas com Defici\u00eancia, entre eles a a formula\u00e7\u00e3o da Conven\u00e7\u00e3o sobre os Direitos das Pessoas com Defici\u00eancia pela ONU, depois ratificada em 2008 com status constitucional, muito por conta de seu poder de mobiliza\u00e7\u00e3o e lideran\u00e7a. Professora Assistente da Faculdade de Medicina da Universidade Federal do Rio de Janeiro, atua em consultoria nas \u00e1reas de pol\u00edticas p\u00fablicas de inclus\u00e3o social, acessibilidade e direitos humanos, mantendo papel de destaque no movimento pol\u00edtico da pessoas com defici\u00eancia no Brasil.<\/p>\n<p>A solenidade de outorga do t\u00edtulo, ser\u00e1 realizada no dia 17 de outubro, \u00e0s 10h30, no Plen\u00e1rio Cosme de Farias.<\/p>\n<p>Outros pr\u00eamios que Izabel j\u00e1 recebeu:<\/p>\n<p><strong>2012<\/strong> Homenagem Especial 15 anos, Revista Nacional de Reabilita\u00e7\u00e3o.<br \/>\n<strong>2012<\/strong> Premio Aldo Miccolis, Conselho Municipal de Defesa dos Direitos da Pessoa com Defici\u00eancia &#8211; Rio de Janeiro.<br \/>\n<strong>2011<\/strong> Premio 30 anos ADEFAL, Associa\u00e7\u00e3o dos Deficientes Fisicos do Estado de Alagoas.<br \/>\n<strong>2011<\/strong> Premio 30 anos do Movimento das Pessoas com Defici\u00eancia, Secretaria de Estado dos Direitos da Pessoa com Defici\u00eancia &#8211; S\u00e3o Paulo.<br \/>\n<strong>2011<\/strong> Men\u00e7\u00e3o Honrosa, C\u00e2mara de Vereadores de Fortaleza CE.<br \/>\n<strong>2010<\/strong> Reconhecimeno pelo trabalho por um continente inclusivo, Organiza\u00e7\u00e3o dos Estados Americanos &#8211; OEA.<br \/>\n<strong>2010<\/strong> Finalista Pol\u00edticas P\u00fablicas &#8211; Premio Claudia, Revista Claudia.<br \/>\n<strong>2007<\/strong> I PremioSentidos, Revista Sentidos.<br \/>\n<strong>2007<\/strong> Comenda Geronimo Ciqueira -, Camara Municipal de Vereadores de Macei\u00f3 AL.<br \/>\n<strong>1995<\/strong> Academica Titular, Academia de Medicina de Reabilita\u00e7\u00e3o.<\/p>\n<p>Mais sobre Izabel Maior:<\/p>\n<p><a href=\"Os Anos Izabel Maior\">Os Anos Izabel Maior<\/a><\/p>\n<p>Fonte &#8211; Rede Saci<\/p>\n","protected":false},"excerpt":{"rendered":"<p>O t\u00edtulo de cidad\u00e3 soteropolitana foi outorgado por uma vida dedicada aos direitos das pessoas com defici\u00eancia.<\/p>\n","protected":false},"author":1,"featured_media":0,"comment_status":"open","ping_status":"open","sticky":false,"template":"","format":"standard","meta":{"site-container-style":"default","site-container-layout":"default","site-sidebar-layout":"default","disable-article-header":"default","disable-site-header":"default","disable-site-footer":"default","disable-content-area-spacing":"default","footnotes":""},"categories":[38,48,4],"tags":[],"class_list":["post-25631","post","type-post","status-publish","format-standard","hentry","category-deficiencia","category-inclusao","category-noticias"],"yoast_head":"<!-- This site is optimized with the Yoast SEO plugin v27.4 - https:\/\/yoast.com\/product\/yoast-seo-wordpress\/ -->\n<title>Izabel Maior recebe t\u00edtulo de Cidad\u00e3 da cidade de Salvador -<\/title>\n<meta name=\"robots\" content=\"index, follow, max-snippet:-1, max-image-preview:large, max-video-preview:-1\" \/>\n<link rel=\"canonical\" href=\"https:\/\/inclusivenews.com.br\/?p=25631\" \/>\n<meta property=\"og:locale\" content=\"pt_PT\" \/>\n<meta property=\"og:type\" content=\"article\" \/>\n<meta property=\"og:title\" content=\"Izabel Maior recebe t\u00edtulo de Cidad\u00e3 da cidade de Salvador -\" \/>\n<meta property=\"og:description\" content=\"O t\u00edtulo de cidad\u00e3 soteropolitana foi outorgado por uma vida dedicada aos direitos das pessoas com defici\u00eancia.\" \/>\n<meta property=\"og:url\" content=\"https:\/\/inclusivenews.com.br\/?p=25631\" \/>\n<meta property=\"article:publisher\" content=\"https:\/\/www.facebook.com\/agenciainclusive\/\" \/>\n<meta property=\"article:published_time\" content=\"2013-10-17T21:54:13+00:00\" \/>\n<meta property=\"og:image\" content=\"http:\/\/inclusivenews.com.br\/wp-content\/uploads\/izabel.jpg\" \/>\n<meta name=\"author\" content=\"inclusivenews2024\" \/>\n<meta name=\"twitter:card\" content=\"summary_large_image\" \/>\n<meta name=\"twitter:label1\" content=\"Escrito por\" \/>\n\t<meta name=\"twitter:data1\" content=\"inclusivenews2024\" \/>\n\t<meta name=\"twitter:label2\" content=\"Tempo estimado de leitura\" \/>\n\t<meta name=\"twitter:data2\" content=\"6 minutos\" \/>\n<script type=\"application\/ld+json\" class=\"yoast-schema-graph\">{\"@context\":\"https:\\\/\\\/schema.org\",\"@graph\":[{\"@type\":\"Article\",\"@id\":\"https:\\\/\\\/inclusivenews.com.br\\\/?p=25631#article\",\"isPartOf\":{\"@id\":\"https:\\\/\\\/inclusivenews.com.br\\\/?p=25631\"},\"author\":{\"name\":\"inclusivenews2024\",\"@id\":\"https:\\\/\\\/inclusivenews.com.br\\\/#\\\/schema\\\/person\\\/ae4ec7087559b8692fb33b6fffd2273b\"},\"headline\":\"Izabel Maior recebe t\u00edtulo de Cidad\u00e3 da cidade de Salvador\",\"datePublished\":\"2013-10-17T21:54:13+00:00\",\"mainEntityOfPage\":{\"@id\":\"https:\\\/\\\/inclusivenews.com.br\\\/?p=25631\"},\"wordCount\":1165,\"commentCount\":0,\"publisher\":{\"@id\":\"https:\\\/\\\/inclusivenews.com.br\\\/#organization\"},\"image\":{\"@id\":\"https:\\\/\\\/inclusivenews.com.br\\\/?p=25631#primaryimage\"},\"thumbnailUrl\":\"http:\\\/\\\/inclusivenews.com.br\\\/wp-content\\\/uploads\\\/izabel.jpg\",\"articleSection\":[\"Defici\u00eancia\",\"INCLUS\u00c3O SOCIAL\",\"NOT\u00cdCIAS\"],\"inLanguage\":\"pt-PT\",\"potentialAction\":[{\"@type\":\"CommentAction\",\"name\":\"Comment\",\"target\":[\"https:\\\/\\\/inclusivenews.com.br\\\/?p=25631#respond\"]}]},{\"@type\":\"WebPage\",\"@id\":\"https:\\\/\\\/inclusivenews.com.br\\\/?p=25631\",\"url\":\"https:\\\/\\\/inclusivenews.com.br\\\/?p=25631\",\"name\":\"Izabel Maior recebe t\u00edtulo de Cidad\u00e3 da cidade de Salvador -\",\"isPartOf\":{\"@id\":\"https:\\\/\\\/inclusivenews.com.br\\\/#website\"},\"primaryImageOfPage\":{\"@id\":\"https:\\\/\\\/inclusivenews.com.br\\\/?p=25631#primaryimage\"},\"image\":{\"@id\":\"https:\\\/\\\/inclusivenews.com.br\\\/?p=25631#primaryimage\"},\"thumbnailUrl\":\"http:\\\/\\\/inclusivenews.com.br\\\/wp-content\\\/uploads\\\/izabel.jpg\",\"datePublished\":\"2013-10-17T21:54:13+00:00\",\"breadcrumb\":{\"@id\":\"https:\\\/\\\/inclusivenews.com.br\\\/?p=25631#breadcrumb\"},\"inLanguage\":\"pt-PT\",\"potentialAction\":[{\"@type\":\"ReadAction\",\"target\":[\"https:\\\/\\\/inclusivenews.com.br\\\/?p=25631\"]}]},{\"@type\":\"ImageObject\",\"inLanguage\":\"pt-PT\",\"@id\":\"https:\\\/\\\/inclusivenews.com.br\\\/?p=25631#primaryimage\",\"url\":\"\",\"contentUrl\":\"\"},{\"@type\":\"BreadcrumbList\",\"@id\":\"https:\\\/\\\/inclusivenews.com.br\\\/?p=25631#breadcrumb\",\"itemListElement\":[{\"@type\":\"ListItem\",\"position\":1,\"name\":\"In\u00edcio\",\"item\":\"https:\\\/\\\/inclusivenews.com.br\\\/\"},{\"@type\":\"ListItem\",\"position\":2,\"name\":\"Izabel Maior recebe t\u00edtulo de Cidad\u00e3 da cidade de Salvador\"}]},{\"@type\":\"WebSite\",\"@id\":\"https:\\\/\\\/inclusivenews.com.br\\\/#website\",\"url\":\"https:\\\/\\\/inclusivenews.com.br\\\/\",\"name\":\"Inclusive News\",\"description\":\"Inclusive News\",\"publisher\":{\"@id\":\"https:\\\/\\\/inclusivenews.com.br\\\/#organization\"},\"potentialAction\":[{\"@type\":\"SearchAction\",\"target\":{\"@type\":\"EntryPoint\",\"urlTemplate\":\"https:\\\/\\\/inclusivenews.com.br\\\/?s={search_term_string}\"},\"query-input\":{\"@type\":\"PropertyValueSpecification\",\"valueRequired\":true,\"valueName\":\"search_term_string\"}}],\"inLanguage\":\"pt-PT\"},{\"@type\":\"Organization\",\"@id\":\"https:\\\/\\\/inclusivenews.com.br\\\/#organization\",\"name\":\"Inclusive - inclus\u00e3o e cidadania\",\"url\":\"https:\\\/\\\/inclusivenews.com.br\\\/\",\"logo\":{\"@type\":\"ImageObject\",\"inLanguage\":\"pt-PT\",\"@id\":\"https:\\\/\\\/inclusivenews.com.br\\\/#\\\/schema\\\/logo\\\/image\\\/\",\"url\":\"https:\\\/\\\/inclusivenews.com.br\\\/wp-content\\\/uploads\\\/2024\\\/03\\\/@grandesite.png\",\"contentUrl\":\"https:\\\/\\\/inclusivenews.com.br\\\/wp-content\\\/uploads\\\/2024\\\/03\\\/@grandesite.png\",\"width\":1080,\"height\":1080,\"caption\":\"Inclusive - inclus\u00e3o e cidadania\"},\"image\":{\"@id\":\"https:\\\/\\\/inclusivenews.com.br\\\/#\\\/schema\\\/logo\\\/image\\\/\"},\"sameAs\":[\"https:\\\/\\\/www.facebook.com\\\/agenciainclusive\\\/\",\"https:\\\/\\\/www.instagram.com\\\/newsinclusive\\\/\"]},{\"@type\":\"Person\",\"@id\":\"https:\\\/\\\/inclusivenews.com.br\\\/#\\\/schema\\\/person\\\/ae4ec7087559b8692fb33b6fffd2273b\",\"name\":\"inclusivenews2024\",\"image\":{\"@type\":\"ImageObject\",\"inLanguage\":\"pt-PT\",\"@id\":\"https:\\\/\\\/secure.gravatar.com\\\/avatar\\\/c5a7ef84c66fa914f55bc4f7ce26cfa275a3b9a1c5568b907bd184fb4dde7b40?s=96&d=mm&r=g\",\"url\":\"https:\\\/\\\/secure.gravatar.com\\\/avatar\\\/c5a7ef84c66fa914f55bc4f7ce26cfa275a3b9a1c5568b907bd184fb4dde7b40?s=96&d=mm&r=g\",\"contentUrl\":\"https:\\\/\\\/secure.gravatar.com\\\/avatar\\\/c5a7ef84c66fa914f55bc4f7ce26cfa275a3b9a1c5568b907bd184fb4dde7b40?s=96&d=mm&r=g\",\"caption\":\"inclusivenews2024\"},\"sameAs\":[\"https:\\\/\\\/inclusivenews.com.br\"],\"url\":\"https:\\\/\\\/inclusivenews.com.br\\\/?author=1\"}]}<\/script>\n<!-- \/ Yoast SEO plugin. -->","yoast_head_json":{"title":"Izabel Maior recebe t\u00edtulo de Cidad\u00e3 da cidade de Salvador -","robots":{"index":"index","follow":"follow","max-snippet":"max-snippet:-1","max-image-preview":"max-image-preview:large","max-video-preview":"max-video-preview:-1"},"canonical":"https:\/\/inclusivenews.com.br\/?p=25631","og_locale":"pt_PT","og_type":"article","og_title":"Izabel Maior recebe t\u00edtulo de Cidad\u00e3 da cidade de Salvador -","og_description":"O t\u00edtulo de cidad\u00e3 soteropolitana foi outorgado por uma vida dedicada aos direitos das pessoas com defici\u00eancia.","og_url":"https:\/\/inclusivenews.com.br\/?p=25631","article_publisher":"https:\/\/www.facebook.com\/agenciainclusive\/","article_published_time":"2013-10-17T21:54:13+00:00","og_image":[{"url":"http:\/\/inclusivenews.com.br\/wp-content\/uploads\/izabel.jpg","type":"","width":"","height":""}],"author":"inclusivenews2024","twitter_card":"summary_large_image","twitter_misc":{"Escrito por":"inclusivenews2024","Tempo estimado de leitura":"6 minutos"},"schema":{"@context":"https:\/\/schema.org","@graph":[{"@type":"Article","@id":"https:\/\/inclusivenews.com.br\/?p=25631#article","isPartOf":{"@id":"https:\/\/inclusivenews.com.br\/?p=25631"},"author":{"name":"inclusivenews2024","@id":"https:\/\/inclusivenews.com.br\/#\/schema\/person\/ae4ec7087559b8692fb33b6fffd2273b"},"headline":"Izabel Maior recebe t\u00edtulo de Cidad\u00e3 da cidade de Salvador","datePublished":"2013-10-17T21:54:13+00:00","mainEntityOfPage":{"@id":"https:\/\/inclusivenews.com.br\/?p=25631"},"wordCount":1165,"commentCount":0,"publisher":{"@id":"https:\/\/inclusivenews.com.br\/#organization"},"image":{"@id":"https:\/\/inclusivenews.com.br\/?p=25631#primaryimage"},"thumbnailUrl":"http:\/\/inclusivenews.com.br\/wp-content\/uploads\/izabel.jpg","articleSection":["Defici\u00eancia","INCLUS\u00c3O SOCIAL","NOT\u00cdCIAS"],"inLanguage":"pt-PT","potentialAction":[{"@type":"CommentAction","name":"Comment","target":["https:\/\/inclusivenews.com.br\/?p=25631#respond"]}]},{"@type":"WebPage","@id":"https:\/\/inclusivenews.com.br\/?p=25631","url":"https:\/\/inclusivenews.com.br\/?p=25631","name":"Izabel Maior recebe t\u00edtulo de Cidad\u00e3 da cidade de Salvador -","isPartOf":{"@id":"https:\/\/inclusivenews.com.br\/#website"},"primaryImageOfPage":{"@id":"https:\/\/inclusivenews.com.br\/?p=25631#primaryimage"},"image":{"@id":"https:\/\/inclusivenews.com.br\/?p=25631#primaryimage"},"thumbnailUrl":"http:\/\/inclusivenews.com.br\/wp-content\/uploads\/izabel.jpg","datePublished":"2013-10-17T21:54:13+00:00","breadcrumb":{"@id":"https:\/\/inclusivenews.com.br\/?p=25631#breadcrumb"},"inLanguage":"pt-PT","potentialAction":[{"@type":"ReadAction","target":["https:\/\/inclusivenews.com.br\/?p=25631"]}]},{"@type":"ImageObject","inLanguage":"pt-PT","@id":"https:\/\/inclusivenews.com.br\/?p=25631#primaryimage","url":"","contentUrl":""},{"@type":"BreadcrumbList","@id":"https:\/\/inclusivenews.com.br\/?p=25631#breadcrumb","itemListElement":[{"@type":"ListItem","position":1,"name":"In\u00edcio","item":"https:\/\/inclusivenews.com.br\/"},{"@type":"ListItem","position":2,"name":"Izabel Maior recebe t\u00edtulo de Cidad\u00e3 da cidade de Salvador"}]},{"@type":"WebSite","@id":"https:\/\/inclusivenews.com.br\/#website","url":"https:\/\/inclusivenews.com.br\/","name":"Inclusive News","description":"Inclusive News","publisher":{"@id":"https:\/\/inclusivenews.com.br\/#organization"},"potentialAction":[{"@type":"SearchAction","target":{"@type":"EntryPoint","urlTemplate":"https:\/\/inclusivenews.com.br\/?s={search_term_string}"},"query-input":{"@type":"PropertyValueSpecification","valueRequired":true,"valueName":"search_term_string"}}],"inLanguage":"pt-PT"},{"@type":"Organization","@id":"https:\/\/inclusivenews.com.br\/#organization","name":"Inclusive - inclus\u00e3o e cidadania","url":"https:\/\/inclusivenews.com.br\/","logo":{"@type":"ImageObject","inLanguage":"pt-PT","@id":"https:\/\/inclusivenews.com.br\/#\/schema\/logo\/image\/","url":"https:\/\/inclusivenews.com.br\/wp-content\/uploads\/2024\/03\/@grandesite.png","contentUrl":"https:\/\/inclusivenews.com.br\/wp-content\/uploads\/2024\/03\/@grandesite.png","width":1080,"height":1080,"caption":"Inclusive - inclus\u00e3o e cidadania"},"image":{"@id":"https:\/\/inclusivenews.com.br\/#\/schema\/logo\/image\/"},"sameAs":["https:\/\/www.facebook.com\/agenciainclusive\/","https:\/\/www.instagram.com\/newsinclusive\/"]},{"@type":"Person","@id":"https:\/\/inclusivenews.com.br\/#\/schema\/person\/ae4ec7087559b8692fb33b6fffd2273b","name":"inclusivenews2024","image":{"@type":"ImageObject","inLanguage":"pt-PT","@id":"https:\/\/secure.gravatar.com\/avatar\/c5a7ef84c66fa914f55bc4f7ce26cfa275a3b9a1c5568b907bd184fb4dde7b40?s=96&d=mm&r=g","url":"https:\/\/secure.gravatar.com\/avatar\/c5a7ef84c66fa914f55bc4f7ce26cfa275a3b9a1c5568b907bd184fb4dde7b40?s=96&d=mm&r=g","contentUrl":"https:\/\/secure.gravatar.com\/avatar\/c5a7ef84c66fa914f55bc4f7ce26cfa275a3b9a1c5568b907bd184fb4dde7b40?s=96&d=mm&r=g","caption":"inclusivenews2024"},"sameAs":["https:\/\/inclusivenews.com.br"],"url":"https:\/\/inclusivenews.com.br\/?author=1"}]}},"_links":{"self":[{"href":"https:\/\/inclusivenews.com.br\/index.php?rest_route=\/wp\/v2\/posts\/25631","targetHints":{"allow":["GET"]}}],"collection":[{"href":"https:\/\/inclusivenews.com.br\/index.php?rest_route=\/wp\/v2\/posts"}],"about":[{"href":"https:\/\/inclusivenews.com.br\/index.php?rest_route=\/wp\/v2\/types\/post"}],"author":[{"embeddable":true,"href":"https:\/\/inclusivenews.com.br\/index.php?rest_route=\/wp\/v2\/users\/1"}],"replies":[{"embeddable":true,"href":"https:\/\/inclusivenews.com.br\/index.php?rest_route=%2Fwp%2Fv2%2Fcomments&post=25631"}],"version-history":[{"count":0,"href":"https:\/\/inclusivenews.com.br\/index.php?rest_route=\/wp\/v2\/posts\/25631\/revisions"}],"wp:attachment":[{"href":"https:\/\/inclusivenews.com.br\/index.php?rest_route=%2Fwp%2Fv2%2Fmedia&parent=25631"}],"wp:term":[{"taxonomy":"category","embeddable":true,"href":"https:\/\/inclusivenews.com.br\/index.php?rest_route=%2Fwp%2Fv2%2Fcategories&post=25631"},{"taxonomy":"post_tag","embeddable":true,"href":"https:\/\/inclusivenews.com.br\/index.php?rest_route=%2Fwp%2Fv2%2Ftags&post=25631"}],"curies":[{"name":"wp","href":"https:\/\/api.w.org\/{rel}","templated":true}]}}