{"id":25636,"date":"2013-10-19T08:34:31","date_gmt":"2013-10-19T11:34:31","guid":{"rendered":"http:\/\/www.inclusive.org.br\/?p=25636"},"modified":"2013-10-19T08:34:31","modified_gmt":"2013-10-19T11:34:31","slug":"volta-ao-mundo-em-13-escolas","status":"publish","type":"post","link":"https:\/\/inclusivenews.com.br\/?p=25636","title":{"rendered":"Volta ao mundo em 13 escolas"},"content":{"rendered":"<figure id=\"attachment_25638\" aria-describedby=\"caption-attachment-25638\" style=\"width: 326px\" class=\"wp-caption alignleft\"><img loading=\"lazy\" decoding=\"async\" class=\"size-full wp-image-25638\" title=\"Volta ao mundo em 13 escolas\" src=\"http:\/\/inclusivenews.com.br\/wp-content\/uploads\/volta.jpg\" alt=\"Volta ao mundo em 13 escolas\" width=\"326\" height=\"167\" \/><figcaption id=\"caption-attachment-25638\" class=\"wp-caption-text\"> <\/figcaption><\/figure>\n<p><em>Conhe\u00e7a as experi\u00eancias brasileiras do Centro Popular de Cultura e Desenvolvimento e do CIEJA Campo Limpo, entre outras, do mundo inteiro.<\/em><\/p>\n<p>Para baixar o livro \u201cVolta ao mundo em 13 escolas\u201d, os autores pedem em troca que voc\u00ea compartilhe a p\u00e1gina\u00a0<a href=\"http:\/\/educ-acao.com\/\" target=\"_blank\" rel=\"noopener\">http:\/\/educ-acao.com\/<\/a> nas suas redes. Basta escolher uma das tr\u00eas redes sociais abaixo, compartilhar\/curtir e, logo ap\u00f3s, o pdf do livro \u00e9 disponibilizado para download.<\/p>\n<p><strong>Apresenta\u00e7\u00e3o<\/strong><\/p>\n<p>Este projeto nasceu de uma motiva\u00e7\u00e3o coletiva pela busca de modelos inspiradores de educa\u00e7\u00e3o.  Todos fomos e somos impactados profundamente por modelos educacionais desde cedo. Nosso aprendizado formal \u00e9 um dos grandes respons\u00e1veis pelo que \u201cvamos ser\u201d. Quando crian\u00e7as, nossa vida gira em torno das escolas. Quando jovens, nos deparamos com escolhas de disciplinas que v\u00e3o delinear nosso futuro. Quando adultos, temos que tomar as mesmas decis\u00f5es para nossos filhos.  Movidos por inquieta\u00e7\u00f5es ligadas \u00e0 forma como entendemos educa\u00e7\u00e3o hoje, um pequeno grupo se uniu em busca de reflex\u00f5es e aprendizados em torno do assunto.<\/p>\n<p>Foi assim, com estes desafios em mente, que um grupo de provocadores  sonhou junto e desenhou  um prop\u00f3sito em comum. Foi com um olhar n\u00e3o acad\u00eamico em busca de inspira\u00e7\u00e3o que encontramos escolas, espa\u00e7os de aprendizado, cursos formais e n\u00e3o formais que  est\u00e3o propondo novos formatos.  Foi assim que chegamos a diversos modelos mundo afora: na India, na Su\u00e9cia, na Indonesia, na Espanha, na Inglaterra, nos Estados Unidos\u2026 e no Brasil. Por acreditarmos na import\u00e2ncia de escutar as experi\u00eancias de quem est\u00e1 vivendo estes novos modelos, decidimos fazer uma jornada presencial por 12 destes espa\u00e7os, em diferentes pa\u00edses e continentes. Vamos visitar estes locais, conversar com pessoas que comp\u00f5em as hist\u00f3rias que d\u00e3o vida e cor a estas iniciativas de educa\u00e7\u00e3o.<\/p>\n<p>Este blog \u00e9 um espa\u00e7o para compartilhar em primeira m\u00e3o algumas das hist\u00f3rias que v\u00e3o estar em um livro a ser lan\u00e7ado em 2013. Acreditamos que esta jornada precisa ser distribu\u00edda por todo o mundo e, por isso, este livro ter\u00e1 uma vers\u00e3o para free download e tamb\u00e9m compartilhar\u00e1 seu conte\u00fado em Creative Commons.<\/p>\n<p>Se quiser nos apoiar de alguma forma, por favor entre em contato: contato@educ-acao.com<\/p>\n","protected":false},"excerpt":{"rendered":"<p>Conhe\u00e7a as experi\u00eancias brasileiras do Centro Popular de Cultura e Desenvolvimento e do CIEJA Campo Limpo, entre outras, do mundo inteiro. O livro \u00e9 livre para downaload, ao custo de um teweet ou de um compartilhamento no Facebook.<\/p>\n","protected":false},"author":1,"featured_media":0,"comment_status":"open","ping_status":"open","sticky":false,"template":"","format":"standard","meta":{"site-container-style":"default","site-container-layout":"default","site-sidebar-layout":"default","disable-article-header":"default","disable-site-header":"default","disable-site-footer":"default","disable-content-area-spacing":"default","footnotes":""},"categories":[52,6,48,51,10],"tags":[],"class_list":["post-25636","post","type-post","status-publish","format-standard","hentry","category-downloadables","category-educacao","category-inclusao","category-livros","category-publicacoes"],"yoast_head":"<!-- This site is optimized with the Yoast SEO plugin v27.4 - https:\/\/yoast.com\/product\/yoast-seo-wordpress\/ -->\n<title>Volta ao mundo em 13 escolas -<\/title>\n<meta name=\"robots\" content=\"index, follow, max-snippet:-1, max-image-preview:large, max-video-preview:-1\" \/>\n<link rel=\"canonical\" href=\"https:\/\/inclusivenews.com.br\/?p=25636\" \/>\n<meta property=\"og:locale\" content=\"pt_PT\" \/>\n<meta property=\"og:type\" content=\"article\" \/>\n<meta property=\"og:title\" content=\"Volta ao mundo em 13 escolas -\" \/>\n<meta property=\"og:description\" content=\"Conhe\u00e7a as experi\u00eancias brasileiras do Centro Popular de Cultura e Desenvolvimento e do CIEJA Campo Limpo, entre outras, do mundo inteiro. O livro \u00e9 livre para downaload, ao custo de um teweet ou de um compartilhamento no Facebook.\" \/>\n<meta property=\"og:url\" content=\"https:\/\/inclusivenews.com.br\/?p=25636\" \/>\n<meta property=\"article:publisher\" content=\"https:\/\/www.facebook.com\/agenciainclusive\/\" \/>\n<meta property=\"article:published_time\" content=\"2013-10-19T11:34:31+00:00\" \/>\n<meta property=\"og:image\" content=\"http:\/\/inclusivenews.com.br\/wp-content\/uploads\/volta.jpg\" \/>\n<meta name=\"author\" content=\"inclusivenews2024\" \/>\n<meta name=\"twitter:card\" content=\"summary_large_image\" \/>\n<meta name=\"twitter:label1\" content=\"Escrito por\" \/>\n\t<meta name=\"twitter:data1\" content=\"inclusivenews2024\" \/>\n\t<meta name=\"twitter:label2\" content=\"Tempo estimado de leitura\" \/>\n\t<meta name=\"twitter:data2\" content=\"2 minutos\" \/>\n<script type=\"application\/ld+json\" class=\"yoast-schema-graph\">{\"@context\":\"https:\\\/\\\/schema.org\",\"@graph\":[{\"@type\":\"Article\",\"@id\":\"https:\\\/\\\/inclusivenews.com.br\\\/?p=25636#article\",\"isPartOf\":{\"@id\":\"https:\\\/\\\/inclusivenews.com.br\\\/?p=25636\"},\"author\":{\"name\":\"inclusivenews2024\",\"@id\":\"https:\\\/\\\/inclusivenews.com.br\\\/#\\\/schema\\\/person\\\/ae4ec7087559b8692fb33b6fffd2273b\"},\"headline\":\"Volta ao mundo em 13 escolas\",\"datePublished\":\"2013-10-19T11:34:31+00:00\",\"mainEntityOfPage\":{\"@id\":\"https:\\\/\\\/inclusivenews.com.br\\\/?p=25636\"},\"wordCount\":400,\"commentCount\":0,\"publisher\":{\"@id\":\"https:\\\/\\\/inclusivenews.com.br\\\/#organization\"},\"image\":{\"@id\":\"https:\\\/\\\/inclusivenews.com.br\\\/?p=25636#primaryimage\"},\"thumbnailUrl\":\"http:\\\/\\\/inclusivenews.com.br\\\/wp-content\\\/uploads\\\/volta.jpg\",\"articleSection\":[\"Downloadables\",\"EDUCA\u00c7\u00c3O\",\"INCLUS\u00c3O SOCIAL\",\"Livros\",\"PUBLICA\u00c7\u00d5ES\"],\"inLanguage\":\"pt-PT\",\"potentialAction\":[{\"@type\":\"CommentAction\",\"name\":\"Comment\",\"target\":[\"https:\\\/\\\/inclusivenews.com.br\\\/?p=25636#respond\"]}]},{\"@type\":\"WebPage\",\"@id\":\"https:\\\/\\\/inclusivenews.com.br\\\/?p=25636\",\"url\":\"https:\\\/\\\/inclusivenews.com.br\\\/?p=25636\",\"name\":\"Volta ao mundo em 13 escolas -\",\"isPartOf\":{\"@id\":\"https:\\\/\\\/inclusivenews.com.br\\\/#website\"},\"primaryImageOfPage\":{\"@id\":\"https:\\\/\\\/inclusivenews.com.br\\\/?p=25636#primaryimage\"},\"image\":{\"@id\":\"https:\\\/\\\/inclusivenews.com.br\\\/?p=25636#primaryimage\"},\"thumbnailUrl\":\"http:\\\/\\\/inclusivenews.com.br\\\/wp-content\\\/uploads\\\/volta.jpg\",\"datePublished\":\"2013-10-19T11:34:31+00:00\",\"breadcrumb\":{\"@id\":\"https:\\\/\\\/inclusivenews.com.br\\\/?p=25636#breadcrumb\"},\"inLanguage\":\"pt-PT\",\"potentialAction\":[{\"@type\":\"ReadAction\",\"target\":[\"https:\\\/\\\/inclusivenews.com.br\\\/?p=25636\"]}]},{\"@type\":\"ImageObject\",\"inLanguage\":\"pt-PT\",\"@id\":\"https:\\\/\\\/inclusivenews.com.br\\\/?p=25636#primaryimage\",\"url\":\"\",\"contentUrl\":\"\"},{\"@type\":\"BreadcrumbList\",\"@id\":\"https:\\\/\\\/inclusivenews.com.br\\\/?p=25636#breadcrumb\",\"itemListElement\":[{\"@type\":\"ListItem\",\"position\":1,\"name\":\"In\u00edcio\",\"item\":\"https:\\\/\\\/inclusivenews.com.br\\\/\"},{\"@type\":\"ListItem\",\"position\":2,\"name\":\"Volta ao mundo em 13 escolas\"}]},{\"@type\":\"WebSite\",\"@id\":\"https:\\\/\\\/inclusivenews.com.br\\\/#website\",\"url\":\"https:\\\/\\\/inclusivenews.com.br\\\/\",\"name\":\"Inclusive News\",\"description\":\"Inclusive News\",\"publisher\":{\"@id\":\"https:\\\/\\\/inclusivenews.com.br\\\/#organization\"},\"potentialAction\":[{\"@type\":\"SearchAction\",\"target\":{\"@type\":\"EntryPoint\",\"urlTemplate\":\"https:\\\/\\\/inclusivenews.com.br\\\/?s={search_term_string}\"},\"query-input\":{\"@type\":\"PropertyValueSpecification\",\"valueRequired\":true,\"valueName\":\"search_term_string\"}}],\"inLanguage\":\"pt-PT\"},{\"@type\":\"Organization\",\"@id\":\"https:\\\/\\\/inclusivenews.com.br\\\/#organization\",\"name\":\"Inclusive - inclus\u00e3o e cidadania\",\"url\":\"https:\\\/\\\/inclusivenews.com.br\\\/\",\"logo\":{\"@type\":\"ImageObject\",\"inLanguage\":\"pt-PT\",\"@id\":\"https:\\\/\\\/inclusivenews.com.br\\\/#\\\/schema\\\/logo\\\/image\\\/\",\"url\":\"https:\\\/\\\/inclusivenews.com.br\\\/wp-content\\\/uploads\\\/2024\\\/03\\\/@grandesite.png\",\"contentUrl\":\"https:\\\/\\\/inclusivenews.com.br\\\/wp-content\\\/uploads\\\/2024\\\/03\\\/@grandesite.png\",\"width\":1080,\"height\":1080,\"caption\":\"Inclusive - inclus\u00e3o e cidadania\"},\"image\":{\"@id\":\"https:\\\/\\\/inclusivenews.com.br\\\/#\\\/schema\\\/logo\\\/image\\\/\"},\"sameAs\":[\"https:\\\/\\\/www.facebook.com\\\/agenciainclusive\\\/\",\"https:\\\/\\\/www.instagram.com\\\/newsinclusive\\\/\"]},{\"@type\":\"Person\",\"@id\":\"https:\\\/\\\/inclusivenews.com.br\\\/#\\\/schema\\\/person\\\/ae4ec7087559b8692fb33b6fffd2273b\",\"name\":\"inclusivenews2024\",\"image\":{\"@type\":\"ImageObject\",\"inLanguage\":\"pt-PT\",\"@id\":\"https:\\\/\\\/secure.gravatar.com\\\/avatar\\\/c5a7ef84c66fa914f55bc4f7ce26cfa275a3b9a1c5568b907bd184fb4dde7b40?s=96&d=mm&r=g\",\"url\":\"https:\\\/\\\/secure.gravatar.com\\\/avatar\\\/c5a7ef84c66fa914f55bc4f7ce26cfa275a3b9a1c5568b907bd184fb4dde7b40?s=96&d=mm&r=g\",\"contentUrl\":\"https:\\\/\\\/secure.gravatar.com\\\/avatar\\\/c5a7ef84c66fa914f55bc4f7ce26cfa275a3b9a1c5568b907bd184fb4dde7b40?s=96&d=mm&r=g\",\"caption\":\"inclusivenews2024\"},\"sameAs\":[\"https:\\\/\\\/inclusivenews.com.br\"],\"url\":\"https:\\\/\\\/inclusivenews.com.br\\\/?author=1\"}]}<\/script>\n<!-- \/ Yoast SEO plugin. -->","yoast_head_json":{"title":"Volta ao mundo em 13 escolas -","robots":{"index":"index","follow":"follow","max-snippet":"max-snippet:-1","max-image-preview":"max-image-preview:large","max-video-preview":"max-video-preview:-1"},"canonical":"https:\/\/inclusivenews.com.br\/?p=25636","og_locale":"pt_PT","og_type":"article","og_title":"Volta ao mundo em 13 escolas -","og_description":"Conhe\u00e7a as experi\u00eancias brasileiras do Centro Popular de Cultura e Desenvolvimento e do CIEJA Campo Limpo, entre outras, do mundo inteiro. O livro \u00e9 livre para downaload, ao custo de um teweet ou de um compartilhamento no Facebook.","og_url":"https:\/\/inclusivenews.com.br\/?p=25636","article_publisher":"https:\/\/www.facebook.com\/agenciainclusive\/","article_published_time":"2013-10-19T11:34:31+00:00","og_image":[{"url":"http:\/\/inclusivenews.com.br\/wp-content\/uploads\/volta.jpg","type":"","width":"","height":""}],"author":"inclusivenews2024","twitter_card":"summary_large_image","twitter_misc":{"Escrito por":"inclusivenews2024","Tempo estimado de leitura":"2 minutos"},"schema":{"@context":"https:\/\/schema.org","@graph":[{"@type":"Article","@id":"https:\/\/inclusivenews.com.br\/?p=25636#article","isPartOf":{"@id":"https:\/\/inclusivenews.com.br\/?p=25636"},"author":{"name":"inclusivenews2024","@id":"https:\/\/inclusivenews.com.br\/#\/schema\/person\/ae4ec7087559b8692fb33b6fffd2273b"},"headline":"Volta ao mundo em 13 escolas","datePublished":"2013-10-19T11:34:31+00:00","mainEntityOfPage":{"@id":"https:\/\/inclusivenews.com.br\/?p=25636"},"wordCount":400,"commentCount":0,"publisher":{"@id":"https:\/\/inclusivenews.com.br\/#organization"},"image":{"@id":"https:\/\/inclusivenews.com.br\/?p=25636#primaryimage"},"thumbnailUrl":"http:\/\/inclusivenews.com.br\/wp-content\/uploads\/volta.jpg","articleSection":["Downloadables","EDUCA\u00c7\u00c3O","INCLUS\u00c3O SOCIAL","Livros","PUBLICA\u00c7\u00d5ES"],"inLanguage":"pt-PT","potentialAction":[{"@type":"CommentAction","name":"Comment","target":["https:\/\/inclusivenews.com.br\/?p=25636#respond"]}]},{"@type":"WebPage","@id":"https:\/\/inclusivenews.com.br\/?p=25636","url":"https:\/\/inclusivenews.com.br\/?p=25636","name":"Volta ao mundo em 13 escolas -","isPartOf":{"@id":"https:\/\/inclusivenews.com.br\/#website"},"primaryImageOfPage":{"@id":"https:\/\/inclusivenews.com.br\/?p=25636#primaryimage"},"image":{"@id":"https:\/\/inclusivenews.com.br\/?p=25636#primaryimage"},"thumbnailUrl":"http:\/\/inclusivenews.com.br\/wp-content\/uploads\/volta.jpg","datePublished":"2013-10-19T11:34:31+00:00","breadcrumb":{"@id":"https:\/\/inclusivenews.com.br\/?p=25636#breadcrumb"},"inLanguage":"pt-PT","potentialAction":[{"@type":"ReadAction","target":["https:\/\/inclusivenews.com.br\/?p=25636"]}]},{"@type":"ImageObject","inLanguage":"pt-PT","@id":"https:\/\/inclusivenews.com.br\/?p=25636#primaryimage","url":"","contentUrl":""},{"@type":"BreadcrumbList","@id":"https:\/\/inclusivenews.com.br\/?p=25636#breadcrumb","itemListElement":[{"@type":"ListItem","position":1,"name":"In\u00edcio","item":"https:\/\/inclusivenews.com.br\/"},{"@type":"ListItem","position":2,"name":"Volta ao mundo em 13 escolas"}]},{"@type":"WebSite","@id":"https:\/\/inclusivenews.com.br\/#website","url":"https:\/\/inclusivenews.com.br\/","name":"Inclusive News","description":"Inclusive News","publisher":{"@id":"https:\/\/inclusivenews.com.br\/#organization"},"potentialAction":[{"@type":"SearchAction","target":{"@type":"EntryPoint","urlTemplate":"https:\/\/inclusivenews.com.br\/?s={search_term_string}"},"query-input":{"@type":"PropertyValueSpecification","valueRequired":true,"valueName":"search_term_string"}}],"inLanguage":"pt-PT"},{"@type":"Organization","@id":"https:\/\/inclusivenews.com.br\/#organization","name":"Inclusive - inclus\u00e3o e cidadania","url":"https:\/\/inclusivenews.com.br\/","logo":{"@type":"ImageObject","inLanguage":"pt-PT","@id":"https:\/\/inclusivenews.com.br\/#\/schema\/logo\/image\/","url":"https:\/\/inclusivenews.com.br\/wp-content\/uploads\/2024\/03\/@grandesite.png","contentUrl":"https:\/\/inclusivenews.com.br\/wp-content\/uploads\/2024\/03\/@grandesite.png","width":1080,"height":1080,"caption":"Inclusive - inclus\u00e3o e cidadania"},"image":{"@id":"https:\/\/inclusivenews.com.br\/#\/schema\/logo\/image\/"},"sameAs":["https:\/\/www.facebook.com\/agenciainclusive\/","https:\/\/www.instagram.com\/newsinclusive\/"]},{"@type":"Person","@id":"https:\/\/inclusivenews.com.br\/#\/schema\/person\/ae4ec7087559b8692fb33b6fffd2273b","name":"inclusivenews2024","image":{"@type":"ImageObject","inLanguage":"pt-PT","@id":"https:\/\/secure.gravatar.com\/avatar\/c5a7ef84c66fa914f55bc4f7ce26cfa275a3b9a1c5568b907bd184fb4dde7b40?s=96&d=mm&r=g","url":"https:\/\/secure.gravatar.com\/avatar\/c5a7ef84c66fa914f55bc4f7ce26cfa275a3b9a1c5568b907bd184fb4dde7b40?s=96&d=mm&r=g","contentUrl":"https:\/\/secure.gravatar.com\/avatar\/c5a7ef84c66fa914f55bc4f7ce26cfa275a3b9a1c5568b907bd184fb4dde7b40?s=96&d=mm&r=g","caption":"inclusivenews2024"},"sameAs":["https:\/\/inclusivenews.com.br"],"url":"https:\/\/inclusivenews.com.br\/?author=1"}]}},"_links":{"self":[{"href":"https:\/\/inclusivenews.com.br\/index.php?rest_route=\/wp\/v2\/posts\/25636","targetHints":{"allow":["GET"]}}],"collection":[{"href":"https:\/\/inclusivenews.com.br\/index.php?rest_route=\/wp\/v2\/posts"}],"about":[{"href":"https:\/\/inclusivenews.com.br\/index.php?rest_route=\/wp\/v2\/types\/post"}],"author":[{"embeddable":true,"href":"https:\/\/inclusivenews.com.br\/index.php?rest_route=\/wp\/v2\/users\/1"}],"replies":[{"embeddable":true,"href":"https:\/\/inclusivenews.com.br\/index.php?rest_route=%2Fwp%2Fv2%2Fcomments&post=25636"}],"version-history":[{"count":0,"href":"https:\/\/inclusivenews.com.br\/index.php?rest_route=\/wp\/v2\/posts\/25636\/revisions"}],"wp:attachment":[{"href":"https:\/\/inclusivenews.com.br\/index.php?rest_route=%2Fwp%2Fv2%2Fmedia&parent=25636"}],"wp:term":[{"taxonomy":"category","embeddable":true,"href":"https:\/\/inclusivenews.com.br\/index.php?rest_route=%2Fwp%2Fv2%2Fcategories&post=25636"},{"taxonomy":"post_tag","embeddable":true,"href":"https:\/\/inclusivenews.com.br\/index.php?rest_route=%2Fwp%2Fv2%2Ftags&post=25636"}],"curies":[{"name":"wp","href":"https:\/\/api.w.org\/{rel}","templated":true}]}}