{"id":25652,"date":"2013-10-24T07:59:40","date_gmt":"2013-10-24T10:59:40","guid":{"rendered":"http:\/\/www.inclusive.org.br\/?p=25652"},"modified":"2013-10-24T07:59:40","modified_gmt":"2013-10-24T10:59:40","slug":"oab-nacional-planeja-acoes-em-prol-de-pessoas-com-deficiencia","status":"publish","type":"post","link":"https:\/\/inclusivenews.com.br\/?p=25652","title":{"rendered":"OAB Nacional planeja a\u00e7\u00f5es em prol de pessoas com defici\u00eancia"},"content":{"rendered":"<p><img loading=\"lazy\" decoding=\"async\" class=\"alignleft\" title=\"OAB\" src=\"http:\/\/www.ordemmais.com.br\/admin\/img\/fotos\/1427d8e810345293a0fdea857a9b4a330.png\" alt=\"OAB\" width=\"323\" height=\"196\" \/><\/p>\n<p>Acessibilidade, educa\u00e7\u00e3o, acesso \u00e0 sa\u00fade e inclus\u00e3o social s\u00e3o os quatro eixos a serem desenvolvidos pelo Conselho Federal da OAB, por meio da sua Comiss\u00e3o Especial dos Direitos da Pessoa com Defici\u00eancia.<\/p>\n<p>Em reuni\u00e3o ocorrida na quarta-feira (16), o presidente Marcus Vinicius Furtado Co\u00ealho, juntamente com T\u00eanio do Prado, Joaquim Santana Neto e Fabr\u00edcio Britto, respectivamente, presidente, vice e membro da comiss\u00e3o, definiram a amplia\u00e7\u00e3o, com a cria\u00e7\u00e3o de subcomiss\u00f5es em todo o pa\u00eds, que ter\u00e1 o intuito de auxiliar na efetiva\u00e7\u00e3o dos direitos j\u00e1 garantidos \u00e0s pessoas com defici\u00eancia.<\/p>\n<p>\u201cA quest\u00e3o n\u00e3o \u00e9 a supera\u00e7\u00e3o de barreiras, mas a efetiva\u00e7\u00e3o dos direitos j\u00e1 garantidos, para que a inclus\u00e3o social, a acessibilidade, e o acesso \u00e0 sa\u00fade e educa\u00e7\u00e3o sejam uma realidade\u201d, afirmou Marcus Vinicius.<\/p>\n<p>Al\u00e9m das campanhas, a comiss\u00e3o ir\u00e1 realizar um painel na pr\u00f3xima Confer\u00eancia Nacional dos Advogados, que ocorrer\u00e1 no Rio de Janeiro em 2014.<\/p>\n<p>\u201cA campanha cumpre uma diretriz da Conven\u00e7\u00e3o Internacional dos Direitos da Pessoa com Defici\u00eancia, incorporado ao ordenamento jur\u00eddico por meio da Lei 6948\/2009, e tem por objetivo sensibilizar a advocacia na consolida\u00e7\u00e3o das pol\u00edticas publicas\u201d, explicou T\u00eanio.<\/p>\n<p>\u201cQueremos mobilizar todas as seccionais para que repliquem as campanhas nos seus estados\u201d, afirmou Santana Neto.<\/p>\n<p>Fonte: OAB Nacional<\/p>\n","protected":false},"excerpt":{"rendered":"<p>Acessibilidade, educa\u00e7\u00e3o, acesso \u00e0 sa\u00fade e inclus\u00e3o social s\u00e3o os quatro eixos a serem desenvolvidos pelo Conselho Federal da OAB, por meio da sua Comiss\u00e3o Especial dos Direitos da Pessoa com Defici\u00eancia.<\/p>\n","protected":false},"author":1,"featured_media":0,"comment_status":"open","ping_status":"open","sticky":false,"template":"","format":"standard","meta":{"site-container-style":"default","site-container-layout":"default","site-sidebar-layout":"default","disable-article-header":"default","disable-site-header":"default","disable-site-footer":"default","disable-content-area-spacing":"default","footnotes":""},"categories":[38,4],"tags":[],"class_list":["post-25652","post","type-post","status-publish","format-standard","hentry","category-deficiencia","category-noticias"],"yoast_head":"<!-- This site is optimized with the Yoast SEO plugin v27.4 - https:\/\/yoast.com\/product\/yoast-seo-wordpress\/ -->\n<title>OAB Nacional planeja a\u00e7\u00f5es em prol de pessoas com defici\u00eancia -<\/title>\n<meta name=\"robots\" content=\"index, follow, max-snippet:-1, max-image-preview:large, max-video-preview:-1\" \/>\n<link rel=\"canonical\" href=\"https:\/\/inclusivenews.com.br\/?p=25652\" \/>\n<meta property=\"og:locale\" content=\"pt_PT\" \/>\n<meta property=\"og:type\" content=\"article\" \/>\n<meta property=\"og:title\" content=\"OAB Nacional planeja a\u00e7\u00f5es em prol de pessoas com defici\u00eancia -\" \/>\n<meta property=\"og:description\" content=\"Acessibilidade, educa\u00e7\u00e3o, acesso \u00e0 sa\u00fade e inclus\u00e3o social s\u00e3o os quatro eixos a serem desenvolvidos pelo Conselho Federal da OAB, por meio da sua Comiss\u00e3o Especial dos Direitos da Pessoa com Defici\u00eancia.\" \/>\n<meta property=\"og:url\" content=\"https:\/\/inclusivenews.com.br\/?p=25652\" \/>\n<meta property=\"article:publisher\" content=\"https:\/\/www.facebook.com\/agenciainclusive\/\" \/>\n<meta property=\"article:published_time\" content=\"2013-10-24T10:59:40+00:00\" \/>\n<meta property=\"og:image\" content=\"http:\/\/www.ordemmais.com.br\/admin\/img\/fotos\/1427d8e810345293a0fdea857a9b4a330.png\" \/>\n<meta name=\"author\" content=\"inclusivenews2024\" \/>\n<meta name=\"twitter:card\" content=\"summary_large_image\" \/>\n<meta name=\"twitter:label1\" content=\"Escrito por\" \/>\n\t<meta name=\"twitter:data1\" content=\"inclusivenews2024\" \/>\n\t<meta name=\"twitter:label2\" content=\"Tempo estimado de leitura\" \/>\n\t<meta name=\"twitter:data2\" content=\"1 minuto\" \/>\n<script type=\"application\/ld+json\" class=\"yoast-schema-graph\">{\"@context\":\"https:\\\/\\\/schema.org\",\"@graph\":[{\"@type\":\"Article\",\"@id\":\"https:\\\/\\\/inclusivenews.com.br\\\/?p=25652#article\",\"isPartOf\":{\"@id\":\"https:\\\/\\\/inclusivenews.com.br\\\/?p=25652\"},\"author\":{\"name\":\"inclusivenews2024\",\"@id\":\"https:\\\/\\\/inclusivenews.com.br\\\/#\\\/schema\\\/person\\\/ae4ec7087559b8692fb33b6fffd2273b\"},\"headline\":\"OAB Nacional planeja a\u00e7\u00f5es em prol de pessoas com defici\u00eancia\",\"datePublished\":\"2013-10-24T10:59:40+00:00\",\"mainEntityOfPage\":{\"@id\":\"https:\\\/\\\/inclusivenews.com.br\\\/?p=25652\"},\"wordCount\":244,\"commentCount\":1,\"publisher\":{\"@id\":\"https:\\\/\\\/inclusivenews.com.br\\\/#organization\"},\"image\":{\"@id\":\"https:\\\/\\\/inclusivenews.com.br\\\/?p=25652#primaryimage\"},\"thumbnailUrl\":\"http:\\\/\\\/www.ordemmais.com.br\\\/admin\\\/img\\\/fotos\\\/1427d8e810345293a0fdea857a9b4a330.png\",\"articleSection\":[\"Defici\u00eancia\",\"NOT\u00cdCIAS\"],\"inLanguage\":\"pt-PT\",\"potentialAction\":[{\"@type\":\"CommentAction\",\"name\":\"Comment\",\"target\":[\"https:\\\/\\\/inclusivenews.com.br\\\/?p=25652#respond\"]}]},{\"@type\":\"WebPage\",\"@id\":\"https:\\\/\\\/inclusivenews.com.br\\\/?p=25652\",\"url\":\"https:\\\/\\\/inclusivenews.com.br\\\/?p=25652\",\"name\":\"OAB Nacional planeja a\u00e7\u00f5es em prol de pessoas com defici\u00eancia -\",\"isPartOf\":{\"@id\":\"https:\\\/\\\/inclusivenews.com.br\\\/#website\"},\"primaryImageOfPage\":{\"@id\":\"https:\\\/\\\/inclusivenews.com.br\\\/?p=25652#primaryimage\"},\"image\":{\"@id\":\"https:\\\/\\\/inclusivenews.com.br\\\/?p=25652#primaryimage\"},\"thumbnailUrl\":\"http:\\\/\\\/www.ordemmais.com.br\\\/admin\\\/img\\\/fotos\\\/1427d8e810345293a0fdea857a9b4a330.png\",\"datePublished\":\"2013-10-24T10:59:40+00:00\",\"breadcrumb\":{\"@id\":\"https:\\\/\\\/inclusivenews.com.br\\\/?p=25652#breadcrumb\"},\"inLanguage\":\"pt-PT\",\"potentialAction\":[{\"@type\":\"ReadAction\",\"target\":[\"https:\\\/\\\/inclusivenews.com.br\\\/?p=25652\"]}]},{\"@type\":\"ImageObject\",\"inLanguage\":\"pt-PT\",\"@id\":\"https:\\\/\\\/inclusivenews.com.br\\\/?p=25652#primaryimage\",\"url\":\"http:\\\/\\\/www.ordemmais.com.br\\\/admin\\\/img\\\/fotos\\\/1427d8e810345293a0fdea857a9b4a330.png\",\"contentUrl\":\"http:\\\/\\\/www.ordemmais.com.br\\\/admin\\\/img\\\/fotos\\\/1427d8e810345293a0fdea857a9b4a330.png\"},{\"@type\":\"BreadcrumbList\",\"@id\":\"https:\\\/\\\/inclusivenews.com.br\\\/?p=25652#breadcrumb\",\"itemListElement\":[{\"@type\":\"ListItem\",\"position\":1,\"name\":\"In\u00edcio\",\"item\":\"https:\\\/\\\/inclusivenews.com.br\\\/\"},{\"@type\":\"ListItem\",\"position\":2,\"name\":\"OAB Nacional planeja a\u00e7\u00f5es em prol de pessoas com defici\u00eancia\"}]},{\"@type\":\"WebSite\",\"@id\":\"https:\\\/\\\/inclusivenews.com.br\\\/#website\",\"url\":\"https:\\\/\\\/inclusivenews.com.br\\\/\",\"name\":\"Inclusive News\",\"description\":\"Inclusive News\",\"publisher\":{\"@id\":\"https:\\\/\\\/inclusivenews.com.br\\\/#organization\"},\"potentialAction\":[{\"@type\":\"SearchAction\",\"target\":{\"@type\":\"EntryPoint\",\"urlTemplate\":\"https:\\\/\\\/inclusivenews.com.br\\\/?s={search_term_string}\"},\"query-input\":{\"@type\":\"PropertyValueSpecification\",\"valueRequired\":true,\"valueName\":\"search_term_string\"}}],\"inLanguage\":\"pt-PT\"},{\"@type\":\"Organization\",\"@id\":\"https:\\\/\\\/inclusivenews.com.br\\\/#organization\",\"name\":\"Inclusive - inclus\u00e3o e cidadania\",\"url\":\"https:\\\/\\\/inclusivenews.com.br\\\/\",\"logo\":{\"@type\":\"ImageObject\",\"inLanguage\":\"pt-PT\",\"@id\":\"https:\\\/\\\/inclusivenews.com.br\\\/#\\\/schema\\\/logo\\\/image\\\/\",\"url\":\"https:\\\/\\\/inclusivenews.com.br\\\/wp-content\\\/uploads\\\/2024\\\/03\\\/@grandesite.png\",\"contentUrl\":\"https:\\\/\\\/inclusivenews.com.br\\\/wp-content\\\/uploads\\\/2024\\\/03\\\/@grandesite.png\",\"width\":1080,\"height\":1080,\"caption\":\"Inclusive - inclus\u00e3o e cidadania\"},\"image\":{\"@id\":\"https:\\\/\\\/inclusivenews.com.br\\\/#\\\/schema\\\/logo\\\/image\\\/\"},\"sameAs\":[\"https:\\\/\\\/www.facebook.com\\\/agenciainclusive\\\/\",\"https:\\\/\\\/www.instagram.com\\\/newsinclusive\\\/\"]},{\"@type\":\"Person\",\"@id\":\"https:\\\/\\\/inclusivenews.com.br\\\/#\\\/schema\\\/person\\\/ae4ec7087559b8692fb33b6fffd2273b\",\"name\":\"inclusivenews2024\",\"image\":{\"@type\":\"ImageObject\",\"inLanguage\":\"pt-PT\",\"@id\":\"https:\\\/\\\/secure.gravatar.com\\\/avatar\\\/c5a7ef84c66fa914f55bc4f7ce26cfa275a3b9a1c5568b907bd184fb4dde7b40?s=96&d=mm&r=g\",\"url\":\"https:\\\/\\\/secure.gravatar.com\\\/avatar\\\/c5a7ef84c66fa914f55bc4f7ce26cfa275a3b9a1c5568b907bd184fb4dde7b40?s=96&d=mm&r=g\",\"contentUrl\":\"https:\\\/\\\/secure.gravatar.com\\\/avatar\\\/c5a7ef84c66fa914f55bc4f7ce26cfa275a3b9a1c5568b907bd184fb4dde7b40?s=96&d=mm&r=g\",\"caption\":\"inclusivenews2024\"},\"sameAs\":[\"https:\\\/\\\/inclusivenews.com.br\"],\"url\":\"https:\\\/\\\/inclusivenews.com.br\\\/?author=1\"}]}<\/script>\n<!-- \/ Yoast SEO plugin. -->","yoast_head_json":{"title":"OAB Nacional planeja a\u00e7\u00f5es em prol de pessoas com defici\u00eancia -","robots":{"index":"index","follow":"follow","max-snippet":"max-snippet:-1","max-image-preview":"max-image-preview:large","max-video-preview":"max-video-preview:-1"},"canonical":"https:\/\/inclusivenews.com.br\/?p=25652","og_locale":"pt_PT","og_type":"article","og_title":"OAB Nacional planeja a\u00e7\u00f5es em prol de pessoas com defici\u00eancia -","og_description":"Acessibilidade, educa\u00e7\u00e3o, acesso \u00e0 sa\u00fade e inclus\u00e3o social s\u00e3o os quatro eixos a serem desenvolvidos pelo Conselho Federal da OAB, por meio da sua Comiss\u00e3o Especial dos Direitos da Pessoa com Defici\u00eancia.","og_url":"https:\/\/inclusivenews.com.br\/?p=25652","article_publisher":"https:\/\/www.facebook.com\/agenciainclusive\/","article_published_time":"2013-10-24T10:59:40+00:00","og_image":[{"url":"http:\/\/www.ordemmais.com.br\/admin\/img\/fotos\/1427d8e810345293a0fdea857a9b4a330.png","type":"","width":"","height":""}],"author":"inclusivenews2024","twitter_card":"summary_large_image","twitter_misc":{"Escrito por":"inclusivenews2024","Tempo estimado de leitura":"1 minuto"},"schema":{"@context":"https:\/\/schema.org","@graph":[{"@type":"Article","@id":"https:\/\/inclusivenews.com.br\/?p=25652#article","isPartOf":{"@id":"https:\/\/inclusivenews.com.br\/?p=25652"},"author":{"name":"inclusivenews2024","@id":"https:\/\/inclusivenews.com.br\/#\/schema\/person\/ae4ec7087559b8692fb33b6fffd2273b"},"headline":"OAB Nacional planeja a\u00e7\u00f5es em prol de pessoas com defici\u00eancia","datePublished":"2013-10-24T10:59:40+00:00","mainEntityOfPage":{"@id":"https:\/\/inclusivenews.com.br\/?p=25652"},"wordCount":244,"commentCount":1,"publisher":{"@id":"https:\/\/inclusivenews.com.br\/#organization"},"image":{"@id":"https:\/\/inclusivenews.com.br\/?p=25652#primaryimage"},"thumbnailUrl":"http:\/\/www.ordemmais.com.br\/admin\/img\/fotos\/1427d8e810345293a0fdea857a9b4a330.png","articleSection":["Defici\u00eancia","NOT\u00cdCIAS"],"inLanguage":"pt-PT","potentialAction":[{"@type":"CommentAction","name":"Comment","target":["https:\/\/inclusivenews.com.br\/?p=25652#respond"]}]},{"@type":"WebPage","@id":"https:\/\/inclusivenews.com.br\/?p=25652","url":"https:\/\/inclusivenews.com.br\/?p=25652","name":"OAB Nacional planeja a\u00e7\u00f5es em prol de pessoas com defici\u00eancia -","isPartOf":{"@id":"https:\/\/inclusivenews.com.br\/#website"},"primaryImageOfPage":{"@id":"https:\/\/inclusivenews.com.br\/?p=25652#primaryimage"},"image":{"@id":"https:\/\/inclusivenews.com.br\/?p=25652#primaryimage"},"thumbnailUrl":"http:\/\/www.ordemmais.com.br\/admin\/img\/fotos\/1427d8e810345293a0fdea857a9b4a330.png","datePublished":"2013-10-24T10:59:40+00:00","breadcrumb":{"@id":"https:\/\/inclusivenews.com.br\/?p=25652#breadcrumb"},"inLanguage":"pt-PT","potentialAction":[{"@type":"ReadAction","target":["https:\/\/inclusivenews.com.br\/?p=25652"]}]},{"@type":"ImageObject","inLanguage":"pt-PT","@id":"https:\/\/inclusivenews.com.br\/?p=25652#primaryimage","url":"http:\/\/www.ordemmais.com.br\/admin\/img\/fotos\/1427d8e810345293a0fdea857a9b4a330.png","contentUrl":"http:\/\/www.ordemmais.com.br\/admin\/img\/fotos\/1427d8e810345293a0fdea857a9b4a330.png"},{"@type":"BreadcrumbList","@id":"https:\/\/inclusivenews.com.br\/?p=25652#breadcrumb","itemListElement":[{"@type":"ListItem","position":1,"name":"In\u00edcio","item":"https:\/\/inclusivenews.com.br\/"},{"@type":"ListItem","position":2,"name":"OAB Nacional planeja a\u00e7\u00f5es em prol de pessoas com defici\u00eancia"}]},{"@type":"WebSite","@id":"https:\/\/inclusivenews.com.br\/#website","url":"https:\/\/inclusivenews.com.br\/","name":"Inclusive News","description":"Inclusive News","publisher":{"@id":"https:\/\/inclusivenews.com.br\/#organization"},"potentialAction":[{"@type":"SearchAction","target":{"@type":"EntryPoint","urlTemplate":"https:\/\/inclusivenews.com.br\/?s={search_term_string}"},"query-input":{"@type":"PropertyValueSpecification","valueRequired":true,"valueName":"search_term_string"}}],"inLanguage":"pt-PT"},{"@type":"Organization","@id":"https:\/\/inclusivenews.com.br\/#organization","name":"Inclusive - inclus\u00e3o e cidadania","url":"https:\/\/inclusivenews.com.br\/","logo":{"@type":"ImageObject","inLanguage":"pt-PT","@id":"https:\/\/inclusivenews.com.br\/#\/schema\/logo\/image\/","url":"https:\/\/inclusivenews.com.br\/wp-content\/uploads\/2024\/03\/@grandesite.png","contentUrl":"https:\/\/inclusivenews.com.br\/wp-content\/uploads\/2024\/03\/@grandesite.png","width":1080,"height":1080,"caption":"Inclusive - inclus\u00e3o e cidadania"},"image":{"@id":"https:\/\/inclusivenews.com.br\/#\/schema\/logo\/image\/"},"sameAs":["https:\/\/www.facebook.com\/agenciainclusive\/","https:\/\/www.instagram.com\/newsinclusive\/"]},{"@type":"Person","@id":"https:\/\/inclusivenews.com.br\/#\/schema\/person\/ae4ec7087559b8692fb33b6fffd2273b","name":"inclusivenews2024","image":{"@type":"ImageObject","inLanguage":"pt-PT","@id":"https:\/\/secure.gravatar.com\/avatar\/c5a7ef84c66fa914f55bc4f7ce26cfa275a3b9a1c5568b907bd184fb4dde7b40?s=96&d=mm&r=g","url":"https:\/\/secure.gravatar.com\/avatar\/c5a7ef84c66fa914f55bc4f7ce26cfa275a3b9a1c5568b907bd184fb4dde7b40?s=96&d=mm&r=g","contentUrl":"https:\/\/secure.gravatar.com\/avatar\/c5a7ef84c66fa914f55bc4f7ce26cfa275a3b9a1c5568b907bd184fb4dde7b40?s=96&d=mm&r=g","caption":"inclusivenews2024"},"sameAs":["https:\/\/inclusivenews.com.br"],"url":"https:\/\/inclusivenews.com.br\/?author=1"}]}},"_links":{"self":[{"href":"https:\/\/inclusivenews.com.br\/index.php?rest_route=\/wp\/v2\/posts\/25652","targetHints":{"allow":["GET"]}}],"collection":[{"href":"https:\/\/inclusivenews.com.br\/index.php?rest_route=\/wp\/v2\/posts"}],"about":[{"href":"https:\/\/inclusivenews.com.br\/index.php?rest_route=\/wp\/v2\/types\/post"}],"author":[{"embeddable":true,"href":"https:\/\/inclusivenews.com.br\/index.php?rest_route=\/wp\/v2\/users\/1"}],"replies":[{"embeddable":true,"href":"https:\/\/inclusivenews.com.br\/index.php?rest_route=%2Fwp%2Fv2%2Fcomments&post=25652"}],"version-history":[{"count":0,"href":"https:\/\/inclusivenews.com.br\/index.php?rest_route=\/wp\/v2\/posts\/25652\/revisions"}],"wp:attachment":[{"href":"https:\/\/inclusivenews.com.br\/index.php?rest_route=%2Fwp%2Fv2%2Fmedia&parent=25652"}],"wp:term":[{"taxonomy":"category","embeddable":true,"href":"https:\/\/inclusivenews.com.br\/index.php?rest_route=%2Fwp%2Fv2%2Fcategories&post=25652"},{"taxonomy":"post_tag","embeddable":true,"href":"https:\/\/inclusivenews.com.br\/index.php?rest_route=%2Fwp%2Fv2%2Ftags&post=25652"}],"curies":[{"name":"wp","href":"https:\/\/api.w.org\/{rel}","templated":true}]}}