{"id":25654,"date":"2013-10-24T08:04:20","date_gmt":"2013-10-24T11:04:20","guid":{"rendered":"http:\/\/www.inclusive.org.br\/?p=25654"},"modified":"2013-10-24T08:04:20","modified_gmt":"2013-10-24T11:04:20","slug":"retratos-do-autismo-no-brasil-e-lancado-em-brasilia","status":"publish","type":"post","link":"https:\/\/inclusivenews.com.br\/?p=25654","title":{"rendered":"Retratos do Autismo no Brasil \u00e9 lan\u00e7ado em Bras\u00edlia"},"content":{"rendered":"<figure style=\"width: 230px\" class=\"wp-caption alignleft\"><img loading=\"lazy\" decoding=\"async\" title=\"Maria do Ros\u00e1rio e Jos\u00e9 Antonio Ferreira\" src=\"http:\/\/www.brasil.gov.br\/cidadania-e-justica\/2013\/10\/retratos-do-autismo-no-brasil-e-lancado-em-brasilia\/retratos-do-autismo-no-brasil-e-lancado-em-brasilia.jpg\/@@images\/540f426e-aac0-4669-a829-08fc6dbbd02e.jpeg\" alt=\"\" width=\"230\" height=\"172\" \/><figcaption class=\"wp-caption-text\">Foto: SDH\/PR<\/figcaption><\/figure>\n<p><a href=\"http:\/\/www.pessoacomdeficiencia.gov.br\/app\/publicacoes\/retratos-do-autismo-no-brasil\" target=\"_blank\" rel=\"noopener\">Fa\u00e7a download do livro neste link.<\/a><\/p>\n<p>A Secretaria de Direitos Humanos da Presid\u00eancia da Rep\u00fablica (SDH\/PR) e a Associa\u00e7\u00e3o dos Amigos do Autismo de S\u00e3o Paulo (AMA\/SP) lan\u00e7aram na quarta-feira (16), em Bras\u00edlia, o livro Retratos do Autismo no Brasil.<\/p>\n<p>A ministra da SDH\/PR, Maria do Ros\u00e1rio, participou da cerim\u00f4nia de lan\u00e7amento da publica\u00e7\u00e3o, que contou com palestras e debates sobre a tem\u00e1tica das pessoas com defici\u00eancia no Brasil.<\/p>\n<p>Para Ros\u00e1rio, o livro abre possibilidades para uma jornada pouco abordada na agenda institucional do pa\u00eds, que n\u00e3o deve estar s\u00f3 no \u00e2mbito m\u00e9dico.<\/p>\n<p>\u201cN\u00f3s estamos  respondendo com esse encontro a uma necessidade muito importante para o governo federal sobre o significado de viver sendo autista no nosso pa\u00eds\u201d, destacou a ministra.<\/p>\n<p>Presente no evento, o secret\u00e1rio nacional dos Direitos da Pessoa com Defici\u00eancia, Ant\u00f4nio Jos\u00e9 Ferreira, lembrou que apesar das pessoas autistas estarem contempladas pelas pol\u00edticas transversais do Plano Nacional da Pessoa com Defici\u00eancia &#8211; Viver sem Limite, a iniciativa sinaliza a vontade do governo federal em proporcionar pol\u00edticas mais espec\u00edficas.<\/p>\n<p>A inten\u00e7\u00e3o do governo, afirmou o secret\u00e1rio, \u00e9 inserir mais a\u00e7\u00f5es de governo para aprimorar as pol\u00edticas p\u00fablicas para estas pessoas dentro do espectro do autismo.<\/p>\n<p>\u201cDiante da luta contra a invisibilidade social por parte das pessoas com defici\u00eancia, os autistas e suas fam\u00edlias precisam lutar contra a invisibilidade dentro do pr\u00f3prio segmento, na busca pela sua cidadania. Nosso papel \u00e9 considerar a dimens\u00e3o de suas especificidades&#8221;, alertou Ferreira.<\/p>\n<p>Debates<\/p>\n<p>A representante do Minist\u00e9rio da Sa\u00fade, Vera Mendes, da \u00c1rea T\u00e9cnica da Sa\u00fade da Pessoa com Defici\u00eancia e Diretrizes de Aten\u00e7\u00e3o \u00e0 Reabilita\u00e7\u00e3o da Pessoa com Transtornos do Espectro do Autismo (TEA), apresentou documento, lan\u00e7ado em abril de 2013, que estabelece indicadores no desenvolvimento infantil e destaca sinais de alerta para orientar o diagn\u00f3stico precoce da doen\u00e7a.<\/p>\n<p>De acordo com o estudo, a detec\u00e7\u00e3o pode ocorrer a partir da observa\u00e7\u00e3o de fatores como intera\u00e7\u00e3o social, linguagem, brincadeiras e alimenta\u00e7\u00e3o.<\/p>\n<p>A pol\u00edtica de inclus\u00e3o do governo federal nas escolas de ensino regular e o papel da educa\u00e7\u00e3o especial foram abordados pela diretora de Pol\u00edticas de Educa\u00e7\u00e3o Especial do Minist\u00e9rio da Educa\u00e7\u00e3o (MEC), Martinha Clarete Dutra.<\/p>\n<p>A diretora falou tamb\u00e9m da implementa\u00e7\u00e3o da Lei n\u00ba 12.764\/2012, que instituiu a Pol\u00edtica Nacional de Prote\u00e7\u00e3o dos Direitos da Pessoa com Transtorno do Espectro Autista e as diretrizes para sua implementa\u00e7\u00e3o. O tema empregabilidade tamb\u00e9m entrou na pauta de debates.<\/p>\n<p>Livro<\/p>\n<p>Cerca de 300 exemplares da publica\u00e7\u00e3o foram distribu\u00eddas entre os participantes do evento. A vers\u00e3o digital j\u00e1 dispon\u00edvel para download.<\/p>\n<p>Estiveram presentes na solenidade, a psic\u00f3loga Maria Am\u00e9rica, uma das autoras do livro, a presidente da Associa\u00e7\u00e3o Brasileira de Autismo, Marisa F\u00faria, a conselheira do Conade, Telma Maria Viga, entre outras autoridades.<\/p>\n<p>Fonte: <a href=\"http:\/\/www.sdh.gov.br\/\" target=\"_blank\" rel=\"noopener\">Secretaria de Direitos Humanos da Presid\u00eancia da Rep\u00fablica<\/a><\/p>\n","protected":false},"excerpt":{"rendered":"<p>A Secretaria de Direitos Humanos da Presid\u00eancia da Rep\u00fablica (SDH\/PR) e a Associa\u00e7\u00e3o dos Amigos do Autismo de S\u00e3o Paulo (AMA\/SP) lan\u00e7aram na quarta-feira (16), em Bras\u00edlia, o livro Retratos do Autismo no Brasil (dispon\u00edvel para download).<\/p>\n","protected":false},"author":1,"featured_media":0,"comment_status":"open","ping_status":"open","sticky":false,"template":"","format":"standard","meta":{"site-container-style":"default","site-container-layout":"default","site-sidebar-layout":"default","disable-article-header":"default","disable-site-header":"default","disable-site-footer":"default","disable-content-area-spacing":"default","footnotes":""},"categories":[52,48,51,10],"tags":[],"class_list":["post-25654","post","type-post","status-publish","format-standard","hentry","category-downloadables","category-inclusao","category-livros","category-publicacoes"],"yoast_head":"<!-- This site is optimized with the Yoast SEO plugin v27.4 - https:\/\/yoast.com\/product\/yoast-seo-wordpress\/ -->\n<title>Retratos do Autismo no Brasil \u00e9 lan\u00e7ado em Bras\u00edlia -<\/title>\n<meta name=\"robots\" content=\"index, follow, max-snippet:-1, max-image-preview:large, max-video-preview:-1\" \/>\n<link rel=\"canonical\" href=\"https:\/\/inclusivenews.com.br\/?p=25654\" \/>\n<meta property=\"og:locale\" content=\"pt_PT\" \/>\n<meta property=\"og:type\" content=\"article\" \/>\n<meta property=\"og:title\" content=\"Retratos do Autismo no Brasil \u00e9 lan\u00e7ado em Bras\u00edlia -\" \/>\n<meta property=\"og:description\" content=\"A Secretaria de Direitos Humanos da Presid\u00eancia da Rep\u00fablica (SDH\/PR) e a Associa\u00e7\u00e3o dos Amigos do Autismo de S\u00e3o Paulo (AMA\/SP) lan\u00e7aram na quarta-feira (16), em Bras\u00edlia, o livro Retratos do Autismo no Brasil (dispon\u00edvel para download).\" \/>\n<meta property=\"og:url\" content=\"https:\/\/inclusivenews.com.br\/?p=25654\" \/>\n<meta property=\"article:publisher\" content=\"https:\/\/www.facebook.com\/agenciainclusive\/\" \/>\n<meta property=\"article:published_time\" content=\"2013-10-24T11:04:20+00:00\" \/>\n<meta property=\"og:image\" content=\"http:\/\/www.brasil.gov.br\/cidadania-e-justica\/2013\/10\/retratos-do-autismo-no-brasil-e-lancado-em-brasilia\/retratos-do-autismo-no-brasil-e-lancado-em-brasilia.jpg\/@@images\/540f426e-aac0-4669-a829-08fc6dbbd02e.jpeg\" \/>\n<meta name=\"author\" content=\"inclusivenews2024\" \/>\n<meta name=\"twitter:card\" content=\"summary_large_image\" \/>\n<meta name=\"twitter:label1\" content=\"Escrito por\" \/>\n\t<meta name=\"twitter:data1\" content=\"inclusivenews2024\" \/>\n\t<meta name=\"twitter:label2\" content=\"Tempo estimado de leitura\" \/>\n\t<meta name=\"twitter:data2\" content=\"3 minutos\" \/>\n<script type=\"application\/ld+json\" class=\"yoast-schema-graph\">{\"@context\":\"https:\\\/\\\/schema.org\",\"@graph\":[{\"@type\":\"Article\",\"@id\":\"https:\\\/\\\/inclusivenews.com.br\\\/?p=25654#article\",\"isPartOf\":{\"@id\":\"https:\\\/\\\/inclusivenews.com.br\\\/?p=25654\"},\"author\":{\"name\":\"inclusivenews2024\",\"@id\":\"https:\\\/\\\/inclusivenews.com.br\\\/#\\\/schema\\\/person\\\/ae4ec7087559b8692fb33b6fffd2273b\"},\"headline\":\"Retratos do Autismo no Brasil \u00e9 lan\u00e7ado em Bras\u00edlia\",\"datePublished\":\"2013-10-24T11:04:20+00:00\",\"mainEntityOfPage\":{\"@id\":\"https:\\\/\\\/inclusivenews.com.br\\\/?p=25654\"},\"wordCount\":546,\"commentCount\":0,\"publisher\":{\"@id\":\"https:\\\/\\\/inclusivenews.com.br\\\/#organization\"},\"image\":{\"@id\":\"https:\\\/\\\/inclusivenews.com.br\\\/?p=25654#primaryimage\"},\"thumbnailUrl\":\"http:\\\/\\\/www.brasil.gov.br\\\/cidadania-e-justica\\\/2013\\\/10\\\/retratos-do-autismo-no-brasil-e-lancado-em-brasilia\\\/retratos-do-autismo-no-brasil-e-lancado-em-brasilia.jpg\\\/@@images\\\/540f426e-aac0-4669-a829-08fc6dbbd02e.jpeg\",\"articleSection\":[\"Downloadables\",\"INCLUS\u00c3O SOCIAL\",\"Livros\",\"PUBLICA\u00c7\u00d5ES\"],\"inLanguage\":\"pt-PT\",\"potentialAction\":[{\"@type\":\"CommentAction\",\"name\":\"Comment\",\"target\":[\"https:\\\/\\\/inclusivenews.com.br\\\/?p=25654#respond\"]}]},{\"@type\":\"WebPage\",\"@id\":\"https:\\\/\\\/inclusivenews.com.br\\\/?p=25654\",\"url\":\"https:\\\/\\\/inclusivenews.com.br\\\/?p=25654\",\"name\":\"Retratos do Autismo no Brasil \u00e9 lan\u00e7ado em Bras\u00edlia -\",\"isPartOf\":{\"@id\":\"https:\\\/\\\/inclusivenews.com.br\\\/#website\"},\"primaryImageOfPage\":{\"@id\":\"https:\\\/\\\/inclusivenews.com.br\\\/?p=25654#primaryimage\"},\"image\":{\"@id\":\"https:\\\/\\\/inclusivenews.com.br\\\/?p=25654#primaryimage\"},\"thumbnailUrl\":\"http:\\\/\\\/www.brasil.gov.br\\\/cidadania-e-justica\\\/2013\\\/10\\\/retratos-do-autismo-no-brasil-e-lancado-em-brasilia\\\/retratos-do-autismo-no-brasil-e-lancado-em-brasilia.jpg\\\/@@images\\\/540f426e-aac0-4669-a829-08fc6dbbd02e.jpeg\",\"datePublished\":\"2013-10-24T11:04:20+00:00\",\"breadcrumb\":{\"@id\":\"https:\\\/\\\/inclusivenews.com.br\\\/?p=25654#breadcrumb\"},\"inLanguage\":\"pt-PT\",\"potentialAction\":[{\"@type\":\"ReadAction\",\"target\":[\"https:\\\/\\\/inclusivenews.com.br\\\/?p=25654\"]}]},{\"@type\":\"ImageObject\",\"inLanguage\":\"pt-PT\",\"@id\":\"https:\\\/\\\/inclusivenews.com.br\\\/?p=25654#primaryimage\",\"url\":\"http:\\\/\\\/www.brasil.gov.br\\\/cidadania-e-justica\\\/2013\\\/10\\\/retratos-do-autismo-no-brasil-e-lancado-em-brasilia\\\/retratos-do-autismo-no-brasil-e-lancado-em-brasilia.jpg\\\/@@images\\\/540f426e-aac0-4669-a829-08fc6dbbd02e.jpeg\",\"contentUrl\":\"http:\\\/\\\/www.brasil.gov.br\\\/cidadania-e-justica\\\/2013\\\/10\\\/retratos-do-autismo-no-brasil-e-lancado-em-brasilia\\\/retratos-do-autismo-no-brasil-e-lancado-em-brasilia.jpg\\\/@@images\\\/540f426e-aac0-4669-a829-08fc6dbbd02e.jpeg\"},{\"@type\":\"BreadcrumbList\",\"@id\":\"https:\\\/\\\/inclusivenews.com.br\\\/?p=25654#breadcrumb\",\"itemListElement\":[{\"@type\":\"ListItem\",\"position\":1,\"name\":\"In\u00edcio\",\"item\":\"https:\\\/\\\/inclusivenews.com.br\\\/\"},{\"@type\":\"ListItem\",\"position\":2,\"name\":\"Retratos do Autismo no Brasil \u00e9 lan\u00e7ado em Bras\u00edlia\"}]},{\"@type\":\"WebSite\",\"@id\":\"https:\\\/\\\/inclusivenews.com.br\\\/#website\",\"url\":\"https:\\\/\\\/inclusivenews.com.br\\\/\",\"name\":\"Inclusive News\",\"description\":\"Inclusive News\",\"publisher\":{\"@id\":\"https:\\\/\\\/inclusivenews.com.br\\\/#organization\"},\"potentialAction\":[{\"@type\":\"SearchAction\",\"target\":{\"@type\":\"EntryPoint\",\"urlTemplate\":\"https:\\\/\\\/inclusivenews.com.br\\\/?s={search_term_string}\"},\"query-input\":{\"@type\":\"PropertyValueSpecification\",\"valueRequired\":true,\"valueName\":\"search_term_string\"}}],\"inLanguage\":\"pt-PT\"},{\"@type\":\"Organization\",\"@id\":\"https:\\\/\\\/inclusivenews.com.br\\\/#organization\",\"name\":\"Inclusive - inclus\u00e3o e cidadania\",\"url\":\"https:\\\/\\\/inclusivenews.com.br\\\/\",\"logo\":{\"@type\":\"ImageObject\",\"inLanguage\":\"pt-PT\",\"@id\":\"https:\\\/\\\/inclusivenews.com.br\\\/#\\\/schema\\\/logo\\\/image\\\/\",\"url\":\"https:\\\/\\\/inclusivenews.com.br\\\/wp-content\\\/uploads\\\/2024\\\/03\\\/@grandesite.png\",\"contentUrl\":\"https:\\\/\\\/inclusivenews.com.br\\\/wp-content\\\/uploads\\\/2024\\\/03\\\/@grandesite.png\",\"width\":1080,\"height\":1080,\"caption\":\"Inclusive - inclus\u00e3o e cidadania\"},\"image\":{\"@id\":\"https:\\\/\\\/inclusivenews.com.br\\\/#\\\/schema\\\/logo\\\/image\\\/\"},\"sameAs\":[\"https:\\\/\\\/www.facebook.com\\\/agenciainclusive\\\/\",\"https:\\\/\\\/www.instagram.com\\\/newsinclusive\\\/\"]},{\"@type\":\"Person\",\"@id\":\"https:\\\/\\\/inclusivenews.com.br\\\/#\\\/schema\\\/person\\\/ae4ec7087559b8692fb33b6fffd2273b\",\"name\":\"inclusivenews2024\",\"image\":{\"@type\":\"ImageObject\",\"inLanguage\":\"pt-PT\",\"@id\":\"https:\\\/\\\/secure.gravatar.com\\\/avatar\\\/c5a7ef84c66fa914f55bc4f7ce26cfa275a3b9a1c5568b907bd184fb4dde7b40?s=96&d=mm&r=g\",\"url\":\"https:\\\/\\\/secure.gravatar.com\\\/avatar\\\/c5a7ef84c66fa914f55bc4f7ce26cfa275a3b9a1c5568b907bd184fb4dde7b40?s=96&d=mm&r=g\",\"contentUrl\":\"https:\\\/\\\/secure.gravatar.com\\\/avatar\\\/c5a7ef84c66fa914f55bc4f7ce26cfa275a3b9a1c5568b907bd184fb4dde7b40?s=96&d=mm&r=g\",\"caption\":\"inclusivenews2024\"},\"sameAs\":[\"https:\\\/\\\/inclusivenews.com.br\"],\"url\":\"https:\\\/\\\/inclusivenews.com.br\\\/?author=1\"}]}<\/script>\n<!-- \/ Yoast SEO plugin. -->","yoast_head_json":{"title":"Retratos do Autismo no Brasil \u00e9 lan\u00e7ado em Bras\u00edlia -","robots":{"index":"index","follow":"follow","max-snippet":"max-snippet:-1","max-image-preview":"max-image-preview:large","max-video-preview":"max-video-preview:-1"},"canonical":"https:\/\/inclusivenews.com.br\/?p=25654","og_locale":"pt_PT","og_type":"article","og_title":"Retratos do Autismo no Brasil \u00e9 lan\u00e7ado em Bras\u00edlia -","og_description":"A Secretaria de Direitos Humanos da Presid\u00eancia da Rep\u00fablica (SDH\/PR) e a Associa\u00e7\u00e3o dos Amigos do Autismo de S\u00e3o Paulo (AMA\/SP) lan\u00e7aram na quarta-feira (16), em Bras\u00edlia, o livro Retratos do Autismo no Brasil (dispon\u00edvel para download).","og_url":"https:\/\/inclusivenews.com.br\/?p=25654","article_publisher":"https:\/\/www.facebook.com\/agenciainclusive\/","article_published_time":"2013-10-24T11:04:20+00:00","og_image":[{"url":"http:\/\/www.brasil.gov.br\/cidadania-e-justica\/2013\/10\/retratos-do-autismo-no-brasil-e-lancado-em-brasilia\/retratos-do-autismo-no-brasil-e-lancado-em-brasilia.jpg\/@@images\/540f426e-aac0-4669-a829-08fc6dbbd02e.jpeg","type":"","width":"","height":""}],"author":"inclusivenews2024","twitter_card":"summary_large_image","twitter_misc":{"Escrito por":"inclusivenews2024","Tempo estimado de leitura":"3 minutos"},"schema":{"@context":"https:\/\/schema.org","@graph":[{"@type":"Article","@id":"https:\/\/inclusivenews.com.br\/?p=25654#article","isPartOf":{"@id":"https:\/\/inclusivenews.com.br\/?p=25654"},"author":{"name":"inclusivenews2024","@id":"https:\/\/inclusivenews.com.br\/#\/schema\/person\/ae4ec7087559b8692fb33b6fffd2273b"},"headline":"Retratos do Autismo no Brasil \u00e9 lan\u00e7ado em Bras\u00edlia","datePublished":"2013-10-24T11:04:20+00:00","mainEntityOfPage":{"@id":"https:\/\/inclusivenews.com.br\/?p=25654"},"wordCount":546,"commentCount":0,"publisher":{"@id":"https:\/\/inclusivenews.com.br\/#organization"},"image":{"@id":"https:\/\/inclusivenews.com.br\/?p=25654#primaryimage"},"thumbnailUrl":"http:\/\/www.brasil.gov.br\/cidadania-e-justica\/2013\/10\/retratos-do-autismo-no-brasil-e-lancado-em-brasilia\/retratos-do-autismo-no-brasil-e-lancado-em-brasilia.jpg\/@@images\/540f426e-aac0-4669-a829-08fc6dbbd02e.jpeg","articleSection":["Downloadables","INCLUS\u00c3O SOCIAL","Livros","PUBLICA\u00c7\u00d5ES"],"inLanguage":"pt-PT","potentialAction":[{"@type":"CommentAction","name":"Comment","target":["https:\/\/inclusivenews.com.br\/?p=25654#respond"]}]},{"@type":"WebPage","@id":"https:\/\/inclusivenews.com.br\/?p=25654","url":"https:\/\/inclusivenews.com.br\/?p=25654","name":"Retratos do Autismo no Brasil \u00e9 lan\u00e7ado em Bras\u00edlia -","isPartOf":{"@id":"https:\/\/inclusivenews.com.br\/#website"},"primaryImageOfPage":{"@id":"https:\/\/inclusivenews.com.br\/?p=25654#primaryimage"},"image":{"@id":"https:\/\/inclusivenews.com.br\/?p=25654#primaryimage"},"thumbnailUrl":"http:\/\/www.brasil.gov.br\/cidadania-e-justica\/2013\/10\/retratos-do-autismo-no-brasil-e-lancado-em-brasilia\/retratos-do-autismo-no-brasil-e-lancado-em-brasilia.jpg\/@@images\/540f426e-aac0-4669-a829-08fc6dbbd02e.jpeg","datePublished":"2013-10-24T11:04:20+00:00","breadcrumb":{"@id":"https:\/\/inclusivenews.com.br\/?p=25654#breadcrumb"},"inLanguage":"pt-PT","potentialAction":[{"@type":"ReadAction","target":["https:\/\/inclusivenews.com.br\/?p=25654"]}]},{"@type":"ImageObject","inLanguage":"pt-PT","@id":"https:\/\/inclusivenews.com.br\/?p=25654#primaryimage","url":"http:\/\/www.brasil.gov.br\/cidadania-e-justica\/2013\/10\/retratos-do-autismo-no-brasil-e-lancado-em-brasilia\/retratos-do-autismo-no-brasil-e-lancado-em-brasilia.jpg\/@@images\/540f426e-aac0-4669-a829-08fc6dbbd02e.jpeg","contentUrl":"http:\/\/www.brasil.gov.br\/cidadania-e-justica\/2013\/10\/retratos-do-autismo-no-brasil-e-lancado-em-brasilia\/retratos-do-autismo-no-brasil-e-lancado-em-brasilia.jpg\/@@images\/540f426e-aac0-4669-a829-08fc6dbbd02e.jpeg"},{"@type":"BreadcrumbList","@id":"https:\/\/inclusivenews.com.br\/?p=25654#breadcrumb","itemListElement":[{"@type":"ListItem","position":1,"name":"In\u00edcio","item":"https:\/\/inclusivenews.com.br\/"},{"@type":"ListItem","position":2,"name":"Retratos do Autismo no Brasil \u00e9 lan\u00e7ado em Bras\u00edlia"}]},{"@type":"WebSite","@id":"https:\/\/inclusivenews.com.br\/#website","url":"https:\/\/inclusivenews.com.br\/","name":"Inclusive News","description":"Inclusive News","publisher":{"@id":"https:\/\/inclusivenews.com.br\/#organization"},"potentialAction":[{"@type":"SearchAction","target":{"@type":"EntryPoint","urlTemplate":"https:\/\/inclusivenews.com.br\/?s={search_term_string}"},"query-input":{"@type":"PropertyValueSpecification","valueRequired":true,"valueName":"search_term_string"}}],"inLanguage":"pt-PT"},{"@type":"Organization","@id":"https:\/\/inclusivenews.com.br\/#organization","name":"Inclusive - inclus\u00e3o e cidadania","url":"https:\/\/inclusivenews.com.br\/","logo":{"@type":"ImageObject","inLanguage":"pt-PT","@id":"https:\/\/inclusivenews.com.br\/#\/schema\/logo\/image\/","url":"https:\/\/inclusivenews.com.br\/wp-content\/uploads\/2024\/03\/@grandesite.png","contentUrl":"https:\/\/inclusivenews.com.br\/wp-content\/uploads\/2024\/03\/@grandesite.png","width":1080,"height":1080,"caption":"Inclusive - inclus\u00e3o e cidadania"},"image":{"@id":"https:\/\/inclusivenews.com.br\/#\/schema\/logo\/image\/"},"sameAs":["https:\/\/www.facebook.com\/agenciainclusive\/","https:\/\/www.instagram.com\/newsinclusive\/"]},{"@type":"Person","@id":"https:\/\/inclusivenews.com.br\/#\/schema\/person\/ae4ec7087559b8692fb33b6fffd2273b","name":"inclusivenews2024","image":{"@type":"ImageObject","inLanguage":"pt-PT","@id":"https:\/\/secure.gravatar.com\/avatar\/c5a7ef84c66fa914f55bc4f7ce26cfa275a3b9a1c5568b907bd184fb4dde7b40?s=96&d=mm&r=g","url":"https:\/\/secure.gravatar.com\/avatar\/c5a7ef84c66fa914f55bc4f7ce26cfa275a3b9a1c5568b907bd184fb4dde7b40?s=96&d=mm&r=g","contentUrl":"https:\/\/secure.gravatar.com\/avatar\/c5a7ef84c66fa914f55bc4f7ce26cfa275a3b9a1c5568b907bd184fb4dde7b40?s=96&d=mm&r=g","caption":"inclusivenews2024"},"sameAs":["https:\/\/inclusivenews.com.br"],"url":"https:\/\/inclusivenews.com.br\/?author=1"}]}},"_links":{"self":[{"href":"https:\/\/inclusivenews.com.br\/index.php?rest_route=\/wp\/v2\/posts\/25654","targetHints":{"allow":["GET"]}}],"collection":[{"href":"https:\/\/inclusivenews.com.br\/index.php?rest_route=\/wp\/v2\/posts"}],"about":[{"href":"https:\/\/inclusivenews.com.br\/index.php?rest_route=\/wp\/v2\/types\/post"}],"author":[{"embeddable":true,"href":"https:\/\/inclusivenews.com.br\/index.php?rest_route=\/wp\/v2\/users\/1"}],"replies":[{"embeddable":true,"href":"https:\/\/inclusivenews.com.br\/index.php?rest_route=%2Fwp%2Fv2%2Fcomments&post=25654"}],"version-history":[{"count":0,"href":"https:\/\/inclusivenews.com.br\/index.php?rest_route=\/wp\/v2\/posts\/25654\/revisions"}],"wp:attachment":[{"href":"https:\/\/inclusivenews.com.br\/index.php?rest_route=%2Fwp%2Fv2%2Fmedia&parent=25654"}],"wp:term":[{"taxonomy":"category","embeddable":true,"href":"https:\/\/inclusivenews.com.br\/index.php?rest_route=%2Fwp%2Fv2%2Fcategories&post=25654"},{"taxonomy":"post_tag","embeddable":true,"href":"https:\/\/inclusivenews.com.br\/index.php?rest_route=%2Fwp%2Fv2%2Ftags&post=25654"}],"curies":[{"name":"wp","href":"https:\/\/api.w.org\/{rel}","templated":true}]}}