{"id":25669,"date":"2013-10-25T16:14:08","date_gmt":"2013-10-25T19:14:08","guid":{"rendered":"http:\/\/www.inclusive.org.br\/?p=25669"},"modified":"2013-10-25T16:14:08","modified_gmt":"2013-10-25T19:14:08","slug":"brasil-pode-ser-denunciado-a-onu-por-restringir-o-direito-a-educacao-de-criancas-com-deficiencia","status":"publish","type":"post","link":"https:\/\/inclusivenews.com.br\/?p=25669","title":{"rendered":"Brasil pode ser denunciado \u00e0 ONU por restringir o direito \u00e0 educa\u00e7\u00e3o de crian\u00e7as com defici\u00eancia"},"content":{"rendered":"<p><strong> <\/strong><\/p>\n<figure id=\"attachment_25594\" aria-describedby=\"caption-attachment-25594\" style=\"width: 300px\" class=\"wp-caption alignleft\"><strong><img loading=\"lazy\" decoding=\"async\" class=\"size-medium wp-image-25594\" title=\"pne\" src=\"http:\/\/inclusivenews.com.br\/wp-content\/uploads\/pne-300x192.jpg\" alt=\"Logotipo do PNE, sob fundo azul, degrad\u00ea, as letras P, em verde, N, em amarelo, e E, em azul, abaixo escrito Plano Nacional de Educa\u00e7\u00e3o.\" width=\"300\" height=\"192\" \/><\/strong><figcaption id=\"caption-attachment-25594\" class=\"wp-caption-text\">Logotipo do PNE, sob fundo azul, degrad\u00ea, as letras P, em verde, N, em amarelo, e E, em azul, abaixo escrito Plano Nacional de Educa\u00e7\u00e3o.<\/figcaption><\/figure>\n<p><strong> <\/strong><\/p>\n<p><strong> <\/strong><\/p>\n<p>Representantes de milhares de fam\u00edlias em todo pa\u00eds, cujos filhos com defici\u00eancia frequentam escolas regulares, est\u00e3o se preparando para entrar com uma den\u00fancia coletiva contra o Brasil ao Comit\u00ea da Conven\u00e7\u00e3o sobre os Direitos das Pessoas com Defici\u00eancia, por viola\u00e7\u00e3o do direito \u00e0 educa\u00e7\u00e3o inclusiva. Junto com a\u00a0Conven\u00e7\u00e3o, adotada no pa\u00eds como norma constitucional\u00a0em 2009 (Decreto 6.949), foi aprovado um protocolo facultativo que permite que qualquer pessoa apresente den\u00fancias de viola\u00e7\u00e3o do tratado, que s\u00e3o submetidas \u00e0s considera\u00e7\u00f5es do Comit\u00ea.<\/p>\n<p>Pessoas com defici\u00eancia, ativistas, pais e especialistas pr\u00f3-inclus\u00e3o dizem que a reda\u00e7\u00e3o que se pretende dar\u00a0\u00e0\u00a0Meta 4 do Plano Nacional de Educa\u00e7\u00e3o, aprovada\u00a0na Comiss\u00e3o de Constitui\u00e7\u00e3o e Justi\u00e7a do Senado, que est\u00e1 tramitando em car\u00e1ter terminativo na Comiss\u00e3o de Educa\u00e7\u00e3o do Senado Federal, tolhe o direito de alunos com defici\u00eancia \u00e0 escola comum. O texto do Senado traz a palavra preferencialmente, o que condiciona o direito da crian\u00e7a \u00e0 sua capacidade.<\/p>\n<p><em>Meta 4: universalizar, para a popula\u00e7\u00e3o de 4 (quatro) a 17 (dezessete) anos, com defici\u00eancia, transtornos globais do desenvolvimento e altas habilidades ou superdota\u00e7\u00e3o, o acesso \u00e0 educa\u00e7\u00e3o b\u00e1sica, assegurando-lhes o atendimento educacional especializado, preferencialmente na rede regular de ensino, nos termos do artigo 208, inciso III, da Constitui\u00e7\u00e3o Federal, e do artigo 24 da Conven\u00e7\u00e3o sobre os Direitos das Pessoas com Defici\u00eancia, aprovada por meio do Decreto Legislativo n\u00ba 186, de 9 de julho de 2008, com status de emenda constitucional, e promulgada pelo Decreto n\u00ba 6.949, de 25 de agosto de 2009.<\/em><em> <\/em><\/p>\n<p>O termo preferencialmente fere v\u00e1rios princ\u00edpios da Conven\u00e7\u00e3o sobre os Direitos das Pessoas com Defici\u00eancia, especialmente o Artigo 24, sobre Educa\u00e7\u00e3o, que diz: &#8220;<em>Os Estados Partes reconhecem o direito das pessoas com defici\u00eancia \u00e0 educa\u00e7\u00e3o. Para efetivar esse direito sem discrimina\u00e7\u00e3o e com base na igualdade de oportunidades, os Estados Partes assegurar\u00e3o sistema educacional inclusivo em todos os n\u00edveis.&#8221; <\/em>No passado este termo atrapalhou a vida de fam\u00edlias que muitas vezes tiveram que recorrer ao Minist\u00e9rio P\u00fablico para garantir a matr\u00edcula de seus filhos.<em> <\/em><\/p>\n<p>Al\u00e9m disso, a reda\u00e7\u00e3o do jeito que est\u00e1 permite a manuten\u00e7\u00e3o de classes e escolas especiais e o consequente gargalo de entrada dos estudantes com defici\u00eancia na escola regular. Especialistas argumentam que esses estudantes\u00a0ter\u00e3o\u00a0seus direitos violados e pode-se enquadrar a situa\u00e7\u00e3o em discrimina\u00e7\u00e3o com base na defici\u00eancia,\u00a0em raz\u00e3o da alegada falta de todos os apoios no sistema educacional regular.<\/p>\n<p>Os ativistas pr\u00f3-inclus\u00e3o\u00a0informaram que fizeram um contato informal com o Comit\u00ea da Conven\u00e7\u00e3o da ONU e souberam que h\u00e1 v\u00e1rias queixas contra os pa\u00edses membros atualmente em processo, mas esta seria a primeira den\u00fancia com respeito \u00e0 educa\u00e7\u00e3o.<\/p>\n<p>O Comit\u00ea, que fica em Genebra e \u00e9 composto por 18 especialistas em direitos humanos independentes eleitos pelos pa\u00edses que ratificaram o tratado, j\u00e1 apresentou resolu\u00e7\u00f5es contra a Su\u00e9cia e a Hungria. Nesta, o Comit\u00ea rejeitou a restri\u00e7\u00e3o do direito ao voto de 6 h\u00fangaros com defici\u00eancia intelectual que haviam sido interditados judicialmente, decidiu que a Hungria deve reintegrar os eleitores \u00e0 lista de vota\u00e7\u00e3o.<\/p>\n<p><a href=\"http:\/\/www.ohchr.org\/en\/NewsEvents\/Pages\/DisplayNews.aspx?NewsID=13798&amp;LangID=E\">http:\/\/www.ohchr.org\/en\/NewsEvents\/Pages\/DisplayNews.aspx?NewsID=13798&amp;LangID=E<\/a><\/p>\n<p>Os ativistas estar\u00e3o presentes na audi\u00eancia p\u00fablica que ser\u00e1 realizada na pr\u00f3xima semana na Comiss\u00e3o de Educa\u00e7\u00e3o do Senado que discutir\u00e1 o assunto.<\/p>\n<p>Fonte: Inclusive<\/p>\n","protected":false},"excerpt":{"rendered":"<p>O protocolo da Conven\u00e7\u00e3o sobre os Direitos das Pessoas com Defici\u00eancia permite que qualquer pessoa apresente den\u00fancias de viola\u00e7\u00e3o do tratado.<\/p>\n","protected":false},"author":1,"featured_media":0,"comment_status":"open","ping_status":"open","sticky":false,"template":"","format":"standard","meta":{"site-container-style":"default","site-container-layout":"default","site-sidebar-layout":"default","disable-article-header":"default","disable-site-header":"default","disable-site-footer":"default","disable-content-area-spacing":"default","footnotes":""},"categories":[44,5,38,13,11,6,48,26],"tags":[],"class_list":["post-25669","post","type-post","status-publish","format-standard","hentry","category-acessibilidade","category-convencao","category-deficiencia","category-denuncias","category-direitos-humanos","category-educacao","category-inclusao","category-legislacao"],"yoast_head":"<!-- This site is optimized with the Yoast SEO plugin v27.4 - https:\/\/yoast.com\/product\/yoast-seo-wordpress\/ -->\n<title>Brasil pode ser denunciado \u00e0 ONU por restringir o direito \u00e0 educa\u00e7\u00e3o de crian\u00e7as com defici\u00eancia -<\/title>\n<meta name=\"robots\" content=\"index, follow, max-snippet:-1, max-image-preview:large, max-video-preview:-1\" \/>\n<link rel=\"canonical\" href=\"https:\/\/inclusivenews.com.br\/?p=25669\" \/>\n<meta property=\"og:locale\" content=\"pt_PT\" \/>\n<meta property=\"og:type\" content=\"article\" \/>\n<meta property=\"og:title\" content=\"Brasil pode ser denunciado \u00e0 ONU por restringir o direito \u00e0 educa\u00e7\u00e3o de crian\u00e7as com defici\u00eancia -\" \/>\n<meta property=\"og:description\" content=\"O protocolo da Conven\u00e7\u00e3o sobre os Direitos das Pessoas com Defici\u00eancia permite que qualquer pessoa apresente den\u00fancias de viola\u00e7\u00e3o do tratado.\" \/>\n<meta property=\"og:url\" content=\"https:\/\/inclusivenews.com.br\/?p=25669\" \/>\n<meta property=\"article:publisher\" content=\"https:\/\/www.facebook.com\/agenciainclusive\/\" \/>\n<meta property=\"article:published_time\" content=\"2013-10-25T19:14:08+00:00\" \/>\n<meta property=\"og:image\" content=\"http:\/\/inclusivenews.com.br\/wp-content\/uploads\/pne-300x192.jpg\" \/>\n<meta name=\"author\" content=\"inclusivenews2024\" \/>\n<meta name=\"twitter:card\" content=\"summary_large_image\" \/>\n<meta name=\"twitter:label1\" content=\"Escrito por\" \/>\n\t<meta name=\"twitter:data1\" content=\"inclusivenews2024\" \/>\n\t<meta name=\"twitter:label2\" content=\"Tempo estimado de leitura\" \/>\n\t<meta name=\"twitter:data2\" content=\"3 minutos\" \/>\n<script type=\"application\/ld+json\" class=\"yoast-schema-graph\">{\"@context\":\"https:\\\/\\\/schema.org\",\"@graph\":[{\"@type\":\"Article\",\"@id\":\"https:\\\/\\\/inclusivenews.com.br\\\/?p=25669#article\",\"isPartOf\":{\"@id\":\"https:\\\/\\\/inclusivenews.com.br\\\/?p=25669\"},\"author\":{\"name\":\"inclusivenews2024\",\"@id\":\"https:\\\/\\\/inclusivenews.com.br\\\/#\\\/schema\\\/person\\\/ae4ec7087559b8692fb33b6fffd2273b\"},\"headline\":\"Brasil pode ser denunciado \u00e0 ONU por restringir o direito \u00e0 educa\u00e7\u00e3o de crian\u00e7as com defici\u00eancia\",\"datePublished\":\"2013-10-25T19:14:08+00:00\",\"mainEntityOfPage\":{\"@id\":\"https:\\\/\\\/inclusivenews.com.br\\\/?p=25669\"},\"wordCount\":642,\"commentCount\":4,\"publisher\":{\"@id\":\"https:\\\/\\\/inclusivenews.com.br\\\/#organization\"},\"image\":{\"@id\":\"https:\\\/\\\/inclusivenews.com.br\\\/?p=25669#primaryimage\"},\"thumbnailUrl\":\"http:\\\/\\\/inclusivenews.com.br\\\/wp-content\\\/uploads\\\/pne-300x192.jpg\",\"articleSection\":[\"ACESSIBILIDADE\",\"Conven\u00e7\u00e3o\",\"Defici\u00eancia\",\"Den\u00fancias\",\"DIREITOS HUMANOS\",\"EDUCA\u00c7\u00c3O\",\"INCLUS\u00c3O SOCIAL\",\"Legisla\u00e7\u00e3o ...\"],\"inLanguage\":\"pt-PT\",\"potentialAction\":[{\"@type\":\"CommentAction\",\"name\":\"Comment\",\"target\":[\"https:\\\/\\\/inclusivenews.com.br\\\/?p=25669#respond\"]}]},{\"@type\":\"WebPage\",\"@id\":\"https:\\\/\\\/inclusivenews.com.br\\\/?p=25669\",\"url\":\"https:\\\/\\\/inclusivenews.com.br\\\/?p=25669\",\"name\":\"Brasil pode ser denunciado \u00e0 ONU por restringir o direito \u00e0 educa\u00e7\u00e3o de crian\u00e7as com defici\u00eancia -\",\"isPartOf\":{\"@id\":\"https:\\\/\\\/inclusivenews.com.br\\\/#website\"},\"primaryImageOfPage\":{\"@id\":\"https:\\\/\\\/inclusivenews.com.br\\\/?p=25669#primaryimage\"},\"image\":{\"@id\":\"https:\\\/\\\/inclusivenews.com.br\\\/?p=25669#primaryimage\"},\"thumbnailUrl\":\"http:\\\/\\\/inclusivenews.com.br\\\/wp-content\\\/uploads\\\/pne-300x192.jpg\",\"datePublished\":\"2013-10-25T19:14:08+00:00\",\"breadcrumb\":{\"@id\":\"https:\\\/\\\/inclusivenews.com.br\\\/?p=25669#breadcrumb\"},\"inLanguage\":\"pt-PT\",\"potentialAction\":[{\"@type\":\"ReadAction\",\"target\":[\"https:\\\/\\\/inclusivenews.com.br\\\/?p=25669\"]}]},{\"@type\":\"ImageObject\",\"inLanguage\":\"pt-PT\",\"@id\":\"https:\\\/\\\/inclusivenews.com.br\\\/?p=25669#primaryimage\",\"url\":\"\",\"contentUrl\":\"\"},{\"@type\":\"BreadcrumbList\",\"@id\":\"https:\\\/\\\/inclusivenews.com.br\\\/?p=25669#breadcrumb\",\"itemListElement\":[{\"@type\":\"ListItem\",\"position\":1,\"name\":\"In\u00edcio\",\"item\":\"https:\\\/\\\/inclusivenews.com.br\\\/\"},{\"@type\":\"ListItem\",\"position\":2,\"name\":\"Brasil pode ser denunciado \u00e0 ONU por restringir o direito \u00e0 educa\u00e7\u00e3o de crian\u00e7as com defici\u00eancia\"}]},{\"@type\":\"WebSite\",\"@id\":\"https:\\\/\\\/inclusivenews.com.br\\\/#website\",\"url\":\"https:\\\/\\\/inclusivenews.com.br\\\/\",\"name\":\"Inclusive News\",\"description\":\"Inclusive News\",\"publisher\":{\"@id\":\"https:\\\/\\\/inclusivenews.com.br\\\/#organization\"},\"potentialAction\":[{\"@type\":\"SearchAction\",\"target\":{\"@type\":\"EntryPoint\",\"urlTemplate\":\"https:\\\/\\\/inclusivenews.com.br\\\/?s={search_term_string}\"},\"query-input\":{\"@type\":\"PropertyValueSpecification\",\"valueRequired\":true,\"valueName\":\"search_term_string\"}}],\"inLanguage\":\"pt-PT\"},{\"@type\":\"Organization\",\"@id\":\"https:\\\/\\\/inclusivenews.com.br\\\/#organization\",\"name\":\"Inclusive - inclus\u00e3o e cidadania\",\"url\":\"https:\\\/\\\/inclusivenews.com.br\\\/\",\"logo\":{\"@type\":\"ImageObject\",\"inLanguage\":\"pt-PT\",\"@id\":\"https:\\\/\\\/inclusivenews.com.br\\\/#\\\/schema\\\/logo\\\/image\\\/\",\"url\":\"https:\\\/\\\/inclusivenews.com.br\\\/wp-content\\\/uploads\\\/2024\\\/03\\\/@grandesite.png\",\"contentUrl\":\"https:\\\/\\\/inclusivenews.com.br\\\/wp-content\\\/uploads\\\/2024\\\/03\\\/@grandesite.png\",\"width\":1080,\"height\":1080,\"caption\":\"Inclusive - inclus\u00e3o e cidadania\"},\"image\":{\"@id\":\"https:\\\/\\\/inclusivenews.com.br\\\/#\\\/schema\\\/logo\\\/image\\\/\"},\"sameAs\":[\"https:\\\/\\\/www.facebook.com\\\/agenciainclusive\\\/\",\"https:\\\/\\\/www.instagram.com\\\/newsinclusive\\\/\"]},{\"@type\":\"Person\",\"@id\":\"https:\\\/\\\/inclusivenews.com.br\\\/#\\\/schema\\\/person\\\/ae4ec7087559b8692fb33b6fffd2273b\",\"name\":\"inclusivenews2024\",\"image\":{\"@type\":\"ImageObject\",\"inLanguage\":\"pt-PT\",\"@id\":\"https:\\\/\\\/secure.gravatar.com\\\/avatar\\\/c5a7ef84c66fa914f55bc4f7ce26cfa275a3b9a1c5568b907bd184fb4dde7b40?s=96&d=mm&r=g\",\"url\":\"https:\\\/\\\/secure.gravatar.com\\\/avatar\\\/c5a7ef84c66fa914f55bc4f7ce26cfa275a3b9a1c5568b907bd184fb4dde7b40?s=96&d=mm&r=g\",\"contentUrl\":\"https:\\\/\\\/secure.gravatar.com\\\/avatar\\\/c5a7ef84c66fa914f55bc4f7ce26cfa275a3b9a1c5568b907bd184fb4dde7b40?s=96&d=mm&r=g\",\"caption\":\"inclusivenews2024\"},\"sameAs\":[\"https:\\\/\\\/inclusivenews.com.br\"],\"url\":\"https:\\\/\\\/inclusivenews.com.br\\\/?author=1\"}]}<\/script>\n<!-- \/ Yoast SEO plugin. -->","yoast_head_json":{"title":"Brasil pode ser denunciado \u00e0 ONU por restringir o direito \u00e0 educa\u00e7\u00e3o de crian\u00e7as com defici\u00eancia -","robots":{"index":"index","follow":"follow","max-snippet":"max-snippet:-1","max-image-preview":"max-image-preview:large","max-video-preview":"max-video-preview:-1"},"canonical":"https:\/\/inclusivenews.com.br\/?p=25669","og_locale":"pt_PT","og_type":"article","og_title":"Brasil pode ser denunciado \u00e0 ONU por restringir o direito \u00e0 educa\u00e7\u00e3o de crian\u00e7as com defici\u00eancia -","og_description":"O protocolo da Conven\u00e7\u00e3o sobre os Direitos das Pessoas com Defici\u00eancia permite que qualquer pessoa apresente den\u00fancias de viola\u00e7\u00e3o do tratado.","og_url":"https:\/\/inclusivenews.com.br\/?p=25669","article_publisher":"https:\/\/www.facebook.com\/agenciainclusive\/","article_published_time":"2013-10-25T19:14:08+00:00","og_image":[{"url":"http:\/\/inclusivenews.com.br\/wp-content\/uploads\/pne-300x192.jpg","type":"","width":"","height":""}],"author":"inclusivenews2024","twitter_card":"summary_large_image","twitter_misc":{"Escrito por":"inclusivenews2024","Tempo estimado de leitura":"3 minutos"},"schema":{"@context":"https:\/\/schema.org","@graph":[{"@type":"Article","@id":"https:\/\/inclusivenews.com.br\/?p=25669#article","isPartOf":{"@id":"https:\/\/inclusivenews.com.br\/?p=25669"},"author":{"name":"inclusivenews2024","@id":"https:\/\/inclusivenews.com.br\/#\/schema\/person\/ae4ec7087559b8692fb33b6fffd2273b"},"headline":"Brasil pode ser denunciado \u00e0 ONU por restringir o direito \u00e0 educa\u00e7\u00e3o de crian\u00e7as com defici\u00eancia","datePublished":"2013-10-25T19:14:08+00:00","mainEntityOfPage":{"@id":"https:\/\/inclusivenews.com.br\/?p=25669"},"wordCount":642,"commentCount":4,"publisher":{"@id":"https:\/\/inclusivenews.com.br\/#organization"},"image":{"@id":"https:\/\/inclusivenews.com.br\/?p=25669#primaryimage"},"thumbnailUrl":"http:\/\/inclusivenews.com.br\/wp-content\/uploads\/pne-300x192.jpg","articleSection":["ACESSIBILIDADE","Conven\u00e7\u00e3o","Defici\u00eancia","Den\u00fancias","DIREITOS HUMANOS","EDUCA\u00c7\u00c3O","INCLUS\u00c3O SOCIAL","Legisla\u00e7\u00e3o ..."],"inLanguage":"pt-PT","potentialAction":[{"@type":"CommentAction","name":"Comment","target":["https:\/\/inclusivenews.com.br\/?p=25669#respond"]}]},{"@type":"WebPage","@id":"https:\/\/inclusivenews.com.br\/?p=25669","url":"https:\/\/inclusivenews.com.br\/?p=25669","name":"Brasil pode ser denunciado \u00e0 ONU por restringir o direito \u00e0 educa\u00e7\u00e3o de crian\u00e7as com defici\u00eancia -","isPartOf":{"@id":"https:\/\/inclusivenews.com.br\/#website"},"primaryImageOfPage":{"@id":"https:\/\/inclusivenews.com.br\/?p=25669#primaryimage"},"image":{"@id":"https:\/\/inclusivenews.com.br\/?p=25669#primaryimage"},"thumbnailUrl":"http:\/\/inclusivenews.com.br\/wp-content\/uploads\/pne-300x192.jpg","datePublished":"2013-10-25T19:14:08+00:00","breadcrumb":{"@id":"https:\/\/inclusivenews.com.br\/?p=25669#breadcrumb"},"inLanguage":"pt-PT","potentialAction":[{"@type":"ReadAction","target":["https:\/\/inclusivenews.com.br\/?p=25669"]}]},{"@type":"ImageObject","inLanguage":"pt-PT","@id":"https:\/\/inclusivenews.com.br\/?p=25669#primaryimage","url":"","contentUrl":""},{"@type":"BreadcrumbList","@id":"https:\/\/inclusivenews.com.br\/?p=25669#breadcrumb","itemListElement":[{"@type":"ListItem","position":1,"name":"In\u00edcio","item":"https:\/\/inclusivenews.com.br\/"},{"@type":"ListItem","position":2,"name":"Brasil pode ser denunciado \u00e0 ONU por restringir o direito \u00e0 educa\u00e7\u00e3o de crian\u00e7as com defici\u00eancia"}]},{"@type":"WebSite","@id":"https:\/\/inclusivenews.com.br\/#website","url":"https:\/\/inclusivenews.com.br\/","name":"Inclusive News","description":"Inclusive News","publisher":{"@id":"https:\/\/inclusivenews.com.br\/#organization"},"potentialAction":[{"@type":"SearchAction","target":{"@type":"EntryPoint","urlTemplate":"https:\/\/inclusivenews.com.br\/?s={search_term_string}"},"query-input":{"@type":"PropertyValueSpecification","valueRequired":true,"valueName":"search_term_string"}}],"inLanguage":"pt-PT"},{"@type":"Organization","@id":"https:\/\/inclusivenews.com.br\/#organization","name":"Inclusive - inclus\u00e3o e cidadania","url":"https:\/\/inclusivenews.com.br\/","logo":{"@type":"ImageObject","inLanguage":"pt-PT","@id":"https:\/\/inclusivenews.com.br\/#\/schema\/logo\/image\/","url":"https:\/\/inclusivenews.com.br\/wp-content\/uploads\/2024\/03\/@grandesite.png","contentUrl":"https:\/\/inclusivenews.com.br\/wp-content\/uploads\/2024\/03\/@grandesite.png","width":1080,"height":1080,"caption":"Inclusive - inclus\u00e3o e cidadania"},"image":{"@id":"https:\/\/inclusivenews.com.br\/#\/schema\/logo\/image\/"},"sameAs":["https:\/\/www.facebook.com\/agenciainclusive\/","https:\/\/www.instagram.com\/newsinclusive\/"]},{"@type":"Person","@id":"https:\/\/inclusivenews.com.br\/#\/schema\/person\/ae4ec7087559b8692fb33b6fffd2273b","name":"inclusivenews2024","image":{"@type":"ImageObject","inLanguage":"pt-PT","@id":"https:\/\/secure.gravatar.com\/avatar\/c5a7ef84c66fa914f55bc4f7ce26cfa275a3b9a1c5568b907bd184fb4dde7b40?s=96&d=mm&r=g","url":"https:\/\/secure.gravatar.com\/avatar\/c5a7ef84c66fa914f55bc4f7ce26cfa275a3b9a1c5568b907bd184fb4dde7b40?s=96&d=mm&r=g","contentUrl":"https:\/\/secure.gravatar.com\/avatar\/c5a7ef84c66fa914f55bc4f7ce26cfa275a3b9a1c5568b907bd184fb4dde7b40?s=96&d=mm&r=g","caption":"inclusivenews2024"},"sameAs":["https:\/\/inclusivenews.com.br"],"url":"https:\/\/inclusivenews.com.br\/?author=1"}]}},"_links":{"self":[{"href":"https:\/\/inclusivenews.com.br\/index.php?rest_route=\/wp\/v2\/posts\/25669","targetHints":{"allow":["GET"]}}],"collection":[{"href":"https:\/\/inclusivenews.com.br\/index.php?rest_route=\/wp\/v2\/posts"}],"about":[{"href":"https:\/\/inclusivenews.com.br\/index.php?rest_route=\/wp\/v2\/types\/post"}],"author":[{"embeddable":true,"href":"https:\/\/inclusivenews.com.br\/index.php?rest_route=\/wp\/v2\/users\/1"}],"replies":[{"embeddable":true,"href":"https:\/\/inclusivenews.com.br\/index.php?rest_route=%2Fwp%2Fv2%2Fcomments&post=25669"}],"version-history":[{"count":0,"href":"https:\/\/inclusivenews.com.br\/index.php?rest_route=\/wp\/v2\/posts\/25669\/revisions"}],"wp:attachment":[{"href":"https:\/\/inclusivenews.com.br\/index.php?rest_route=%2Fwp%2Fv2%2Fmedia&parent=25669"}],"wp:term":[{"taxonomy":"category","embeddable":true,"href":"https:\/\/inclusivenews.com.br\/index.php?rest_route=%2Fwp%2Fv2%2Fcategories&post=25669"},{"taxonomy":"post_tag","embeddable":true,"href":"https:\/\/inclusivenews.com.br\/index.php?rest_route=%2Fwp%2Fv2%2Ftags&post=25669"}],"curies":[{"name":"wp","href":"https:\/\/api.w.org\/{rel}","templated":true}]}}