{"id":25676,"date":"2013-10-27T15:00:28","date_gmt":"2013-10-27T18:00:28","guid":{"rendered":"http:\/\/www.inclusive.org.br\/?p=25676"},"modified":"2013-10-27T15:00:28","modified_gmt":"2013-10-27T18:00:28","slug":"sa-joia-nova-acessivel-e-ainda-desconhecida","status":"publish","type":"post","link":"https:\/\/inclusivenews.com.br\/?p=25676","title":{"rendered":"S\u00e1 &#8211; J\u00f3ia nova, acess\u00edvel e (ainda) desconhecida"},"content":{"rendered":"<p><img loading=\"lazy\" decoding=\"async\" class=\"alignleft size-medium wp-image-25677\" title=\"camaroes\" src=\"http:\/\/inclusivenews.com.br\/wp-content\/uploads\/camaroes-300x225.jpg\" alt=\"Ca\u00e7arolinha Le Creuset com Camar\u00f5es, com a tampa entreaberta, sobre prato branco,  em molho e tr\u00eas fatias de p\u00e3o ao lado.\" width=\"300\" height=\"225\" \/>\u00c9 a minha segunda vez no S\u00e1, restaurante do Hotel Miramar, em Copacabana. Pois \u00e9, restaurante, quando \u00e9 bom a gente volta. S\u00f3 que agora meus olhos n\u00e3o se voltaram apenas para a bela decora\u00e7\u00e3o minimalista cl\u00e1ssica, mas tamb\u00e9m para a indispens\u00e1vel acessibilidade. A entrada era convidativa &#8211; rampa, na inclina\u00e7\u00e3o certa na entrada que leva ao lobby onde turistas alegres e descolados saboreiam uma champagne enquanto fazem o check-in. O hotel \u00e9 dos anos 50, foi recentemente reformado e reabriu esse ano.<\/p>\n<p>O restaurante ganhou o nome em alus\u00e3o \u00e0 rua S\u00e1 Ferreira, com que a Avenida Atl\u00e2ntica faz esquina. Fica no primeiro andar do hotel e voc\u00ea come olhando o cal\u00e7ad\u00e3o e a praia, s\u00f3 que no ar-condicionado. E se n\u00e3o quiser olhar, nem ser olhado, \u00e9 s\u00f3 fechar a cortina.<\/p>\n<p>O Chef, Paulo G\u00f3es, j\u00e1 trabalhou no Olympe e no DOM, n\u00e3o precisa dizer mais nada. As pessoas costumam ter preven\u00e7\u00e3o contra restaurante de hotel, mas no S\u00e1 em momento nenhum isso foi um problema, nem durante o almo\u00e7o, nem na hora da conta &#8211; compat\u00edvel com a de restaurantes da sua categoria.<\/p>\n<p><img loading=\"lazy\" decoding=\"async\" class=\"alignleft size-medium wp-image-25678\" title=\"mojito\" src=\"http:\/\/inclusivenews.com.br\/wp-content\/uploads\/mojito-225x300.jpg\" alt=\"Sobre a mesa, Copo alto com Mojito, duas folhas de hortel\u00e3 glaceadas em a\u00e7\u00facar.\" width=\"225\" height=\"300\" \/>Em almo\u00e7o no meio da semana ningu\u00e9m quer beber. Ningu\u00e9m exceto eu, que estou de licen\u00e7a m\u00e9dica (mas sem restri\u00e7\u00e3o \u00e0 \u00e1lcool). Pedi um Mojito que chegou refrescante, cheio de hortel\u00e3 bem picadinha e com duas folhinhas glaceadas no a\u00e7\u00facar enfeitando o copo.<\/p>\n<p>Na entrada minhas amigas pediram salada. Uma optou pela verde com queijo de cabra em massa filo crocante, am\u00eandoas e vinagrete de frutas secas com tangerina. Amo combina\u00e7\u00f5es acre-doces. A outra escolheu a salada Danielle, com r\u00facula, tomate cereja, presunto San Danielle e uma deliciosa burrata, com vinagrete de pistache. Ambas davam pra uma refei\u00e7\u00e3o. J\u00e1 eu, sucumbi \u00e0s Gambas al Ajillo. Os camar\u00f5es (j\u00e1 disse que s\u00e3o meu prato favorito?) vieram borbulhantes e frescos numa ca\u00e7arolinha Le Creuset, com salsa de vinho, alho e pimenta no ponto. Acompanhando, \u00a0fatias de p\u00e3o pra mergulhar no molhinho irresist\u00edvel. De lamber os bei\u00e7os e limpar a panelinha com o miolo&#8230;<\/p>\n<p>Pra contra-balan\u00e7ar, no prato principal uma coisinha mais light. Comi o vermelho com vinagrete de tomate cereja, flan de r\u00facula e legumes grelhados, tudo muito saboroso, leve e suave. Minha amiga apostou no brasileir\u00edssimo robalo com molho de moqueca, pur\u00ea de banana e farofa de dend\u00ea. Veio uma posta alta e suculenta. Uma beleza. J\u00e1 a massa do raviole de pato, achei meio seca e o molho achei salgado. Ponto negativo.<\/p>\n<p>No final, quis experimentar a sopa de manga e maracuj\u00e1, servida com goiaba confit e mousse de chocolate branco de que minha amiga tanto falava. Geladinha, doce-azeda, como chocolate branco mesclando os sabores das frutas. Dos deuses!<\/p>\n<p>Depois de tudo isso, ainda tinha chocolatinhos e pequenas madeleines servidos com o caf\u00e9.<\/p>\n<p>Resultado da visita, servi\u00e7o ultra-atencioso, e, na sa\u00edda, banheiro acess\u00edvel! Vai pro Olimpo dos restaurantes, o S\u00e1, tanto em sabor quanto em acesso.<\/p>\n<p>Restaurante S\u00e1 &#8211; Av. Atl\u00e2ntica, esquina com S\u00e1 Ferreira, Copacabana &#8211; Rio de Janeiro, RJ<\/p>\n<p>Comida &#8211; 9<\/p>\n<p>Acessibilidade &#8211; 10<\/p>\n<p>Servi\u00e7o &#8211; 9,3<\/p>\n<p><img loading=\"lazy\" decoding=\"async\" class=\"alignleft size-medium wp-image-25679\" title=\"miramar\" src=\"http:\/\/inclusivenews.com.br\/wp-content\/uploads\/miramar-300x240.jpg\" alt=\"Piscina com borda infinita, dando no mar de Copacabana. C\u00e9u azul e ao fundo o P\u00e3o de A\u00e7\u00facar.\" width=\"300\" height=\"240\" \/>PS &#8211; Antes de ir embora, n\u00e3o podia deixar de visitar o famoso \u00faltimo andar do hotel. O bar e a piscina s\u00e3o restritos aos h\u00f3spedes, mas vale a pena pedir para conhecer. O Miramar n\u00e3o poderia ter nome mais adequado. Fica bem no meio da praia de Copacabana, o que torna a vista privilegiada. \u00c0 esquerda toda a praia at\u00e9 o Leme, \u00e0 direita, o posto 6 e o Forte de Copacabana. T\u00eam sorte os turistas hospedados no hotel que podem desfrutar da piscina com borda infinita que desagua no mar de Copacabana. Como carioca, minha vontade foi me hospedar l\u00e1 tamb\u00e9m \ud83d\ude42<\/p>\n","protected":false},"excerpt":{"rendered":"<p>A entrada era convidativa &#8211; rampa, na inclina\u00e7\u00e3o certa na entrada que leva ao lobby onde turistas alegres e descolados saboreiam uma champagne enquanto fazem o check-in. <\/p>\n","protected":false},"author":1,"featured_media":0,"comment_status":"open","ping_status":"open","sticky":false,"template":"","format":"standard","meta":{"site-container-style":"default","site-container-layout":"default","site-sidebar-layout":"default","disable-article-header":"default","disable-site-header":"default","disable-site-footer":"default","disable-content-area-spacing":"default","footnotes":""},"categories":[44,38,48,216],"tags":[],"class_list":["post-25676","post","type-post","status-publish","format-standard","hentry","category-acessibilidade","category-deficiencia","category-inclusao","category-sabor-e-acessibilidade"],"yoast_head":"<!-- This site is optimized with the Yoast SEO plugin v27.4 - https:\/\/yoast.com\/product\/yoast-seo-wordpress\/ -->\n<title>S\u00e1 - J\u00f3ia nova, acess\u00edvel e (ainda) desconhecida -<\/title>\n<meta name=\"robots\" content=\"index, follow, max-snippet:-1, max-image-preview:large, max-video-preview:-1\" \/>\n<link rel=\"canonical\" href=\"https:\/\/inclusivenews.com.br\/?p=25676\" \/>\n<meta property=\"og:locale\" content=\"pt_PT\" \/>\n<meta property=\"og:type\" content=\"article\" \/>\n<meta property=\"og:title\" content=\"S\u00e1 - J\u00f3ia nova, acess\u00edvel e (ainda) desconhecida -\" \/>\n<meta property=\"og:description\" content=\"A entrada era convidativa - rampa, na inclina\u00e7\u00e3o certa na entrada que leva ao lobby onde turistas alegres e descolados saboreiam uma champagne enquanto fazem o check-in.\" \/>\n<meta property=\"og:url\" content=\"https:\/\/inclusivenews.com.br\/?p=25676\" \/>\n<meta property=\"article:publisher\" content=\"https:\/\/www.facebook.com\/agenciainclusive\/\" \/>\n<meta property=\"article:published_time\" content=\"2013-10-27T18:00:28+00:00\" \/>\n<meta property=\"og:image\" content=\"http:\/\/inclusivenews.com.br\/wp-content\/uploads\/camaroes-300x225.jpg\" \/>\n<meta name=\"author\" content=\"inclusivenews2024\" \/>\n<meta name=\"twitter:card\" content=\"summary_large_image\" \/>\n<meta name=\"twitter:label1\" content=\"Escrito por\" \/>\n\t<meta name=\"twitter:data1\" content=\"inclusivenews2024\" \/>\n\t<meta name=\"twitter:label2\" content=\"Tempo estimado de leitura\" \/>\n\t<meta name=\"twitter:data2\" content=\"3 minutos\" \/>\n<script type=\"application\/ld+json\" class=\"yoast-schema-graph\">{\"@context\":\"https:\\\/\\\/schema.org\",\"@graph\":[{\"@type\":\"Article\",\"@id\":\"https:\\\/\\\/inclusivenews.com.br\\\/?p=25676#article\",\"isPartOf\":{\"@id\":\"https:\\\/\\\/inclusivenews.com.br\\\/?p=25676\"},\"author\":{\"name\":\"inclusivenews2024\",\"@id\":\"https:\\\/\\\/inclusivenews.com.br\\\/#\\\/schema\\\/person\\\/ae4ec7087559b8692fb33b6fffd2273b\"},\"headline\":\"S\u00e1 &#8211; J\u00f3ia nova, acess\u00edvel e (ainda) desconhecida\",\"datePublished\":\"2013-10-27T18:00:28+00:00\",\"mainEntityOfPage\":{\"@id\":\"https:\\\/\\\/inclusivenews.com.br\\\/?p=25676\"},\"wordCount\":652,\"commentCount\":1,\"publisher\":{\"@id\":\"https:\\\/\\\/inclusivenews.com.br\\\/#organization\"},\"image\":{\"@id\":\"https:\\\/\\\/inclusivenews.com.br\\\/?p=25676#primaryimage\"},\"thumbnailUrl\":\"http:\\\/\\\/inclusivenews.com.br\\\/wp-content\\\/uploads\\\/camaroes-300x225.jpg\",\"articleSection\":[\"ACESSIBILIDADE\",\"Defici\u00eancia\",\"INCLUS\u00c3O SOCIAL\",\"Sabor e Acessibilidade\"],\"inLanguage\":\"pt-PT\",\"potentialAction\":[{\"@type\":\"CommentAction\",\"name\":\"Comment\",\"target\":[\"https:\\\/\\\/inclusivenews.com.br\\\/?p=25676#respond\"]}]},{\"@type\":\"WebPage\",\"@id\":\"https:\\\/\\\/inclusivenews.com.br\\\/?p=25676\",\"url\":\"https:\\\/\\\/inclusivenews.com.br\\\/?p=25676\",\"name\":\"S\u00e1 - J\u00f3ia nova, acess\u00edvel e (ainda) desconhecida -\",\"isPartOf\":{\"@id\":\"https:\\\/\\\/inclusivenews.com.br\\\/#website\"},\"primaryImageOfPage\":{\"@id\":\"https:\\\/\\\/inclusivenews.com.br\\\/?p=25676#primaryimage\"},\"image\":{\"@id\":\"https:\\\/\\\/inclusivenews.com.br\\\/?p=25676#primaryimage\"},\"thumbnailUrl\":\"http:\\\/\\\/inclusivenews.com.br\\\/wp-content\\\/uploads\\\/camaroes-300x225.jpg\",\"datePublished\":\"2013-10-27T18:00:28+00:00\",\"breadcrumb\":{\"@id\":\"https:\\\/\\\/inclusivenews.com.br\\\/?p=25676#breadcrumb\"},\"inLanguage\":\"pt-PT\",\"potentialAction\":[{\"@type\":\"ReadAction\",\"target\":[\"https:\\\/\\\/inclusivenews.com.br\\\/?p=25676\"]}]},{\"@type\":\"ImageObject\",\"inLanguage\":\"pt-PT\",\"@id\":\"https:\\\/\\\/inclusivenews.com.br\\\/?p=25676#primaryimage\",\"url\":\"\",\"contentUrl\":\"\"},{\"@type\":\"BreadcrumbList\",\"@id\":\"https:\\\/\\\/inclusivenews.com.br\\\/?p=25676#breadcrumb\",\"itemListElement\":[{\"@type\":\"ListItem\",\"position\":1,\"name\":\"In\u00edcio\",\"item\":\"https:\\\/\\\/inclusivenews.com.br\\\/\"},{\"@type\":\"ListItem\",\"position\":2,\"name\":\"S\u00e1 &#8211; J\u00f3ia nova, acess\u00edvel e (ainda) desconhecida\"}]},{\"@type\":\"WebSite\",\"@id\":\"https:\\\/\\\/inclusivenews.com.br\\\/#website\",\"url\":\"https:\\\/\\\/inclusivenews.com.br\\\/\",\"name\":\"Inclusive News\",\"description\":\"Inclusive News\",\"publisher\":{\"@id\":\"https:\\\/\\\/inclusivenews.com.br\\\/#organization\"},\"potentialAction\":[{\"@type\":\"SearchAction\",\"target\":{\"@type\":\"EntryPoint\",\"urlTemplate\":\"https:\\\/\\\/inclusivenews.com.br\\\/?s={search_term_string}\"},\"query-input\":{\"@type\":\"PropertyValueSpecification\",\"valueRequired\":true,\"valueName\":\"search_term_string\"}}],\"inLanguage\":\"pt-PT\"},{\"@type\":\"Organization\",\"@id\":\"https:\\\/\\\/inclusivenews.com.br\\\/#organization\",\"name\":\"Inclusive - inclus\u00e3o e cidadania\",\"url\":\"https:\\\/\\\/inclusivenews.com.br\\\/\",\"logo\":{\"@type\":\"ImageObject\",\"inLanguage\":\"pt-PT\",\"@id\":\"https:\\\/\\\/inclusivenews.com.br\\\/#\\\/schema\\\/logo\\\/image\\\/\",\"url\":\"https:\\\/\\\/inclusivenews.com.br\\\/wp-content\\\/uploads\\\/2024\\\/03\\\/@grandesite.png\",\"contentUrl\":\"https:\\\/\\\/inclusivenews.com.br\\\/wp-content\\\/uploads\\\/2024\\\/03\\\/@grandesite.png\",\"width\":1080,\"height\":1080,\"caption\":\"Inclusive - inclus\u00e3o e cidadania\"},\"image\":{\"@id\":\"https:\\\/\\\/inclusivenews.com.br\\\/#\\\/schema\\\/logo\\\/image\\\/\"},\"sameAs\":[\"https:\\\/\\\/www.facebook.com\\\/agenciainclusive\\\/\",\"https:\\\/\\\/www.instagram.com\\\/newsinclusive\\\/\"]},{\"@type\":\"Person\",\"@id\":\"https:\\\/\\\/inclusivenews.com.br\\\/#\\\/schema\\\/person\\\/ae4ec7087559b8692fb33b6fffd2273b\",\"name\":\"inclusivenews2024\",\"image\":{\"@type\":\"ImageObject\",\"inLanguage\":\"pt-PT\",\"@id\":\"https:\\\/\\\/secure.gravatar.com\\\/avatar\\\/c5a7ef84c66fa914f55bc4f7ce26cfa275a3b9a1c5568b907bd184fb4dde7b40?s=96&d=mm&r=g\",\"url\":\"https:\\\/\\\/secure.gravatar.com\\\/avatar\\\/c5a7ef84c66fa914f55bc4f7ce26cfa275a3b9a1c5568b907bd184fb4dde7b40?s=96&d=mm&r=g\",\"contentUrl\":\"https:\\\/\\\/secure.gravatar.com\\\/avatar\\\/c5a7ef84c66fa914f55bc4f7ce26cfa275a3b9a1c5568b907bd184fb4dde7b40?s=96&d=mm&r=g\",\"caption\":\"inclusivenews2024\"},\"sameAs\":[\"https:\\\/\\\/inclusivenews.com.br\"],\"url\":\"https:\\\/\\\/inclusivenews.com.br\\\/?author=1\"}]}<\/script>\n<!-- \/ Yoast SEO plugin. -->","yoast_head_json":{"title":"S\u00e1 - J\u00f3ia nova, acess\u00edvel e (ainda) desconhecida -","robots":{"index":"index","follow":"follow","max-snippet":"max-snippet:-1","max-image-preview":"max-image-preview:large","max-video-preview":"max-video-preview:-1"},"canonical":"https:\/\/inclusivenews.com.br\/?p=25676","og_locale":"pt_PT","og_type":"article","og_title":"S\u00e1 - J\u00f3ia nova, acess\u00edvel e (ainda) desconhecida -","og_description":"A entrada era convidativa - rampa, na inclina\u00e7\u00e3o certa na entrada que leva ao lobby onde turistas alegres e descolados saboreiam uma champagne enquanto fazem o check-in.","og_url":"https:\/\/inclusivenews.com.br\/?p=25676","article_publisher":"https:\/\/www.facebook.com\/agenciainclusive\/","article_published_time":"2013-10-27T18:00:28+00:00","og_image":[{"url":"http:\/\/inclusivenews.com.br\/wp-content\/uploads\/camaroes-300x225.jpg","type":"","width":"","height":""}],"author":"inclusivenews2024","twitter_card":"summary_large_image","twitter_misc":{"Escrito por":"inclusivenews2024","Tempo estimado de leitura":"3 minutos"},"schema":{"@context":"https:\/\/schema.org","@graph":[{"@type":"Article","@id":"https:\/\/inclusivenews.com.br\/?p=25676#article","isPartOf":{"@id":"https:\/\/inclusivenews.com.br\/?p=25676"},"author":{"name":"inclusivenews2024","@id":"https:\/\/inclusivenews.com.br\/#\/schema\/person\/ae4ec7087559b8692fb33b6fffd2273b"},"headline":"S\u00e1 &#8211; J\u00f3ia nova, acess\u00edvel e (ainda) desconhecida","datePublished":"2013-10-27T18:00:28+00:00","mainEntityOfPage":{"@id":"https:\/\/inclusivenews.com.br\/?p=25676"},"wordCount":652,"commentCount":1,"publisher":{"@id":"https:\/\/inclusivenews.com.br\/#organization"},"image":{"@id":"https:\/\/inclusivenews.com.br\/?p=25676#primaryimage"},"thumbnailUrl":"http:\/\/inclusivenews.com.br\/wp-content\/uploads\/camaroes-300x225.jpg","articleSection":["ACESSIBILIDADE","Defici\u00eancia","INCLUS\u00c3O SOCIAL","Sabor e Acessibilidade"],"inLanguage":"pt-PT","potentialAction":[{"@type":"CommentAction","name":"Comment","target":["https:\/\/inclusivenews.com.br\/?p=25676#respond"]}]},{"@type":"WebPage","@id":"https:\/\/inclusivenews.com.br\/?p=25676","url":"https:\/\/inclusivenews.com.br\/?p=25676","name":"S\u00e1 - J\u00f3ia nova, acess\u00edvel e (ainda) desconhecida -","isPartOf":{"@id":"https:\/\/inclusivenews.com.br\/#website"},"primaryImageOfPage":{"@id":"https:\/\/inclusivenews.com.br\/?p=25676#primaryimage"},"image":{"@id":"https:\/\/inclusivenews.com.br\/?p=25676#primaryimage"},"thumbnailUrl":"http:\/\/inclusivenews.com.br\/wp-content\/uploads\/camaroes-300x225.jpg","datePublished":"2013-10-27T18:00:28+00:00","breadcrumb":{"@id":"https:\/\/inclusivenews.com.br\/?p=25676#breadcrumb"},"inLanguage":"pt-PT","potentialAction":[{"@type":"ReadAction","target":["https:\/\/inclusivenews.com.br\/?p=25676"]}]},{"@type":"ImageObject","inLanguage":"pt-PT","@id":"https:\/\/inclusivenews.com.br\/?p=25676#primaryimage","url":"","contentUrl":""},{"@type":"BreadcrumbList","@id":"https:\/\/inclusivenews.com.br\/?p=25676#breadcrumb","itemListElement":[{"@type":"ListItem","position":1,"name":"In\u00edcio","item":"https:\/\/inclusivenews.com.br\/"},{"@type":"ListItem","position":2,"name":"S\u00e1 &#8211; J\u00f3ia nova, acess\u00edvel e (ainda) desconhecida"}]},{"@type":"WebSite","@id":"https:\/\/inclusivenews.com.br\/#website","url":"https:\/\/inclusivenews.com.br\/","name":"Inclusive News","description":"Inclusive News","publisher":{"@id":"https:\/\/inclusivenews.com.br\/#organization"},"potentialAction":[{"@type":"SearchAction","target":{"@type":"EntryPoint","urlTemplate":"https:\/\/inclusivenews.com.br\/?s={search_term_string}"},"query-input":{"@type":"PropertyValueSpecification","valueRequired":true,"valueName":"search_term_string"}}],"inLanguage":"pt-PT"},{"@type":"Organization","@id":"https:\/\/inclusivenews.com.br\/#organization","name":"Inclusive - inclus\u00e3o e cidadania","url":"https:\/\/inclusivenews.com.br\/","logo":{"@type":"ImageObject","inLanguage":"pt-PT","@id":"https:\/\/inclusivenews.com.br\/#\/schema\/logo\/image\/","url":"https:\/\/inclusivenews.com.br\/wp-content\/uploads\/2024\/03\/@grandesite.png","contentUrl":"https:\/\/inclusivenews.com.br\/wp-content\/uploads\/2024\/03\/@grandesite.png","width":1080,"height":1080,"caption":"Inclusive - inclus\u00e3o e cidadania"},"image":{"@id":"https:\/\/inclusivenews.com.br\/#\/schema\/logo\/image\/"},"sameAs":["https:\/\/www.facebook.com\/agenciainclusive\/","https:\/\/www.instagram.com\/newsinclusive\/"]},{"@type":"Person","@id":"https:\/\/inclusivenews.com.br\/#\/schema\/person\/ae4ec7087559b8692fb33b6fffd2273b","name":"inclusivenews2024","image":{"@type":"ImageObject","inLanguage":"pt-PT","@id":"https:\/\/secure.gravatar.com\/avatar\/c5a7ef84c66fa914f55bc4f7ce26cfa275a3b9a1c5568b907bd184fb4dde7b40?s=96&d=mm&r=g","url":"https:\/\/secure.gravatar.com\/avatar\/c5a7ef84c66fa914f55bc4f7ce26cfa275a3b9a1c5568b907bd184fb4dde7b40?s=96&d=mm&r=g","contentUrl":"https:\/\/secure.gravatar.com\/avatar\/c5a7ef84c66fa914f55bc4f7ce26cfa275a3b9a1c5568b907bd184fb4dde7b40?s=96&d=mm&r=g","caption":"inclusivenews2024"},"sameAs":["https:\/\/inclusivenews.com.br"],"url":"https:\/\/inclusivenews.com.br\/?author=1"}]}},"_links":{"self":[{"href":"https:\/\/inclusivenews.com.br\/index.php?rest_route=\/wp\/v2\/posts\/25676","targetHints":{"allow":["GET"]}}],"collection":[{"href":"https:\/\/inclusivenews.com.br\/index.php?rest_route=\/wp\/v2\/posts"}],"about":[{"href":"https:\/\/inclusivenews.com.br\/index.php?rest_route=\/wp\/v2\/types\/post"}],"author":[{"embeddable":true,"href":"https:\/\/inclusivenews.com.br\/index.php?rest_route=\/wp\/v2\/users\/1"}],"replies":[{"embeddable":true,"href":"https:\/\/inclusivenews.com.br\/index.php?rest_route=%2Fwp%2Fv2%2Fcomments&post=25676"}],"version-history":[{"count":0,"href":"https:\/\/inclusivenews.com.br\/index.php?rest_route=\/wp\/v2\/posts\/25676\/revisions"}],"wp:attachment":[{"href":"https:\/\/inclusivenews.com.br\/index.php?rest_route=%2Fwp%2Fv2%2Fmedia&parent=25676"}],"wp:term":[{"taxonomy":"category","embeddable":true,"href":"https:\/\/inclusivenews.com.br\/index.php?rest_route=%2Fwp%2Fv2%2Fcategories&post=25676"},{"taxonomy":"post_tag","embeddable":true,"href":"https:\/\/inclusivenews.com.br\/index.php?rest_route=%2Fwp%2Fv2%2Ftags&post=25676"}],"curies":[{"name":"wp","href":"https:\/\/api.w.org\/{rel}","templated":true}]}}