{"id":25682,"date":"2013-10-28T07:33:49","date_gmt":"2013-10-28T10:33:49","guid":{"rendered":"http:\/\/www.inclusive.org.br\/?p=25682"},"modified":"2013-10-28T07:33:49","modified_gmt":"2013-10-28T10:33:49","slug":"observatorio-nacional-de-educacao-especial-estudo-em-rede-nacional-sobre-as-salas-de-recursos-multifuncionais-na-escola-comum","status":"publish","type":"post","link":"https:\/\/inclusivenews.com.br\/?p=25682","title":{"rendered":"Observat\u00f3rio Nacional de Educa\u00e7\u00e3o Especial: estudo em rede nacional sobre as salas de recursos multifuncionais na escola comum"},"content":{"rendered":"<p><img loading=\"lazy\" decoding=\"async\" class=\"alignleft size-full wp-image-25683\" title=\"ONEESP, a letra &quot;O&quot; faz parte do globo, de onde uma luneta sai do centro da bandeira do Brasil\" src=\"http:\/\/inclusivenews.com.br\/wp-content\/uploads\/oneesp.jpg\" alt=\"ONEESP, a letra &quot;O&quot; faz parte do globo, de onde uma luneta sai do centro da bandeira do Brasil\" width=\"318\" height=\"173\" \/><\/p>\n<p>Apesar do crescimento expressivo da produ\u00e7\u00e3o cient\u00edfica na \u00e1rea de Educa\u00e7\u00e3o Especial, o conhecimento que vem sendo produzido tem tido pouco ou nenhum impacto na defini\u00e7\u00e3o dos caminhos que as pol\u00edticas educacionais para a escolariza\u00e7\u00e3o de crian\u00e7as e jovens com necessidades educacionais especiais t\u00eam assumido no pa\u00eds.<\/p>\n<p>Isso acontece em parte pela falta de articula\u00e7\u00e3o entre pesquisadores e seus projetos, resultando em produ\u00e7\u00f5es reiterativas e que acabam tendo muito pouca visibilidade. Considerando a import\u00e2ncia atual da articula\u00e7\u00e3o da produ\u00e7\u00e3o cient\u00edfica em contextos de redes colaborativas de pesquisa, a presente proposta visa a fomentar a cria\u00e7\u00e3o do Observat\u00f3rio Nacional de Educa\u00e7\u00e3o Especial (Oneesp), cujo foco ser\u00e1 a produ\u00e7\u00e3o de estudos integrados sobre pol\u00edticas e pr\u00e1ticas direcionadas para a quest\u00e3o da inclus\u00e3o escolar na realidade brasileira.<\/p>\n<p>O presente projeto de pesquisa pretende inaugurar as atividades do Oneesp e ter\u00e1 como foco uma avalia\u00e7\u00e3o de \u00e2mbito nacional do programa de implanta\u00e7\u00e3o de \u201cSalas de Recursos Multifuncionais\u201d (SRMs), promovido pela Secretaria de Educa\u00e7\u00e3o Especial\/MEC que desde 2005 vem apoiando a cria\u00e7\u00e3o deste servi\u00e7o de atendimento educacional especializado (AEE).<\/p>\n<p>Segundo dados do MEC, entre os anos de 2005 a 2009, foram financiadas 15.551 SRMs para 4.564 munic\u00edpios brasileiros, espalhadas em todos os estados. Em que medida este tipo de servi\u00e7o tem apoiado a escolariza\u00e7\u00e3o de crian\u00e7as e jovens com necessidades educacionais especiais? Que limites e possibilidades as SRMs oferecem?<\/p>\n<p>Para responder a essas quest\u00f5es 25 pesquisadores provenientes de 16 estados brasileiros, representantes de 22 universidades e de 18 programas de p\u00f3s-gradua\u00e7\u00e3o, est\u00e3o se propondo a conduzir um estudo em rede cujo delineamento misto envolver\u00e1 estudos locais nos munic\u00edpios com professores de salas de recursos, baseados na metodologia da pesquisa colaborativa que tem como foco produzir simultaneamente conhecimento e forma\u00e7\u00e3o; combinado com um estudo nacional do tipo survey que pretende coletar dados com uma amostra de 2.500 professores das SRMs, atrav\u00e9s de um question\u00e1rio disponibilizado em s\u00edtio de internet.<\/p>\n<p><a href=\"http:\/\/www.oneesp.ufscar.br\/\" target=\"_blank\" rel=\"noopener\">Clique para ir at\u00e9 o site do projeto.<\/a><\/p>\n","protected":false},"excerpt":{"rendered":"<p>O presente projeto de pesquisa pretende inaugurar as atividades do Oneesp e ter\u00e1 como foco uma avalia\u00e7\u00e3o de \u00e2mbito nacional do programa de implanta\u00e7\u00e3o de \u201cSalas de Recursos Multifuncionais\u201d (SRMs), promovido pela Secretaria de Educa\u00e7\u00e3o Especial\/MEC que desde 2005 vem apoiando a cria\u00e7\u00e3o deste servi\u00e7o de atendimento educacional especializado (AEE).<\/p>\n","protected":false},"author":1,"featured_media":0,"comment_status":"open","ping_status":"open","sticky":false,"template":"","format":"standard","meta":{"site-container-style":"default","site-container-layout":"default","site-sidebar-layout":"default","disable-article-header":"default","disable-site-header":"default","disable-site-footer":"default","disable-content-area-spacing":"default","footnotes":""},"categories":[38,6,48],"tags":[],"class_list":["post-25682","post","type-post","status-publish","format-standard","hentry","category-deficiencia","category-educacao","category-inclusao"],"yoast_head":"<!-- This site is optimized with the Yoast SEO plugin v27.4 - https:\/\/yoast.com\/product\/yoast-seo-wordpress\/ -->\n<title>Observat\u00f3rio Nacional de Educa\u00e7\u00e3o Especial: estudo em rede nacional sobre as salas de recursos multifuncionais na escola comum -<\/title>\n<meta name=\"robots\" content=\"index, follow, max-snippet:-1, max-image-preview:large, max-video-preview:-1\" \/>\n<link rel=\"canonical\" href=\"https:\/\/inclusivenews.com.br\/?p=25682\" \/>\n<meta property=\"og:locale\" content=\"pt_PT\" \/>\n<meta property=\"og:type\" content=\"article\" \/>\n<meta property=\"og:title\" content=\"Observat\u00f3rio Nacional de Educa\u00e7\u00e3o Especial: estudo em rede nacional sobre as salas de recursos multifuncionais na escola comum -\" \/>\n<meta property=\"og:description\" content=\"O presente projeto de pesquisa pretende inaugurar as atividades do Oneesp e ter\u00e1 como foco uma avalia\u00e7\u00e3o de \u00e2mbito nacional do programa de implanta\u00e7\u00e3o de \u201cSalas de Recursos Multifuncionais\u201d (SRMs), promovido pela Secretaria de Educa\u00e7\u00e3o Especial\/MEC que desde 2005 vem apoiando a cria\u00e7\u00e3o deste servi\u00e7o de atendimento educacional especializado (AEE).\" \/>\n<meta property=\"og:url\" content=\"https:\/\/inclusivenews.com.br\/?p=25682\" \/>\n<meta property=\"article:publisher\" content=\"https:\/\/www.facebook.com\/agenciainclusive\/\" \/>\n<meta property=\"article:published_time\" content=\"2013-10-28T10:33:49+00:00\" \/>\n<meta property=\"og:image\" content=\"http:\/\/inclusivenews.com.br\/wp-content\/uploads\/oneesp.jpg\" \/>\n<meta name=\"author\" content=\"inclusivenews2024\" \/>\n<meta name=\"twitter:card\" content=\"summary_large_image\" \/>\n<meta name=\"twitter:label1\" content=\"Escrito por\" \/>\n\t<meta name=\"twitter:data1\" content=\"inclusivenews2024\" \/>\n\t<meta name=\"twitter:label2\" content=\"Tempo estimado de leitura\" \/>\n\t<meta name=\"twitter:data2\" content=\"2 minutos\" \/>\n<script type=\"application\/ld+json\" class=\"yoast-schema-graph\">{\"@context\":\"https:\\\/\\\/schema.org\",\"@graph\":[{\"@type\":\"Article\",\"@id\":\"https:\\\/\\\/inclusivenews.com.br\\\/?p=25682#article\",\"isPartOf\":{\"@id\":\"https:\\\/\\\/inclusivenews.com.br\\\/?p=25682\"},\"author\":{\"name\":\"inclusivenews2024\",\"@id\":\"https:\\\/\\\/inclusivenews.com.br\\\/#\\\/schema\\\/person\\\/ae4ec7087559b8692fb33b6fffd2273b\"},\"headline\":\"Observat\u00f3rio Nacional de Educa\u00e7\u00e3o Especial: estudo em rede nacional sobre as salas de recursos multifuncionais na escola comum\",\"datePublished\":\"2013-10-28T10:33:49+00:00\",\"mainEntityOfPage\":{\"@id\":\"https:\\\/\\\/inclusivenews.com.br\\\/?p=25682\"},\"wordCount\":373,\"commentCount\":0,\"publisher\":{\"@id\":\"https:\\\/\\\/inclusivenews.com.br\\\/#organization\"},\"image\":{\"@id\":\"https:\\\/\\\/inclusivenews.com.br\\\/?p=25682#primaryimage\"},\"thumbnailUrl\":\"http:\\\/\\\/inclusivenews.com.br\\\/wp-content\\\/uploads\\\/oneesp.jpg\",\"articleSection\":[\"Defici\u00eancia\",\"EDUCA\u00c7\u00c3O\",\"INCLUS\u00c3O SOCIAL\"],\"inLanguage\":\"pt-PT\",\"potentialAction\":[{\"@type\":\"CommentAction\",\"name\":\"Comment\",\"target\":[\"https:\\\/\\\/inclusivenews.com.br\\\/?p=25682#respond\"]}]},{\"@type\":\"WebPage\",\"@id\":\"https:\\\/\\\/inclusivenews.com.br\\\/?p=25682\",\"url\":\"https:\\\/\\\/inclusivenews.com.br\\\/?p=25682\",\"name\":\"Observat\u00f3rio Nacional de Educa\u00e7\u00e3o Especial: estudo em rede nacional sobre as salas de recursos multifuncionais na escola comum -\",\"isPartOf\":{\"@id\":\"https:\\\/\\\/inclusivenews.com.br\\\/#website\"},\"primaryImageOfPage\":{\"@id\":\"https:\\\/\\\/inclusivenews.com.br\\\/?p=25682#primaryimage\"},\"image\":{\"@id\":\"https:\\\/\\\/inclusivenews.com.br\\\/?p=25682#primaryimage\"},\"thumbnailUrl\":\"http:\\\/\\\/inclusivenews.com.br\\\/wp-content\\\/uploads\\\/oneesp.jpg\",\"datePublished\":\"2013-10-28T10:33:49+00:00\",\"breadcrumb\":{\"@id\":\"https:\\\/\\\/inclusivenews.com.br\\\/?p=25682#breadcrumb\"},\"inLanguage\":\"pt-PT\",\"potentialAction\":[{\"@type\":\"ReadAction\",\"target\":[\"https:\\\/\\\/inclusivenews.com.br\\\/?p=25682\"]}]},{\"@type\":\"ImageObject\",\"inLanguage\":\"pt-PT\",\"@id\":\"https:\\\/\\\/inclusivenews.com.br\\\/?p=25682#primaryimage\",\"url\":\"\",\"contentUrl\":\"\"},{\"@type\":\"BreadcrumbList\",\"@id\":\"https:\\\/\\\/inclusivenews.com.br\\\/?p=25682#breadcrumb\",\"itemListElement\":[{\"@type\":\"ListItem\",\"position\":1,\"name\":\"In\u00edcio\",\"item\":\"https:\\\/\\\/inclusivenews.com.br\\\/\"},{\"@type\":\"ListItem\",\"position\":2,\"name\":\"Observat\u00f3rio Nacional de Educa\u00e7\u00e3o Especial: estudo em rede nacional sobre as salas de recursos multifuncionais na escola comum\"}]},{\"@type\":\"WebSite\",\"@id\":\"https:\\\/\\\/inclusivenews.com.br\\\/#website\",\"url\":\"https:\\\/\\\/inclusivenews.com.br\\\/\",\"name\":\"Inclusive News\",\"description\":\"Inclusive News\",\"publisher\":{\"@id\":\"https:\\\/\\\/inclusivenews.com.br\\\/#organization\"},\"potentialAction\":[{\"@type\":\"SearchAction\",\"target\":{\"@type\":\"EntryPoint\",\"urlTemplate\":\"https:\\\/\\\/inclusivenews.com.br\\\/?s={search_term_string}\"},\"query-input\":{\"@type\":\"PropertyValueSpecification\",\"valueRequired\":true,\"valueName\":\"search_term_string\"}}],\"inLanguage\":\"pt-PT\"},{\"@type\":\"Organization\",\"@id\":\"https:\\\/\\\/inclusivenews.com.br\\\/#organization\",\"name\":\"Inclusive - inclus\u00e3o e cidadania\",\"url\":\"https:\\\/\\\/inclusivenews.com.br\\\/\",\"logo\":{\"@type\":\"ImageObject\",\"inLanguage\":\"pt-PT\",\"@id\":\"https:\\\/\\\/inclusivenews.com.br\\\/#\\\/schema\\\/logo\\\/image\\\/\",\"url\":\"https:\\\/\\\/inclusivenews.com.br\\\/wp-content\\\/uploads\\\/2024\\\/03\\\/@grandesite.png\",\"contentUrl\":\"https:\\\/\\\/inclusivenews.com.br\\\/wp-content\\\/uploads\\\/2024\\\/03\\\/@grandesite.png\",\"width\":1080,\"height\":1080,\"caption\":\"Inclusive - inclus\u00e3o e cidadania\"},\"image\":{\"@id\":\"https:\\\/\\\/inclusivenews.com.br\\\/#\\\/schema\\\/logo\\\/image\\\/\"},\"sameAs\":[\"https:\\\/\\\/www.facebook.com\\\/agenciainclusive\\\/\",\"https:\\\/\\\/www.instagram.com\\\/newsinclusive\\\/\"]},{\"@type\":\"Person\",\"@id\":\"https:\\\/\\\/inclusivenews.com.br\\\/#\\\/schema\\\/person\\\/ae4ec7087559b8692fb33b6fffd2273b\",\"name\":\"inclusivenews2024\",\"image\":{\"@type\":\"ImageObject\",\"inLanguage\":\"pt-PT\",\"@id\":\"https:\\\/\\\/secure.gravatar.com\\\/avatar\\\/c5a7ef84c66fa914f55bc4f7ce26cfa275a3b9a1c5568b907bd184fb4dde7b40?s=96&d=mm&r=g\",\"url\":\"https:\\\/\\\/secure.gravatar.com\\\/avatar\\\/c5a7ef84c66fa914f55bc4f7ce26cfa275a3b9a1c5568b907bd184fb4dde7b40?s=96&d=mm&r=g\",\"contentUrl\":\"https:\\\/\\\/secure.gravatar.com\\\/avatar\\\/c5a7ef84c66fa914f55bc4f7ce26cfa275a3b9a1c5568b907bd184fb4dde7b40?s=96&d=mm&r=g\",\"caption\":\"inclusivenews2024\"},\"sameAs\":[\"https:\\\/\\\/inclusivenews.com.br\"],\"url\":\"https:\\\/\\\/inclusivenews.com.br\\\/?author=1\"}]}<\/script>\n<!-- \/ Yoast SEO plugin. -->","yoast_head_json":{"title":"Observat\u00f3rio Nacional de Educa\u00e7\u00e3o Especial: estudo em rede nacional sobre as salas de recursos multifuncionais na escola comum -","robots":{"index":"index","follow":"follow","max-snippet":"max-snippet:-1","max-image-preview":"max-image-preview:large","max-video-preview":"max-video-preview:-1"},"canonical":"https:\/\/inclusivenews.com.br\/?p=25682","og_locale":"pt_PT","og_type":"article","og_title":"Observat\u00f3rio Nacional de Educa\u00e7\u00e3o Especial: estudo em rede nacional sobre as salas de recursos multifuncionais na escola comum -","og_description":"O presente projeto de pesquisa pretende inaugurar as atividades do Oneesp e ter\u00e1 como foco uma avalia\u00e7\u00e3o de \u00e2mbito nacional do programa de implanta\u00e7\u00e3o de \u201cSalas de Recursos Multifuncionais\u201d (SRMs), promovido pela Secretaria de Educa\u00e7\u00e3o Especial\/MEC que desde 2005 vem apoiando a cria\u00e7\u00e3o deste servi\u00e7o de atendimento educacional especializado (AEE).","og_url":"https:\/\/inclusivenews.com.br\/?p=25682","article_publisher":"https:\/\/www.facebook.com\/agenciainclusive\/","article_published_time":"2013-10-28T10:33:49+00:00","og_image":[{"url":"http:\/\/inclusivenews.com.br\/wp-content\/uploads\/oneesp.jpg","type":"","width":"","height":""}],"author":"inclusivenews2024","twitter_card":"summary_large_image","twitter_misc":{"Escrito por":"inclusivenews2024","Tempo estimado de leitura":"2 minutos"},"schema":{"@context":"https:\/\/schema.org","@graph":[{"@type":"Article","@id":"https:\/\/inclusivenews.com.br\/?p=25682#article","isPartOf":{"@id":"https:\/\/inclusivenews.com.br\/?p=25682"},"author":{"name":"inclusivenews2024","@id":"https:\/\/inclusivenews.com.br\/#\/schema\/person\/ae4ec7087559b8692fb33b6fffd2273b"},"headline":"Observat\u00f3rio Nacional de Educa\u00e7\u00e3o Especial: estudo em rede nacional sobre as salas de recursos multifuncionais na escola comum","datePublished":"2013-10-28T10:33:49+00:00","mainEntityOfPage":{"@id":"https:\/\/inclusivenews.com.br\/?p=25682"},"wordCount":373,"commentCount":0,"publisher":{"@id":"https:\/\/inclusivenews.com.br\/#organization"},"image":{"@id":"https:\/\/inclusivenews.com.br\/?p=25682#primaryimage"},"thumbnailUrl":"http:\/\/inclusivenews.com.br\/wp-content\/uploads\/oneesp.jpg","articleSection":["Defici\u00eancia","EDUCA\u00c7\u00c3O","INCLUS\u00c3O SOCIAL"],"inLanguage":"pt-PT","potentialAction":[{"@type":"CommentAction","name":"Comment","target":["https:\/\/inclusivenews.com.br\/?p=25682#respond"]}]},{"@type":"WebPage","@id":"https:\/\/inclusivenews.com.br\/?p=25682","url":"https:\/\/inclusivenews.com.br\/?p=25682","name":"Observat\u00f3rio Nacional de Educa\u00e7\u00e3o Especial: estudo em rede nacional sobre as salas de recursos multifuncionais na escola comum -","isPartOf":{"@id":"https:\/\/inclusivenews.com.br\/#website"},"primaryImageOfPage":{"@id":"https:\/\/inclusivenews.com.br\/?p=25682#primaryimage"},"image":{"@id":"https:\/\/inclusivenews.com.br\/?p=25682#primaryimage"},"thumbnailUrl":"http:\/\/inclusivenews.com.br\/wp-content\/uploads\/oneesp.jpg","datePublished":"2013-10-28T10:33:49+00:00","breadcrumb":{"@id":"https:\/\/inclusivenews.com.br\/?p=25682#breadcrumb"},"inLanguage":"pt-PT","potentialAction":[{"@type":"ReadAction","target":["https:\/\/inclusivenews.com.br\/?p=25682"]}]},{"@type":"ImageObject","inLanguage":"pt-PT","@id":"https:\/\/inclusivenews.com.br\/?p=25682#primaryimage","url":"","contentUrl":""},{"@type":"BreadcrumbList","@id":"https:\/\/inclusivenews.com.br\/?p=25682#breadcrumb","itemListElement":[{"@type":"ListItem","position":1,"name":"In\u00edcio","item":"https:\/\/inclusivenews.com.br\/"},{"@type":"ListItem","position":2,"name":"Observat\u00f3rio Nacional de Educa\u00e7\u00e3o Especial: estudo em rede nacional sobre as salas de recursos multifuncionais na escola comum"}]},{"@type":"WebSite","@id":"https:\/\/inclusivenews.com.br\/#website","url":"https:\/\/inclusivenews.com.br\/","name":"Inclusive News","description":"Inclusive News","publisher":{"@id":"https:\/\/inclusivenews.com.br\/#organization"},"potentialAction":[{"@type":"SearchAction","target":{"@type":"EntryPoint","urlTemplate":"https:\/\/inclusivenews.com.br\/?s={search_term_string}"},"query-input":{"@type":"PropertyValueSpecification","valueRequired":true,"valueName":"search_term_string"}}],"inLanguage":"pt-PT"},{"@type":"Organization","@id":"https:\/\/inclusivenews.com.br\/#organization","name":"Inclusive - inclus\u00e3o e cidadania","url":"https:\/\/inclusivenews.com.br\/","logo":{"@type":"ImageObject","inLanguage":"pt-PT","@id":"https:\/\/inclusivenews.com.br\/#\/schema\/logo\/image\/","url":"https:\/\/inclusivenews.com.br\/wp-content\/uploads\/2024\/03\/@grandesite.png","contentUrl":"https:\/\/inclusivenews.com.br\/wp-content\/uploads\/2024\/03\/@grandesite.png","width":1080,"height":1080,"caption":"Inclusive - inclus\u00e3o e cidadania"},"image":{"@id":"https:\/\/inclusivenews.com.br\/#\/schema\/logo\/image\/"},"sameAs":["https:\/\/www.facebook.com\/agenciainclusive\/","https:\/\/www.instagram.com\/newsinclusive\/"]},{"@type":"Person","@id":"https:\/\/inclusivenews.com.br\/#\/schema\/person\/ae4ec7087559b8692fb33b6fffd2273b","name":"inclusivenews2024","image":{"@type":"ImageObject","inLanguage":"pt-PT","@id":"https:\/\/secure.gravatar.com\/avatar\/c5a7ef84c66fa914f55bc4f7ce26cfa275a3b9a1c5568b907bd184fb4dde7b40?s=96&d=mm&r=g","url":"https:\/\/secure.gravatar.com\/avatar\/c5a7ef84c66fa914f55bc4f7ce26cfa275a3b9a1c5568b907bd184fb4dde7b40?s=96&d=mm&r=g","contentUrl":"https:\/\/secure.gravatar.com\/avatar\/c5a7ef84c66fa914f55bc4f7ce26cfa275a3b9a1c5568b907bd184fb4dde7b40?s=96&d=mm&r=g","caption":"inclusivenews2024"},"sameAs":["https:\/\/inclusivenews.com.br"],"url":"https:\/\/inclusivenews.com.br\/?author=1"}]}},"_links":{"self":[{"href":"https:\/\/inclusivenews.com.br\/index.php?rest_route=\/wp\/v2\/posts\/25682","targetHints":{"allow":["GET"]}}],"collection":[{"href":"https:\/\/inclusivenews.com.br\/index.php?rest_route=\/wp\/v2\/posts"}],"about":[{"href":"https:\/\/inclusivenews.com.br\/index.php?rest_route=\/wp\/v2\/types\/post"}],"author":[{"embeddable":true,"href":"https:\/\/inclusivenews.com.br\/index.php?rest_route=\/wp\/v2\/users\/1"}],"replies":[{"embeddable":true,"href":"https:\/\/inclusivenews.com.br\/index.php?rest_route=%2Fwp%2Fv2%2Fcomments&post=25682"}],"version-history":[{"count":0,"href":"https:\/\/inclusivenews.com.br\/index.php?rest_route=\/wp\/v2\/posts\/25682\/revisions"}],"wp:attachment":[{"href":"https:\/\/inclusivenews.com.br\/index.php?rest_route=%2Fwp%2Fv2%2Fmedia&parent=25682"}],"wp:term":[{"taxonomy":"category","embeddable":true,"href":"https:\/\/inclusivenews.com.br\/index.php?rest_route=%2Fwp%2Fv2%2Fcategories&post=25682"},{"taxonomy":"post_tag","embeddable":true,"href":"https:\/\/inclusivenews.com.br\/index.php?rest_route=%2Fwp%2Fv2%2Ftags&post=25682"}],"curies":[{"name":"wp","href":"https:\/\/api.w.org\/{rel}","templated":true}]}}