{"id":25695,"date":"2013-10-29T10:34:26","date_gmt":"2013-10-29T13:34:26","guid":{"rendered":"http:\/\/www.inclusive.org.br\/?p=25695"},"modified":"2013-10-29T10:34:26","modified_gmt":"2013-10-29T13:34:26","slug":"fora-da-escola-nao-pode","status":"publish","type":"post","link":"https:\/\/inclusivenews.com.br\/?p=25695","title":{"rendered":"Fora da escola n\u00e3o pode"},"content":{"rendered":"<figure style=\"width: 300px\" class=\"wp-caption alignleft\"><img loading=\"lazy\" decoding=\"async\" title=\"Sala de aula vazia\" src=\"http:\/\/envolverde.com.br\/portal\/wp-content\/uploads\/2013\/10\/saladeaulavazia-300x202.jpg\" alt=\"Sala de aula vazia\" width=\"300\" height=\"202\" \/><figcaption class=\"wp-caption-text\"> <\/figcaption><\/figure>\n<p><em>Por Cleomar Manhas *<\/em><\/p>\n<p>Realizou-se, no Senado Federal, audi\u00eancia p\u00fablica com o tema \u201cFora da  Escola n\u00e3o Pode\u201d, para apresentar pesquisa realizada pelo UNICEF e  Campanha Nacional pelo Direito \u00e0 Educa\u00e7\u00e3o, como parte da Campanha <em>GlobalOut of School<\/em>.<\/p>\n<p>O relat\u00f3rio elaborado no \u00e2mbito desta Campanha apresenta dados sobre  quem s\u00e3o as crian\u00e7as e adolescentes fora da escola, que em termos  relativos significa pouco mais que 2% desse p\u00fablico, mas como se est\u00e1  falando de um pa\u00eds com mais de 200 milh\u00f5es de habitantes, estes meros 2%  viram multid\u00f5es e representam grave viola\u00e7\u00e3o de direitos. S\u00e3o 535 mil  crian\u00e7as entre 7 e 14 anos que est\u00e3o fora da escola. E as pesquisas  mostram que os mais afetados s\u00e3o negros, ind\u00edgenas, quilombolas, pobres,  sob risco de explora\u00e7\u00e3o e viol\u00eancia e com defici\u00eancia.<\/p>\n<p>Al\u00e9m disso, apesar de o ensino fundamental estar quase  universalizado, com exce\u00e7\u00e3o dos 2% citados, quando se fala em educa\u00e7\u00e3o  infantil e ensino m\u00e9dio a situa\u00e7\u00e3o muda bastante. De acordo com o  IBGE\/CENSO 2010, h\u00e1 1.154.572 crian\u00e7as entre 4 e 5 anos e 1.725.232  adolescentes entre 15 e 17 anos em situa\u00e7\u00e3o de exclus\u00e3o escolar. N\u00e3o  computados aqui a demanda por creche n\u00e3o atendida, que se sabe ser  n\u00famero bastante significativo.<\/p>\n<p>Kailash Satyarthi, criador da Marcha Global contra o Trabalho  Infantil, alertou que um dos motivos de as crian\u00e7as e adolescentes  estarem fora da escola \u00e9 em decorr\u00eancia do trabalho precoce. E que n\u00e3o  se pode falar de trabalho infantil separado do tema da educa\u00e7\u00e3o. Os  governos n\u00e3o devem trat\u00e1-los como quest\u00f5es d\u00edspares e a sociedade civil  tamb\u00e9m n\u00e3o. E o que se v\u00ea \u00e9 exatamente isso, tanto as pol\u00edticas  p\u00fablicas, quanto os movimentos da sociedade organizada trabalham de  maneira fragmentada e n\u00e3o dialogam entre si, desagregando temas e os  enfraquecendo.<\/p>\n<p>\u00c9 plaus\u00edvel afirmar que trabalho infantil, analfabetismo e pobreza  s\u00e3o tr\u00eas v\u00e9rtices de um mesmo tri\u00e2ngulo, que se fortalecem mutuamente e  precisam ser enfrentados conjuntamente. A \u00faltima Pesquisa Nacional por  Amostra de Domic\u00edlios (PNAD\/2012) apresentou dado preocupante, o \u00edndice  de analfabetismo que vinha, mesmo que devagar, em descenso nas duas  \u00faltimas d\u00e9cadas, parou de decrescer. E mesmo tendo demonstrado que n\u00e3o  aumentou entre as popula\u00e7\u00f5es mais jovens, manteve-se entre os mais  velhos. Al\u00e9m disso, h\u00e1 regi\u00f5es com n\u00fameros elevados, especialmente em  munic\u00edpios mais distantes e com popula\u00e7\u00e3o rural numerosa. A preocupa\u00e7\u00e3o  deve-se ao fato de que em fam\u00edlias com pouca ou nenhuma escolaridade, as  crian\u00e7as s\u00e3o menos estimuladas a estar na escola, o que promove um  c\u00edrculo vicioso.<\/p>\n<p>A educa\u00e7\u00e3o \u00e9 um direito humano indiscut\u00edvel, mas tamb\u00e9m \u00e9 poss\u00edvel  inverter a l\u00f3gica e dizer que tanto o desenvolvimento, quanto os  direitos humanos ligam-se \u00e0 educa\u00e7\u00e3o, que os promove. Pois \u00e9 evidente  que nos pa\u00edses onde a popula\u00e7\u00e3o tem acesso \u00e0 educa\u00e7\u00e3o de qualidade, por  maior tempo, o desenvolvimento humano e econ\u00f4mico \u00e9 mais vigoroso e o  acesso aos demais direitos mais fact\u00edvel, at\u00e9 por se ter uma sociedade  mais mobilizada e cr\u00edtica, conhecedora de seus direitos.<\/p>\n<p>Portanto, garantir educa\u00e7\u00e3o de qualidade da Creche \u00e0 Universidade  significa realizar direitos humanos com a redu\u00e7\u00e3o das diversas  manifesta\u00e7\u00f5es de desigualdades e a possibilidade de se ter  desenvolvimento com sustentabilidade.<\/p>\n<p><em>* <strong>Cleomar Manhas<\/strong> \u00e9 educadora e assessora pol\u00edtica do Inesc.<\/em><\/p>\n","protected":false},"excerpt":{"rendered":"<p>Especialista afirma que trabalho infantil, analfabetismo e pobreza s\u00e3o tr\u00eas v\u00e9rtices de um mesmo tri\u00e2ngulo, que se fortalecem mutuamente e precisam ser enfrentados conjuntamente.<\/p>\n","protected":false},"author":1,"featured_media":0,"comment_status":"open","ping_status":"open","sticky":false,"template":"","format":"standard","meta":{"site-container-style":"default","site-container-layout":"default","site-sidebar-layout":"default","disable-article-header":"default","disable-site-header":"default","disable-site-footer":"default","disable-content-area-spacing":"default","footnotes":""},"categories":[6],"tags":[],"class_list":["post-25695","post","type-post","status-publish","format-standard","hentry","category-educacao"],"yoast_head":"<!-- This site is optimized with the Yoast SEO plugin v27.4 - https:\/\/yoast.com\/product\/yoast-seo-wordpress\/ -->\n<title>Fora da escola n\u00e3o pode -<\/title>\n<meta name=\"robots\" content=\"index, follow, max-snippet:-1, max-image-preview:large, max-video-preview:-1\" \/>\n<link rel=\"canonical\" href=\"https:\/\/inclusivenews.com.br\/?p=25695\" \/>\n<meta property=\"og:locale\" content=\"pt_PT\" \/>\n<meta property=\"og:type\" content=\"article\" \/>\n<meta property=\"og:title\" content=\"Fora da escola n\u00e3o pode -\" \/>\n<meta property=\"og:description\" content=\"Especialista afirma que trabalho infantil, analfabetismo e pobreza s\u00e3o tr\u00eas v\u00e9rtices de um mesmo tri\u00e2ngulo, que se fortalecem mutuamente e precisam ser enfrentados conjuntamente.\" \/>\n<meta property=\"og:url\" content=\"https:\/\/inclusivenews.com.br\/?p=25695\" \/>\n<meta property=\"article:publisher\" content=\"https:\/\/www.facebook.com\/agenciainclusive\/\" \/>\n<meta property=\"article:published_time\" content=\"2013-10-29T13:34:26+00:00\" \/>\n<meta property=\"og:image\" content=\"http:\/\/envolverde.com.br\/portal\/wp-content\/uploads\/2013\/10\/saladeaulavazia-300x202.jpg\" \/>\n<meta name=\"author\" content=\"inclusivenews2024\" \/>\n<meta name=\"twitter:card\" content=\"summary_large_image\" \/>\n<meta name=\"twitter:label1\" content=\"Escrito por\" \/>\n\t<meta name=\"twitter:data1\" content=\"inclusivenews2024\" \/>\n\t<meta name=\"twitter:label2\" content=\"Tempo estimado de leitura\" \/>\n\t<meta name=\"twitter:data2\" content=\"3 minutos\" \/>\n<script type=\"application\/ld+json\" class=\"yoast-schema-graph\">{\"@context\":\"https:\\\/\\\/schema.org\",\"@graph\":[{\"@type\":\"Article\",\"@id\":\"https:\\\/\\\/inclusivenews.com.br\\\/?p=25695#article\",\"isPartOf\":{\"@id\":\"https:\\\/\\\/inclusivenews.com.br\\\/?p=25695\"},\"author\":{\"name\":\"inclusivenews2024\",\"@id\":\"https:\\\/\\\/inclusivenews.com.br\\\/#\\\/schema\\\/person\\\/ae4ec7087559b8692fb33b6fffd2273b\"},\"headline\":\"Fora da escola n\u00e3o pode\",\"datePublished\":\"2013-10-29T13:34:26+00:00\",\"mainEntityOfPage\":{\"@id\":\"https:\\\/\\\/inclusivenews.com.br\\\/?p=25695\"},\"wordCount\":592,\"commentCount\":0,\"publisher\":{\"@id\":\"https:\\\/\\\/inclusivenews.com.br\\\/#organization\"},\"image\":{\"@id\":\"https:\\\/\\\/inclusivenews.com.br\\\/?p=25695#primaryimage\"},\"thumbnailUrl\":\"http:\\\/\\\/envolverde.com.br\\\/portal\\\/wp-content\\\/uploads\\\/2013\\\/10\\\/saladeaulavazia-300x202.jpg\",\"articleSection\":[\"EDUCA\u00c7\u00c3O\"],\"inLanguage\":\"pt-PT\",\"potentialAction\":[{\"@type\":\"CommentAction\",\"name\":\"Comment\",\"target\":[\"https:\\\/\\\/inclusivenews.com.br\\\/?p=25695#respond\"]}]},{\"@type\":\"WebPage\",\"@id\":\"https:\\\/\\\/inclusivenews.com.br\\\/?p=25695\",\"url\":\"https:\\\/\\\/inclusivenews.com.br\\\/?p=25695\",\"name\":\"Fora da escola n\u00e3o pode -\",\"isPartOf\":{\"@id\":\"https:\\\/\\\/inclusivenews.com.br\\\/#website\"},\"primaryImageOfPage\":{\"@id\":\"https:\\\/\\\/inclusivenews.com.br\\\/?p=25695#primaryimage\"},\"image\":{\"@id\":\"https:\\\/\\\/inclusivenews.com.br\\\/?p=25695#primaryimage\"},\"thumbnailUrl\":\"http:\\\/\\\/envolverde.com.br\\\/portal\\\/wp-content\\\/uploads\\\/2013\\\/10\\\/saladeaulavazia-300x202.jpg\",\"datePublished\":\"2013-10-29T13:34:26+00:00\",\"breadcrumb\":{\"@id\":\"https:\\\/\\\/inclusivenews.com.br\\\/?p=25695#breadcrumb\"},\"inLanguage\":\"pt-PT\",\"potentialAction\":[{\"@type\":\"ReadAction\",\"target\":[\"https:\\\/\\\/inclusivenews.com.br\\\/?p=25695\"]}]},{\"@type\":\"ImageObject\",\"inLanguage\":\"pt-PT\",\"@id\":\"https:\\\/\\\/inclusivenews.com.br\\\/?p=25695#primaryimage\",\"url\":\"http:\\\/\\\/envolverde.com.br\\\/portal\\\/wp-content\\\/uploads\\\/2013\\\/10\\\/saladeaulavazia-300x202.jpg\",\"contentUrl\":\"http:\\\/\\\/envolverde.com.br\\\/portal\\\/wp-content\\\/uploads\\\/2013\\\/10\\\/saladeaulavazia-300x202.jpg\"},{\"@type\":\"BreadcrumbList\",\"@id\":\"https:\\\/\\\/inclusivenews.com.br\\\/?p=25695#breadcrumb\",\"itemListElement\":[{\"@type\":\"ListItem\",\"position\":1,\"name\":\"In\u00edcio\",\"item\":\"https:\\\/\\\/inclusivenews.com.br\\\/\"},{\"@type\":\"ListItem\",\"position\":2,\"name\":\"Fora da escola n\u00e3o pode\"}]},{\"@type\":\"WebSite\",\"@id\":\"https:\\\/\\\/inclusivenews.com.br\\\/#website\",\"url\":\"https:\\\/\\\/inclusivenews.com.br\\\/\",\"name\":\"Inclusive News\",\"description\":\"Inclusive News\",\"publisher\":{\"@id\":\"https:\\\/\\\/inclusivenews.com.br\\\/#organization\"},\"potentialAction\":[{\"@type\":\"SearchAction\",\"target\":{\"@type\":\"EntryPoint\",\"urlTemplate\":\"https:\\\/\\\/inclusivenews.com.br\\\/?s={search_term_string}\"},\"query-input\":{\"@type\":\"PropertyValueSpecification\",\"valueRequired\":true,\"valueName\":\"search_term_string\"}}],\"inLanguage\":\"pt-PT\"},{\"@type\":\"Organization\",\"@id\":\"https:\\\/\\\/inclusivenews.com.br\\\/#organization\",\"name\":\"Inclusive - inclus\u00e3o e cidadania\",\"url\":\"https:\\\/\\\/inclusivenews.com.br\\\/\",\"logo\":{\"@type\":\"ImageObject\",\"inLanguage\":\"pt-PT\",\"@id\":\"https:\\\/\\\/inclusivenews.com.br\\\/#\\\/schema\\\/logo\\\/image\\\/\",\"url\":\"https:\\\/\\\/inclusivenews.com.br\\\/wp-content\\\/uploads\\\/2024\\\/03\\\/@grandesite.png\",\"contentUrl\":\"https:\\\/\\\/inclusivenews.com.br\\\/wp-content\\\/uploads\\\/2024\\\/03\\\/@grandesite.png\",\"width\":1080,\"height\":1080,\"caption\":\"Inclusive - inclus\u00e3o e cidadania\"},\"image\":{\"@id\":\"https:\\\/\\\/inclusivenews.com.br\\\/#\\\/schema\\\/logo\\\/image\\\/\"},\"sameAs\":[\"https:\\\/\\\/www.facebook.com\\\/agenciainclusive\\\/\",\"https:\\\/\\\/www.instagram.com\\\/newsinclusive\\\/\"]},{\"@type\":\"Person\",\"@id\":\"https:\\\/\\\/inclusivenews.com.br\\\/#\\\/schema\\\/person\\\/ae4ec7087559b8692fb33b6fffd2273b\",\"name\":\"inclusivenews2024\",\"image\":{\"@type\":\"ImageObject\",\"inLanguage\":\"pt-PT\",\"@id\":\"https:\\\/\\\/secure.gravatar.com\\\/avatar\\\/c5a7ef84c66fa914f55bc4f7ce26cfa275a3b9a1c5568b907bd184fb4dde7b40?s=96&d=mm&r=g\",\"url\":\"https:\\\/\\\/secure.gravatar.com\\\/avatar\\\/c5a7ef84c66fa914f55bc4f7ce26cfa275a3b9a1c5568b907bd184fb4dde7b40?s=96&d=mm&r=g\",\"contentUrl\":\"https:\\\/\\\/secure.gravatar.com\\\/avatar\\\/c5a7ef84c66fa914f55bc4f7ce26cfa275a3b9a1c5568b907bd184fb4dde7b40?s=96&d=mm&r=g\",\"caption\":\"inclusivenews2024\"},\"sameAs\":[\"https:\\\/\\\/inclusivenews.com.br\"],\"url\":\"https:\\\/\\\/inclusivenews.com.br\\\/?author=1\"}]}<\/script>\n<!-- \/ Yoast SEO plugin. -->","yoast_head_json":{"title":"Fora da escola n\u00e3o pode -","robots":{"index":"index","follow":"follow","max-snippet":"max-snippet:-1","max-image-preview":"max-image-preview:large","max-video-preview":"max-video-preview:-1"},"canonical":"https:\/\/inclusivenews.com.br\/?p=25695","og_locale":"pt_PT","og_type":"article","og_title":"Fora da escola n\u00e3o pode -","og_description":"Especialista afirma que trabalho infantil, analfabetismo e pobreza s\u00e3o tr\u00eas v\u00e9rtices de um mesmo tri\u00e2ngulo, que se fortalecem mutuamente e precisam ser enfrentados conjuntamente.","og_url":"https:\/\/inclusivenews.com.br\/?p=25695","article_publisher":"https:\/\/www.facebook.com\/agenciainclusive\/","article_published_time":"2013-10-29T13:34:26+00:00","og_image":[{"url":"http:\/\/envolverde.com.br\/portal\/wp-content\/uploads\/2013\/10\/saladeaulavazia-300x202.jpg","type":"","width":"","height":""}],"author":"inclusivenews2024","twitter_card":"summary_large_image","twitter_misc":{"Escrito por":"inclusivenews2024","Tempo estimado de leitura":"3 minutos"},"schema":{"@context":"https:\/\/schema.org","@graph":[{"@type":"Article","@id":"https:\/\/inclusivenews.com.br\/?p=25695#article","isPartOf":{"@id":"https:\/\/inclusivenews.com.br\/?p=25695"},"author":{"name":"inclusivenews2024","@id":"https:\/\/inclusivenews.com.br\/#\/schema\/person\/ae4ec7087559b8692fb33b6fffd2273b"},"headline":"Fora da escola n\u00e3o pode","datePublished":"2013-10-29T13:34:26+00:00","mainEntityOfPage":{"@id":"https:\/\/inclusivenews.com.br\/?p=25695"},"wordCount":592,"commentCount":0,"publisher":{"@id":"https:\/\/inclusivenews.com.br\/#organization"},"image":{"@id":"https:\/\/inclusivenews.com.br\/?p=25695#primaryimage"},"thumbnailUrl":"http:\/\/envolverde.com.br\/portal\/wp-content\/uploads\/2013\/10\/saladeaulavazia-300x202.jpg","articleSection":["EDUCA\u00c7\u00c3O"],"inLanguage":"pt-PT","potentialAction":[{"@type":"CommentAction","name":"Comment","target":["https:\/\/inclusivenews.com.br\/?p=25695#respond"]}]},{"@type":"WebPage","@id":"https:\/\/inclusivenews.com.br\/?p=25695","url":"https:\/\/inclusivenews.com.br\/?p=25695","name":"Fora da escola n\u00e3o pode -","isPartOf":{"@id":"https:\/\/inclusivenews.com.br\/#website"},"primaryImageOfPage":{"@id":"https:\/\/inclusivenews.com.br\/?p=25695#primaryimage"},"image":{"@id":"https:\/\/inclusivenews.com.br\/?p=25695#primaryimage"},"thumbnailUrl":"http:\/\/envolverde.com.br\/portal\/wp-content\/uploads\/2013\/10\/saladeaulavazia-300x202.jpg","datePublished":"2013-10-29T13:34:26+00:00","breadcrumb":{"@id":"https:\/\/inclusivenews.com.br\/?p=25695#breadcrumb"},"inLanguage":"pt-PT","potentialAction":[{"@type":"ReadAction","target":["https:\/\/inclusivenews.com.br\/?p=25695"]}]},{"@type":"ImageObject","inLanguage":"pt-PT","@id":"https:\/\/inclusivenews.com.br\/?p=25695#primaryimage","url":"http:\/\/envolverde.com.br\/portal\/wp-content\/uploads\/2013\/10\/saladeaulavazia-300x202.jpg","contentUrl":"http:\/\/envolverde.com.br\/portal\/wp-content\/uploads\/2013\/10\/saladeaulavazia-300x202.jpg"},{"@type":"BreadcrumbList","@id":"https:\/\/inclusivenews.com.br\/?p=25695#breadcrumb","itemListElement":[{"@type":"ListItem","position":1,"name":"In\u00edcio","item":"https:\/\/inclusivenews.com.br\/"},{"@type":"ListItem","position":2,"name":"Fora da escola n\u00e3o pode"}]},{"@type":"WebSite","@id":"https:\/\/inclusivenews.com.br\/#website","url":"https:\/\/inclusivenews.com.br\/","name":"Inclusive News","description":"Inclusive News","publisher":{"@id":"https:\/\/inclusivenews.com.br\/#organization"},"potentialAction":[{"@type":"SearchAction","target":{"@type":"EntryPoint","urlTemplate":"https:\/\/inclusivenews.com.br\/?s={search_term_string}"},"query-input":{"@type":"PropertyValueSpecification","valueRequired":true,"valueName":"search_term_string"}}],"inLanguage":"pt-PT"},{"@type":"Organization","@id":"https:\/\/inclusivenews.com.br\/#organization","name":"Inclusive - inclus\u00e3o e cidadania","url":"https:\/\/inclusivenews.com.br\/","logo":{"@type":"ImageObject","inLanguage":"pt-PT","@id":"https:\/\/inclusivenews.com.br\/#\/schema\/logo\/image\/","url":"https:\/\/inclusivenews.com.br\/wp-content\/uploads\/2024\/03\/@grandesite.png","contentUrl":"https:\/\/inclusivenews.com.br\/wp-content\/uploads\/2024\/03\/@grandesite.png","width":1080,"height":1080,"caption":"Inclusive - inclus\u00e3o e cidadania"},"image":{"@id":"https:\/\/inclusivenews.com.br\/#\/schema\/logo\/image\/"},"sameAs":["https:\/\/www.facebook.com\/agenciainclusive\/","https:\/\/www.instagram.com\/newsinclusive\/"]},{"@type":"Person","@id":"https:\/\/inclusivenews.com.br\/#\/schema\/person\/ae4ec7087559b8692fb33b6fffd2273b","name":"inclusivenews2024","image":{"@type":"ImageObject","inLanguage":"pt-PT","@id":"https:\/\/secure.gravatar.com\/avatar\/c5a7ef84c66fa914f55bc4f7ce26cfa275a3b9a1c5568b907bd184fb4dde7b40?s=96&d=mm&r=g","url":"https:\/\/secure.gravatar.com\/avatar\/c5a7ef84c66fa914f55bc4f7ce26cfa275a3b9a1c5568b907bd184fb4dde7b40?s=96&d=mm&r=g","contentUrl":"https:\/\/secure.gravatar.com\/avatar\/c5a7ef84c66fa914f55bc4f7ce26cfa275a3b9a1c5568b907bd184fb4dde7b40?s=96&d=mm&r=g","caption":"inclusivenews2024"},"sameAs":["https:\/\/inclusivenews.com.br"],"url":"https:\/\/inclusivenews.com.br\/?author=1"}]}},"_links":{"self":[{"href":"https:\/\/inclusivenews.com.br\/index.php?rest_route=\/wp\/v2\/posts\/25695","targetHints":{"allow":["GET"]}}],"collection":[{"href":"https:\/\/inclusivenews.com.br\/index.php?rest_route=\/wp\/v2\/posts"}],"about":[{"href":"https:\/\/inclusivenews.com.br\/index.php?rest_route=\/wp\/v2\/types\/post"}],"author":[{"embeddable":true,"href":"https:\/\/inclusivenews.com.br\/index.php?rest_route=\/wp\/v2\/users\/1"}],"replies":[{"embeddable":true,"href":"https:\/\/inclusivenews.com.br\/index.php?rest_route=%2Fwp%2Fv2%2Fcomments&post=25695"}],"version-history":[{"count":0,"href":"https:\/\/inclusivenews.com.br\/index.php?rest_route=\/wp\/v2\/posts\/25695\/revisions"}],"wp:attachment":[{"href":"https:\/\/inclusivenews.com.br\/index.php?rest_route=%2Fwp%2Fv2%2Fmedia&parent=25695"}],"wp:term":[{"taxonomy":"category","embeddable":true,"href":"https:\/\/inclusivenews.com.br\/index.php?rest_route=%2Fwp%2Fv2%2Fcategories&post=25695"},{"taxonomy":"post_tag","embeddable":true,"href":"https:\/\/inclusivenews.com.br\/index.php?rest_route=%2Fwp%2Fv2%2Ftags&post=25695"}],"curies":[{"name":"wp","href":"https:\/\/api.w.org\/{rel}","templated":true}]}}